{"id":345189,"date":"2018-01-11T10:53:00","date_gmt":"2018-01-11T09:53:00","guid":{"rendered":"http:\/\/hudo.com\/si\/2018\/01\/11\/v-cimosu-predvidoma-prihodnji-teden-zacnejo-odpuscati\/"},"modified":"2018-01-11T10:53:00","modified_gmt":"2018-01-11T09:53:00","slug":"v-cimosu-predvidoma-prihodnji-teden-zacnejo-odpuscati","status":"publish","type":"post","link":"https:\/\/hudo.com\/si\/aktualno\/v-cimosu-predvidoma-prihodnji-teden-zacnejo-odpuscati\/","title":{"rendered":"V Cimosu predvidoma prihodnji teden za\u010dnejo odpu\u0161\u010dati"},"content":{"rendered":"<p>Kategorija: Podjetja Thu, 11 Jan 2018 11:53:00 +0100  Koper \u2013 Odpovedi pogodb o zaposlitvi prese\u017enim delavcem koprskega Cimosa \u0161e niso bile vro\u010dene in naj bi jih predvidoma izro\u010dali prihodnji teden, je za STA potrdila Nevenka Bandelj iz koprskega zavoda za zaposlovanje. Cimos proizvodnega obrata v Seno\u017ee\u010dah trenutno ne zapira, prese\u017enih pa naj bi bilo okoli 30 delavcev, predvsem iz tovarne v Kopru. Direktorica koprske obmo\u010dne enote zavoda za zaposlovanje Bandljeva je potrdila pisanje dana\u0161njih Primorskih novic, da odpovedi Cimosovim delavcem, ki naj bi jih za\u010deli vro\u010dati v za\u010detku tega tedna, \u0161e niso vro\u010dili, pa\u010d pa naj bi se to zgodilo predvidoma prihodnji teden. Po informacijah, ki so jih prejeli na zavodu, proizvodnje v Seno\u017ee\u010dah trenutno ne zapirajo. Skupno je menda prese\u017enih okoli 30 oseb, in sicer predvsem iz tovarne v Kopru, je \u0161e navedla Bandljeva. Kot so danes poro\u010dale Primorske novice,\u00a0&#8230;<\/p>\n","protected":false},"excerpt":{"rendered":"<p>Kategorija: Podjetja Thu, 11 Jan 2018 11:53:00 +0100  Koper \u2013 Odpovedi pogodb o zaposlitvi prese\u017enim delavcem koprskega Cimosa \u0161e niso bile vro\u010dene in naj bi jih predvidoma izro\u010dali prihodnji teden, je za STA potrdila Nevenka Bandelj iz koprskega zavoda za zaposlovanje. Cimos proizvodnega obrata v Seno\u017ee\u010dah trenutno ne zapira, prese\u017enih pa naj bi bilo okoli 30 delavcev, predvsem iz tovarne v Kopru. Direktorica koprske obmo\u010dne enote zavoda za zaposlovanje Bandljeva je potrdila pisanje dana\u0161njih Primorskih novic, da odpovedi Cimosovim delavcem, ki naj bi jih za\u010deli vro\u010dati v za\u010detku tega tedna, \u0161e niso vro\u010dili, pa\u010d pa naj bi se to zgodilo predvidoma prihodnji teden. Po informacijah, ki so jih prejeli na zavodu, proizvodnje v Seno\u017ee\u010dah trenutno ne zapirajo. Skupno je menda prese\u017enih okoli 30 oseb, in sicer predvsem iz tovarne v Kopru, je \u0161e navedla Bandljeva. Kot so danes poro\u010dale Primorske novice,\u00a0&#8230;<\/p>\n","protected":false},"author":1,"featured_media":0,"comment_status":"closed","ping_status":"closed","sticky":false,"template":"","format":"standard","meta":{"footnotes":""},"categories":[1179],"tags":[],"source":[1703],"supertag":[],"acf":[],"yoast_head":"<!-- This site is optimized with the Yoast SEO plugin v21.3 - https:\/\/yoast.com\/wordpress\/plugins\/seo\/ -->\n<title>V Cimosu predvidoma prihodnji teden za\u010dnejo odpu\u0161\u010dati - Hudo Slovenija<\/title>\n<meta name=\"robots\" content=\"index, follow, max-snippet:-1, max-image-preview:large, max-video-preview:-1\" \/>\n<link rel=\"canonical\" href=\"https:\/\/hudo.com\/si\/aktualno\/v-cimosu-predvidoma-prihodnji-teden-zacnejo-odpuscati\/\" \/>\n<meta property=\"og:locale\" content=\"sl_SI\" \/>\n<meta property=\"og:type\" content=\"article\" \/>\n<meta property=\"og:title\" content=\"V Cimosu predvidoma prihodnji teden za\u010dnejo odpu\u0161\u010dati - Hudo Slovenija\" \/>\n<meta property=\"og:description\" content=\"Kategorija: Podjetja Thu, 11 Jan 2018 11:53:00 +0100 Koper \u2013 Odpovedi pogodb o zaposlitvi prese\u017enim delavcem koprskega Cimosa \u0161e niso bile vro\u010dene in naj bi jih predvidoma izro\u010dali prihodnji teden, je za STA potrdila Nevenka Bandelj iz koprskega zavoda za zaposlovanje. Cimos proizvodnega obrata v Seno\u017ee\u010dah trenutno ne zapira, prese\u017enih pa naj bi bilo okoli 30 delavcev, predvsem iz tovarne v Kopru. Direktorica koprske obmo\u010dne enote zavoda za zaposlovanje Bandljeva je potrdila pisanje dana\u0161njih Primorskih novic, da odpovedi Cimosovim delavcem, ki naj bi jih za\u010deli vro\u010dati v za\u010detku tega tedna, \u0161e niso vro\u010dili, pa\u010d pa naj bi se to zgodilo predvidoma prihodnji teden. Po informacijah, ki so jih prejeli na zavodu, proizvodnje v Seno\u017ee\u010dah trenutno ne zapirajo. Skupno je menda prese\u017enih okoli 30 oseb, in sicer predvsem iz tovarne v Kopru, je \u0161e navedla Bandljeva. Kot so danes poro\u010dale Primorske novice,\u00a0...\" \/>\n<meta property=\"og:url\" content=\"https:\/\/hudo.com\/si\/aktualno\/v-cimosu-predvidoma-prihodnji-teden-zacnejo-odpuscati\/\" \/>\n<meta property=\"og:site_name\" content=\"Hudo Slovenija\" \/>\n<meta property=\"article:publisher\" content=\"https:\/\/www.facebook.com\/hudo.si\" \/>\n<meta property=\"article:published_time\" content=\"2018-01-11T09:53:00+00:00\" \/>\n<meta property=\"og:image\" content=\"https:\/\/hudo.com\/si\/wp-content\/uploads\/sites\/2\/2018\/01\/480x290_djvu_2490691_pavlinb_tlo-Cimos.jpeg\" \/>\n\t<meta property=\"og:image:width\" content=\"480\" \/>\n\t<meta property=\"og:image:height\" content=\"290\" \/>\n\t<meta property=\"og:image:type\" content=\"image\/jpeg\" \/>\n<meta name=\"author\" content=\"hudo\" \/>\n<meta name=\"twitter:card\" content=\"summary_large_image\" \/>\n<meta name=\"twitter:creator\" content=\"@hudo_si\" \/>\n<meta name=\"twitter:site\" content=\"@hudo_si\" \/>\n<meta name=\"twitter:label1\" content=\"Written by\" \/>\n\t<meta name=\"twitter:data1\" content=\"hudo\" \/>\n\t<meta name=\"twitter:label2\" content=\"Est. reading time\" \/>\n\t<meta name=\"twitter:data2\" content=\"1 minuta\" \/>\n<script type=\"application\/ld+json\" class=\"yoast-schema-graph\">{\"@context\":\"https:\/\/schema.org\",\"@graph\":[{\"@type\":\"Article\",\"@id\":\"https:\/\/hudo.com\/si\/aktualno\/v-cimosu-predvidoma-prihodnji-teden-zacnejo-odpuscati\/#article\",\"isPartOf\":{\"@id\":\"https:\/\/hudo.com\/si\/aktualno\/v-cimosu-predvidoma-prihodnji-teden-zacnejo-odpuscati\/\"},\"author\":{\"name\":\"hudo\",\"@id\":\"https:\/\/hudo.com\/si\/#\/schema\/person\/601cf3379633985b20f7e50f2bb47707\"},\"headline\":\"V Cimosu predvidoma prihodnji teden za\u010dnejo odpu\u0161\u010dati\",\"datePublished\":\"2018-01-11T09:53:00+00:00\",\"dateModified\":\"2018-01-11T09:53:00+00:00\",\"mainEntityOfPage\":{\"@id\":\"https:\/\/hudo.com\/si\/aktualno\/v-cimosu-predvidoma-prihodnji-teden-zacnejo-odpuscati\/\"},\"wordCount\":159,\"publisher\":{\"@id\":\"https:\/\/hudo.com\/si\/#organization\"},\"articleSection\":[\"Aktualno\"],\"inLanguage\":\"sl-SI\"},{\"@type\":\"WebPage\",\"@id\":\"https:\/\/hudo.com\/si\/aktualno\/v-cimosu-predvidoma-prihodnji-teden-zacnejo-odpuscati\/\",\"url\":\"https:\/\/hudo.com\/si\/aktualno\/v-cimosu-predvidoma-prihodnji-teden-zacnejo-odpuscati\/\",\"name\":\"V Cimosu predvidoma prihodnji teden za\u010dnejo odpu\u0161\u010dati - Hudo Slovenija\",\"isPartOf\":{\"@id\":\"https:\/\/hudo.com\/si\/#website\"},\"datePublished\":\"2018-01-11T09:53:00+00:00\",\"dateModified\":\"2018-01-11T09:53:00+00:00\",\"breadcrumb\":{\"@id\":\"https:\/\/hudo.com\/si\/aktualno\/v-cimosu-predvidoma-prihodnji-teden-zacnejo-odpuscati\/#breadcrumb\"},\"inLanguage\":\"sl-SI\",\"potentialAction\":[{\"@type\":\"ReadAction\",\"target\":[\"https:\/\/hudo.com\/si\/aktualno\/v-cimosu-predvidoma-prihodnji-teden-zacnejo-odpuscati\/\"]}]},{\"@type\":\"BreadcrumbList\",\"@id\":\"https:\/\/hudo.com\/si\/aktualno\/v-cimosu-predvidoma-prihodnji-teden-zacnejo-odpuscati\/#breadcrumb\",\"itemListElement\":[{\"@type\":\"ListItem\",\"position\":1,\"name\":\"Home\",\"item\":\"https:\/\/hudo.com\/si\/\"},{\"@type\":\"ListItem\",\"position\":2,\"name\":\"V Cimosu predvidoma prihodnji teden za\u010dnejo odpu\u0161\u010dati\"}]},{\"@type\":\"WebSite\",\"@id\":\"https:\/\/hudo.com\/si\/#website\",\"url\":\"https:\/\/hudo.com\/si\/\",\"name\":\"Hudo Slovenija\",\"description\":\"Vse novice iz Slovenije in sveta\",\"publisher\":{\"@id\":\"https:\/\/hudo.com\/si\/#organization\"},\"potentialAction\":[{\"@type\":\"SearchAction\",\"target\":{\"@type\":\"EntryPoint\",\"urlTemplate\":\"https:\/\/hudo.com\/si\/?s={search_term_string}\"},\"query-input\":\"required name=search_term_string\"}],\"inLanguage\":\"sl-SI\"},{\"@type\":\"Organization\",\"@id\":\"https:\/\/hudo.com\/si\/#organization\",\"name\":\"VSN Media\",\"url\":\"https:\/\/hudo.com\/si\/\",\"logo\":{\"@type\":\"ImageObject\",\"inLanguage\":\"sl-SI\",\"@id\":\"https:\/\/hudo.com\/si\/#\/schema\/logo\/image\/\",\"url\":\"https:\/\/hudo.com\/si\/wp-content\/uploads\/sites\/2\/2021\/03\/hudo-app-2.png\",\"contentUrl\":\"https:\/\/hudo.com\/si\/wp-content\/uploads\/sites\/2\/2021\/03\/hudo-app-2.png\",\"width\":2185,\"height\":2167,\"caption\":\"VSN Media\"},\"image\":{\"@id\":\"https:\/\/hudo.com\/si\/#\/schema\/logo\/image\/\"},\"sameAs\":[\"https:\/\/www.facebook.com\/hudo.si\",\"https:\/\/twitter.com\/hudo_si\"]},{\"@type\":\"Person\",\"@id\":\"https:\/\/hudo.com\/si\/#\/schema\/person\/601cf3379633985b20f7e50f2bb47707\",\"name\":\"hudo\",\"image\":{\"@type\":\"ImageObject\",\"inLanguage\":\"sl-SI\",\"@id\":\"https:\/\/hudo.com\/si\/#\/schema\/person\/image\/\",\"url\":\"https:\/\/secure.gravatar.com\/avatar\/c4ca25fa72cace7a696b52ff5db9e095?s=96&d=mm&r=g\",\"contentUrl\":\"https:\/\/secure.gravatar.com\/avatar\/c4ca25fa72cace7a696b52ff5db9e095?s=96&d=mm&r=g\",\"caption\":\"hudo\"},\"url\":\"https:\/\/hudo.com\/si\/author\/hudo\/\"}]}<\/script>\n<!-- \/ Yoast SEO plugin. -->","yoast_head_json":{"title":"V Cimosu predvidoma prihodnji teden za\u010dnejo odpu\u0161\u010dati - Hudo Slovenija","robots":{"index":"index","follow":"follow","max-snippet":"max-snippet:-1","max-image-preview":"max-image-preview:large","max-video-preview":"max-video-preview:-1"},"canonical":"https:\/\/hudo.com\/si\/aktualno\/v-cimosu-predvidoma-prihodnji-teden-zacnejo-odpuscati\/","og_locale":"sl_SI","og_type":"article","og_title":"V Cimosu predvidoma prihodnji teden za\u010dnejo odpu\u0161\u010dati - Hudo Slovenija","og_description":"Kategorija: Podjetja Thu, 11 Jan 2018 11:53:00 +0100 Koper \u2013 Odpovedi pogodb o zaposlitvi prese\u017enim delavcem koprskega Cimosa \u0161e niso bile vro\u010dene in naj bi jih predvidoma izro\u010dali prihodnji teden, je za STA potrdila Nevenka Bandelj iz koprskega zavoda za zaposlovanje. Cimos proizvodnega obrata v Seno\u017ee\u010dah trenutno ne zapira, prese\u017enih pa naj bi bilo okoli 30 delavcev, predvsem iz tovarne v Kopru. Direktorica koprske obmo\u010dne enote zavoda za zaposlovanje Bandljeva je potrdila pisanje dana\u0161njih Primorskih novic, da odpovedi Cimosovim delavcem, ki naj bi jih za\u010deli vro\u010dati v za\u010detku tega tedna, \u0161e niso vro\u010dili, pa\u010d pa naj bi se to zgodilo predvidoma prihodnji teden. Po informacijah, ki so jih prejeli na zavodu, proizvodnje v Seno\u017ee\u010dah trenutno ne zapirajo. Skupno je menda prese\u017enih okoli 30 oseb, in sicer predvsem iz tovarne v Kopru, je \u0161e navedla Bandljeva. Kot so danes poro\u010dale Primorske novice,\u00a0...","og_url":"https:\/\/hudo.com\/si\/aktualno\/v-cimosu-predvidoma-prihodnji-teden-zacnejo-odpuscati\/","og_site_name":"Hudo Slovenija","article_publisher":"https:\/\/www.facebook.com\/hudo.si","article_published_time":"2018-01-11T09:53:00+00:00","og_image":[{"width":480,"height":290,"url":"https:\/\/hudo.com\/si\/wp-content\/uploads\/sites\/2\/2018\/01\/480x290_djvu_2490691_pavlinb_tlo-Cimos.jpeg","type":"image\/jpeg"}],"author":"hudo","twitter_card":"summary_large_image","twitter_creator":"@hudo_si","twitter_site":"@hudo_si","twitter_misc":{"Written by":"hudo","Est. reading time":"1 minuta"},"schema":{"@context":"https:\/\/schema.org","@graph":[{"@type":"Article","@id":"https:\/\/hudo.com\/si\/aktualno\/v-cimosu-predvidoma-prihodnji-teden-zacnejo-odpuscati\/#article","isPartOf":{"@id":"https:\/\/hudo.com\/si\/aktualno\/v-cimosu-predvidoma-prihodnji-teden-zacnejo-odpuscati\/"},"author":{"name":"hudo","@id":"https:\/\/hudo.com\/si\/#\/schema\/person\/601cf3379633985b20f7e50f2bb47707"},"headline":"V Cimosu predvidoma prihodnji teden za\u010dnejo odpu\u0161\u010dati","datePublished":"2018-01-11T09:53:00+00:00","dateModified":"2018-01-11T09:53:00+00:00","mainEntityOfPage":{"@id":"https:\/\/hudo.com\/si\/aktualno\/v-cimosu-predvidoma-prihodnji-teden-zacnejo-odpuscati\/"},"wordCount":159,"publisher":{"@id":"https:\/\/hudo.com\/si\/#organization"},"articleSection":["Aktualno"],"inLanguage":"sl-SI"},{"@type":"WebPage","@id":"https:\/\/hudo.com\/si\/aktualno\/v-cimosu-predvidoma-prihodnji-teden-zacnejo-odpuscati\/","url":"https:\/\/hudo.com\/si\/aktualno\/v-cimosu-predvidoma-prihodnji-teden-zacnejo-odpuscati\/","name":"V Cimosu predvidoma prihodnji teden za\u010dnejo odpu\u0161\u010dati - Hudo Slovenija","isPartOf":{"@id":"https:\/\/hudo.com\/si\/#website"},"datePublished":"2018-01-11T09:53:00+00:00","dateModified":"2018-01-11T09:53:00+00:00","breadcrumb":{"@id":"https:\/\/hudo.com\/si\/aktualno\/v-cimosu-predvidoma-prihodnji-teden-zacnejo-odpuscati\/#breadcrumb"},"inLanguage":"sl-SI","potentialAction":[{"@type":"ReadAction","target":["https:\/\/hudo.com\/si\/aktualno\/v-cimosu-predvidoma-prihodnji-teden-zacnejo-odpuscati\/"]}]},{"@type":"BreadcrumbList","@id":"https:\/\/hudo.com\/si\/aktualno\/v-cimosu-predvidoma-prihodnji-teden-zacnejo-odpuscati\/#breadcrumb","itemListElement":[{"@type":"ListItem","position":1,"name":"Home","item":"https:\/\/hudo.com\/si\/"},{"@type":"ListItem","position":2,"name":"V Cimosu predvidoma prihodnji teden za\u010dnejo odpu\u0161\u010dati"}]},{"@type":"WebSite","@id":"https:\/\/hudo.com\/si\/#website","url":"https:\/\/hudo.com\/si\/","name":"Hudo Slovenija","description":"Vse novice iz Slovenije in sveta","publisher":{"@id":"https:\/\/hudo.com\/si\/#organization"},"potentialAction":[{"@type":"SearchAction","target":{"@type":"EntryPoint","urlTemplate":"https:\/\/hudo.com\/si\/?s={search_term_string}"},"query-input":"required name=search_term_string"}],"inLanguage":"sl-SI"},{"@type":"Organization","@id":"https:\/\/hudo.com\/si\/#organization","name":"VSN Media","url":"https:\/\/hudo.com\/si\/","logo":{"@type":"ImageObject","inLanguage":"sl-SI","@id":"https:\/\/hudo.com\/si\/#\/schema\/logo\/image\/","url":"https:\/\/hudo.com\/si\/wp-content\/uploads\/sites\/2\/2021\/03\/hudo-app-2.png","contentUrl":"https:\/\/hudo.com\/si\/wp-content\/uploads\/sites\/2\/2021\/03\/hudo-app-2.png","width":2185,"height":2167,"caption":"VSN Media"},"image":{"@id":"https:\/\/hudo.com\/si\/#\/schema\/logo\/image\/"},"sameAs":["https:\/\/www.facebook.com\/hudo.si","https:\/\/twitter.com\/hudo_si"]},{"@type":"Person","@id":"https:\/\/hudo.com\/si\/#\/schema\/person\/601cf3379633985b20f7e50f2bb47707","name":"hudo","image":{"@type":"ImageObject","inLanguage":"sl-SI","@id":"https:\/\/hudo.com\/si\/#\/schema\/person\/image\/","url":"https:\/\/secure.gravatar.com\/avatar\/c4ca25fa72cace7a696b52ff5db9e095?s=96&d=mm&r=g","contentUrl":"https:\/\/secure.gravatar.com\/avatar\/c4ca25fa72cace7a696b52ff5db9e095?s=96&d=mm&r=g","caption":"hudo"},"url":"https:\/\/hudo.com\/si\/author\/hudo\/"}]}},"amp_enabled":true,"_links":{"self":[{"href":"https:\/\/hudo.com\/si\/wp-json\/wp\/v2\/posts\/345189"}],"collection":[{"href":"https:\/\/hudo.com\/si\/wp-json\/wp\/v2\/posts"}],"about":[{"href":"https:\/\/hudo.com\/si\/wp-json\/wp\/v2\/types\/post"}],"author":[{"embeddable":true,"href":"https:\/\/hudo.com\/si\/wp-json\/wp\/v2\/users\/1"}],"replies":[{"embeddable":true,"href":"https:\/\/hudo.com\/si\/wp-json\/wp\/v2\/comments?post=345189"}],"version-history":[{"count":0,"href":"https:\/\/hudo.com\/si\/wp-json\/wp\/v2\/posts\/345189\/revisions"}],"wp:attachment":[{"href":"https:\/\/hudo.com\/si\/wp-json\/wp\/v2\/media?parent=345189"}],"wp:term":[{"taxonomy":"category","embeddable":true,"href":"https:\/\/hudo.com\/si\/wp-json\/wp\/v2\/categories?post=345189"},{"taxonomy":"post_tag","embeddable":true,"href":"https:\/\/hudo.com\/si\/wp-json\/wp\/v2\/tags?post=345189"},{"taxonomy":"source","embeddable":true,"href":"https:\/\/hudo.com\/si\/wp-json\/wp\/v2\/source?post=345189"},{"taxonomy":"supertag","embeddable":true,"href":"https:\/\/hudo.com\/si\/wp-json\/wp\/v2\/supertag?post=345189"}],"curies":[{"name":"wp","href":"https:\/\/api.w.org\/{rel}","templated":true}]}}