{"id":345406,"date":"2018-01-11T18:37:29","date_gmt":"2018-01-11T17:37:29","guid":{"rendered":"http:\/\/hudo.com\/si\/?p=345406"},"modified":"2018-01-11T18:37:29","modified_gmt":"2018-01-11T17:37:29","slug":"vebra-na-podpredsedniskem-mestu-sd-nasledil-matjaz-nemec","status":"publish","type":"post","link":"https:\/\/hudo.com\/si\/aktualno\/vebra-na-podpredsedniskem-mestu-sd-nasledil-matjaz-nemec\/","title":{"rendered":"Vebra na podpredsedni\u0161kem mestu SD nasledil Matja\u017e Nemec"},"content":{"rendered":"<div class=\"text\">\n<p>V stranki so se pred skoraj\u0161njimi volitvami v DZ v skladu s statutom odlo\u010dili za imenovanje zgolj vr\u0161ilca dol\u017enosti. V primeru razre\u0161itve nosilke ali nosilca funkcije imenuje predsedstvo za \u010das do izvolitve nove nosilke ali nosilca vr\u0161ilko ali vr\u0161ilca dol\u017enosti funkcije za dobo najve\u010d \u0161est mesecev, dolo\u010da statut stranke.<\/p>\n<p>SD ima enega podpredsednika in eno podpredsednico, ki stranko predstavljata v odsotnosti njenega predsednika. Doslej sta funkcijo opravljala Tanja Fajon, ki na tem mestu ostaja, in Janko Veber. Oba sta bila izvoljena na zadnjem kongresu pred tremi leti. Takrat je Veber po glasovih premagal velenjskega \u017eupana Bojana Konti\u010da.<\/p>\n<p>Dolgoletni in vidni \u010dlan SD Veber je decembra izstopil najprej iz poslanske skupine, nato pa v ponedeljek \u0161e iz stranke SD. Na parlamentarne volitve pa se namerava podati s skupno koalicijo s stranko ZL &#8211; DSD ter \u0161e nekaterimi drugimi zdru\u017eenji in politi\u010dnimi skupinami.<\/p>\n<p>Kot je pojasnil, se namre\u010d ne more poenotiti s stali\u0161\u010di in odlo\u010ditvami SD, &#8220;ki gredo v smer, da razvrednotijo vse tisto, kar so generacije in generacije v Sloveniji ustvarjale&#8221;. Veber pri tem misli predvsem na procese privatizacije, ki jim je ves \u010das nasprotoval, a je bil, kot je dejal, pri tem osamljen.<\/p>\n<\/div>\n","protected":false},"excerpt":{"rendered":"<p>Predsedstvo SD je za vr\u0161ilca dol\u017enosti podpredsednika stranke imenovalo Matja\u017ea Nemca, sicer poslanca stranke in podpredsednika DZ. Do menjave je pri\u0161lo po izstopu dosedanjega podpredsednika Janka Vebra iz SD.<\/p>\n","protected":false},"author":5,"featured_media":345407,"comment_status":"closed","ping_status":"closed","sticky":false,"template":"","format":"standard","meta":{"footnotes":""},"categories":[1179],"tags":[5078,5209,4630,1595,5087],"source":[4511],"supertag":[],"acf":[],"yoast_head":"<!-- This site is optimized with the Yoast SEO plugin v21.3 - https:\/\/yoast.com\/wordpress\/plugins\/seo\/ -->\n<title>Vebra na podpredsedni\u0161kem mestu SD nasledil Matja\u017e Nemec - Hudo Slovenija<\/title>\n<meta name=\"robots\" content=\"index, follow, max-snippet:-1, max-image-preview:large, max-video-preview:-1\" \/>\n<link rel=\"canonical\" href=\"https:\/\/hudo.com\/si\/aktualno\/vebra-na-podpredsedniskem-mestu-sd-nasledil-matjaz-nemec\/\" \/>\n<meta property=\"og:locale\" content=\"sl_SI\" \/>\n<meta property=\"og:type\" content=\"article\" \/>\n<meta property=\"og:title\" content=\"Vebra na podpredsedni\u0161kem mestu SD nasledil Matja\u017e Nemec - Hudo Slovenija\" \/>\n<meta property=\"og:description\" content=\"Predsedstvo SD je za vr\u0161ilca dol\u017enosti podpredsednika stranke imenovalo Matja\u017ea Nemca, sicer poslanca stranke in podpredsednika DZ. Do menjave je pri\u0161lo po izstopu dosedanjega podpredsednika Janka Vebra iz SD.\" \/>\n<meta property=\"og:url\" content=\"https:\/\/hudo.com\/si\/aktualno\/vebra-na-podpredsedniskem-mestu-sd-nasledil-matjaz-nemec\/\" \/>\n<meta property=\"og:site_name\" content=\"Hudo Slovenija\" \/>\n<meta property=\"article:publisher\" content=\"https:\/\/www.facebook.com\/hudo.si\" \/>\n<meta property=\"article:published_time\" content=\"2018-01-11T17:37:29+00:00\" \/>\n<meta property=\"og:image\" content=\"https:\/\/hudo.com\/si\/wp-content\/uploads\/sites\/2\/2018\/01\/20160204-00667707.jpg\" \/>\n\t<meta property=\"og:image:width\" content=\"640\" \/>\n\t<meta property=\"og:image:height\" content=\"427\" \/>\n\t<meta property=\"og:image:type\" content=\"image\/jpeg\" \/>\n<meta name=\"author\" content=\"A. G., STA\" \/>\n<meta name=\"twitter:card\" content=\"summary_large_image\" \/>\n<meta name=\"twitter:creator\" content=\"@hudo_si\" \/>\n<meta name=\"twitter:site\" content=\"@hudo_si\" \/>\n<meta name=\"twitter:label1\" content=\"Written by\" \/>\n\t<meta name=\"twitter:data1\" content=\"A. G., STA\" \/>\n\t<meta name=\"twitter:label2\" content=\"Est. reading time\" \/>\n\t<meta name=\"twitter:data2\" content=\"1 minuta\" \/>\n<script type=\"application\/ld+json\" class=\"yoast-schema-graph\">{\"@context\":\"https:\/\/schema.org\",\"@graph\":[{\"@type\":\"Article\",\"@id\":\"https:\/\/hudo.com\/si\/aktualno\/vebra-na-podpredsedniskem-mestu-sd-nasledil-matjaz-nemec\/#article\",\"isPartOf\":{\"@id\":\"https:\/\/hudo.com\/si\/aktualno\/vebra-na-podpredsedniskem-mestu-sd-nasledil-matjaz-nemec\/\"},\"author\":{\"name\":\"A. G., STA\",\"@id\":\"https:\/\/hudo.com\/si\/#\/schema\/person\/2391667a63ea075ba94f2f2dc6b77537\"},\"headline\":\"Vebra na podpredsedni\u0161kem mestu SD nasledil Matja\u017e Nemec\",\"datePublished\":\"2018-01-11T17:37:29+00:00\",\"dateModified\":\"2018-01-11T17:37:29+00:00\",\"mainEntityOfPage\":{\"@id\":\"https:\/\/hudo.com\/si\/aktualno\/vebra-na-podpredsedniskem-mestu-sd-nasledil-matjaz-nemec\/\"},\"wordCount\":216,\"publisher\":{\"@id\":\"https:\/\/hudo.com\/si\/#organization\"},\"keywords\":[\"imenovanje\",\"Matja\u017e Nemec\",\"SD\",\"Slovenija\",\"stranke\"],\"articleSection\":[\"Aktualno\"],\"inLanguage\":\"sl-SI\"},{\"@type\":\"WebPage\",\"@id\":\"https:\/\/hudo.com\/si\/aktualno\/vebra-na-podpredsedniskem-mestu-sd-nasledil-matjaz-nemec\/\",\"url\":\"https:\/\/hudo.com\/si\/aktualno\/vebra-na-podpredsedniskem-mestu-sd-nasledil-matjaz-nemec\/\",\"name\":\"Vebra na podpredsedni\u0161kem mestu SD nasledil Matja\u017e Nemec - Hudo Slovenija\",\"isPartOf\":{\"@id\":\"https:\/\/hudo.com\/si\/#website\"},\"datePublished\":\"2018-01-11T17:37:29+00:00\",\"dateModified\":\"2018-01-11T17:37:29+00:00\",\"breadcrumb\":{\"@id\":\"https:\/\/hudo.com\/si\/aktualno\/vebra-na-podpredsedniskem-mestu-sd-nasledil-matjaz-nemec\/#breadcrumb\"},\"inLanguage\":\"sl-SI\",\"potentialAction\":[{\"@type\":\"ReadAction\",\"target\":[\"https:\/\/hudo.com\/si\/aktualno\/vebra-na-podpredsedniskem-mestu-sd-nasledil-matjaz-nemec\/\"]}]},{\"@type\":\"BreadcrumbList\",\"@id\":\"https:\/\/hudo.com\/si\/aktualno\/vebra-na-podpredsedniskem-mestu-sd-nasledil-matjaz-nemec\/#breadcrumb\",\"itemListElement\":[{\"@type\":\"ListItem\",\"position\":1,\"name\":\"Home\",\"item\":\"https:\/\/hudo.com\/si\/\"},{\"@type\":\"ListItem\",\"position\":2,\"name\":\"Vebra na podpredsedni\u0161kem mestu SD nasledil Matja\u017e Nemec\"}]},{\"@type\":\"WebSite\",\"@id\":\"https:\/\/hudo.com\/si\/#website\",\"url\":\"https:\/\/hudo.com\/si\/\",\"name\":\"Hudo Slovenija\",\"description\":\"Vse novice iz Slovenije in sveta\",\"publisher\":{\"@id\":\"https:\/\/hudo.com\/si\/#organization\"},\"potentialAction\":[{\"@type\":\"SearchAction\",\"target\":{\"@type\":\"EntryPoint\",\"urlTemplate\":\"https:\/\/hudo.com\/si\/?s={search_term_string}\"},\"query-input\":\"required name=search_term_string\"}],\"inLanguage\":\"sl-SI\"},{\"@type\":\"Organization\",\"@id\":\"https:\/\/hudo.com\/si\/#organization\",\"name\":\"VSN Media\",\"url\":\"https:\/\/hudo.com\/si\/\",\"logo\":{\"@type\":\"ImageObject\",\"inLanguage\":\"sl-SI\",\"@id\":\"https:\/\/hudo.com\/si\/#\/schema\/logo\/image\/\",\"url\":\"https:\/\/hudo.com\/si\/wp-content\/uploads\/sites\/2\/2021\/03\/hudo-app-2.png\",\"contentUrl\":\"https:\/\/hudo.com\/si\/wp-content\/uploads\/sites\/2\/2021\/03\/hudo-app-2.png\",\"width\":2185,\"height\":2167,\"caption\":\"VSN Media\"},\"image\":{\"@id\":\"https:\/\/hudo.com\/si\/#\/schema\/logo\/image\/\"},\"sameAs\":[\"https:\/\/www.facebook.com\/hudo.si\",\"https:\/\/twitter.com\/hudo_si\"]},{\"@type\":\"Person\",\"@id\":\"https:\/\/hudo.com\/si\/#\/schema\/person\/2391667a63ea075ba94f2f2dc6b77537\",\"name\":\"A. G., STA\",\"image\":{\"@type\":\"ImageObject\",\"inLanguage\":\"sl-SI\",\"@id\":\"https:\/\/hudo.com\/si\/#\/schema\/person\/image\/\",\"url\":\"https:\/\/secure.gravatar.com\/avatar\/e13d22ac3e442658d5025fbbe6238a79?s=96&d=mm&r=g\",\"contentUrl\":\"https:\/\/secure.gravatar.com\/avatar\/e13d22ac3e442658d5025fbbe6238a79?s=96&d=mm&r=g\",\"caption\":\"A. G., STA\"},\"url\":\"https:\/\/hudo.com\/si\/author\/alenka\/\"}]}<\/script>\n<!-- \/ Yoast SEO plugin. -->","yoast_head_json":{"title":"Vebra na podpredsedni\u0161kem mestu SD nasledil Matja\u017e Nemec - Hudo Slovenija","robots":{"index":"index","follow":"follow","max-snippet":"max-snippet:-1","max-image-preview":"max-image-preview:large","max-video-preview":"max-video-preview:-1"},"canonical":"https:\/\/hudo.com\/si\/aktualno\/vebra-na-podpredsedniskem-mestu-sd-nasledil-matjaz-nemec\/","og_locale":"sl_SI","og_type":"article","og_title":"Vebra na podpredsedni\u0161kem mestu SD nasledil Matja\u017e Nemec - Hudo Slovenija","og_description":"Predsedstvo SD je za vr\u0161ilca dol\u017enosti podpredsednika stranke imenovalo Matja\u017ea Nemca, sicer poslanca stranke in podpredsednika DZ. Do menjave je pri\u0161lo po izstopu dosedanjega podpredsednika Janka Vebra iz SD.","og_url":"https:\/\/hudo.com\/si\/aktualno\/vebra-na-podpredsedniskem-mestu-sd-nasledil-matjaz-nemec\/","og_site_name":"Hudo Slovenija","article_publisher":"https:\/\/www.facebook.com\/hudo.si","article_published_time":"2018-01-11T17:37:29+00:00","og_image":[{"width":640,"height":427,"url":"https:\/\/hudo.com\/si\/wp-content\/uploads\/sites\/2\/2018\/01\/20160204-00667707.jpg","type":"image\/jpeg"}],"author":"A. G., STA","twitter_card":"summary_large_image","twitter_creator":"@hudo_si","twitter_site":"@hudo_si","twitter_misc":{"Written by":"A. G., STA","Est. reading time":"1 minuta"},"schema":{"@context":"https:\/\/schema.org","@graph":[{"@type":"Article","@id":"https:\/\/hudo.com\/si\/aktualno\/vebra-na-podpredsedniskem-mestu-sd-nasledil-matjaz-nemec\/#article","isPartOf":{"@id":"https:\/\/hudo.com\/si\/aktualno\/vebra-na-podpredsedniskem-mestu-sd-nasledil-matjaz-nemec\/"},"author":{"name":"A. G., STA","@id":"https:\/\/hudo.com\/si\/#\/schema\/person\/2391667a63ea075ba94f2f2dc6b77537"},"headline":"Vebra na podpredsedni\u0161kem mestu SD nasledil Matja\u017e Nemec","datePublished":"2018-01-11T17:37:29+00:00","dateModified":"2018-01-11T17:37:29+00:00","mainEntityOfPage":{"@id":"https:\/\/hudo.com\/si\/aktualno\/vebra-na-podpredsedniskem-mestu-sd-nasledil-matjaz-nemec\/"},"wordCount":216,"publisher":{"@id":"https:\/\/hudo.com\/si\/#organization"},"keywords":["imenovanje","Matja\u017e Nemec","SD","Slovenija","stranke"],"articleSection":["Aktualno"],"inLanguage":"sl-SI"},{"@type":"WebPage","@id":"https:\/\/hudo.com\/si\/aktualno\/vebra-na-podpredsedniskem-mestu-sd-nasledil-matjaz-nemec\/","url":"https:\/\/hudo.com\/si\/aktualno\/vebra-na-podpredsedniskem-mestu-sd-nasledil-matjaz-nemec\/","name":"Vebra na podpredsedni\u0161kem mestu SD nasledil Matja\u017e Nemec - Hudo Slovenija","isPartOf":{"@id":"https:\/\/hudo.com\/si\/#website"},"datePublished":"2018-01-11T17:37:29+00:00","dateModified":"2018-01-11T17:37:29+00:00","breadcrumb":{"@id":"https:\/\/hudo.com\/si\/aktualno\/vebra-na-podpredsedniskem-mestu-sd-nasledil-matjaz-nemec\/#breadcrumb"},"inLanguage":"sl-SI","potentialAction":[{"@type":"ReadAction","target":["https:\/\/hudo.com\/si\/aktualno\/vebra-na-podpredsedniskem-mestu-sd-nasledil-matjaz-nemec\/"]}]},{"@type":"BreadcrumbList","@id":"https:\/\/hudo.com\/si\/aktualno\/vebra-na-podpredsedniskem-mestu-sd-nasledil-matjaz-nemec\/#breadcrumb","itemListElement":[{"@type":"ListItem","position":1,"name":"Home","item":"https:\/\/hudo.com\/si\/"},{"@type":"ListItem","position":2,"name":"Vebra na podpredsedni\u0161kem mestu SD nasledil Matja\u017e Nemec"}]},{"@type":"WebSite","@id":"https:\/\/hudo.com\/si\/#website","url":"https:\/\/hudo.com\/si\/","name":"Hudo Slovenija","description":"Vse novice iz Slovenije in sveta","publisher":{"@id":"https:\/\/hudo.com\/si\/#organization"},"potentialAction":[{"@type":"SearchAction","target":{"@type":"EntryPoint","urlTemplate":"https:\/\/hudo.com\/si\/?s={search_term_string}"},"query-input":"required name=search_term_string"}],"inLanguage":"sl-SI"},{"@type":"Organization","@id":"https:\/\/hudo.com\/si\/#organization","name":"VSN Media","url":"https:\/\/hudo.com\/si\/","logo":{"@type":"ImageObject","inLanguage":"sl-SI","@id":"https:\/\/hudo.com\/si\/#\/schema\/logo\/image\/","url":"https:\/\/hudo.com\/si\/wp-content\/uploads\/sites\/2\/2021\/03\/hudo-app-2.png","contentUrl":"https:\/\/hudo.com\/si\/wp-content\/uploads\/sites\/2\/2021\/03\/hudo-app-2.png","width":2185,"height":2167,"caption":"VSN Media"},"image":{"@id":"https:\/\/hudo.com\/si\/#\/schema\/logo\/image\/"},"sameAs":["https:\/\/www.facebook.com\/hudo.si","https:\/\/twitter.com\/hudo_si"]},{"@type":"Person","@id":"https:\/\/hudo.com\/si\/#\/schema\/person\/2391667a63ea075ba94f2f2dc6b77537","name":"A. G., STA","image":{"@type":"ImageObject","inLanguage":"sl-SI","@id":"https:\/\/hudo.com\/si\/#\/schema\/person\/image\/","url":"https:\/\/secure.gravatar.com\/avatar\/e13d22ac3e442658d5025fbbe6238a79?s=96&d=mm&r=g","contentUrl":"https:\/\/secure.gravatar.com\/avatar\/e13d22ac3e442658d5025fbbe6238a79?s=96&d=mm&r=g","caption":"A. G., STA"},"url":"https:\/\/hudo.com\/si\/author\/alenka\/"}]}},"amp_enabled":true,"_links":{"self":[{"href":"https:\/\/hudo.com\/si\/wp-json\/wp\/v2\/posts\/345406"}],"collection":[{"href":"https:\/\/hudo.com\/si\/wp-json\/wp\/v2\/posts"}],"about":[{"href":"https:\/\/hudo.com\/si\/wp-json\/wp\/v2\/types\/post"}],"author":[{"embeddable":true,"href":"https:\/\/hudo.com\/si\/wp-json\/wp\/v2\/users\/5"}],"replies":[{"embeddable":true,"href":"https:\/\/hudo.com\/si\/wp-json\/wp\/v2\/comments?post=345406"}],"version-history":[{"count":1,"href":"https:\/\/hudo.com\/si\/wp-json\/wp\/v2\/posts\/345406\/revisions"}],"predecessor-version":[{"id":345408,"href":"https:\/\/hudo.com\/si\/wp-json\/wp\/v2\/posts\/345406\/revisions\/345408"}],"wp:featuredmedia":[{"embeddable":true,"href":"https:\/\/hudo.com\/si\/wp-json\/wp\/v2\/media\/345407"}],"wp:attachment":[{"href":"https:\/\/hudo.com\/si\/wp-json\/wp\/v2\/media?parent=345406"}],"wp:term":[{"taxonomy":"category","embeddable":true,"href":"https:\/\/hudo.com\/si\/wp-json\/wp\/v2\/categories?post=345406"},{"taxonomy":"post_tag","embeddable":true,"href":"https:\/\/hudo.com\/si\/wp-json\/wp\/v2\/tags?post=345406"},{"taxonomy":"source","embeddable":true,"href":"https:\/\/hudo.com\/si\/wp-json\/wp\/v2\/source?post=345406"},{"taxonomy":"supertag","embeddable":true,"href":"https:\/\/hudo.com\/si\/wp-json\/wp\/v2\/supertag?post=345406"}],"curies":[{"name":"wp","href":"https:\/\/api.w.org\/{rel}","templated":true}]}}