{"id":345856,"date":"2018-01-12T09:44:00","date_gmt":"2018-01-12T08:44:00","guid":{"rendered":"http:\/\/hudo.com\/si\/2018\/01\/12\/domen-prevc-z-najdaljsim-poletom-z-bratom-petrom-blestela\/"},"modified":"2018-01-12T09:44:00","modified_gmt":"2018-01-12T08:44:00","slug":"domen-prevc-z-najdaljsim-poletom-z-bratom-petrom-blestela","status":"publish","type":"post","link":"https:\/\/hudo.com\/si\/aktualno\/domen-prevc-z-najdaljsim-poletom-z-bratom-petrom-blestela\/","title":{"rendered":"Domen Prevc z najdalj\u0161im poletom, z bratom Petrom blestela"},"content":{"rendered":"<p>Na prvem treningu na letalnici na Kulmu so slovenski skakalci razprli krila. Domen Prevc se je pohvalil z najdalj\u0161o daljavo, potem ko je pristal pri 233 metrih. Kar pet slovenskih orlov se je uvrstilo med najbolj\u0161o petnajsterico. Prvi trening je pripadel Andreasu Stjernenu, Peter Prevc je bil odli\u010den drugi.<\/p>\n","protected":false},"excerpt":{"rendered":"<p>Na prvem treningu na letalnici na Kulmu so slovenski skakalci razprli krila. Domen Prevc se je pohvalil z najdalj\u0161o daljavo, potem ko je pristal pri 233 metrih. Kar pet slovenskih orlov se je uvrstilo med najbolj\u0161o petnajsterico. Prvi trening je pripadel Andreasu Stjernenu, Peter Prevc je bil odli\u010den drugi.<\/p>\n","protected":false},"author":1,"featured_media":0,"comment_status":"closed","ping_status":"closed","sticky":false,"template":"","format":"standard","meta":{"footnotes":""},"categories":[1179],"tags":[],"source":[1717],"supertag":[],"acf":[],"yoast_head":"<!-- This site is optimized with the Yoast SEO plugin v21.3 - https:\/\/yoast.com\/wordpress\/plugins\/seo\/ -->\n<title>Domen Prevc z najdalj\u0161im poletom, z bratom Petrom blestela - Hudo Slovenija<\/title>\n<meta name=\"robots\" content=\"index, follow, max-snippet:-1, max-image-preview:large, max-video-preview:-1\" \/>\n<link rel=\"canonical\" href=\"https:\/\/hudo.com\/si\/aktualno\/domen-prevc-z-najdaljsim-poletom-z-bratom-petrom-blestela\/\" \/>\n<meta property=\"og:locale\" content=\"sl_SI\" \/>\n<meta property=\"og:type\" content=\"article\" \/>\n<meta property=\"og:title\" content=\"Domen Prevc z najdalj\u0161im poletom, z bratom Petrom blestela - Hudo Slovenija\" \/>\n<meta property=\"og:description\" content=\"Na prvem treningu na letalnici na Kulmu so slovenski skakalci razprli krila. Domen Prevc se je pohvalil z najdalj\u0161o daljavo, potem ko je pristal pri 233 metrih. Kar pet slovenskih orlov se je uvrstilo med najbolj\u0161o petnajsterico. Prvi trening je pripadel Andreasu Stjernenu, Peter Prevc je bil odli\u010den drugi.\" \/>\n<meta property=\"og:url\" content=\"https:\/\/hudo.com\/si\/aktualno\/domen-prevc-z-najdaljsim-poletom-z-bratom-petrom-blestela\/\" \/>\n<meta property=\"og:site_name\" content=\"Hudo Slovenija\" \/>\n<meta property=\"article:publisher\" content=\"https:\/\/www.facebook.com\/hudo.si\" \/>\n<meta property=\"article:published_time\" content=\"2018-01-12T08:44:00+00:00\" \/>\n<meta property=\"og:image\" content=\"https:\/\/hudo.com\/si\/wp-content\/uploads\/sites\/2\/2018\/01\/ce671a94a2497b00db52-domen-prevc.jpeg\" \/>\n\t<meta property=\"og:image:width\" content=\"1200\" \/>\n\t<meta property=\"og:image:height\" content=\"628\" \/>\n\t<meta property=\"og:image:type\" content=\"image\/jpeg\" \/>\n<meta name=\"author\" content=\"hudo\" \/>\n<meta name=\"twitter:card\" content=\"summary_large_image\" \/>\n<meta name=\"twitter:creator\" content=\"@hudo_si\" \/>\n<meta name=\"twitter:site\" content=\"@hudo_si\" \/>\n<meta name=\"twitter:label1\" content=\"Written by\" \/>\n\t<meta name=\"twitter:data1\" content=\"hudo\" \/>\n<script type=\"application\/ld+json\" class=\"yoast-schema-graph\">{\"@context\":\"https:\/\/schema.org\",\"@graph\":[{\"@type\":\"Article\",\"@id\":\"https:\/\/hudo.com\/si\/aktualno\/domen-prevc-z-najdaljsim-poletom-z-bratom-petrom-blestela\/#article\",\"isPartOf\":{\"@id\":\"https:\/\/hudo.com\/si\/aktualno\/domen-prevc-z-najdaljsim-poletom-z-bratom-petrom-blestela\/\"},\"author\":{\"name\":\"hudo\",\"@id\":\"https:\/\/hudo.com\/si\/#\/schema\/person\/601cf3379633985b20f7e50f2bb47707\"},\"headline\":\"Domen Prevc z najdalj\u0161im poletom, z bratom Petrom blestela\",\"datePublished\":\"2018-01-12T08:44:00+00:00\",\"dateModified\":\"2018-01-12T08:44:00+00:00\",\"mainEntityOfPage\":{\"@id\":\"https:\/\/hudo.com\/si\/aktualno\/domen-prevc-z-najdaljsim-poletom-z-bratom-petrom-blestela\/\"},\"wordCount\":61,\"publisher\":{\"@id\":\"https:\/\/hudo.com\/si\/#organization\"},\"articleSection\":[\"Aktualno\"],\"inLanguage\":\"sl-SI\"},{\"@type\":\"WebPage\",\"@id\":\"https:\/\/hudo.com\/si\/aktualno\/domen-prevc-z-najdaljsim-poletom-z-bratom-petrom-blestela\/\",\"url\":\"https:\/\/hudo.com\/si\/aktualno\/domen-prevc-z-najdaljsim-poletom-z-bratom-petrom-blestela\/\",\"name\":\"Domen Prevc z najdalj\u0161im poletom, z bratom Petrom blestela - Hudo Slovenija\",\"isPartOf\":{\"@id\":\"https:\/\/hudo.com\/si\/#website\"},\"datePublished\":\"2018-01-12T08:44:00+00:00\",\"dateModified\":\"2018-01-12T08:44:00+00:00\",\"breadcrumb\":{\"@id\":\"https:\/\/hudo.com\/si\/aktualno\/domen-prevc-z-najdaljsim-poletom-z-bratom-petrom-blestela\/#breadcrumb\"},\"inLanguage\":\"sl-SI\",\"potentialAction\":[{\"@type\":\"ReadAction\",\"target\":[\"https:\/\/hudo.com\/si\/aktualno\/domen-prevc-z-najdaljsim-poletom-z-bratom-petrom-blestela\/\"]}]},{\"@type\":\"BreadcrumbList\",\"@id\":\"https:\/\/hudo.com\/si\/aktualno\/domen-prevc-z-najdaljsim-poletom-z-bratom-petrom-blestela\/#breadcrumb\",\"itemListElement\":[{\"@type\":\"ListItem\",\"position\":1,\"name\":\"Home\",\"item\":\"https:\/\/hudo.com\/si\/\"},{\"@type\":\"ListItem\",\"position\":2,\"name\":\"Domen Prevc z najdalj\u0161im poletom, z bratom Petrom blestela\"}]},{\"@type\":\"WebSite\",\"@id\":\"https:\/\/hudo.com\/si\/#website\",\"url\":\"https:\/\/hudo.com\/si\/\",\"name\":\"Hudo Slovenija\",\"description\":\"Vse novice iz Slovenije in sveta\",\"publisher\":{\"@id\":\"https:\/\/hudo.com\/si\/#organization\"},\"potentialAction\":[{\"@type\":\"SearchAction\",\"target\":{\"@type\":\"EntryPoint\",\"urlTemplate\":\"https:\/\/hudo.com\/si\/?s={search_term_string}\"},\"query-input\":\"required name=search_term_string\"}],\"inLanguage\":\"sl-SI\"},{\"@type\":\"Organization\",\"@id\":\"https:\/\/hudo.com\/si\/#organization\",\"name\":\"VSN Media\",\"url\":\"https:\/\/hudo.com\/si\/\",\"logo\":{\"@type\":\"ImageObject\",\"inLanguage\":\"sl-SI\",\"@id\":\"https:\/\/hudo.com\/si\/#\/schema\/logo\/image\/\",\"url\":\"https:\/\/hudo.com\/si\/wp-content\/uploads\/sites\/2\/2021\/03\/hudo-app-2.png\",\"contentUrl\":\"https:\/\/hudo.com\/si\/wp-content\/uploads\/sites\/2\/2021\/03\/hudo-app-2.png\",\"width\":2185,\"height\":2167,\"caption\":\"VSN Media\"},\"image\":{\"@id\":\"https:\/\/hudo.com\/si\/#\/schema\/logo\/image\/\"},\"sameAs\":[\"https:\/\/www.facebook.com\/hudo.si\",\"https:\/\/twitter.com\/hudo_si\"]},{\"@type\":\"Person\",\"@id\":\"https:\/\/hudo.com\/si\/#\/schema\/person\/601cf3379633985b20f7e50f2bb47707\",\"name\":\"hudo\",\"image\":{\"@type\":\"ImageObject\",\"inLanguage\":\"sl-SI\",\"@id\":\"https:\/\/hudo.com\/si\/#\/schema\/person\/image\/\",\"url\":\"https:\/\/secure.gravatar.com\/avatar\/c4ca25fa72cace7a696b52ff5db9e095?s=96&d=mm&r=g\",\"contentUrl\":\"https:\/\/secure.gravatar.com\/avatar\/c4ca25fa72cace7a696b52ff5db9e095?s=96&d=mm&r=g\",\"caption\":\"hudo\"},\"url\":\"https:\/\/hudo.com\/si\/author\/hudo\/\"}]}<\/script>\n<!-- \/ Yoast SEO plugin. -->","yoast_head_json":{"title":"Domen Prevc z najdalj\u0161im poletom, z bratom Petrom blestela - Hudo Slovenija","robots":{"index":"index","follow":"follow","max-snippet":"max-snippet:-1","max-image-preview":"max-image-preview:large","max-video-preview":"max-video-preview:-1"},"canonical":"https:\/\/hudo.com\/si\/aktualno\/domen-prevc-z-najdaljsim-poletom-z-bratom-petrom-blestela\/","og_locale":"sl_SI","og_type":"article","og_title":"Domen Prevc z najdalj\u0161im poletom, z bratom Petrom blestela - Hudo Slovenija","og_description":"Na prvem treningu na letalnici na Kulmu so slovenski skakalci razprli krila. Domen Prevc se je pohvalil z najdalj\u0161o daljavo, potem ko je pristal pri 233 metrih. Kar pet slovenskih orlov se je uvrstilo med najbolj\u0161o petnajsterico. Prvi trening je pripadel Andreasu Stjernenu, Peter Prevc je bil odli\u010den drugi.","og_url":"https:\/\/hudo.com\/si\/aktualno\/domen-prevc-z-najdaljsim-poletom-z-bratom-petrom-blestela\/","og_site_name":"Hudo Slovenija","article_publisher":"https:\/\/www.facebook.com\/hudo.si","article_published_time":"2018-01-12T08:44:00+00:00","og_image":[{"width":1200,"height":628,"url":"https:\/\/hudo.com\/si\/wp-content\/uploads\/sites\/2\/2018\/01\/ce671a94a2497b00db52-domen-prevc.jpeg","type":"image\/jpeg"}],"author":"hudo","twitter_card":"summary_large_image","twitter_creator":"@hudo_si","twitter_site":"@hudo_si","twitter_misc":{"Written by":"hudo"},"schema":{"@context":"https:\/\/schema.org","@graph":[{"@type":"Article","@id":"https:\/\/hudo.com\/si\/aktualno\/domen-prevc-z-najdaljsim-poletom-z-bratom-petrom-blestela\/#article","isPartOf":{"@id":"https:\/\/hudo.com\/si\/aktualno\/domen-prevc-z-najdaljsim-poletom-z-bratom-petrom-blestela\/"},"author":{"name":"hudo","@id":"https:\/\/hudo.com\/si\/#\/schema\/person\/601cf3379633985b20f7e50f2bb47707"},"headline":"Domen Prevc z najdalj\u0161im poletom, z bratom Petrom blestela","datePublished":"2018-01-12T08:44:00+00:00","dateModified":"2018-01-12T08:44:00+00:00","mainEntityOfPage":{"@id":"https:\/\/hudo.com\/si\/aktualno\/domen-prevc-z-najdaljsim-poletom-z-bratom-petrom-blestela\/"},"wordCount":61,"publisher":{"@id":"https:\/\/hudo.com\/si\/#organization"},"articleSection":["Aktualno"],"inLanguage":"sl-SI"},{"@type":"WebPage","@id":"https:\/\/hudo.com\/si\/aktualno\/domen-prevc-z-najdaljsim-poletom-z-bratom-petrom-blestela\/","url":"https:\/\/hudo.com\/si\/aktualno\/domen-prevc-z-najdaljsim-poletom-z-bratom-petrom-blestela\/","name":"Domen Prevc z najdalj\u0161im poletom, z bratom Petrom blestela - Hudo Slovenija","isPartOf":{"@id":"https:\/\/hudo.com\/si\/#website"},"datePublished":"2018-01-12T08:44:00+00:00","dateModified":"2018-01-12T08:44:00+00:00","breadcrumb":{"@id":"https:\/\/hudo.com\/si\/aktualno\/domen-prevc-z-najdaljsim-poletom-z-bratom-petrom-blestela\/#breadcrumb"},"inLanguage":"sl-SI","potentialAction":[{"@type":"ReadAction","target":["https:\/\/hudo.com\/si\/aktualno\/domen-prevc-z-najdaljsim-poletom-z-bratom-petrom-blestela\/"]}]},{"@type":"BreadcrumbList","@id":"https:\/\/hudo.com\/si\/aktualno\/domen-prevc-z-najdaljsim-poletom-z-bratom-petrom-blestela\/#breadcrumb","itemListElement":[{"@type":"ListItem","position":1,"name":"Home","item":"https:\/\/hudo.com\/si\/"},{"@type":"ListItem","position":2,"name":"Domen Prevc z najdalj\u0161im poletom, z bratom Petrom blestela"}]},{"@type":"WebSite","@id":"https:\/\/hudo.com\/si\/#website","url":"https:\/\/hudo.com\/si\/","name":"Hudo Slovenija","description":"Vse novice iz Slovenije in sveta","publisher":{"@id":"https:\/\/hudo.com\/si\/#organization"},"potentialAction":[{"@type":"SearchAction","target":{"@type":"EntryPoint","urlTemplate":"https:\/\/hudo.com\/si\/?s={search_term_string}"},"query-input":"required name=search_term_string"}],"inLanguage":"sl-SI"},{"@type":"Organization","@id":"https:\/\/hudo.com\/si\/#organization","name":"VSN Media","url":"https:\/\/hudo.com\/si\/","logo":{"@type":"ImageObject","inLanguage":"sl-SI","@id":"https:\/\/hudo.com\/si\/#\/schema\/logo\/image\/","url":"https:\/\/hudo.com\/si\/wp-content\/uploads\/sites\/2\/2021\/03\/hudo-app-2.png","contentUrl":"https:\/\/hudo.com\/si\/wp-content\/uploads\/sites\/2\/2021\/03\/hudo-app-2.png","width":2185,"height":2167,"caption":"VSN Media"},"image":{"@id":"https:\/\/hudo.com\/si\/#\/schema\/logo\/image\/"},"sameAs":["https:\/\/www.facebook.com\/hudo.si","https:\/\/twitter.com\/hudo_si"]},{"@type":"Person","@id":"https:\/\/hudo.com\/si\/#\/schema\/person\/601cf3379633985b20f7e50f2bb47707","name":"hudo","image":{"@type":"ImageObject","inLanguage":"sl-SI","@id":"https:\/\/hudo.com\/si\/#\/schema\/person\/image\/","url":"https:\/\/secure.gravatar.com\/avatar\/c4ca25fa72cace7a696b52ff5db9e095?s=96&d=mm&r=g","contentUrl":"https:\/\/secure.gravatar.com\/avatar\/c4ca25fa72cace7a696b52ff5db9e095?s=96&d=mm&r=g","caption":"hudo"},"url":"https:\/\/hudo.com\/si\/author\/hudo\/"}]}},"amp_enabled":true,"_links":{"self":[{"href":"https:\/\/hudo.com\/si\/wp-json\/wp\/v2\/posts\/345856"}],"collection":[{"href":"https:\/\/hudo.com\/si\/wp-json\/wp\/v2\/posts"}],"about":[{"href":"https:\/\/hudo.com\/si\/wp-json\/wp\/v2\/types\/post"}],"author":[{"embeddable":true,"href":"https:\/\/hudo.com\/si\/wp-json\/wp\/v2\/users\/1"}],"replies":[{"embeddable":true,"href":"https:\/\/hudo.com\/si\/wp-json\/wp\/v2\/comments?post=345856"}],"version-history":[{"count":0,"href":"https:\/\/hudo.com\/si\/wp-json\/wp\/v2\/posts\/345856\/revisions"}],"wp:attachment":[{"href":"https:\/\/hudo.com\/si\/wp-json\/wp\/v2\/media?parent=345856"}],"wp:term":[{"taxonomy":"category","embeddable":true,"href":"https:\/\/hudo.com\/si\/wp-json\/wp\/v2\/categories?post=345856"},{"taxonomy":"post_tag","embeddable":true,"href":"https:\/\/hudo.com\/si\/wp-json\/wp\/v2\/tags?post=345856"},{"taxonomy":"source","embeddable":true,"href":"https:\/\/hudo.com\/si\/wp-json\/wp\/v2\/source?post=345856"},{"taxonomy":"supertag","embeddable":true,"href":"https:\/\/hudo.com\/si\/wp-json\/wp\/v2\/supertag?post=345856"}],"curies":[{"name":"wp","href":"https:\/\/api.w.org\/{rel}","templated":true}]}}