{"id":346600,"date":"2018-01-13T13:15:00","date_gmt":"2018-01-13T12:15:00","guid":{"rendered":"http:\/\/hudo.com\/si\/2018\/01\/13\/sosedski-trio-na-brdu\/"},"modified":"2018-01-13T13:15:00","modified_gmt":"2018-01-13T12:15:00","slug":"sosedski-trio-na-brdu","status":"publish","type":"post","link":"https:\/\/hudo.com\/si\/aktualno\/sosedski-trio-na-brdu\/","title":{"rendered":"Sosedski trio na Brdu"},"content":{"rendered":"<p>Kategorija: Politika Sat, 13 Jan 2018 14:15:00 +0100  Brdo pri Kranju\u00a0\u2013 Predsednik republike Borut Pahor je danes na Brdu pri Kranju dejal, da je bilo kosilo, ki ga je gostil za predsednike sosednjih dr\u017eav, prilo\u017enost za krepitev dobrih sosedskih odnosov in izpostavil njihov pomen. Temu sta se pridru\u017eila tudi hrva\u0161ka predsednica Kolinda Grabar-Kitarovi\u0107 in italijanski predsednik Sergio Mattarella. Pahor je v nagovoru pred slovesnim kosilom izpostavil, da je bilo dana\u0161nje sre\u010danje \u00bbimeniten izgovor\u00ab za odprto in odkrito izmenjavo stali\u0161\u010d glede najbolj va\u017enih vpra\u0161anj, ki zadevajo na\u0161e dr\u017eave in medsebojne odnose. \u00bbVselej sem bil zvest in bom zvest politiki dobrega sosedstva, v primarnem interesu nam je, da z dialogom po mirni poti potrpe\u017eljivo in vzajemno i\u0161\u010demo re\u0161itve za probleme in se potem dr\u017eimo teh dogovorov,\u00ab je dejal slovenski predsednik. Nadaljeval je, da politi\u010dne probleme povzro\u010dijo ljudje in da jih ljudje\u00a0&#8230;<\/p>\n","protected":false},"excerpt":{"rendered":"<p>Kategorija: Politika Sat, 13 Jan 2018 14:15:00 +0100  Brdo pri Kranju\u00a0\u2013 Predsednik republike Borut Pahor je danes na Brdu pri Kranju dejal, da je bilo kosilo, ki ga je gostil za predsednike sosednjih dr\u017eav, prilo\u017enost za krepitev dobrih sosedskih odnosov in izpostavil njihov pomen. Temu sta se pridru\u017eila tudi hrva\u0161ka predsednica Kolinda Grabar-Kitarovi\u0107 in italijanski predsednik Sergio Mattarella. Pahor je v nagovoru pred slovesnim kosilom izpostavil, da je bilo dana\u0161nje sre\u010danje \u00bbimeniten izgovor\u00ab za odprto in odkrito izmenjavo stali\u0161\u010d glede najbolj va\u017enih vpra\u0161anj, ki zadevajo na\u0161e dr\u017eave in medsebojne odnose. \u00bbVselej sem bil zvest in bom zvest politiki dobrega sosedstva, v primarnem interesu nam je, da z dialogom po mirni poti potrpe\u017eljivo in vzajemno i\u0161\u010demo re\u0161itve za probleme in se potem dr\u017eimo teh dogovorov,\u00ab je dejal slovenski predsednik. Nadaljeval je, da politi\u010dne probleme povzro\u010dijo ljudje in da jih ljudje\u00a0&#8230;<\/p>\n","protected":false},"author":1,"featured_media":0,"comment_status":"closed","ping_status":"closed","sticky":false,"template":"","format":"standard","meta":{"footnotes":""},"categories":[1179],"tags":[],"source":[1703],"supertag":[],"acf":[],"yoast_head":"<!-- This site is optimized with the Yoast SEO plugin v21.3 - https:\/\/yoast.com\/wordpress\/plugins\/seo\/ -->\n<title>Sosedski trio na Brdu - Hudo Slovenija<\/title>\n<meta name=\"robots\" content=\"index, follow, max-snippet:-1, max-image-preview:large, max-video-preview:-1\" \/>\n<link rel=\"canonical\" href=\"https:\/\/hudo.com\/si\/aktualno\/sosedski-trio-na-brdu\/\" \/>\n<meta property=\"og:locale\" content=\"sl_SI\" \/>\n<meta property=\"og:type\" content=\"article\" \/>\n<meta property=\"og:title\" content=\"Sosedski trio na Brdu - Hudo Slovenija\" \/>\n<meta property=\"og:description\" content=\"Kategorija: Politika Sat, 13 Jan 2018 14:15:00 +0100 Brdo pri Kranju\u00a0\u2013 Predsednik republike Borut Pahor je danes na Brdu pri Kranju dejal, da je bilo kosilo, ki ga je gostil za predsednike sosednjih dr\u017eav, prilo\u017enost za krepitev dobrih sosedskih odnosov in izpostavil njihov pomen. Temu sta se pridru\u017eila tudi hrva\u0161ka predsednica Kolinda Grabar-Kitarovi\u0107 in italijanski predsednik Sergio Mattarella. Pahor je v nagovoru pred slovesnim kosilom izpostavil, da je bilo dana\u0161nje sre\u010danje \u00bbimeniten izgovor\u00ab za odprto in odkrito izmenjavo stali\u0161\u010d glede najbolj va\u017enih vpra\u0161anj, ki zadevajo na\u0161e dr\u017eave in medsebojne odnose. \u00bbVselej sem bil zvest in bom zvest politiki dobrega sosedstva, v primarnem interesu nam je, da z dialogom po mirni poti potrpe\u017eljivo in vzajemno i\u0161\u010demo re\u0161itve za probleme in se potem dr\u017eimo teh dogovorov,\u00ab je dejal slovenski predsednik. Nadaljeval je, da politi\u010dne probleme povzro\u010dijo ljudje in da jih ljudje\u00a0...\" \/>\n<meta property=\"og:url\" content=\"https:\/\/hudo.com\/si\/aktualno\/sosedski-trio-na-brdu\/\" \/>\n<meta property=\"og:site_name\" content=\"Hudo Slovenija\" \/>\n<meta property=\"article:publisher\" content=\"https:\/\/www.facebook.com\/hudo.si\" \/>\n<meta property=\"article:published_time\" content=\"2018-01-13T12:15:00+00:00\" \/>\n<meta property=\"og:image\" content=\"https:\/\/hudo.com\/si\/wp-content\/uploads\/sites\/2\/2018\/01\/480x290_djvu_2510309_mojcaza_bsa-it-2017.jpeg\" \/>\n\t<meta property=\"og:image:width\" content=\"480\" \/>\n\t<meta property=\"og:image:height\" content=\"290\" \/>\n\t<meta property=\"og:image:type\" content=\"image\/jpeg\" \/>\n<meta name=\"author\" content=\"hudo\" \/>\n<meta name=\"twitter:card\" content=\"summary_large_image\" \/>\n<meta name=\"twitter:creator\" content=\"@hudo_si\" \/>\n<meta name=\"twitter:site\" content=\"@hudo_si\" \/>\n<meta name=\"twitter:label1\" content=\"Written by\" \/>\n\t<meta name=\"twitter:data1\" content=\"hudo\" \/>\n\t<meta name=\"twitter:label2\" content=\"Est. reading time\" \/>\n\t<meta name=\"twitter:data2\" content=\"1 minuta\" \/>\n<script type=\"application\/ld+json\" class=\"yoast-schema-graph\">{\"@context\":\"https:\/\/schema.org\",\"@graph\":[{\"@type\":\"Article\",\"@id\":\"https:\/\/hudo.com\/si\/aktualno\/sosedski-trio-na-brdu\/#article\",\"isPartOf\":{\"@id\":\"https:\/\/hudo.com\/si\/aktualno\/sosedski-trio-na-brdu\/\"},\"author\":{\"name\":\"hudo\",\"@id\":\"https:\/\/hudo.com\/si\/#\/schema\/person\/601cf3379633985b20f7e50f2bb47707\"},\"headline\":\"Sosedski trio na Brdu\",\"datePublished\":\"2018-01-13T12:15:00+00:00\",\"dateModified\":\"2018-01-13T12:15:00+00:00\",\"mainEntityOfPage\":{\"@id\":\"https:\/\/hudo.com\/si\/aktualno\/sosedski-trio-na-brdu\/\"},\"wordCount\":155,\"publisher\":{\"@id\":\"https:\/\/hudo.com\/si\/#organization\"},\"articleSection\":[\"Aktualno\"],\"inLanguage\":\"sl-SI\"},{\"@type\":\"WebPage\",\"@id\":\"https:\/\/hudo.com\/si\/aktualno\/sosedski-trio-na-brdu\/\",\"url\":\"https:\/\/hudo.com\/si\/aktualno\/sosedski-trio-na-brdu\/\",\"name\":\"Sosedski trio na Brdu - Hudo Slovenija\",\"isPartOf\":{\"@id\":\"https:\/\/hudo.com\/si\/#website\"},\"datePublished\":\"2018-01-13T12:15:00+00:00\",\"dateModified\":\"2018-01-13T12:15:00+00:00\",\"breadcrumb\":{\"@id\":\"https:\/\/hudo.com\/si\/aktualno\/sosedski-trio-na-brdu\/#breadcrumb\"},\"inLanguage\":\"sl-SI\",\"potentialAction\":[{\"@type\":\"ReadAction\",\"target\":[\"https:\/\/hudo.com\/si\/aktualno\/sosedski-trio-na-brdu\/\"]}]},{\"@type\":\"BreadcrumbList\",\"@id\":\"https:\/\/hudo.com\/si\/aktualno\/sosedski-trio-na-brdu\/#breadcrumb\",\"itemListElement\":[{\"@type\":\"ListItem\",\"position\":1,\"name\":\"Home\",\"item\":\"https:\/\/hudo.com\/si\/\"},{\"@type\":\"ListItem\",\"position\":2,\"name\":\"Sosedski trio na Brdu\"}]},{\"@type\":\"WebSite\",\"@id\":\"https:\/\/hudo.com\/si\/#website\",\"url\":\"https:\/\/hudo.com\/si\/\",\"name\":\"Hudo Slovenija\",\"description\":\"Vse novice iz Slovenije in sveta\",\"publisher\":{\"@id\":\"https:\/\/hudo.com\/si\/#organization\"},\"potentialAction\":[{\"@type\":\"SearchAction\",\"target\":{\"@type\":\"EntryPoint\",\"urlTemplate\":\"https:\/\/hudo.com\/si\/?s={search_term_string}\"},\"query-input\":\"required name=search_term_string\"}],\"inLanguage\":\"sl-SI\"},{\"@type\":\"Organization\",\"@id\":\"https:\/\/hudo.com\/si\/#organization\",\"name\":\"VSN Media\",\"url\":\"https:\/\/hudo.com\/si\/\",\"logo\":{\"@type\":\"ImageObject\",\"inLanguage\":\"sl-SI\",\"@id\":\"https:\/\/hudo.com\/si\/#\/schema\/logo\/image\/\",\"url\":\"https:\/\/hudo.com\/si\/wp-content\/uploads\/sites\/2\/2021\/03\/hudo-app-2.png\",\"contentUrl\":\"https:\/\/hudo.com\/si\/wp-content\/uploads\/sites\/2\/2021\/03\/hudo-app-2.png\",\"width\":2185,\"height\":2167,\"caption\":\"VSN Media\"},\"image\":{\"@id\":\"https:\/\/hudo.com\/si\/#\/schema\/logo\/image\/\"},\"sameAs\":[\"https:\/\/www.facebook.com\/hudo.si\",\"https:\/\/twitter.com\/hudo_si\"]},{\"@type\":\"Person\",\"@id\":\"https:\/\/hudo.com\/si\/#\/schema\/person\/601cf3379633985b20f7e50f2bb47707\",\"name\":\"hudo\",\"image\":{\"@type\":\"ImageObject\",\"inLanguage\":\"sl-SI\",\"@id\":\"https:\/\/hudo.com\/si\/#\/schema\/person\/image\/\",\"url\":\"https:\/\/secure.gravatar.com\/avatar\/c4ca25fa72cace7a696b52ff5db9e095?s=96&d=mm&r=g\",\"contentUrl\":\"https:\/\/secure.gravatar.com\/avatar\/c4ca25fa72cace7a696b52ff5db9e095?s=96&d=mm&r=g\",\"caption\":\"hudo\"},\"url\":\"https:\/\/hudo.com\/si\/author\/hudo\/\"}]}<\/script>\n<!-- \/ Yoast SEO plugin. -->","yoast_head_json":{"title":"Sosedski trio na Brdu - Hudo Slovenija","robots":{"index":"index","follow":"follow","max-snippet":"max-snippet:-1","max-image-preview":"max-image-preview:large","max-video-preview":"max-video-preview:-1"},"canonical":"https:\/\/hudo.com\/si\/aktualno\/sosedski-trio-na-brdu\/","og_locale":"sl_SI","og_type":"article","og_title":"Sosedski trio na Brdu - Hudo Slovenija","og_description":"Kategorija: Politika Sat, 13 Jan 2018 14:15:00 +0100 Brdo pri Kranju\u00a0\u2013 Predsednik republike Borut Pahor je danes na Brdu pri Kranju dejal, da je bilo kosilo, ki ga je gostil za predsednike sosednjih dr\u017eav, prilo\u017enost za krepitev dobrih sosedskih odnosov in izpostavil njihov pomen. Temu sta se pridru\u017eila tudi hrva\u0161ka predsednica Kolinda Grabar-Kitarovi\u0107 in italijanski predsednik Sergio Mattarella. Pahor je v nagovoru pred slovesnim kosilom izpostavil, da je bilo dana\u0161nje sre\u010danje \u00bbimeniten izgovor\u00ab za odprto in odkrito izmenjavo stali\u0161\u010d glede najbolj va\u017enih vpra\u0161anj, ki zadevajo na\u0161e dr\u017eave in medsebojne odnose. \u00bbVselej sem bil zvest in bom zvest politiki dobrega sosedstva, v primarnem interesu nam je, da z dialogom po mirni poti potrpe\u017eljivo in vzajemno i\u0161\u010demo re\u0161itve za probleme in se potem dr\u017eimo teh dogovorov,\u00ab je dejal slovenski predsednik. Nadaljeval je, da politi\u010dne probleme povzro\u010dijo ljudje in da jih ljudje\u00a0...","og_url":"https:\/\/hudo.com\/si\/aktualno\/sosedski-trio-na-brdu\/","og_site_name":"Hudo Slovenija","article_publisher":"https:\/\/www.facebook.com\/hudo.si","article_published_time":"2018-01-13T12:15:00+00:00","og_image":[{"width":480,"height":290,"url":"https:\/\/hudo.com\/si\/wp-content\/uploads\/sites\/2\/2018\/01\/480x290_djvu_2510309_mojcaza_bsa-it-2017.jpeg","type":"image\/jpeg"}],"author":"hudo","twitter_card":"summary_large_image","twitter_creator":"@hudo_si","twitter_site":"@hudo_si","twitter_misc":{"Written by":"hudo","Est. reading time":"1 minuta"},"schema":{"@context":"https:\/\/schema.org","@graph":[{"@type":"Article","@id":"https:\/\/hudo.com\/si\/aktualno\/sosedski-trio-na-brdu\/#article","isPartOf":{"@id":"https:\/\/hudo.com\/si\/aktualno\/sosedski-trio-na-brdu\/"},"author":{"name":"hudo","@id":"https:\/\/hudo.com\/si\/#\/schema\/person\/601cf3379633985b20f7e50f2bb47707"},"headline":"Sosedski trio na Brdu","datePublished":"2018-01-13T12:15:00+00:00","dateModified":"2018-01-13T12:15:00+00:00","mainEntityOfPage":{"@id":"https:\/\/hudo.com\/si\/aktualno\/sosedski-trio-na-brdu\/"},"wordCount":155,"publisher":{"@id":"https:\/\/hudo.com\/si\/#organization"},"articleSection":["Aktualno"],"inLanguage":"sl-SI"},{"@type":"WebPage","@id":"https:\/\/hudo.com\/si\/aktualno\/sosedski-trio-na-brdu\/","url":"https:\/\/hudo.com\/si\/aktualno\/sosedski-trio-na-brdu\/","name":"Sosedski trio na Brdu - Hudo Slovenija","isPartOf":{"@id":"https:\/\/hudo.com\/si\/#website"},"datePublished":"2018-01-13T12:15:00+00:00","dateModified":"2018-01-13T12:15:00+00:00","breadcrumb":{"@id":"https:\/\/hudo.com\/si\/aktualno\/sosedski-trio-na-brdu\/#breadcrumb"},"inLanguage":"sl-SI","potentialAction":[{"@type":"ReadAction","target":["https:\/\/hudo.com\/si\/aktualno\/sosedski-trio-na-brdu\/"]}]},{"@type":"BreadcrumbList","@id":"https:\/\/hudo.com\/si\/aktualno\/sosedski-trio-na-brdu\/#breadcrumb","itemListElement":[{"@type":"ListItem","position":1,"name":"Home","item":"https:\/\/hudo.com\/si\/"},{"@type":"ListItem","position":2,"name":"Sosedski trio na Brdu"}]},{"@type":"WebSite","@id":"https:\/\/hudo.com\/si\/#website","url":"https:\/\/hudo.com\/si\/","name":"Hudo Slovenija","description":"Vse novice iz Slovenije in sveta","publisher":{"@id":"https:\/\/hudo.com\/si\/#organization"},"potentialAction":[{"@type":"SearchAction","target":{"@type":"EntryPoint","urlTemplate":"https:\/\/hudo.com\/si\/?s={search_term_string}"},"query-input":"required name=search_term_string"}],"inLanguage":"sl-SI"},{"@type":"Organization","@id":"https:\/\/hudo.com\/si\/#organization","name":"VSN Media","url":"https:\/\/hudo.com\/si\/","logo":{"@type":"ImageObject","inLanguage":"sl-SI","@id":"https:\/\/hudo.com\/si\/#\/schema\/logo\/image\/","url":"https:\/\/hudo.com\/si\/wp-content\/uploads\/sites\/2\/2021\/03\/hudo-app-2.png","contentUrl":"https:\/\/hudo.com\/si\/wp-content\/uploads\/sites\/2\/2021\/03\/hudo-app-2.png","width":2185,"height":2167,"caption":"VSN Media"},"image":{"@id":"https:\/\/hudo.com\/si\/#\/schema\/logo\/image\/"},"sameAs":["https:\/\/www.facebook.com\/hudo.si","https:\/\/twitter.com\/hudo_si"]},{"@type":"Person","@id":"https:\/\/hudo.com\/si\/#\/schema\/person\/601cf3379633985b20f7e50f2bb47707","name":"hudo","image":{"@type":"ImageObject","inLanguage":"sl-SI","@id":"https:\/\/hudo.com\/si\/#\/schema\/person\/image\/","url":"https:\/\/secure.gravatar.com\/avatar\/c4ca25fa72cace7a696b52ff5db9e095?s=96&d=mm&r=g","contentUrl":"https:\/\/secure.gravatar.com\/avatar\/c4ca25fa72cace7a696b52ff5db9e095?s=96&d=mm&r=g","caption":"hudo"},"url":"https:\/\/hudo.com\/si\/author\/hudo\/"}]}},"amp_enabled":true,"_links":{"self":[{"href":"https:\/\/hudo.com\/si\/wp-json\/wp\/v2\/posts\/346600"}],"collection":[{"href":"https:\/\/hudo.com\/si\/wp-json\/wp\/v2\/posts"}],"about":[{"href":"https:\/\/hudo.com\/si\/wp-json\/wp\/v2\/types\/post"}],"author":[{"embeddable":true,"href":"https:\/\/hudo.com\/si\/wp-json\/wp\/v2\/users\/1"}],"replies":[{"embeddable":true,"href":"https:\/\/hudo.com\/si\/wp-json\/wp\/v2\/comments?post=346600"}],"version-history":[{"count":0,"href":"https:\/\/hudo.com\/si\/wp-json\/wp\/v2\/posts\/346600\/revisions"}],"wp:attachment":[{"href":"https:\/\/hudo.com\/si\/wp-json\/wp\/v2\/media?parent=346600"}],"wp:term":[{"taxonomy":"category","embeddable":true,"href":"https:\/\/hudo.com\/si\/wp-json\/wp\/v2\/categories?post=346600"},{"taxonomy":"post_tag","embeddable":true,"href":"https:\/\/hudo.com\/si\/wp-json\/wp\/v2\/tags?post=346600"},{"taxonomy":"source","embeddable":true,"href":"https:\/\/hudo.com\/si\/wp-json\/wp\/v2\/source?post=346600"},{"taxonomy":"supertag","embeddable":true,"href":"https:\/\/hudo.com\/si\/wp-json\/wp\/v2\/supertag?post=346600"}],"curies":[{"name":"wp","href":"https:\/\/api.w.org\/{rel}","templated":true}]}}