{"id":347553,"date":"2018-01-15T05:00:00","date_gmt":"2018-01-15T04:00:00","guid":{"rendered":"http:\/\/hudo.com\/si\/2018\/01\/15\/pogajanja-med-atenami-in-skopjem-v-sklepni-fazi\/"},"modified":"2018-01-15T05:00:00","modified_gmt":"2018-01-15T04:00:00","slug":"pogajanja-med-atenami-in-skopjem-v-sklepni-fazi","status":"publish","type":"post","link":"https:\/\/hudo.com\/si\/aktualno\/pogajanja-med-atenami-in-skopjem-v-sklepni-fazi\/","title":{"rendered":"Pogajanja med Atenami in Skopjem v sklepni fazi"},"content":{"rendered":"<p>Kategorija: Evropa Mon, 15 Jan 2018 06:00:00 +0100  Skopju se mudi re\u0161iti spor o imenu z Atenami, ker bo evropska komisija v za\u010detku februarja objavila strategijo o \u0161iritvi na Zahodni Balkan. Makedonija si prizadeva dvigniti tudi zapornico za \u010dlanstvo v severnoatlantskem zavezni\u0161tvu \u017ee na julijskem vrhu Nata. V predlogu strategije o \u0161iritvi na Zahodni Balkan do leta 2025 je evropska komisija poudarila, da Evropska unija ne more in no\u010de uva\u017eati dvostranskih sporov. \u010ceprav je to \u017ee znano stali\u0161\u010de, Bruselj zaradi dolgega seznama balkanskih sporov tokrat o\u010ditno ne bo odstopil od tega. Tudi zaradi Hrva\u0161ke in Slovenije, ki se \u0161e nista dogovorili o meji na morju. Hrva\u0161ka ima nere\u0161eno mejno vpra\u0161anje tudi z BiH, \u010crno goro in Srbijo, Kosovo s \u010crno goro, medtem ko Gr\u010dija zaradi spora o imenu od leta 2005 blokira za\u010detek pristopnih pogajanj o vstopu Makedonije\u00a0&#8230;<\/p>\n","protected":false},"excerpt":{"rendered":"<p>Kategorija: Evropa Mon, 15 Jan 2018 06:00:00 +0100  Skopju se mudi re\u0161iti spor o imenu z Atenami, ker bo evropska komisija v za\u010detku februarja objavila strategijo o \u0161iritvi na Zahodni Balkan. Makedonija si prizadeva dvigniti tudi zapornico za \u010dlanstvo v severnoatlantskem zavezni\u0161tvu \u017ee na julijskem vrhu Nata. V predlogu strategije o \u0161iritvi na Zahodni Balkan do leta 2025 je evropska komisija poudarila, da Evropska unija ne more in no\u010de uva\u017eati dvostranskih sporov. \u010ceprav je to \u017ee znano stali\u0161\u010de, Bruselj zaradi dolgega seznama balkanskih sporov tokrat o\u010ditno ne bo odstopil od tega. Tudi zaradi Hrva\u0161ke in Slovenije, ki se \u0161e nista dogovorili o meji na morju. Hrva\u0161ka ima nere\u0161eno mejno vpra\u0161anje tudi z BiH, \u010crno goro in Srbijo, Kosovo s \u010crno goro, medtem ko Gr\u010dija zaradi spora o imenu od leta 2005 blokira za\u010detek pristopnih pogajanj o vstopu Makedonije\u00a0&#8230;<\/p>\n","protected":false},"author":1,"featured_media":0,"comment_status":"closed","ping_status":"closed","sticky":false,"template":"","format":"standard","meta":{"footnotes":""},"categories":[1179],"tags":[],"source":[1703],"supertag":[],"acf":[],"yoast_head":"<!-- This site is optimized with the Yoast SEO plugin v21.3 - https:\/\/yoast.com\/wordpress\/plugins\/seo\/ -->\n<title>Pogajanja med Atenami in Skopjem v sklepni fazi - Hudo Slovenija<\/title>\n<meta name=\"robots\" content=\"index, follow, max-snippet:-1, max-image-preview:large, max-video-preview:-1\" \/>\n<link rel=\"canonical\" href=\"https:\/\/hudo.com\/si\/aktualno\/pogajanja-med-atenami-in-skopjem-v-sklepni-fazi\/\" \/>\n<meta property=\"og:locale\" content=\"sl_SI\" \/>\n<meta property=\"og:type\" content=\"article\" \/>\n<meta property=\"og:title\" content=\"Pogajanja med Atenami in Skopjem v sklepni fazi - Hudo Slovenija\" \/>\n<meta property=\"og:description\" content=\"Kategorija: Evropa Mon, 15 Jan 2018 06:00:00 +0100 Skopju se mudi re\u0161iti spor o imenu z Atenami, ker bo evropska komisija v za\u010detku februarja objavila strategijo o \u0161iritvi na Zahodni Balkan. Makedonija si prizadeva dvigniti tudi zapornico za \u010dlanstvo v severnoatlantskem zavezni\u0161tvu \u017ee na julijskem vrhu Nata. V predlogu strategije o \u0161iritvi na Zahodni Balkan do leta 2025 je evropska komisija poudarila, da Evropska unija ne more in no\u010de uva\u017eati dvostranskih sporov. \u010ceprav je to \u017ee znano stali\u0161\u010de, Bruselj zaradi dolgega seznama balkanskih sporov tokrat o\u010ditno ne bo odstopil od tega. Tudi zaradi Hrva\u0161ke in Slovenije, ki se \u0161e nista dogovorili o meji na morju. Hrva\u0161ka ima nere\u0161eno mejno vpra\u0161anje tudi z BiH, \u010crno goro in Srbijo, Kosovo s \u010crno goro, medtem ko Gr\u010dija zaradi spora o imenu od leta 2005 blokira za\u010detek pristopnih pogajanj o vstopu Makedonije\u00a0...\" \/>\n<meta property=\"og:url\" content=\"https:\/\/hudo.com\/si\/aktualno\/pogajanja-med-atenami-in-skopjem-v-sklepni-fazi\/\" \/>\n<meta property=\"og:site_name\" content=\"Hudo Slovenija\" \/>\n<meta property=\"article:publisher\" content=\"https:\/\/www.facebook.com\/hudo.si\" \/>\n<meta property=\"article:published_time\" content=\"2018-01-15T04:00:00+00:00\" \/>\n<meta property=\"og:image\" content=\"https:\/\/hudo.com\/si\/wp-content\/uploads\/sites\/2\/2018\/01\/480x290_Kultura__AP_Pictures_201801.1_hires0.jpeg\" \/>\n\t<meta property=\"og:image:width\" content=\"480\" \/>\n\t<meta property=\"og:image:height\" content=\"290\" \/>\n\t<meta property=\"og:image:type\" content=\"image\/jpeg\" \/>\n<meta name=\"author\" content=\"hudo\" \/>\n<meta name=\"twitter:card\" content=\"summary_large_image\" \/>\n<meta name=\"twitter:creator\" content=\"@hudo_si\" \/>\n<meta name=\"twitter:site\" content=\"@hudo_si\" \/>\n<meta name=\"twitter:label1\" content=\"Written by\" \/>\n\t<meta name=\"twitter:data1\" content=\"hudo\" \/>\n\t<meta name=\"twitter:label2\" content=\"Est. reading time\" \/>\n\t<meta name=\"twitter:data2\" content=\"1 minuta\" \/>\n<script type=\"application\/ld+json\" class=\"yoast-schema-graph\">{\"@context\":\"https:\/\/schema.org\",\"@graph\":[{\"@type\":\"Article\",\"@id\":\"https:\/\/hudo.com\/si\/aktualno\/pogajanja-med-atenami-in-skopjem-v-sklepni-fazi\/#article\",\"isPartOf\":{\"@id\":\"https:\/\/hudo.com\/si\/aktualno\/pogajanja-med-atenami-in-skopjem-v-sklepni-fazi\/\"},\"author\":{\"name\":\"hudo\",\"@id\":\"https:\/\/hudo.com\/si\/#\/schema\/person\/601cf3379633985b20f7e50f2bb47707\"},\"headline\":\"Pogajanja med Atenami in Skopjem v sklepni fazi\",\"datePublished\":\"2018-01-15T04:00:00+00:00\",\"dateModified\":\"2018-01-15T04:00:00+00:00\",\"mainEntityOfPage\":{\"@id\":\"https:\/\/hudo.com\/si\/aktualno\/pogajanja-med-atenami-in-skopjem-v-sklepni-fazi\/\"},\"wordCount\":153,\"publisher\":{\"@id\":\"https:\/\/hudo.com\/si\/#organization\"},\"articleSection\":[\"Aktualno\"],\"inLanguage\":\"sl-SI\"},{\"@type\":\"WebPage\",\"@id\":\"https:\/\/hudo.com\/si\/aktualno\/pogajanja-med-atenami-in-skopjem-v-sklepni-fazi\/\",\"url\":\"https:\/\/hudo.com\/si\/aktualno\/pogajanja-med-atenami-in-skopjem-v-sklepni-fazi\/\",\"name\":\"Pogajanja med Atenami in Skopjem v sklepni fazi - Hudo Slovenija\",\"isPartOf\":{\"@id\":\"https:\/\/hudo.com\/si\/#website\"},\"datePublished\":\"2018-01-15T04:00:00+00:00\",\"dateModified\":\"2018-01-15T04:00:00+00:00\",\"breadcrumb\":{\"@id\":\"https:\/\/hudo.com\/si\/aktualno\/pogajanja-med-atenami-in-skopjem-v-sklepni-fazi\/#breadcrumb\"},\"inLanguage\":\"sl-SI\",\"potentialAction\":[{\"@type\":\"ReadAction\",\"target\":[\"https:\/\/hudo.com\/si\/aktualno\/pogajanja-med-atenami-in-skopjem-v-sklepni-fazi\/\"]}]},{\"@type\":\"BreadcrumbList\",\"@id\":\"https:\/\/hudo.com\/si\/aktualno\/pogajanja-med-atenami-in-skopjem-v-sklepni-fazi\/#breadcrumb\",\"itemListElement\":[{\"@type\":\"ListItem\",\"position\":1,\"name\":\"Home\",\"item\":\"https:\/\/hudo.com\/si\/\"},{\"@type\":\"ListItem\",\"position\":2,\"name\":\"Pogajanja med Atenami in Skopjem v sklepni fazi\"}]},{\"@type\":\"WebSite\",\"@id\":\"https:\/\/hudo.com\/si\/#website\",\"url\":\"https:\/\/hudo.com\/si\/\",\"name\":\"Hudo Slovenija\",\"description\":\"Vse novice iz Slovenije in sveta\",\"publisher\":{\"@id\":\"https:\/\/hudo.com\/si\/#organization\"},\"potentialAction\":[{\"@type\":\"SearchAction\",\"target\":{\"@type\":\"EntryPoint\",\"urlTemplate\":\"https:\/\/hudo.com\/si\/?s={search_term_string}\"},\"query-input\":\"required name=search_term_string\"}],\"inLanguage\":\"sl-SI\"},{\"@type\":\"Organization\",\"@id\":\"https:\/\/hudo.com\/si\/#organization\",\"name\":\"VSN Media\",\"url\":\"https:\/\/hudo.com\/si\/\",\"logo\":{\"@type\":\"ImageObject\",\"inLanguage\":\"sl-SI\",\"@id\":\"https:\/\/hudo.com\/si\/#\/schema\/logo\/image\/\",\"url\":\"https:\/\/hudo.com\/si\/wp-content\/uploads\/sites\/2\/2021\/03\/hudo-app-2.png\",\"contentUrl\":\"https:\/\/hudo.com\/si\/wp-content\/uploads\/sites\/2\/2021\/03\/hudo-app-2.png\",\"width\":2185,\"height\":2167,\"caption\":\"VSN Media\"},\"image\":{\"@id\":\"https:\/\/hudo.com\/si\/#\/schema\/logo\/image\/\"},\"sameAs\":[\"https:\/\/www.facebook.com\/hudo.si\",\"https:\/\/twitter.com\/hudo_si\"]},{\"@type\":\"Person\",\"@id\":\"https:\/\/hudo.com\/si\/#\/schema\/person\/601cf3379633985b20f7e50f2bb47707\",\"name\":\"hudo\",\"image\":{\"@type\":\"ImageObject\",\"inLanguage\":\"sl-SI\",\"@id\":\"https:\/\/hudo.com\/si\/#\/schema\/person\/image\/\",\"url\":\"https:\/\/secure.gravatar.com\/avatar\/c4ca25fa72cace7a696b52ff5db9e095?s=96&d=mm&r=g\",\"contentUrl\":\"https:\/\/secure.gravatar.com\/avatar\/c4ca25fa72cace7a696b52ff5db9e095?s=96&d=mm&r=g\",\"caption\":\"hudo\"},\"url\":\"https:\/\/hudo.com\/si\/author\/hudo\/\"}]}<\/script>\n<!-- \/ Yoast SEO plugin. -->","yoast_head_json":{"title":"Pogajanja med Atenami in Skopjem v sklepni fazi - Hudo Slovenija","robots":{"index":"index","follow":"follow","max-snippet":"max-snippet:-1","max-image-preview":"max-image-preview:large","max-video-preview":"max-video-preview:-1"},"canonical":"https:\/\/hudo.com\/si\/aktualno\/pogajanja-med-atenami-in-skopjem-v-sklepni-fazi\/","og_locale":"sl_SI","og_type":"article","og_title":"Pogajanja med Atenami in Skopjem v sklepni fazi - Hudo Slovenija","og_description":"Kategorija: Evropa Mon, 15 Jan 2018 06:00:00 +0100 Skopju se mudi re\u0161iti spor o imenu z Atenami, ker bo evropska komisija v za\u010detku februarja objavila strategijo o \u0161iritvi na Zahodni Balkan. Makedonija si prizadeva dvigniti tudi zapornico za \u010dlanstvo v severnoatlantskem zavezni\u0161tvu \u017ee na julijskem vrhu Nata. V predlogu strategije o \u0161iritvi na Zahodni Balkan do leta 2025 je evropska komisija poudarila, da Evropska unija ne more in no\u010de uva\u017eati dvostranskih sporov. \u010ceprav je to \u017ee znano stali\u0161\u010de, Bruselj zaradi dolgega seznama balkanskih sporov tokrat o\u010ditno ne bo odstopil od tega. Tudi zaradi Hrva\u0161ke in Slovenije, ki se \u0161e nista dogovorili o meji na morju. Hrva\u0161ka ima nere\u0161eno mejno vpra\u0161anje tudi z BiH, \u010crno goro in Srbijo, Kosovo s \u010crno goro, medtem ko Gr\u010dija zaradi spora o imenu od leta 2005 blokira za\u010detek pristopnih pogajanj o vstopu Makedonije\u00a0...","og_url":"https:\/\/hudo.com\/si\/aktualno\/pogajanja-med-atenami-in-skopjem-v-sklepni-fazi\/","og_site_name":"Hudo Slovenija","article_publisher":"https:\/\/www.facebook.com\/hudo.si","article_published_time":"2018-01-15T04:00:00+00:00","og_image":[{"width":480,"height":290,"url":"https:\/\/hudo.com\/si\/wp-content\/uploads\/sites\/2\/2018\/01\/480x290_Kultura__AP_Pictures_201801.1_hires0.jpeg","type":"image\/jpeg"}],"author":"hudo","twitter_card":"summary_large_image","twitter_creator":"@hudo_si","twitter_site":"@hudo_si","twitter_misc":{"Written by":"hudo","Est. reading time":"1 minuta"},"schema":{"@context":"https:\/\/schema.org","@graph":[{"@type":"Article","@id":"https:\/\/hudo.com\/si\/aktualno\/pogajanja-med-atenami-in-skopjem-v-sklepni-fazi\/#article","isPartOf":{"@id":"https:\/\/hudo.com\/si\/aktualno\/pogajanja-med-atenami-in-skopjem-v-sklepni-fazi\/"},"author":{"name":"hudo","@id":"https:\/\/hudo.com\/si\/#\/schema\/person\/601cf3379633985b20f7e50f2bb47707"},"headline":"Pogajanja med Atenami in Skopjem v sklepni fazi","datePublished":"2018-01-15T04:00:00+00:00","dateModified":"2018-01-15T04:00:00+00:00","mainEntityOfPage":{"@id":"https:\/\/hudo.com\/si\/aktualno\/pogajanja-med-atenami-in-skopjem-v-sklepni-fazi\/"},"wordCount":153,"publisher":{"@id":"https:\/\/hudo.com\/si\/#organization"},"articleSection":["Aktualno"],"inLanguage":"sl-SI"},{"@type":"WebPage","@id":"https:\/\/hudo.com\/si\/aktualno\/pogajanja-med-atenami-in-skopjem-v-sklepni-fazi\/","url":"https:\/\/hudo.com\/si\/aktualno\/pogajanja-med-atenami-in-skopjem-v-sklepni-fazi\/","name":"Pogajanja med Atenami in Skopjem v sklepni fazi - Hudo Slovenija","isPartOf":{"@id":"https:\/\/hudo.com\/si\/#website"},"datePublished":"2018-01-15T04:00:00+00:00","dateModified":"2018-01-15T04:00:00+00:00","breadcrumb":{"@id":"https:\/\/hudo.com\/si\/aktualno\/pogajanja-med-atenami-in-skopjem-v-sklepni-fazi\/#breadcrumb"},"inLanguage":"sl-SI","potentialAction":[{"@type":"ReadAction","target":["https:\/\/hudo.com\/si\/aktualno\/pogajanja-med-atenami-in-skopjem-v-sklepni-fazi\/"]}]},{"@type":"BreadcrumbList","@id":"https:\/\/hudo.com\/si\/aktualno\/pogajanja-med-atenami-in-skopjem-v-sklepni-fazi\/#breadcrumb","itemListElement":[{"@type":"ListItem","position":1,"name":"Home","item":"https:\/\/hudo.com\/si\/"},{"@type":"ListItem","position":2,"name":"Pogajanja med Atenami in Skopjem v sklepni fazi"}]},{"@type":"WebSite","@id":"https:\/\/hudo.com\/si\/#website","url":"https:\/\/hudo.com\/si\/","name":"Hudo Slovenija","description":"Vse novice iz Slovenije in sveta","publisher":{"@id":"https:\/\/hudo.com\/si\/#organization"},"potentialAction":[{"@type":"SearchAction","target":{"@type":"EntryPoint","urlTemplate":"https:\/\/hudo.com\/si\/?s={search_term_string}"},"query-input":"required name=search_term_string"}],"inLanguage":"sl-SI"},{"@type":"Organization","@id":"https:\/\/hudo.com\/si\/#organization","name":"VSN Media","url":"https:\/\/hudo.com\/si\/","logo":{"@type":"ImageObject","inLanguage":"sl-SI","@id":"https:\/\/hudo.com\/si\/#\/schema\/logo\/image\/","url":"https:\/\/hudo.com\/si\/wp-content\/uploads\/sites\/2\/2021\/03\/hudo-app-2.png","contentUrl":"https:\/\/hudo.com\/si\/wp-content\/uploads\/sites\/2\/2021\/03\/hudo-app-2.png","width":2185,"height":2167,"caption":"VSN Media"},"image":{"@id":"https:\/\/hudo.com\/si\/#\/schema\/logo\/image\/"},"sameAs":["https:\/\/www.facebook.com\/hudo.si","https:\/\/twitter.com\/hudo_si"]},{"@type":"Person","@id":"https:\/\/hudo.com\/si\/#\/schema\/person\/601cf3379633985b20f7e50f2bb47707","name":"hudo","image":{"@type":"ImageObject","inLanguage":"sl-SI","@id":"https:\/\/hudo.com\/si\/#\/schema\/person\/image\/","url":"https:\/\/secure.gravatar.com\/avatar\/c4ca25fa72cace7a696b52ff5db9e095?s=96&d=mm&r=g","contentUrl":"https:\/\/secure.gravatar.com\/avatar\/c4ca25fa72cace7a696b52ff5db9e095?s=96&d=mm&r=g","caption":"hudo"},"url":"https:\/\/hudo.com\/si\/author\/hudo\/"}]}},"amp_enabled":true,"_links":{"self":[{"href":"https:\/\/hudo.com\/si\/wp-json\/wp\/v2\/posts\/347553"}],"collection":[{"href":"https:\/\/hudo.com\/si\/wp-json\/wp\/v2\/posts"}],"about":[{"href":"https:\/\/hudo.com\/si\/wp-json\/wp\/v2\/types\/post"}],"author":[{"embeddable":true,"href":"https:\/\/hudo.com\/si\/wp-json\/wp\/v2\/users\/1"}],"replies":[{"embeddable":true,"href":"https:\/\/hudo.com\/si\/wp-json\/wp\/v2\/comments?post=347553"}],"version-history":[{"count":0,"href":"https:\/\/hudo.com\/si\/wp-json\/wp\/v2\/posts\/347553\/revisions"}],"wp:attachment":[{"href":"https:\/\/hudo.com\/si\/wp-json\/wp\/v2\/media?parent=347553"}],"wp:term":[{"taxonomy":"category","embeddable":true,"href":"https:\/\/hudo.com\/si\/wp-json\/wp\/v2\/categories?post=347553"},{"taxonomy":"post_tag","embeddable":true,"href":"https:\/\/hudo.com\/si\/wp-json\/wp\/v2\/tags?post=347553"},{"taxonomy":"source","embeddable":true,"href":"https:\/\/hudo.com\/si\/wp-json\/wp\/v2\/source?post=347553"},{"taxonomy":"supertag","embeddable":true,"href":"https:\/\/hudo.com\/si\/wp-json\/wp\/v2\/supertag?post=347553"}],"curies":[{"name":"wp","href":"https:\/\/api.w.org\/{rel}","templated":true}]}}