{"id":348430,"date":"2018-01-16T11:03:55","date_gmt":"2018-01-16T10:03:55","guid":{"rendered":"http:\/\/hudo.com\/si\/?p=348430"},"modified":"2018-01-16T11:03:55","modified_gmt":"2018-01-16T10:03:55","slug":"v-novem-mestu-otroke-vselili-v-novi-vrtec-brez-uporabnega-dovoljenja","status":"publish","type":"post","link":"https:\/\/hudo.com\/si\/aktualno\/v-novem-mestu-otroke-vselili-v-novi-vrtec-brez-uporabnega-dovoljenja\/","title":{"rendered":"V Novem mestu otroke vselili v novi vrtec brez uporabnega dovoljenja"},"content":{"rendered":"<div class=\"text\">\n<p>Na novome\u0161ki ob\u010dini so zapisali, da se je ob\u010dinska uprava zaradi pere\u010de prostorske stiske po posvetovanju z vodstvom vrtca in s star\u0161i ter ob pisnih zagotovilih izvajalca, nadzornikov in drugih pristojnih o ustreznosti notranjih prostorov vrtca, odlo\u010dila, da omogo\u010dijo uporabo novih prostorov, v prihodnjih tednih pa si bodo prizadevali za \u010dimprej\u0161nje kon\u010danje zunanjih povr\u0161in, ki je pogoj za pridobitev uporabnega dovoljenja.<\/p>\n<p>Vrtec je namre\u010d kon\u010dan, dela pa potekajo le \u0161e na zunanjih povr\u0161inah, ki jih otroci pozimi ne bodo uporabljali. Dodali so, da je izdaja uporabnega dovoljenja povezana z gradbenim dovoljenjem, ki se nana\u0161a na objekt skupaj z njegovo zunanj\u0161\u010dino.<\/p>\n<p>Na hkratne o\u010ditke nekaterih, da vrtca Videk \u0161e niso vpisali v razvid vrtcev, in da naj bi novome\u0161ki ob\u010dini zmanjkalo denarja za pla\u010dilo izvajalcu, so odgovorili, da so pro\u0161njo za vpis \u017ee poslali ministrstvu za izobra\u017eevanje, znanost in \u0161port ter da so sredstva za omenjeno nalo\u017ebo zagotovljena. Izvajalcu pa &#8220;pla\u010dujemo upravi\u010den del stro\u0161kov&#8221;, so \u0161e zapisali.<\/p>\n<p>Po podatkih novome\u0161ke ob\u010dine bo novi br\u0161ljinski vrtec ob\u010dino brez davka stal nekaj ve\u010d kot 870.000 evrov, zgradili pa so ga v leseni monta\u017eni tehniki. V vrtcu so \u0161est igralnic, \u0161tiri za prvo starostno in dve za drugo obdobje, razdelilna kuhinja, dva prostora za dodatne dejavnosti, osrednji prostor, namenjen \u0161portnim dejavnostim in prostor za vodstvo vrtca.<\/p>\n<p>Otrokom bodo po kon\u010danju zunanjega urejanja na razpolago tudi obse\u017ene zunanje igralne povr\u0161ine, do katerih je dostop mo\u017een neposredno iz notranjih igralnic, so \u0161e sporo\u010dili z novome\u0161ke ob\u010dine.<\/p>\n<\/div>\n","protected":false},"excerpt":{"rendered":"<p>V novi novome\u0161ki otro\u0161ki vrtec Videk, ki ga je Mestna ob\u010dina Novo mesto zgradila v Br\u0161ljinu, so pred tednom, brez da bi zanj dobili uporabno dovoljenje, vselili 110 otrok. Na novome\u0161ki ob\u010dini so za STA pojasnili, da uporabnega dovoljenja niso dobili zaradi \u0161e potekajo\u010dega zunanjega urejanja, za vselitev pa so se odlo\u010dili po dogovoru s star\u0161i.<\/p>\n","protected":false},"author":5,"featured_media":348431,"comment_status":"closed","ping_status":"closed","sticky":false,"template":"","format":"standard","meta":{"footnotes":""},"categories":[1179],"tags":[4948,5852,1652,1595,4316],"source":[4511],"supertag":[],"acf":[],"yoast_head":"<!-- This site is optimized with the Yoast SEO plugin v21.3 - https:\/\/yoast.com\/wordpress\/plugins\/seo\/ -->\n<title>V Novem mestu otroke vselili v novi vrtec brez uporabnega dovoljenja - Hudo Slovenija<\/title>\n<meta name=\"robots\" content=\"index, follow, max-snippet:-1, max-image-preview:large, max-video-preview:-1\" \/>\n<link rel=\"canonical\" href=\"https:\/\/hudo.com\/si\/aktualno\/v-novem-mestu-otroke-vselili-v-novi-vrtec-brez-uporabnega-dovoljenja\/\" \/>\n<meta property=\"og:locale\" content=\"sl_SI\" \/>\n<meta property=\"og:type\" content=\"article\" \/>\n<meta property=\"og:title\" content=\"V Novem mestu otroke vselili v novi vrtec brez uporabnega dovoljenja - Hudo Slovenija\" \/>\n<meta property=\"og:description\" content=\"V novi novome\u0161ki otro\u0161ki vrtec Videk, ki ga je Mestna ob\u010dina Novo mesto zgradila v Br\u0161ljinu, so pred tednom, brez da bi zanj dobili uporabno dovoljenje, vselili 110 otrok. Na novome\u0161ki ob\u010dini so za STA pojasnili, da uporabnega dovoljenja niso dobili zaradi \u0161e potekajo\u010dega zunanjega urejanja, za vselitev pa so se odlo\u010dili po dogovoru s star\u0161i.\" \/>\n<meta property=\"og:url\" content=\"https:\/\/hudo.com\/si\/aktualno\/v-novem-mestu-otroke-vselili-v-novi-vrtec-brez-uporabnega-dovoljenja\/\" \/>\n<meta property=\"og:site_name\" content=\"Hudo Slovenija\" \/>\n<meta property=\"article:publisher\" content=\"https:\/\/www.facebook.com\/hudo.si\" \/>\n<meta property=\"article:published_time\" content=\"2018-01-16T10:03:55+00:00\" \/>\n<meta property=\"og:image\" content=\"https:\/\/hudo.com\/si\/wp-content\/uploads\/sites\/2\/2018\/01\/profimedia-0053364153.jpg\" \/>\n\t<meta property=\"og:image:width\" content=\"1250\" \/>\n\t<meta property=\"og:image:height\" content=\"833\" \/>\n\t<meta property=\"og:image:type\" content=\"image\/jpeg\" \/>\n<meta name=\"author\" content=\"A. G., STA\" \/>\n<meta name=\"twitter:card\" content=\"summary_large_image\" \/>\n<meta name=\"twitter:creator\" content=\"@hudo_si\" \/>\n<meta name=\"twitter:site\" content=\"@hudo_si\" \/>\n<meta name=\"twitter:label1\" content=\"Written by\" \/>\n\t<meta name=\"twitter:data1\" content=\"A. G., STA\" \/>\n\t<meta name=\"twitter:label2\" content=\"Est. reading time\" \/>\n\t<meta name=\"twitter:data2\" content=\"1 minuta\" \/>\n<script type=\"application\/ld+json\" class=\"yoast-schema-graph\">{\"@context\":\"https:\/\/schema.org\",\"@graph\":[{\"@type\":\"Article\",\"@id\":\"https:\/\/hudo.com\/si\/aktualno\/v-novem-mestu-otroke-vselili-v-novi-vrtec-brez-uporabnega-dovoljenja\/#article\",\"isPartOf\":{\"@id\":\"https:\/\/hudo.com\/si\/aktualno\/v-novem-mestu-otroke-vselili-v-novi-vrtec-brez-uporabnega-dovoljenja\/\"},\"author\":{\"name\":\"A. G., STA\",\"@id\":\"https:\/\/hudo.com\/si\/#\/schema\/person\/2391667a63ea075ba94f2f2dc6b77537\"},\"headline\":\"V Novem mestu otroke vselili v novi vrtec brez uporabnega dovoljenja\",\"datePublished\":\"2018-01-16T10:03:55+00:00\",\"dateModified\":\"2018-01-16T10:03:55+00:00\",\"mainEntityOfPage\":{\"@id\":\"https:\/\/hudo.com\/si\/aktualno\/v-novem-mestu-otroke-vselili-v-novi-vrtec-brez-uporabnega-dovoljenja\/\"},\"wordCount\":286,\"publisher\":{\"@id\":\"https:\/\/hudo.com\/si\/#organization\"},\"keywords\":[\"nalo\u017ebe\",\"novo mesto\",\"otroci\",\"Slovenija\",\"vrtec\"],\"articleSection\":[\"Aktualno\"],\"inLanguage\":\"sl-SI\"},{\"@type\":\"WebPage\",\"@id\":\"https:\/\/hudo.com\/si\/aktualno\/v-novem-mestu-otroke-vselili-v-novi-vrtec-brez-uporabnega-dovoljenja\/\",\"url\":\"https:\/\/hudo.com\/si\/aktualno\/v-novem-mestu-otroke-vselili-v-novi-vrtec-brez-uporabnega-dovoljenja\/\",\"name\":\"V Novem mestu otroke vselili v novi vrtec brez uporabnega dovoljenja - Hudo Slovenija\",\"isPartOf\":{\"@id\":\"https:\/\/hudo.com\/si\/#website\"},\"datePublished\":\"2018-01-16T10:03:55+00:00\",\"dateModified\":\"2018-01-16T10:03:55+00:00\",\"breadcrumb\":{\"@id\":\"https:\/\/hudo.com\/si\/aktualno\/v-novem-mestu-otroke-vselili-v-novi-vrtec-brez-uporabnega-dovoljenja\/#breadcrumb\"},\"inLanguage\":\"sl-SI\",\"potentialAction\":[{\"@type\":\"ReadAction\",\"target\":[\"https:\/\/hudo.com\/si\/aktualno\/v-novem-mestu-otroke-vselili-v-novi-vrtec-brez-uporabnega-dovoljenja\/\"]}]},{\"@type\":\"BreadcrumbList\",\"@id\":\"https:\/\/hudo.com\/si\/aktualno\/v-novem-mestu-otroke-vselili-v-novi-vrtec-brez-uporabnega-dovoljenja\/#breadcrumb\",\"itemListElement\":[{\"@type\":\"ListItem\",\"position\":1,\"name\":\"Home\",\"item\":\"https:\/\/hudo.com\/si\/\"},{\"@type\":\"ListItem\",\"position\":2,\"name\":\"V Novem mestu otroke vselili v novi vrtec brez uporabnega dovoljenja\"}]},{\"@type\":\"WebSite\",\"@id\":\"https:\/\/hudo.com\/si\/#website\",\"url\":\"https:\/\/hudo.com\/si\/\",\"name\":\"Hudo Slovenija\",\"description\":\"Vse novice iz Slovenije in sveta\",\"publisher\":{\"@id\":\"https:\/\/hudo.com\/si\/#organization\"},\"potentialAction\":[{\"@type\":\"SearchAction\",\"target\":{\"@type\":\"EntryPoint\",\"urlTemplate\":\"https:\/\/hudo.com\/si\/?s={search_term_string}\"},\"query-input\":\"required name=search_term_string\"}],\"inLanguage\":\"sl-SI\"},{\"@type\":\"Organization\",\"@id\":\"https:\/\/hudo.com\/si\/#organization\",\"name\":\"VSN Media\",\"url\":\"https:\/\/hudo.com\/si\/\",\"logo\":{\"@type\":\"ImageObject\",\"inLanguage\":\"sl-SI\",\"@id\":\"https:\/\/hudo.com\/si\/#\/schema\/logo\/image\/\",\"url\":\"https:\/\/hudo.com\/si\/wp-content\/uploads\/sites\/2\/2021\/03\/hudo-app-2.png\",\"contentUrl\":\"https:\/\/hudo.com\/si\/wp-content\/uploads\/sites\/2\/2021\/03\/hudo-app-2.png\",\"width\":2185,\"height\":2167,\"caption\":\"VSN Media\"},\"image\":{\"@id\":\"https:\/\/hudo.com\/si\/#\/schema\/logo\/image\/\"},\"sameAs\":[\"https:\/\/www.facebook.com\/hudo.si\",\"https:\/\/twitter.com\/hudo_si\"]},{\"@type\":\"Person\",\"@id\":\"https:\/\/hudo.com\/si\/#\/schema\/person\/2391667a63ea075ba94f2f2dc6b77537\",\"name\":\"A. G., STA\",\"image\":{\"@type\":\"ImageObject\",\"inLanguage\":\"sl-SI\",\"@id\":\"https:\/\/hudo.com\/si\/#\/schema\/person\/image\/\",\"url\":\"https:\/\/secure.gravatar.com\/avatar\/e13d22ac3e442658d5025fbbe6238a79?s=96&d=mm&r=g\",\"contentUrl\":\"https:\/\/secure.gravatar.com\/avatar\/e13d22ac3e442658d5025fbbe6238a79?s=96&d=mm&r=g\",\"caption\":\"A. G., STA\"},\"url\":\"https:\/\/hudo.com\/si\/author\/alenka\/\"}]}<\/script>\n<!-- \/ Yoast SEO plugin. -->","yoast_head_json":{"title":"V Novem mestu otroke vselili v novi vrtec brez uporabnega dovoljenja - Hudo Slovenija","robots":{"index":"index","follow":"follow","max-snippet":"max-snippet:-1","max-image-preview":"max-image-preview:large","max-video-preview":"max-video-preview:-1"},"canonical":"https:\/\/hudo.com\/si\/aktualno\/v-novem-mestu-otroke-vselili-v-novi-vrtec-brez-uporabnega-dovoljenja\/","og_locale":"sl_SI","og_type":"article","og_title":"V Novem mestu otroke vselili v novi vrtec brez uporabnega dovoljenja - Hudo Slovenija","og_description":"V novi novome\u0161ki otro\u0161ki vrtec Videk, ki ga je Mestna ob\u010dina Novo mesto zgradila v Br\u0161ljinu, so pred tednom, brez da bi zanj dobili uporabno dovoljenje, vselili 110 otrok. Na novome\u0161ki ob\u010dini so za STA pojasnili, da uporabnega dovoljenja niso dobili zaradi \u0161e potekajo\u010dega zunanjega urejanja, za vselitev pa so se odlo\u010dili po dogovoru s star\u0161i.","og_url":"https:\/\/hudo.com\/si\/aktualno\/v-novem-mestu-otroke-vselili-v-novi-vrtec-brez-uporabnega-dovoljenja\/","og_site_name":"Hudo Slovenija","article_publisher":"https:\/\/www.facebook.com\/hudo.si","article_published_time":"2018-01-16T10:03:55+00:00","og_image":[{"width":1250,"height":833,"url":"https:\/\/hudo.com\/si\/wp-content\/uploads\/sites\/2\/2018\/01\/profimedia-0053364153.jpg","type":"image\/jpeg"}],"author":"A. G., STA","twitter_card":"summary_large_image","twitter_creator":"@hudo_si","twitter_site":"@hudo_si","twitter_misc":{"Written by":"A. G., STA","Est. reading time":"1 minuta"},"schema":{"@context":"https:\/\/schema.org","@graph":[{"@type":"Article","@id":"https:\/\/hudo.com\/si\/aktualno\/v-novem-mestu-otroke-vselili-v-novi-vrtec-brez-uporabnega-dovoljenja\/#article","isPartOf":{"@id":"https:\/\/hudo.com\/si\/aktualno\/v-novem-mestu-otroke-vselili-v-novi-vrtec-brez-uporabnega-dovoljenja\/"},"author":{"name":"A. G., STA","@id":"https:\/\/hudo.com\/si\/#\/schema\/person\/2391667a63ea075ba94f2f2dc6b77537"},"headline":"V Novem mestu otroke vselili v novi vrtec brez uporabnega dovoljenja","datePublished":"2018-01-16T10:03:55+00:00","dateModified":"2018-01-16T10:03:55+00:00","mainEntityOfPage":{"@id":"https:\/\/hudo.com\/si\/aktualno\/v-novem-mestu-otroke-vselili-v-novi-vrtec-brez-uporabnega-dovoljenja\/"},"wordCount":286,"publisher":{"@id":"https:\/\/hudo.com\/si\/#organization"},"keywords":["nalo\u017ebe","novo mesto","otroci","Slovenija","vrtec"],"articleSection":["Aktualno"],"inLanguage":"sl-SI"},{"@type":"WebPage","@id":"https:\/\/hudo.com\/si\/aktualno\/v-novem-mestu-otroke-vselili-v-novi-vrtec-brez-uporabnega-dovoljenja\/","url":"https:\/\/hudo.com\/si\/aktualno\/v-novem-mestu-otroke-vselili-v-novi-vrtec-brez-uporabnega-dovoljenja\/","name":"V Novem mestu otroke vselili v novi vrtec brez uporabnega dovoljenja - Hudo Slovenija","isPartOf":{"@id":"https:\/\/hudo.com\/si\/#website"},"datePublished":"2018-01-16T10:03:55+00:00","dateModified":"2018-01-16T10:03:55+00:00","breadcrumb":{"@id":"https:\/\/hudo.com\/si\/aktualno\/v-novem-mestu-otroke-vselili-v-novi-vrtec-brez-uporabnega-dovoljenja\/#breadcrumb"},"inLanguage":"sl-SI","potentialAction":[{"@type":"ReadAction","target":["https:\/\/hudo.com\/si\/aktualno\/v-novem-mestu-otroke-vselili-v-novi-vrtec-brez-uporabnega-dovoljenja\/"]}]},{"@type":"BreadcrumbList","@id":"https:\/\/hudo.com\/si\/aktualno\/v-novem-mestu-otroke-vselili-v-novi-vrtec-brez-uporabnega-dovoljenja\/#breadcrumb","itemListElement":[{"@type":"ListItem","position":1,"name":"Home","item":"https:\/\/hudo.com\/si\/"},{"@type":"ListItem","position":2,"name":"V Novem mestu otroke vselili v novi vrtec brez uporabnega dovoljenja"}]},{"@type":"WebSite","@id":"https:\/\/hudo.com\/si\/#website","url":"https:\/\/hudo.com\/si\/","name":"Hudo Slovenija","description":"Vse novice iz Slovenije in sveta","publisher":{"@id":"https:\/\/hudo.com\/si\/#organization"},"potentialAction":[{"@type":"SearchAction","target":{"@type":"EntryPoint","urlTemplate":"https:\/\/hudo.com\/si\/?s={search_term_string}"},"query-input":"required name=search_term_string"}],"inLanguage":"sl-SI"},{"@type":"Organization","@id":"https:\/\/hudo.com\/si\/#organization","name":"VSN Media","url":"https:\/\/hudo.com\/si\/","logo":{"@type":"ImageObject","inLanguage":"sl-SI","@id":"https:\/\/hudo.com\/si\/#\/schema\/logo\/image\/","url":"https:\/\/hudo.com\/si\/wp-content\/uploads\/sites\/2\/2021\/03\/hudo-app-2.png","contentUrl":"https:\/\/hudo.com\/si\/wp-content\/uploads\/sites\/2\/2021\/03\/hudo-app-2.png","width":2185,"height":2167,"caption":"VSN Media"},"image":{"@id":"https:\/\/hudo.com\/si\/#\/schema\/logo\/image\/"},"sameAs":["https:\/\/www.facebook.com\/hudo.si","https:\/\/twitter.com\/hudo_si"]},{"@type":"Person","@id":"https:\/\/hudo.com\/si\/#\/schema\/person\/2391667a63ea075ba94f2f2dc6b77537","name":"A. G., STA","image":{"@type":"ImageObject","inLanguage":"sl-SI","@id":"https:\/\/hudo.com\/si\/#\/schema\/person\/image\/","url":"https:\/\/secure.gravatar.com\/avatar\/e13d22ac3e442658d5025fbbe6238a79?s=96&d=mm&r=g","contentUrl":"https:\/\/secure.gravatar.com\/avatar\/e13d22ac3e442658d5025fbbe6238a79?s=96&d=mm&r=g","caption":"A. G., STA"},"url":"https:\/\/hudo.com\/si\/author\/alenka\/"}]}},"amp_enabled":true,"_links":{"self":[{"href":"https:\/\/hudo.com\/si\/wp-json\/wp\/v2\/posts\/348430"}],"collection":[{"href":"https:\/\/hudo.com\/si\/wp-json\/wp\/v2\/posts"}],"about":[{"href":"https:\/\/hudo.com\/si\/wp-json\/wp\/v2\/types\/post"}],"author":[{"embeddable":true,"href":"https:\/\/hudo.com\/si\/wp-json\/wp\/v2\/users\/5"}],"replies":[{"embeddable":true,"href":"https:\/\/hudo.com\/si\/wp-json\/wp\/v2\/comments?post=348430"}],"version-history":[{"count":1,"href":"https:\/\/hudo.com\/si\/wp-json\/wp\/v2\/posts\/348430\/revisions"}],"predecessor-version":[{"id":348432,"href":"https:\/\/hudo.com\/si\/wp-json\/wp\/v2\/posts\/348430\/revisions\/348432"}],"wp:featuredmedia":[{"embeddable":true,"href":"https:\/\/hudo.com\/si\/wp-json\/wp\/v2\/media\/348431"}],"wp:attachment":[{"href":"https:\/\/hudo.com\/si\/wp-json\/wp\/v2\/media?parent=348430"}],"wp:term":[{"taxonomy":"category","embeddable":true,"href":"https:\/\/hudo.com\/si\/wp-json\/wp\/v2\/categories?post=348430"},{"taxonomy":"post_tag","embeddable":true,"href":"https:\/\/hudo.com\/si\/wp-json\/wp\/v2\/tags?post=348430"},{"taxonomy":"source","embeddable":true,"href":"https:\/\/hudo.com\/si\/wp-json\/wp\/v2\/source?post=348430"},{"taxonomy":"supertag","embeddable":true,"href":"https:\/\/hudo.com\/si\/wp-json\/wp\/v2\/supertag?post=348430"}],"curies":[{"name":"wp","href":"https:\/\/api.w.org\/{rel}","templated":true}]}}