{"id":349153,"date":"2018-01-17T08:39:00","date_gmt":"2018-01-17T07:39:00","guid":{"rendered":"http:\/\/hudo.com\/si\/2018\/01\/17\/novi-zidovi-za-evrsko-hiso\/"},"modified":"2018-01-17T08:39:00","modified_gmt":"2018-01-17T07:39:00","slug":"novi-zidovi-za-evrsko-hiso","status":"publish","type":"post","link":"https:\/\/hudo.com\/si\/aktualno\/novi-zidovi-za-evrsko-hiso\/","title":{"rendered":"Novi zidovi za evrsko hi\u0161o"},"content":{"rendered":"<p>Kategorija: Evropa Wed, 17 Jan 2018 09:39:00 +0100  Bruselj &#8211; Po dol\u017eni\u0161ki krizi, ki je zamajala evro, je EU pred obdobjem prvih odlo\u010ditev o prihodnji strukturi in ureditvi denarne unije. Skupina vodilnih francoskih in nem\u0161kih ekonomskih strokovnjakov z najuglednej\u0161ih in\u0161titutov in univerz je pripravila skupno vizijo prihodnosti obmo\u010dja z evrom. Svoj na\u010drt so pripravili neodvisno od politike, ki bo svoje prve re\u0161itve predstavila v prihodnjih mesecih. Nem\u0161ka kanclerka Angela Merkel in francoski predsednik Emmanuel Macron sta napovedala prve predloge \u017ee za marec. Predvidoma bodo prve re\u0161itve sprejete junija. Prvi predlogi nem\u0161kih strank, ki naj bi sestavile velike koalicijo, so pozitivno odmevali. Sprava solidarnostjo in tr\u017eno disciplino Logika \u0161tirinajstih ekonomistov, ki so pripravili svoj predlog reforme, je bila sprava med delitvijo tveganj in solidarnostjo, kakr\u0161no si \u017eeli jug, in tr\u017eno disciplino s strogim spo\u0161tovanjem pravil, ki je temelj odzivanja severnih\u00a0&#8230;<\/p>\n","protected":false},"excerpt":{"rendered":"<p>Kategorija: Evropa Wed, 17 Jan 2018 09:39:00 +0100  Bruselj &#8211; Po dol\u017eni\u0161ki krizi, ki je zamajala evro, je EU pred obdobjem prvih odlo\u010ditev o prihodnji strukturi in ureditvi denarne unije. Skupina vodilnih francoskih in nem\u0161kih ekonomskih strokovnjakov z najuglednej\u0161ih in\u0161titutov in univerz je pripravila skupno vizijo prihodnosti obmo\u010dja z evrom. Svoj na\u010drt so pripravili neodvisno od politike, ki bo svoje prve re\u0161itve predstavila v prihodnjih mesecih. Nem\u0161ka kanclerka Angela Merkel in francoski predsednik Emmanuel Macron sta napovedala prve predloge \u017ee za marec. Predvidoma bodo prve re\u0161itve sprejete junija. Prvi predlogi nem\u0161kih strank, ki naj bi sestavile velike koalicijo, so pozitivno odmevali. Sprava solidarnostjo in tr\u017eno disciplino Logika \u0161tirinajstih ekonomistov, ki so pripravili svoj predlog reforme, je bila sprava med delitvijo tveganj in solidarnostjo, kakr\u0161no si \u017eeli jug, in tr\u017eno disciplino s strogim spo\u0161tovanjem pravil, ki je temelj odzivanja severnih\u00a0&#8230;<\/p>\n","protected":false},"author":1,"featured_media":0,"comment_status":"closed","ping_status":"closed","sticky":false,"template":"","format":"standard","meta":{"footnotes":""},"categories":[1179],"tags":[],"source":[1703],"supertag":[],"acf":[],"yoast_head":"<!-- This site is optimized with the Yoast SEO plugin v21.3 - https:\/\/yoast.com\/wordpress\/plugins\/seo\/ -->\n<title>Novi zidovi za evrsko hi\u0161o - Hudo Slovenija<\/title>\n<meta name=\"robots\" content=\"index, follow, max-snippet:-1, max-image-preview:large, max-video-preview:-1\" \/>\n<link rel=\"canonical\" href=\"https:\/\/hudo.com\/si\/aktualno\/novi-zidovi-za-evrsko-hiso\/\" \/>\n<meta property=\"og:locale\" content=\"sl_SI\" \/>\n<meta property=\"og:type\" content=\"article\" \/>\n<meta property=\"og:title\" content=\"Novi zidovi za evrsko hi\u0161o - Hudo Slovenija\" \/>\n<meta property=\"og:description\" content=\"Kategorija: Evropa Wed, 17 Jan 2018 09:39:00 +0100 Bruselj - Po dol\u017eni\u0161ki krizi, ki je zamajala evro, je EU pred obdobjem prvih odlo\u010ditev o prihodnji strukturi in ureditvi denarne unije. Skupina vodilnih francoskih in nem\u0161kih ekonomskih strokovnjakov z najuglednej\u0161ih in\u0161titutov in univerz je pripravila skupno vizijo prihodnosti obmo\u010dja z evrom. Svoj na\u010drt so pripravili neodvisno od politike, ki bo svoje prve re\u0161itve predstavila v prihodnjih mesecih. Nem\u0161ka kanclerka Angela Merkel in francoski predsednik Emmanuel Macron sta napovedala prve predloge \u017ee za marec. Predvidoma bodo prve re\u0161itve sprejete junija. Prvi predlogi nem\u0161kih strank, ki naj bi sestavile velike koalicijo, so pozitivno odmevali. Sprava solidarnostjo in tr\u017eno disciplino Logika \u0161tirinajstih ekonomistov, ki so pripravili svoj predlog reforme, je bila sprava med delitvijo tveganj in solidarnostjo, kakr\u0161no si \u017eeli jug, in tr\u017eno disciplino s strogim spo\u0161tovanjem pravil, ki je temelj odzivanja severnih\u00a0...\" \/>\n<meta property=\"og:url\" content=\"https:\/\/hudo.com\/si\/aktualno\/novi-zidovi-za-evrsko-hiso\/\" \/>\n<meta property=\"og:site_name\" content=\"Hudo Slovenija\" \/>\n<meta property=\"article:publisher\" content=\"https:\/\/www.facebook.com\/hudo.si\" \/>\n<meta property=\"article:published_time\" content=\"2018-01-17T07:39:00+00:00\" \/>\n<meta property=\"og:image\" content=\"https:\/\/hudo.com\/si\/wp-content\/uploads\/sites\/2\/2018\/01\/480x290_AFP_Photo-20171229124227-25971900-1.jpeg\" \/>\n\t<meta property=\"og:image:width\" content=\"480\" \/>\n\t<meta property=\"og:image:height\" content=\"290\" \/>\n\t<meta property=\"og:image:type\" content=\"image\/jpeg\" \/>\n<meta name=\"author\" content=\"hudo\" \/>\n<meta name=\"twitter:card\" content=\"summary_large_image\" \/>\n<meta name=\"twitter:creator\" content=\"@hudo_si\" \/>\n<meta name=\"twitter:site\" content=\"@hudo_si\" \/>\n<meta name=\"twitter:label1\" content=\"Written by\" \/>\n\t<meta name=\"twitter:data1\" content=\"hudo\" \/>\n\t<meta name=\"twitter:label2\" content=\"Est. reading time\" \/>\n\t<meta name=\"twitter:data2\" content=\"1 minuta\" \/>\n<script type=\"application\/ld+json\" class=\"yoast-schema-graph\">{\"@context\":\"https:\/\/schema.org\",\"@graph\":[{\"@type\":\"Article\",\"@id\":\"https:\/\/hudo.com\/si\/aktualno\/novi-zidovi-za-evrsko-hiso\/#article\",\"isPartOf\":{\"@id\":\"https:\/\/hudo.com\/si\/aktualno\/novi-zidovi-za-evrsko-hiso\/\"},\"author\":{\"name\":\"hudo\",\"@id\":\"https:\/\/hudo.com\/si\/#\/schema\/person\/601cf3379633985b20f7e50f2bb47707\"},\"headline\":\"Novi zidovi za evrsko hi\u0161o\",\"datePublished\":\"2018-01-17T07:39:00+00:00\",\"dateModified\":\"2018-01-17T07:39:00+00:00\",\"mainEntityOfPage\":{\"@id\":\"https:\/\/hudo.com\/si\/aktualno\/novi-zidovi-za-evrsko-hiso\/\"},\"wordCount\":157,\"publisher\":{\"@id\":\"https:\/\/hudo.com\/si\/#organization\"},\"articleSection\":[\"Aktualno\"],\"inLanguage\":\"sl-SI\"},{\"@type\":\"WebPage\",\"@id\":\"https:\/\/hudo.com\/si\/aktualno\/novi-zidovi-za-evrsko-hiso\/\",\"url\":\"https:\/\/hudo.com\/si\/aktualno\/novi-zidovi-za-evrsko-hiso\/\",\"name\":\"Novi zidovi za evrsko hi\u0161o - Hudo Slovenija\",\"isPartOf\":{\"@id\":\"https:\/\/hudo.com\/si\/#website\"},\"datePublished\":\"2018-01-17T07:39:00+00:00\",\"dateModified\":\"2018-01-17T07:39:00+00:00\",\"breadcrumb\":{\"@id\":\"https:\/\/hudo.com\/si\/aktualno\/novi-zidovi-za-evrsko-hiso\/#breadcrumb\"},\"inLanguage\":\"sl-SI\",\"potentialAction\":[{\"@type\":\"ReadAction\",\"target\":[\"https:\/\/hudo.com\/si\/aktualno\/novi-zidovi-za-evrsko-hiso\/\"]}]},{\"@type\":\"BreadcrumbList\",\"@id\":\"https:\/\/hudo.com\/si\/aktualno\/novi-zidovi-za-evrsko-hiso\/#breadcrumb\",\"itemListElement\":[{\"@type\":\"ListItem\",\"position\":1,\"name\":\"Home\",\"item\":\"https:\/\/hudo.com\/si\/\"},{\"@type\":\"ListItem\",\"position\":2,\"name\":\"Novi zidovi za evrsko hi\u0161o\"}]},{\"@type\":\"WebSite\",\"@id\":\"https:\/\/hudo.com\/si\/#website\",\"url\":\"https:\/\/hudo.com\/si\/\",\"name\":\"Hudo Slovenija\",\"description\":\"Vse novice iz Slovenije in sveta\",\"publisher\":{\"@id\":\"https:\/\/hudo.com\/si\/#organization\"},\"potentialAction\":[{\"@type\":\"SearchAction\",\"target\":{\"@type\":\"EntryPoint\",\"urlTemplate\":\"https:\/\/hudo.com\/si\/?s={search_term_string}\"},\"query-input\":\"required name=search_term_string\"}],\"inLanguage\":\"sl-SI\"},{\"@type\":\"Organization\",\"@id\":\"https:\/\/hudo.com\/si\/#organization\",\"name\":\"VSN Media\",\"url\":\"https:\/\/hudo.com\/si\/\",\"logo\":{\"@type\":\"ImageObject\",\"inLanguage\":\"sl-SI\",\"@id\":\"https:\/\/hudo.com\/si\/#\/schema\/logo\/image\/\",\"url\":\"https:\/\/hudo.com\/si\/wp-content\/uploads\/sites\/2\/2021\/03\/hudo-app-2.png\",\"contentUrl\":\"https:\/\/hudo.com\/si\/wp-content\/uploads\/sites\/2\/2021\/03\/hudo-app-2.png\",\"width\":2185,\"height\":2167,\"caption\":\"VSN Media\"},\"image\":{\"@id\":\"https:\/\/hudo.com\/si\/#\/schema\/logo\/image\/\"},\"sameAs\":[\"https:\/\/www.facebook.com\/hudo.si\",\"https:\/\/twitter.com\/hudo_si\"]},{\"@type\":\"Person\",\"@id\":\"https:\/\/hudo.com\/si\/#\/schema\/person\/601cf3379633985b20f7e50f2bb47707\",\"name\":\"hudo\",\"image\":{\"@type\":\"ImageObject\",\"inLanguage\":\"sl-SI\",\"@id\":\"https:\/\/hudo.com\/si\/#\/schema\/person\/image\/\",\"url\":\"https:\/\/secure.gravatar.com\/avatar\/c4ca25fa72cace7a696b52ff5db9e095?s=96&d=mm&r=g\",\"contentUrl\":\"https:\/\/secure.gravatar.com\/avatar\/c4ca25fa72cace7a696b52ff5db9e095?s=96&d=mm&r=g\",\"caption\":\"hudo\"},\"url\":\"https:\/\/hudo.com\/si\/author\/hudo\/\"}]}<\/script>\n<!-- \/ Yoast SEO plugin. -->","yoast_head_json":{"title":"Novi zidovi za evrsko hi\u0161o - Hudo Slovenija","robots":{"index":"index","follow":"follow","max-snippet":"max-snippet:-1","max-image-preview":"max-image-preview:large","max-video-preview":"max-video-preview:-1"},"canonical":"https:\/\/hudo.com\/si\/aktualno\/novi-zidovi-za-evrsko-hiso\/","og_locale":"sl_SI","og_type":"article","og_title":"Novi zidovi za evrsko hi\u0161o - Hudo Slovenija","og_description":"Kategorija: Evropa Wed, 17 Jan 2018 09:39:00 +0100 Bruselj - Po dol\u017eni\u0161ki krizi, ki je zamajala evro, je EU pred obdobjem prvih odlo\u010ditev o prihodnji strukturi in ureditvi denarne unije. Skupina vodilnih francoskih in nem\u0161kih ekonomskih strokovnjakov z najuglednej\u0161ih in\u0161titutov in univerz je pripravila skupno vizijo prihodnosti obmo\u010dja z evrom. Svoj na\u010drt so pripravili neodvisno od politike, ki bo svoje prve re\u0161itve predstavila v prihodnjih mesecih. Nem\u0161ka kanclerka Angela Merkel in francoski predsednik Emmanuel Macron sta napovedala prve predloge \u017ee za marec. Predvidoma bodo prve re\u0161itve sprejete junija. Prvi predlogi nem\u0161kih strank, ki naj bi sestavile velike koalicijo, so pozitivno odmevali. Sprava solidarnostjo in tr\u017eno disciplino Logika \u0161tirinajstih ekonomistov, ki so pripravili svoj predlog reforme, je bila sprava med delitvijo tveganj in solidarnostjo, kakr\u0161no si \u017eeli jug, in tr\u017eno disciplino s strogim spo\u0161tovanjem pravil, ki je temelj odzivanja severnih\u00a0...","og_url":"https:\/\/hudo.com\/si\/aktualno\/novi-zidovi-za-evrsko-hiso\/","og_site_name":"Hudo Slovenija","article_publisher":"https:\/\/www.facebook.com\/hudo.si","article_published_time":"2018-01-17T07:39:00+00:00","og_image":[{"width":480,"height":290,"url":"https:\/\/hudo.com\/si\/wp-content\/uploads\/sites\/2\/2018\/01\/480x290_AFP_Photo-20171229124227-25971900-1.jpeg","type":"image\/jpeg"}],"author":"hudo","twitter_card":"summary_large_image","twitter_creator":"@hudo_si","twitter_site":"@hudo_si","twitter_misc":{"Written by":"hudo","Est. reading time":"1 minuta"},"schema":{"@context":"https:\/\/schema.org","@graph":[{"@type":"Article","@id":"https:\/\/hudo.com\/si\/aktualno\/novi-zidovi-za-evrsko-hiso\/#article","isPartOf":{"@id":"https:\/\/hudo.com\/si\/aktualno\/novi-zidovi-za-evrsko-hiso\/"},"author":{"name":"hudo","@id":"https:\/\/hudo.com\/si\/#\/schema\/person\/601cf3379633985b20f7e50f2bb47707"},"headline":"Novi zidovi za evrsko hi\u0161o","datePublished":"2018-01-17T07:39:00+00:00","dateModified":"2018-01-17T07:39:00+00:00","mainEntityOfPage":{"@id":"https:\/\/hudo.com\/si\/aktualno\/novi-zidovi-za-evrsko-hiso\/"},"wordCount":157,"publisher":{"@id":"https:\/\/hudo.com\/si\/#organization"},"articleSection":["Aktualno"],"inLanguage":"sl-SI"},{"@type":"WebPage","@id":"https:\/\/hudo.com\/si\/aktualno\/novi-zidovi-za-evrsko-hiso\/","url":"https:\/\/hudo.com\/si\/aktualno\/novi-zidovi-za-evrsko-hiso\/","name":"Novi zidovi za evrsko hi\u0161o - Hudo Slovenija","isPartOf":{"@id":"https:\/\/hudo.com\/si\/#website"},"datePublished":"2018-01-17T07:39:00+00:00","dateModified":"2018-01-17T07:39:00+00:00","breadcrumb":{"@id":"https:\/\/hudo.com\/si\/aktualno\/novi-zidovi-za-evrsko-hiso\/#breadcrumb"},"inLanguage":"sl-SI","potentialAction":[{"@type":"ReadAction","target":["https:\/\/hudo.com\/si\/aktualno\/novi-zidovi-za-evrsko-hiso\/"]}]},{"@type":"BreadcrumbList","@id":"https:\/\/hudo.com\/si\/aktualno\/novi-zidovi-za-evrsko-hiso\/#breadcrumb","itemListElement":[{"@type":"ListItem","position":1,"name":"Home","item":"https:\/\/hudo.com\/si\/"},{"@type":"ListItem","position":2,"name":"Novi zidovi za evrsko hi\u0161o"}]},{"@type":"WebSite","@id":"https:\/\/hudo.com\/si\/#website","url":"https:\/\/hudo.com\/si\/","name":"Hudo Slovenija","description":"Vse novice iz Slovenije in sveta","publisher":{"@id":"https:\/\/hudo.com\/si\/#organization"},"potentialAction":[{"@type":"SearchAction","target":{"@type":"EntryPoint","urlTemplate":"https:\/\/hudo.com\/si\/?s={search_term_string}"},"query-input":"required name=search_term_string"}],"inLanguage":"sl-SI"},{"@type":"Organization","@id":"https:\/\/hudo.com\/si\/#organization","name":"VSN Media","url":"https:\/\/hudo.com\/si\/","logo":{"@type":"ImageObject","inLanguage":"sl-SI","@id":"https:\/\/hudo.com\/si\/#\/schema\/logo\/image\/","url":"https:\/\/hudo.com\/si\/wp-content\/uploads\/sites\/2\/2021\/03\/hudo-app-2.png","contentUrl":"https:\/\/hudo.com\/si\/wp-content\/uploads\/sites\/2\/2021\/03\/hudo-app-2.png","width":2185,"height":2167,"caption":"VSN Media"},"image":{"@id":"https:\/\/hudo.com\/si\/#\/schema\/logo\/image\/"},"sameAs":["https:\/\/www.facebook.com\/hudo.si","https:\/\/twitter.com\/hudo_si"]},{"@type":"Person","@id":"https:\/\/hudo.com\/si\/#\/schema\/person\/601cf3379633985b20f7e50f2bb47707","name":"hudo","image":{"@type":"ImageObject","inLanguage":"sl-SI","@id":"https:\/\/hudo.com\/si\/#\/schema\/person\/image\/","url":"https:\/\/secure.gravatar.com\/avatar\/c4ca25fa72cace7a696b52ff5db9e095?s=96&d=mm&r=g","contentUrl":"https:\/\/secure.gravatar.com\/avatar\/c4ca25fa72cace7a696b52ff5db9e095?s=96&d=mm&r=g","caption":"hudo"},"url":"https:\/\/hudo.com\/si\/author\/hudo\/"}]}},"amp_enabled":true,"_links":{"self":[{"href":"https:\/\/hudo.com\/si\/wp-json\/wp\/v2\/posts\/349153"}],"collection":[{"href":"https:\/\/hudo.com\/si\/wp-json\/wp\/v2\/posts"}],"about":[{"href":"https:\/\/hudo.com\/si\/wp-json\/wp\/v2\/types\/post"}],"author":[{"embeddable":true,"href":"https:\/\/hudo.com\/si\/wp-json\/wp\/v2\/users\/1"}],"replies":[{"embeddable":true,"href":"https:\/\/hudo.com\/si\/wp-json\/wp\/v2\/comments?post=349153"}],"version-history":[{"count":0,"href":"https:\/\/hudo.com\/si\/wp-json\/wp\/v2\/posts\/349153\/revisions"}],"wp:attachment":[{"href":"https:\/\/hudo.com\/si\/wp-json\/wp\/v2\/media?parent=349153"}],"wp:term":[{"taxonomy":"category","embeddable":true,"href":"https:\/\/hudo.com\/si\/wp-json\/wp\/v2\/categories?post=349153"},{"taxonomy":"post_tag","embeddable":true,"href":"https:\/\/hudo.com\/si\/wp-json\/wp\/v2\/tags?post=349153"},{"taxonomy":"source","embeddable":true,"href":"https:\/\/hudo.com\/si\/wp-json\/wp\/v2\/source?post=349153"},{"taxonomy":"supertag","embeddable":true,"href":"https:\/\/hudo.com\/si\/wp-json\/wp\/v2\/supertag?post=349153"}],"curies":[{"name":"wp","href":"https:\/\/api.w.org\/{rel}","templated":true}]}}