{"id":349413,"date":"2018-01-17T18:57:53","date_gmt":"2018-01-17T17:57:53","guid":{"rendered":"http:\/\/hudo.com\/si\/?p=349413"},"modified":"2018-01-17T18:57:53","modified_gmt":"2018-01-17T17:57:53","slug":"visje-sodisce-v-primeru-cekute-ugotovilo-da-je-njegova-kazen-izvrsljiva","status":"publish","type":"post","link":"https:\/\/hudo.com\/si\/aktualno\/visje-sodisce-v-primeru-cekute-ugotovilo-da-je-njegova-kazen-izvrsljiva\/","title":{"rendered":"Vi\u0161je sodi\u0161\u010de v primeru Cekute ugotovilo, da je njegova kazen izvr\u0161ljiva"},"content":{"rendered":"<div class=\"text\">\n<p>Kot so sporo\u010dili iz Odvetni\u0161ke pisarne Janko Jerman, ki zastopa Cekuto, je s tem pravnomo\u010dno odlo\u010deno, da prito\u017eba zoper sodbo iz ponovljenega sojenja ni dovoljena.<\/p>\n<p>Cekuta je bil namre\u010d v zadevi Patria II obsojen na \u0161tiri leta in \u0161tiri mesece zapora, ker naj bi upokojenega brigadirja Petra Zupana, ki je bil takrat zaposlen na ministrstvu za obrambo, napeljal, da mu je predajal zaupne dokumente o zadevi Patria. Cekuta bi se moral na prestajanje kazni zglasiti poleti, a je pred tem podal predlog za odlog prestajanja kazni iz zdravstvenih razlogov.<\/p>\n<p>Okro\u017eno sodi\u0161\u010de je predlog po pridobitvi mnenja zdravni\u0161ke komisije ministrstva za zdravje 15. septembra zavrnilo, na odlo\u010ditev pa se je Cekuta prito\u017eil na vi\u0161je sodi\u0161\u010de. Slednje je okro\u017eno sodi\u0161\u010de konec septembra obvestilo, da je bil v zadevi podan dvom v izvr\u0161ljivost sodbe, zato mora pred tem odlo\u010diti \u0161e o tem.<\/p>\n<p>Cekuta je namre\u010d na sodi\u0161\u010de podal tudi prito\u017ebo zoper odlo\u010ditev vi\u0161jega sodi\u0161\u010da, s katero je to zavrnilo njegovo prito\u017ebo na obsodilno sodbo okro\u017enega sodi\u0161\u010da.<\/p>\n<p>V sporo\u010dilu za javnost je obramba Cekute \u0161e zapisala, da njegovo zdravstveno stanje ostaja resno in ostaja v bolni\u0161nici, o njegovi pro\u0161nji za odlog prestajanja kazni zapora pa \u0161e vedno ni pravnomo\u010dno odlo\u010deno. &#8220;To\u010dka, ko bi moral nastopiti kazen, torej sploh \u0161e ni nastopila, zato vsa medijska poro\u010danja o tem, da naj bi pobegnil, ne dr\u017eijo,&#8221; so zatrdili.<\/p>\n<p>Navedli so, da je pri vseh zdravstvenih zapletih, sr\u010dnem infarktu, operativnem posegu in pri hipoglikemi\u010dni komi konec lanskega leta, ki je trajala 32 ur, utrpel trajne po\u0161kodbe mo\u017eganov. Rehabilitacija je zelo negotova in nikakor ni mogo\u010de napovedati, do katere mere so bo lahko stanje normaliziralo. &#8220;Zato pri\u010dakujemo, da do izvr\u0161itve kazni oz. izdaje poziva na prestajanje kazni do nadaljnjega \u0161e ne bo pri\u0161lo, saj Cekuta glede na zdravstveno stanje ni sposoben prestajati kazni v zaporu,&#8221; so \u0161e zapisali.<\/p>\n<\/div>\n","protected":false},"excerpt":{"rendered":"<p>Obramba Jureta Cekute je danes prejela sklep ljubljanskega vi\u0161jega sodi\u0161\u010da, na podlagi katerega je obsodilna sodba iz ponovljenega sojenja v zadevi Patria II zoper njega postala izvr\u0161ljiva, so sporo\u010dili in napovedali, da bodo zoper sklep izkoristili vsa preostala pravna sredstva, vse do Evropskega sodi\u0161\u010da za \u010dlovekove pravice.<\/p>\n","protected":false},"author":5,"featured_media":349414,"comment_status":"closed","ping_status":"closed","sticky":false,"template":"","format":"standard","meta":{"footnotes":""},"categories":[1179],"tags":[5096,7938,1595,4770,7936],"source":[4511],"supertag":[],"acf":[],"yoast_head":"<!-- This site is optimized with the Yoast SEO plugin v21.3 - https:\/\/yoast.com\/wordpress\/plugins\/seo\/ -->\n<title>Vi\u0161je sodi\u0161\u010de v primeru Cekute ugotovilo, da je njegova kazen izvr\u0161ljiva - Hudo Slovenija<\/title>\n<meta name=\"robots\" content=\"index, follow, max-snippet:-1, max-image-preview:large, max-video-preview:-1\" \/>\n<link rel=\"canonical\" href=\"https:\/\/hudo.com\/si\/aktualno\/visje-sodisce-v-primeru-cekute-ugotovilo-da-je-njegova-kazen-izvrsljiva\/\" \/>\n<meta property=\"og:locale\" content=\"sl_SI\" \/>\n<meta property=\"og:type\" content=\"article\" \/>\n<meta property=\"og:title\" content=\"Vi\u0161je sodi\u0161\u010de v primeru Cekute ugotovilo, da je njegova kazen izvr\u0161ljiva - Hudo Slovenija\" \/>\n<meta property=\"og:description\" content=\"Obramba Jureta Cekute je danes prejela sklep ljubljanskega vi\u0161jega sodi\u0161\u010da, na podlagi katerega je obsodilna sodba iz ponovljenega sojenja v zadevi Patria II zoper njega postala izvr\u0161ljiva, so sporo\u010dili in napovedali, da bodo zoper sklep izkoristili vsa preostala pravna sredstva, vse do Evropskega sodi\u0161\u010da za \u010dlovekove pravice.\" \/>\n<meta property=\"og:url\" content=\"https:\/\/hudo.com\/si\/aktualno\/visje-sodisce-v-primeru-cekute-ugotovilo-da-je-njegova-kazen-izvrsljiva\/\" \/>\n<meta property=\"og:site_name\" content=\"Hudo Slovenija\" \/>\n<meta property=\"article:publisher\" content=\"https:\/\/www.facebook.com\/hudo.si\" \/>\n<meta property=\"article:published_time\" content=\"2018-01-17T17:57:53+00:00\" \/>\n<meta property=\"og:image\" content=\"https:\/\/hudo.com\/si\/wp-content\/uploads\/sites\/2\/2018\/01\/20140414-00520254.jpg\" \/>\n\t<meta property=\"og:image:width\" content=\"640\" \/>\n\t<meta property=\"og:image:height\" content=\"426\" \/>\n\t<meta property=\"og:image:type\" content=\"image\/jpeg\" \/>\n<meta name=\"author\" content=\"A. G., STA\" \/>\n<meta name=\"twitter:card\" content=\"summary_large_image\" \/>\n<meta name=\"twitter:creator\" content=\"@hudo_si\" \/>\n<meta name=\"twitter:site\" content=\"@hudo_si\" \/>\n<meta name=\"twitter:label1\" content=\"Written by\" \/>\n\t<meta name=\"twitter:data1\" content=\"A. G., STA\" \/>\n\t<meta name=\"twitter:label2\" content=\"Est. reading time\" \/>\n\t<meta name=\"twitter:data2\" content=\"2 minuti\" \/>\n<script type=\"application\/ld+json\" class=\"yoast-schema-graph\">{\"@context\":\"https:\/\/schema.org\",\"@graph\":[{\"@type\":\"Article\",\"@id\":\"https:\/\/hudo.com\/si\/aktualno\/visje-sodisce-v-primeru-cekute-ugotovilo-da-je-njegova-kazen-izvrsljiva\/#article\",\"isPartOf\":{\"@id\":\"https:\/\/hudo.com\/si\/aktualno\/visje-sodisce-v-primeru-cekute-ugotovilo-da-je-njegova-kazen-izvrsljiva\/\"},\"author\":{\"name\":\"A. G., STA\",\"@id\":\"https:\/\/hudo.com\/si\/#\/schema\/person\/2391667a63ea075ba94f2f2dc6b77537\"},\"headline\":\"Vi\u0161je sodi\u0161\u010de v primeru Cekute ugotovilo, da je njegova kazen izvr\u0161ljiva\",\"datePublished\":\"2018-01-17T17:57:53+00:00\",\"dateModified\":\"2018-01-17T17:57:53+00:00\",\"mainEntityOfPage\":{\"@id\":\"https:\/\/hudo.com\/si\/aktualno\/visje-sodisce-v-primeru-cekute-ugotovilo-da-je-njegova-kazen-izvrsljiva\/\"},\"wordCount\":351,\"publisher\":{\"@id\":\"https:\/\/hudo.com\/si\/#organization\"},\"keywords\":[\"afera\",\"Jure Cekuta\",\"Slovenija\",\"sodi\u0161\u010de\",\"zadeva Patria II\"],\"articleSection\":[\"Aktualno\"],\"inLanguage\":\"sl-SI\"},{\"@type\":\"WebPage\",\"@id\":\"https:\/\/hudo.com\/si\/aktualno\/visje-sodisce-v-primeru-cekute-ugotovilo-da-je-njegova-kazen-izvrsljiva\/\",\"url\":\"https:\/\/hudo.com\/si\/aktualno\/visje-sodisce-v-primeru-cekute-ugotovilo-da-je-njegova-kazen-izvrsljiva\/\",\"name\":\"Vi\u0161je sodi\u0161\u010de v primeru Cekute ugotovilo, da je njegova kazen izvr\u0161ljiva - Hudo Slovenija\",\"isPartOf\":{\"@id\":\"https:\/\/hudo.com\/si\/#website\"},\"datePublished\":\"2018-01-17T17:57:53+00:00\",\"dateModified\":\"2018-01-17T17:57:53+00:00\",\"breadcrumb\":{\"@id\":\"https:\/\/hudo.com\/si\/aktualno\/visje-sodisce-v-primeru-cekute-ugotovilo-da-je-njegova-kazen-izvrsljiva\/#breadcrumb\"},\"inLanguage\":\"sl-SI\",\"potentialAction\":[{\"@type\":\"ReadAction\",\"target\":[\"https:\/\/hudo.com\/si\/aktualno\/visje-sodisce-v-primeru-cekute-ugotovilo-da-je-njegova-kazen-izvrsljiva\/\"]}]},{\"@type\":\"BreadcrumbList\",\"@id\":\"https:\/\/hudo.com\/si\/aktualno\/visje-sodisce-v-primeru-cekute-ugotovilo-da-je-njegova-kazen-izvrsljiva\/#breadcrumb\",\"itemListElement\":[{\"@type\":\"ListItem\",\"position\":1,\"name\":\"Home\",\"item\":\"https:\/\/hudo.com\/si\/\"},{\"@type\":\"ListItem\",\"position\":2,\"name\":\"Vi\u0161je sodi\u0161\u010de v primeru Cekute ugotovilo, da je njegova kazen izvr\u0161ljiva\"}]},{\"@type\":\"WebSite\",\"@id\":\"https:\/\/hudo.com\/si\/#website\",\"url\":\"https:\/\/hudo.com\/si\/\",\"name\":\"Hudo Slovenija\",\"description\":\"Vse novice iz Slovenije in sveta\",\"publisher\":{\"@id\":\"https:\/\/hudo.com\/si\/#organization\"},\"potentialAction\":[{\"@type\":\"SearchAction\",\"target\":{\"@type\":\"EntryPoint\",\"urlTemplate\":\"https:\/\/hudo.com\/si\/?s={search_term_string}\"},\"query-input\":\"required name=search_term_string\"}],\"inLanguage\":\"sl-SI\"},{\"@type\":\"Organization\",\"@id\":\"https:\/\/hudo.com\/si\/#organization\",\"name\":\"VSN Media\",\"url\":\"https:\/\/hudo.com\/si\/\",\"logo\":{\"@type\":\"ImageObject\",\"inLanguage\":\"sl-SI\",\"@id\":\"https:\/\/hudo.com\/si\/#\/schema\/logo\/image\/\",\"url\":\"https:\/\/hudo.com\/si\/wp-content\/uploads\/sites\/2\/2021\/03\/hudo-app-2.png\",\"contentUrl\":\"https:\/\/hudo.com\/si\/wp-content\/uploads\/sites\/2\/2021\/03\/hudo-app-2.png\",\"width\":2185,\"height\":2167,\"caption\":\"VSN Media\"},\"image\":{\"@id\":\"https:\/\/hudo.com\/si\/#\/schema\/logo\/image\/\"},\"sameAs\":[\"https:\/\/www.facebook.com\/hudo.si\",\"https:\/\/twitter.com\/hudo_si\"]},{\"@type\":\"Person\",\"@id\":\"https:\/\/hudo.com\/si\/#\/schema\/person\/2391667a63ea075ba94f2f2dc6b77537\",\"name\":\"A. G., STA\",\"image\":{\"@type\":\"ImageObject\",\"inLanguage\":\"sl-SI\",\"@id\":\"https:\/\/hudo.com\/si\/#\/schema\/person\/image\/\",\"url\":\"https:\/\/secure.gravatar.com\/avatar\/e13d22ac3e442658d5025fbbe6238a79?s=96&d=mm&r=g\",\"contentUrl\":\"https:\/\/secure.gravatar.com\/avatar\/e13d22ac3e442658d5025fbbe6238a79?s=96&d=mm&r=g\",\"caption\":\"A. G., STA\"},\"url\":\"https:\/\/hudo.com\/si\/author\/alenka\/\"}]}<\/script>\n<!-- \/ Yoast SEO plugin. -->","yoast_head_json":{"title":"Vi\u0161je sodi\u0161\u010de v primeru Cekute ugotovilo, da je njegova kazen izvr\u0161ljiva - Hudo Slovenija","robots":{"index":"index","follow":"follow","max-snippet":"max-snippet:-1","max-image-preview":"max-image-preview:large","max-video-preview":"max-video-preview:-1"},"canonical":"https:\/\/hudo.com\/si\/aktualno\/visje-sodisce-v-primeru-cekute-ugotovilo-da-je-njegova-kazen-izvrsljiva\/","og_locale":"sl_SI","og_type":"article","og_title":"Vi\u0161je sodi\u0161\u010de v primeru Cekute ugotovilo, da je njegova kazen izvr\u0161ljiva - Hudo Slovenija","og_description":"Obramba Jureta Cekute je danes prejela sklep ljubljanskega vi\u0161jega sodi\u0161\u010da, na podlagi katerega je obsodilna sodba iz ponovljenega sojenja v zadevi Patria II zoper njega postala izvr\u0161ljiva, so sporo\u010dili in napovedali, da bodo zoper sklep izkoristili vsa preostala pravna sredstva, vse do Evropskega sodi\u0161\u010da za \u010dlovekove pravice.","og_url":"https:\/\/hudo.com\/si\/aktualno\/visje-sodisce-v-primeru-cekute-ugotovilo-da-je-njegova-kazen-izvrsljiva\/","og_site_name":"Hudo Slovenija","article_publisher":"https:\/\/www.facebook.com\/hudo.si","article_published_time":"2018-01-17T17:57:53+00:00","og_image":[{"width":640,"height":426,"url":"https:\/\/hudo.com\/si\/wp-content\/uploads\/sites\/2\/2018\/01\/20140414-00520254.jpg","type":"image\/jpeg"}],"author":"A. G., STA","twitter_card":"summary_large_image","twitter_creator":"@hudo_si","twitter_site":"@hudo_si","twitter_misc":{"Written by":"A. G., STA","Est. reading time":"2 minuti"},"schema":{"@context":"https:\/\/schema.org","@graph":[{"@type":"Article","@id":"https:\/\/hudo.com\/si\/aktualno\/visje-sodisce-v-primeru-cekute-ugotovilo-da-je-njegova-kazen-izvrsljiva\/#article","isPartOf":{"@id":"https:\/\/hudo.com\/si\/aktualno\/visje-sodisce-v-primeru-cekute-ugotovilo-da-je-njegova-kazen-izvrsljiva\/"},"author":{"name":"A. G., STA","@id":"https:\/\/hudo.com\/si\/#\/schema\/person\/2391667a63ea075ba94f2f2dc6b77537"},"headline":"Vi\u0161je sodi\u0161\u010de v primeru Cekute ugotovilo, da je njegova kazen izvr\u0161ljiva","datePublished":"2018-01-17T17:57:53+00:00","dateModified":"2018-01-17T17:57:53+00:00","mainEntityOfPage":{"@id":"https:\/\/hudo.com\/si\/aktualno\/visje-sodisce-v-primeru-cekute-ugotovilo-da-je-njegova-kazen-izvrsljiva\/"},"wordCount":351,"publisher":{"@id":"https:\/\/hudo.com\/si\/#organization"},"keywords":["afera","Jure Cekuta","Slovenija","sodi\u0161\u010de","zadeva Patria II"],"articleSection":["Aktualno"],"inLanguage":"sl-SI"},{"@type":"WebPage","@id":"https:\/\/hudo.com\/si\/aktualno\/visje-sodisce-v-primeru-cekute-ugotovilo-da-je-njegova-kazen-izvrsljiva\/","url":"https:\/\/hudo.com\/si\/aktualno\/visje-sodisce-v-primeru-cekute-ugotovilo-da-je-njegova-kazen-izvrsljiva\/","name":"Vi\u0161je sodi\u0161\u010de v primeru Cekute ugotovilo, da je njegova kazen izvr\u0161ljiva - Hudo Slovenija","isPartOf":{"@id":"https:\/\/hudo.com\/si\/#website"},"datePublished":"2018-01-17T17:57:53+00:00","dateModified":"2018-01-17T17:57:53+00:00","breadcrumb":{"@id":"https:\/\/hudo.com\/si\/aktualno\/visje-sodisce-v-primeru-cekute-ugotovilo-da-je-njegova-kazen-izvrsljiva\/#breadcrumb"},"inLanguage":"sl-SI","potentialAction":[{"@type":"ReadAction","target":["https:\/\/hudo.com\/si\/aktualno\/visje-sodisce-v-primeru-cekute-ugotovilo-da-je-njegova-kazen-izvrsljiva\/"]}]},{"@type":"BreadcrumbList","@id":"https:\/\/hudo.com\/si\/aktualno\/visje-sodisce-v-primeru-cekute-ugotovilo-da-je-njegova-kazen-izvrsljiva\/#breadcrumb","itemListElement":[{"@type":"ListItem","position":1,"name":"Home","item":"https:\/\/hudo.com\/si\/"},{"@type":"ListItem","position":2,"name":"Vi\u0161je sodi\u0161\u010de v primeru Cekute ugotovilo, da je njegova kazen izvr\u0161ljiva"}]},{"@type":"WebSite","@id":"https:\/\/hudo.com\/si\/#website","url":"https:\/\/hudo.com\/si\/","name":"Hudo Slovenija","description":"Vse novice iz Slovenije in sveta","publisher":{"@id":"https:\/\/hudo.com\/si\/#organization"},"potentialAction":[{"@type":"SearchAction","target":{"@type":"EntryPoint","urlTemplate":"https:\/\/hudo.com\/si\/?s={search_term_string}"},"query-input":"required name=search_term_string"}],"inLanguage":"sl-SI"},{"@type":"Organization","@id":"https:\/\/hudo.com\/si\/#organization","name":"VSN Media","url":"https:\/\/hudo.com\/si\/","logo":{"@type":"ImageObject","inLanguage":"sl-SI","@id":"https:\/\/hudo.com\/si\/#\/schema\/logo\/image\/","url":"https:\/\/hudo.com\/si\/wp-content\/uploads\/sites\/2\/2021\/03\/hudo-app-2.png","contentUrl":"https:\/\/hudo.com\/si\/wp-content\/uploads\/sites\/2\/2021\/03\/hudo-app-2.png","width":2185,"height":2167,"caption":"VSN Media"},"image":{"@id":"https:\/\/hudo.com\/si\/#\/schema\/logo\/image\/"},"sameAs":["https:\/\/www.facebook.com\/hudo.si","https:\/\/twitter.com\/hudo_si"]},{"@type":"Person","@id":"https:\/\/hudo.com\/si\/#\/schema\/person\/2391667a63ea075ba94f2f2dc6b77537","name":"A. G., STA","image":{"@type":"ImageObject","inLanguage":"sl-SI","@id":"https:\/\/hudo.com\/si\/#\/schema\/person\/image\/","url":"https:\/\/secure.gravatar.com\/avatar\/e13d22ac3e442658d5025fbbe6238a79?s=96&d=mm&r=g","contentUrl":"https:\/\/secure.gravatar.com\/avatar\/e13d22ac3e442658d5025fbbe6238a79?s=96&d=mm&r=g","caption":"A. G., STA"},"url":"https:\/\/hudo.com\/si\/author\/alenka\/"}]}},"amp_enabled":true,"_links":{"self":[{"href":"https:\/\/hudo.com\/si\/wp-json\/wp\/v2\/posts\/349413"}],"collection":[{"href":"https:\/\/hudo.com\/si\/wp-json\/wp\/v2\/posts"}],"about":[{"href":"https:\/\/hudo.com\/si\/wp-json\/wp\/v2\/types\/post"}],"author":[{"embeddable":true,"href":"https:\/\/hudo.com\/si\/wp-json\/wp\/v2\/users\/5"}],"replies":[{"embeddable":true,"href":"https:\/\/hudo.com\/si\/wp-json\/wp\/v2\/comments?post=349413"}],"version-history":[{"count":1,"href":"https:\/\/hudo.com\/si\/wp-json\/wp\/v2\/posts\/349413\/revisions"}],"predecessor-version":[{"id":349415,"href":"https:\/\/hudo.com\/si\/wp-json\/wp\/v2\/posts\/349413\/revisions\/349415"}],"wp:featuredmedia":[{"embeddable":true,"href":"https:\/\/hudo.com\/si\/wp-json\/wp\/v2\/media\/349414"}],"wp:attachment":[{"href":"https:\/\/hudo.com\/si\/wp-json\/wp\/v2\/media?parent=349413"}],"wp:term":[{"taxonomy":"category","embeddable":true,"href":"https:\/\/hudo.com\/si\/wp-json\/wp\/v2\/categories?post=349413"},{"taxonomy":"post_tag","embeddable":true,"href":"https:\/\/hudo.com\/si\/wp-json\/wp\/v2\/tags?post=349413"},{"taxonomy":"source","embeddable":true,"href":"https:\/\/hudo.com\/si\/wp-json\/wp\/v2\/source?post=349413"},{"taxonomy":"supertag","embeddable":true,"href":"https:\/\/hudo.com\/si\/wp-json\/wp\/v2\/supertag?post=349413"}],"curies":[{"name":"wp","href":"https:\/\/api.w.org\/{rel}","templated":true}]}}