{"id":349440,"date":"2018-01-17T18:20:00","date_gmt":"2018-01-17T17:20:00","guid":{"rendered":"http:\/\/hudo.com\/si\/2018\/01\/17\/za-razumevanje-in-dialog-v-katalonski-politiki\/"},"modified":"2018-01-17T18:20:00","modified_gmt":"2018-01-17T17:20:00","slug":"za-razumevanje-in-dialog-v-katalonski-politiki","status":"publish","type":"post","link":"https:\/\/hudo.com\/si\/aktualno\/za-razumevanje-in-dialog-v-katalonski-politiki\/","title":{"rendered":"Za razumevanje in dialog v katalonski politiki"},"content":{"rendered":"<p>Kategorija: Evropa Wed, 17 Jan 2018 19:20:00 +0100  Roger Torrent je novi predsednik regionalnega parlamenta v Barceloni, so danes zglasovali katalonski poslanci. Politik iz Republikanske levice Katalonije (ERC) je takoj po nastopu funkcije izjavil, da si bo zadal nalogo povrniti suverenost katalonskim institucijam. Trudil se bo \u00bbza razumevanje in dialog v regionalni politiki\u00ab, zato je br\u017e pozval poslanske kolege, da ga pri tem podprejo. Dana\u0161njo ustanovno sejo so vodili najstarej\u0161i poslanec, 75-letni Ernest Maragall, ter dva najmlaj\u0161a izvoljena predstavnika ljudstva Gerard G\u00f3mez del Moral in Rut Ribas. Na glasovanju so za predsednika izbrali Torrenta \u2013 podprlo ga je 65 poslancev, proti jih je glasovalo 56, o njegovem imenu pa se je preigravalo \u017ee prej \u2013 in imenovali so \u0161e druge \u010dlane predsedstva. Tokratne razmere so posebne, zato niti uvodni nagovor ni bil samo formalnost, ampak\u00a0&#8230;<\/p>\n","protected":false},"excerpt":{"rendered":"<p>Kategorija: Evropa Wed, 17 Jan 2018 19:20:00 +0100  Roger Torrent je novi predsednik regionalnega parlamenta v Barceloni, so danes zglasovali katalonski poslanci. Politik iz Republikanske levice Katalonije (ERC) je takoj po nastopu funkcije izjavil, da si bo zadal nalogo povrniti suverenost katalonskim institucijam. Trudil se bo \u00bbza razumevanje in dialog v regionalni politiki\u00ab, zato je br\u017e pozval poslanske kolege, da ga pri tem podprejo. Dana\u0161njo ustanovno sejo so vodili najstarej\u0161i poslanec, 75-letni Ernest Maragall, ter dva najmlaj\u0161a izvoljena predstavnika ljudstva Gerard G\u00f3mez del Moral in Rut Ribas. Na glasovanju so za predsednika izbrali Torrenta \u2013 podprlo ga je 65 poslancev, proti jih je glasovalo 56, o njegovem imenu pa se je preigravalo \u017ee prej \u2013 in imenovali so \u0161e druge \u010dlane predsedstva. Tokratne razmere so posebne, zato niti uvodni nagovor ni bil samo formalnost, ampak\u00a0&#8230;<\/p>\n","protected":false},"author":1,"featured_media":0,"comment_status":"closed","ping_status":"closed","sticky":false,"template":"","format":"standard","meta":{"footnotes":""},"categories":[1179],"tags":[],"source":[1703],"supertag":[],"acf":[],"yoast_head":"<!-- This site is optimized with the Yoast SEO plugin v21.3 - https:\/\/yoast.com\/wordpress\/plugins\/seo\/ -->\n<title>Za razumevanje in dialog v katalonski politiki - Hudo Slovenija<\/title>\n<meta name=\"robots\" content=\"index, follow, max-snippet:-1, max-image-preview:large, max-video-preview:-1\" \/>\n<link rel=\"canonical\" href=\"https:\/\/hudo.com\/si\/aktualno\/za-razumevanje-in-dialog-v-katalonski-politiki\/\" \/>\n<meta property=\"og:locale\" content=\"sl_SI\" \/>\n<meta property=\"og:type\" content=\"article\" \/>\n<meta property=\"og:title\" content=\"Za razumevanje in dialog v katalonski politiki - Hudo Slovenija\" \/>\n<meta property=\"og:description\" content=\"Kategorija: Evropa Wed, 17 Jan 2018 19:20:00 +0100 Roger Torrent je novi predsednik regionalnega parlamenta v Barceloni, so danes zglasovali katalonski poslanci. Politik iz Republikanske levice Katalonije (ERC) je takoj po nastopu funkcije izjavil, da si bo zadal nalogo povrniti suverenost katalonskim institucijam. Trudil se bo \u00bbza razumevanje in dialog v regionalni politiki\u00ab, zato je br\u017e pozval poslanske kolege, da ga pri tem podprejo. Dana\u0161njo ustanovno sejo so vodili najstarej\u0161i poslanec, 75-letni Ernest Maragall, ter dva najmlaj\u0161a izvoljena predstavnika ljudstva Gerard G\u00f3mez del Moral in Rut Ribas. Na glasovanju so za predsednika izbrali Torrenta \u2013 podprlo ga je 65 poslancev, proti jih je glasovalo 56, o njegovem imenu pa se je preigravalo \u017ee prej \u2013 in imenovali so \u0161e druge \u010dlane predsedstva. Tokratne razmere so posebne, zato niti uvodni nagovor ni bil samo formalnost, ampak\u00a0...\" \/>\n<meta property=\"og:url\" content=\"https:\/\/hudo.com\/si\/aktualno\/za-razumevanje-in-dialog-v-katalonski-politiki\/\" \/>\n<meta property=\"og:site_name\" content=\"Hudo Slovenija\" \/>\n<meta property=\"article:publisher\" content=\"https:\/\/www.facebook.com\/hudo.si\" \/>\n<meta property=\"article:published_time\" content=\"2018-01-17T17:20:00+00:00\" \/>\n<meta property=\"og:image\" content=\"https:\/\/hudo.com\/si\/wp-content\/uploads\/sites\/2\/2018\/01\/480x290_Reuters_Pictures-20180117141259-05207000.jpeg\" \/>\n\t<meta property=\"og:image:width\" content=\"480\" \/>\n\t<meta property=\"og:image:height\" content=\"290\" \/>\n\t<meta property=\"og:image:type\" content=\"image\/jpeg\" \/>\n<meta name=\"author\" content=\"hudo\" \/>\n<meta name=\"twitter:card\" content=\"summary_large_image\" \/>\n<meta name=\"twitter:creator\" content=\"@hudo_si\" \/>\n<meta name=\"twitter:site\" content=\"@hudo_si\" \/>\n<meta name=\"twitter:label1\" content=\"Written by\" \/>\n\t<meta name=\"twitter:data1\" content=\"hudo\" \/>\n\t<meta name=\"twitter:label2\" content=\"Est. reading time\" \/>\n\t<meta name=\"twitter:data2\" content=\"1 minuta\" \/>\n<script type=\"application\/ld+json\" class=\"yoast-schema-graph\">{\"@context\":\"https:\/\/schema.org\",\"@graph\":[{\"@type\":\"Article\",\"@id\":\"https:\/\/hudo.com\/si\/aktualno\/za-razumevanje-in-dialog-v-katalonski-politiki\/#article\",\"isPartOf\":{\"@id\":\"https:\/\/hudo.com\/si\/aktualno\/za-razumevanje-in-dialog-v-katalonski-politiki\/\"},\"author\":{\"name\":\"hudo\",\"@id\":\"https:\/\/hudo.com\/si\/#\/schema\/person\/601cf3379633985b20f7e50f2bb47707\"},\"headline\":\"Za razumevanje in dialog v katalonski politiki\",\"datePublished\":\"2018-01-17T17:20:00+00:00\",\"dateModified\":\"2018-01-17T17:20:00+00:00\",\"mainEntityOfPage\":{\"@id\":\"https:\/\/hudo.com\/si\/aktualno\/za-razumevanje-in-dialog-v-katalonski-politiki\/\"},\"wordCount\":138,\"publisher\":{\"@id\":\"https:\/\/hudo.com\/si\/#organization\"},\"articleSection\":[\"Aktualno\"],\"inLanguage\":\"sl-SI\"},{\"@type\":\"WebPage\",\"@id\":\"https:\/\/hudo.com\/si\/aktualno\/za-razumevanje-in-dialog-v-katalonski-politiki\/\",\"url\":\"https:\/\/hudo.com\/si\/aktualno\/za-razumevanje-in-dialog-v-katalonski-politiki\/\",\"name\":\"Za razumevanje in dialog v katalonski politiki - Hudo Slovenija\",\"isPartOf\":{\"@id\":\"https:\/\/hudo.com\/si\/#website\"},\"datePublished\":\"2018-01-17T17:20:00+00:00\",\"dateModified\":\"2018-01-17T17:20:00+00:00\",\"breadcrumb\":{\"@id\":\"https:\/\/hudo.com\/si\/aktualno\/za-razumevanje-in-dialog-v-katalonski-politiki\/#breadcrumb\"},\"inLanguage\":\"sl-SI\",\"potentialAction\":[{\"@type\":\"ReadAction\",\"target\":[\"https:\/\/hudo.com\/si\/aktualno\/za-razumevanje-in-dialog-v-katalonski-politiki\/\"]}]},{\"@type\":\"BreadcrumbList\",\"@id\":\"https:\/\/hudo.com\/si\/aktualno\/za-razumevanje-in-dialog-v-katalonski-politiki\/#breadcrumb\",\"itemListElement\":[{\"@type\":\"ListItem\",\"position\":1,\"name\":\"Home\",\"item\":\"https:\/\/hudo.com\/si\/\"},{\"@type\":\"ListItem\",\"position\":2,\"name\":\"Za razumevanje in dialog v katalonski politiki\"}]},{\"@type\":\"WebSite\",\"@id\":\"https:\/\/hudo.com\/si\/#website\",\"url\":\"https:\/\/hudo.com\/si\/\",\"name\":\"Hudo Slovenija\",\"description\":\"Vse novice iz Slovenije in sveta\",\"publisher\":{\"@id\":\"https:\/\/hudo.com\/si\/#organization\"},\"potentialAction\":[{\"@type\":\"SearchAction\",\"target\":{\"@type\":\"EntryPoint\",\"urlTemplate\":\"https:\/\/hudo.com\/si\/?s={search_term_string}\"},\"query-input\":\"required name=search_term_string\"}],\"inLanguage\":\"sl-SI\"},{\"@type\":\"Organization\",\"@id\":\"https:\/\/hudo.com\/si\/#organization\",\"name\":\"VSN Media\",\"url\":\"https:\/\/hudo.com\/si\/\",\"logo\":{\"@type\":\"ImageObject\",\"inLanguage\":\"sl-SI\",\"@id\":\"https:\/\/hudo.com\/si\/#\/schema\/logo\/image\/\",\"url\":\"https:\/\/hudo.com\/si\/wp-content\/uploads\/sites\/2\/2021\/03\/hudo-app-2.png\",\"contentUrl\":\"https:\/\/hudo.com\/si\/wp-content\/uploads\/sites\/2\/2021\/03\/hudo-app-2.png\",\"width\":2185,\"height\":2167,\"caption\":\"VSN Media\"},\"image\":{\"@id\":\"https:\/\/hudo.com\/si\/#\/schema\/logo\/image\/\"},\"sameAs\":[\"https:\/\/www.facebook.com\/hudo.si\",\"https:\/\/twitter.com\/hudo_si\"]},{\"@type\":\"Person\",\"@id\":\"https:\/\/hudo.com\/si\/#\/schema\/person\/601cf3379633985b20f7e50f2bb47707\",\"name\":\"hudo\",\"image\":{\"@type\":\"ImageObject\",\"inLanguage\":\"sl-SI\",\"@id\":\"https:\/\/hudo.com\/si\/#\/schema\/person\/image\/\",\"url\":\"https:\/\/secure.gravatar.com\/avatar\/c4ca25fa72cace7a696b52ff5db9e095?s=96&d=mm&r=g\",\"contentUrl\":\"https:\/\/secure.gravatar.com\/avatar\/c4ca25fa72cace7a696b52ff5db9e095?s=96&d=mm&r=g\",\"caption\":\"hudo\"},\"url\":\"https:\/\/hudo.com\/si\/author\/hudo\/\"}]}<\/script>\n<!-- \/ Yoast SEO plugin. -->","yoast_head_json":{"title":"Za razumevanje in dialog v katalonski politiki - Hudo Slovenija","robots":{"index":"index","follow":"follow","max-snippet":"max-snippet:-1","max-image-preview":"max-image-preview:large","max-video-preview":"max-video-preview:-1"},"canonical":"https:\/\/hudo.com\/si\/aktualno\/za-razumevanje-in-dialog-v-katalonski-politiki\/","og_locale":"sl_SI","og_type":"article","og_title":"Za razumevanje in dialog v katalonski politiki - Hudo Slovenija","og_description":"Kategorija: Evropa Wed, 17 Jan 2018 19:20:00 +0100 Roger Torrent je novi predsednik regionalnega parlamenta v Barceloni, so danes zglasovali katalonski poslanci. Politik iz Republikanske levice Katalonije (ERC) je takoj po nastopu funkcije izjavil, da si bo zadal nalogo povrniti suverenost katalonskim institucijam. Trudil se bo \u00bbza razumevanje in dialog v regionalni politiki\u00ab, zato je br\u017e pozval poslanske kolege, da ga pri tem podprejo. Dana\u0161njo ustanovno sejo so vodili najstarej\u0161i poslanec, 75-letni Ernest Maragall, ter dva najmlaj\u0161a izvoljena predstavnika ljudstva Gerard G\u00f3mez del Moral in Rut Ribas. Na glasovanju so za predsednika izbrali Torrenta \u2013 podprlo ga je 65 poslancev, proti jih je glasovalo 56, o njegovem imenu pa se je preigravalo \u017ee prej \u2013 in imenovali so \u0161e druge \u010dlane predsedstva. Tokratne razmere so posebne, zato niti uvodni nagovor ni bil samo formalnost, ampak\u00a0...","og_url":"https:\/\/hudo.com\/si\/aktualno\/za-razumevanje-in-dialog-v-katalonski-politiki\/","og_site_name":"Hudo Slovenija","article_publisher":"https:\/\/www.facebook.com\/hudo.si","article_published_time":"2018-01-17T17:20:00+00:00","og_image":[{"width":480,"height":290,"url":"https:\/\/hudo.com\/si\/wp-content\/uploads\/sites\/2\/2018\/01\/480x290_Reuters_Pictures-20180117141259-05207000.jpeg","type":"image\/jpeg"}],"author":"hudo","twitter_card":"summary_large_image","twitter_creator":"@hudo_si","twitter_site":"@hudo_si","twitter_misc":{"Written by":"hudo","Est. reading time":"1 minuta"},"schema":{"@context":"https:\/\/schema.org","@graph":[{"@type":"Article","@id":"https:\/\/hudo.com\/si\/aktualno\/za-razumevanje-in-dialog-v-katalonski-politiki\/#article","isPartOf":{"@id":"https:\/\/hudo.com\/si\/aktualno\/za-razumevanje-in-dialog-v-katalonski-politiki\/"},"author":{"name":"hudo","@id":"https:\/\/hudo.com\/si\/#\/schema\/person\/601cf3379633985b20f7e50f2bb47707"},"headline":"Za razumevanje in dialog v katalonski politiki","datePublished":"2018-01-17T17:20:00+00:00","dateModified":"2018-01-17T17:20:00+00:00","mainEntityOfPage":{"@id":"https:\/\/hudo.com\/si\/aktualno\/za-razumevanje-in-dialog-v-katalonski-politiki\/"},"wordCount":138,"publisher":{"@id":"https:\/\/hudo.com\/si\/#organization"},"articleSection":["Aktualno"],"inLanguage":"sl-SI"},{"@type":"WebPage","@id":"https:\/\/hudo.com\/si\/aktualno\/za-razumevanje-in-dialog-v-katalonski-politiki\/","url":"https:\/\/hudo.com\/si\/aktualno\/za-razumevanje-in-dialog-v-katalonski-politiki\/","name":"Za razumevanje in dialog v katalonski politiki - Hudo Slovenija","isPartOf":{"@id":"https:\/\/hudo.com\/si\/#website"},"datePublished":"2018-01-17T17:20:00+00:00","dateModified":"2018-01-17T17:20:00+00:00","breadcrumb":{"@id":"https:\/\/hudo.com\/si\/aktualno\/za-razumevanje-in-dialog-v-katalonski-politiki\/#breadcrumb"},"inLanguage":"sl-SI","potentialAction":[{"@type":"ReadAction","target":["https:\/\/hudo.com\/si\/aktualno\/za-razumevanje-in-dialog-v-katalonski-politiki\/"]}]},{"@type":"BreadcrumbList","@id":"https:\/\/hudo.com\/si\/aktualno\/za-razumevanje-in-dialog-v-katalonski-politiki\/#breadcrumb","itemListElement":[{"@type":"ListItem","position":1,"name":"Home","item":"https:\/\/hudo.com\/si\/"},{"@type":"ListItem","position":2,"name":"Za razumevanje in dialog v katalonski politiki"}]},{"@type":"WebSite","@id":"https:\/\/hudo.com\/si\/#website","url":"https:\/\/hudo.com\/si\/","name":"Hudo Slovenija","description":"Vse novice iz Slovenije in sveta","publisher":{"@id":"https:\/\/hudo.com\/si\/#organization"},"potentialAction":[{"@type":"SearchAction","target":{"@type":"EntryPoint","urlTemplate":"https:\/\/hudo.com\/si\/?s={search_term_string}"},"query-input":"required name=search_term_string"}],"inLanguage":"sl-SI"},{"@type":"Organization","@id":"https:\/\/hudo.com\/si\/#organization","name":"VSN Media","url":"https:\/\/hudo.com\/si\/","logo":{"@type":"ImageObject","inLanguage":"sl-SI","@id":"https:\/\/hudo.com\/si\/#\/schema\/logo\/image\/","url":"https:\/\/hudo.com\/si\/wp-content\/uploads\/sites\/2\/2021\/03\/hudo-app-2.png","contentUrl":"https:\/\/hudo.com\/si\/wp-content\/uploads\/sites\/2\/2021\/03\/hudo-app-2.png","width":2185,"height":2167,"caption":"VSN Media"},"image":{"@id":"https:\/\/hudo.com\/si\/#\/schema\/logo\/image\/"},"sameAs":["https:\/\/www.facebook.com\/hudo.si","https:\/\/twitter.com\/hudo_si"]},{"@type":"Person","@id":"https:\/\/hudo.com\/si\/#\/schema\/person\/601cf3379633985b20f7e50f2bb47707","name":"hudo","image":{"@type":"ImageObject","inLanguage":"sl-SI","@id":"https:\/\/hudo.com\/si\/#\/schema\/person\/image\/","url":"https:\/\/secure.gravatar.com\/avatar\/c4ca25fa72cace7a696b52ff5db9e095?s=96&d=mm&r=g","contentUrl":"https:\/\/secure.gravatar.com\/avatar\/c4ca25fa72cace7a696b52ff5db9e095?s=96&d=mm&r=g","caption":"hudo"},"url":"https:\/\/hudo.com\/si\/author\/hudo\/"}]}},"amp_enabled":true,"_links":{"self":[{"href":"https:\/\/hudo.com\/si\/wp-json\/wp\/v2\/posts\/349440"}],"collection":[{"href":"https:\/\/hudo.com\/si\/wp-json\/wp\/v2\/posts"}],"about":[{"href":"https:\/\/hudo.com\/si\/wp-json\/wp\/v2\/types\/post"}],"author":[{"embeddable":true,"href":"https:\/\/hudo.com\/si\/wp-json\/wp\/v2\/users\/1"}],"replies":[{"embeddable":true,"href":"https:\/\/hudo.com\/si\/wp-json\/wp\/v2\/comments?post=349440"}],"version-history":[{"count":0,"href":"https:\/\/hudo.com\/si\/wp-json\/wp\/v2\/posts\/349440\/revisions"}],"wp:attachment":[{"href":"https:\/\/hudo.com\/si\/wp-json\/wp\/v2\/media?parent=349440"}],"wp:term":[{"taxonomy":"category","embeddable":true,"href":"https:\/\/hudo.com\/si\/wp-json\/wp\/v2\/categories?post=349440"},{"taxonomy":"post_tag","embeddable":true,"href":"https:\/\/hudo.com\/si\/wp-json\/wp\/v2\/tags?post=349440"},{"taxonomy":"source","embeddable":true,"href":"https:\/\/hudo.com\/si\/wp-json\/wp\/v2\/source?post=349440"},{"taxonomy":"supertag","embeddable":true,"href":"https:\/\/hudo.com\/si\/wp-json\/wp\/v2\/supertag?post=349440"}],"curies":[{"name":"wp","href":"https:\/\/api.w.org\/{rel}","templated":true}]}}