{"id":349464,"date":"2018-01-17T17:00:00","date_gmt":"2018-01-17T16:00:00","guid":{"rendered":"http:\/\/hudo.com\/si\/2018\/01\/17\/sloveniji-gre-dobro-zelje-po-reformah-zato-manjse\/"},"modified":"2018-01-17T17:00:00","modified_gmt":"2018-01-17T16:00:00","slug":"sloveniji-gre-dobro-zelje-po-reformah-zato-manjse","status":"publish","type":"post","link":"https:\/\/hudo.com\/si\/aktualno\/sloveniji-gre-dobro-zelje-po-reformah-zato-manjse\/","title":{"rendered":"Sloveniji gre dobro, \u017eelje po reformah zato manj\u0161e"},"content":{"rendered":"<p>Kategorija: Finance Wed, 17 Jan 2018 18:00:00 +0100  Dunaj \u2013 Slovenija je zdaj v dobri kondiciji, dosega najvi\u0161jo stopnjo gospodarske rasti v regiji, apetit za reforme se je zato zmanj\u0161al, \u010deprav je prav zdaj\u0161nji \u010das za njihovo izvedbo najbolj primeren, pravi Dan Bucsa, glavni ekonomist Skupine Unicredit za Srednjo in Vzhodno Evropo.Analitiki Unicredita poudarjajo, da je Slovenija v zadnjih letih uspe\u0161no zmanj\u0161ala prora\u010dunski primanjkljaj, ustvarila gospodarsko rast in oklestila slaba ban\u010dna posojila, in hkrati opozarjajo, da nas \u010daka \u0161e zadnji korak, privatizacija dr\u017eavnih bank. \u00bbVelik dele\u017e bank je \u0161e v dr\u017eavni lasti, njihova pretekla slaba posojila so bila razre\u0161ena na ra\u010dun davkopla\u010devalcev, upam da se to v prihodnjem desetletju ne bo ponovilo,\u00ab je poudaril Bucsa v zvezi z zdaj\u0161njimi slovenskimi zapleti tudi glede privatizacije NLB. Kar zadeva nujne reforme, v Unicreditu izpostavljajo predvsem trg dela \u2013 kjer v Sloveniji\u00a0&#8230;<\/p>\n","protected":false},"excerpt":{"rendered":"<p>Kategorija: Finance Wed, 17 Jan 2018 18:00:00 +0100  Dunaj \u2013 Slovenija je zdaj v dobri kondiciji, dosega najvi\u0161jo stopnjo gospodarske rasti v regiji, apetit za reforme se je zato zmanj\u0161al, \u010deprav je prav zdaj\u0161nji \u010das za njihovo izvedbo najbolj primeren, pravi Dan Bucsa, glavni ekonomist Skupine Unicredit za Srednjo in Vzhodno Evropo.Analitiki Unicredita poudarjajo, da je Slovenija v zadnjih letih uspe\u0161no zmanj\u0161ala prora\u010dunski primanjkljaj, ustvarila gospodarsko rast in oklestila slaba ban\u010dna posojila, in hkrati opozarjajo, da nas \u010daka \u0161e zadnji korak, privatizacija dr\u017eavnih bank. \u00bbVelik dele\u017e bank je \u0161e v dr\u017eavni lasti, njihova pretekla slaba posojila so bila razre\u0161ena na ra\u010dun davkopla\u010devalcev, upam da se to v prihodnjem desetletju ne bo ponovilo,\u00ab je poudaril Bucsa v zvezi z zdaj\u0161njimi slovenskimi zapleti tudi glede privatizacije NLB. Kar zadeva nujne reforme, v Unicreditu izpostavljajo predvsem trg dela \u2013 kjer v Sloveniji\u00a0&#8230;<\/p>\n","protected":false},"author":1,"featured_media":0,"comment_status":"closed","ping_status":"closed","sticky":false,"template":"","format":"standard","meta":{"footnotes":""},"categories":[1179],"tags":[],"source":[1703],"supertag":[],"acf":[],"yoast_head":"<!-- This site is optimized with the Yoast SEO plugin v21.3 - https:\/\/yoast.com\/wordpress\/plugins\/seo\/ -->\n<title>Sloveniji gre dobro, \u017eelje po reformah zato manj\u0161e - Hudo Slovenija<\/title>\n<meta name=\"robots\" content=\"index, follow, max-snippet:-1, max-image-preview:large, max-video-preview:-1\" \/>\n<link rel=\"canonical\" href=\"https:\/\/hudo.com\/si\/aktualno\/sloveniji-gre-dobro-zelje-po-reformah-zato-manjse\/\" \/>\n<meta property=\"og:locale\" content=\"sl_SI\" \/>\n<meta property=\"og:type\" content=\"article\" \/>\n<meta property=\"og:title\" content=\"Sloveniji gre dobro, \u017eelje po reformah zato manj\u0161e - Hudo Slovenija\" \/>\n<meta property=\"og:description\" content=\"Kategorija: Finance Wed, 17 Jan 2018 18:00:00 +0100 Dunaj \u2013 Slovenija je zdaj v dobri kondiciji, dosega najvi\u0161jo stopnjo gospodarske rasti v regiji, apetit za reforme se je zato zmanj\u0161al, \u010deprav je prav zdaj\u0161nji \u010das za njihovo izvedbo najbolj primeren, pravi Dan Bucsa, glavni ekonomist Skupine Unicredit za Srednjo in Vzhodno Evropo.Analitiki Unicredita poudarjajo, da je Slovenija v zadnjih letih uspe\u0161no zmanj\u0161ala prora\u010dunski primanjkljaj, ustvarila gospodarsko rast in oklestila slaba ban\u010dna posojila, in hkrati opozarjajo, da nas \u010daka \u0161e zadnji korak, privatizacija dr\u017eavnih bank. \u00bbVelik dele\u017e bank je \u0161e v dr\u017eavni lasti, njihova pretekla slaba posojila so bila razre\u0161ena na ra\u010dun davkopla\u010devalcev, upam da se to v prihodnjem desetletju ne bo ponovilo,\u00ab je poudaril Bucsa v zvezi z zdaj\u0161njimi slovenskimi zapleti tudi glede privatizacije NLB. Kar zadeva nujne reforme, v Unicreditu izpostavljajo predvsem trg dela \u2013 kjer v Sloveniji\u00a0...\" \/>\n<meta property=\"og:url\" content=\"https:\/\/hudo.com\/si\/aktualno\/sloveniji-gre-dobro-zelje-po-reformah-zato-manjse\/\" \/>\n<meta property=\"og:site_name\" content=\"Hudo Slovenija\" \/>\n<meta property=\"article:publisher\" content=\"https:\/\/www.facebook.com\/hudo.si\" \/>\n<meta property=\"article:published_time\" content=\"2018-01-17T16:00:00+00:00\" \/>\n<meta property=\"og:image\" content=\"https:\/\/hudo.com\/si\/wp-content\/uploads\/sites\/2\/2018\/01\/480x290_Gospodarska__djvu_2596479_g_hires0.jpeg\" \/>\n\t<meta property=\"og:image:width\" content=\"480\" \/>\n\t<meta property=\"og:image:height\" content=\"290\" \/>\n\t<meta property=\"og:image:type\" content=\"image\/jpeg\" \/>\n<meta name=\"author\" content=\"hudo\" \/>\n<meta name=\"twitter:card\" content=\"summary_large_image\" \/>\n<meta name=\"twitter:creator\" content=\"@hudo_si\" \/>\n<meta name=\"twitter:site\" content=\"@hudo_si\" \/>\n<meta name=\"twitter:label1\" content=\"Written by\" \/>\n\t<meta name=\"twitter:data1\" content=\"hudo\" \/>\n\t<meta name=\"twitter:label2\" content=\"Est. reading time\" \/>\n\t<meta name=\"twitter:data2\" content=\"1 minuta\" \/>\n<script type=\"application\/ld+json\" class=\"yoast-schema-graph\">{\"@context\":\"https:\/\/schema.org\",\"@graph\":[{\"@type\":\"Article\",\"@id\":\"https:\/\/hudo.com\/si\/aktualno\/sloveniji-gre-dobro-zelje-po-reformah-zato-manjse\/#article\",\"isPartOf\":{\"@id\":\"https:\/\/hudo.com\/si\/aktualno\/sloveniji-gre-dobro-zelje-po-reformah-zato-manjse\/\"},\"author\":{\"name\":\"hudo\",\"@id\":\"https:\/\/hudo.com\/si\/#\/schema\/person\/601cf3379633985b20f7e50f2bb47707\"},\"headline\":\"Sloveniji gre dobro, \u017eelje po reformah zato manj\u0161e\",\"datePublished\":\"2018-01-17T16:00:00+00:00\",\"dateModified\":\"2018-01-17T16:00:00+00:00\",\"mainEntityOfPage\":{\"@id\":\"https:\/\/hudo.com\/si\/aktualno\/sloveniji-gre-dobro-zelje-po-reformah-zato-manjse\/\"},\"wordCount\":156,\"publisher\":{\"@id\":\"https:\/\/hudo.com\/si\/#organization\"},\"articleSection\":[\"Aktualno\"],\"inLanguage\":\"sl-SI\"},{\"@type\":\"WebPage\",\"@id\":\"https:\/\/hudo.com\/si\/aktualno\/sloveniji-gre-dobro-zelje-po-reformah-zato-manjse\/\",\"url\":\"https:\/\/hudo.com\/si\/aktualno\/sloveniji-gre-dobro-zelje-po-reformah-zato-manjse\/\",\"name\":\"Sloveniji gre dobro, \u017eelje po reformah zato manj\u0161e - Hudo Slovenija\",\"isPartOf\":{\"@id\":\"https:\/\/hudo.com\/si\/#website\"},\"datePublished\":\"2018-01-17T16:00:00+00:00\",\"dateModified\":\"2018-01-17T16:00:00+00:00\",\"breadcrumb\":{\"@id\":\"https:\/\/hudo.com\/si\/aktualno\/sloveniji-gre-dobro-zelje-po-reformah-zato-manjse\/#breadcrumb\"},\"inLanguage\":\"sl-SI\",\"potentialAction\":[{\"@type\":\"ReadAction\",\"target\":[\"https:\/\/hudo.com\/si\/aktualno\/sloveniji-gre-dobro-zelje-po-reformah-zato-manjse\/\"]}]},{\"@type\":\"BreadcrumbList\",\"@id\":\"https:\/\/hudo.com\/si\/aktualno\/sloveniji-gre-dobro-zelje-po-reformah-zato-manjse\/#breadcrumb\",\"itemListElement\":[{\"@type\":\"ListItem\",\"position\":1,\"name\":\"Home\",\"item\":\"https:\/\/hudo.com\/si\/\"},{\"@type\":\"ListItem\",\"position\":2,\"name\":\"Sloveniji gre dobro, \u017eelje po reformah zato manj\u0161e\"}]},{\"@type\":\"WebSite\",\"@id\":\"https:\/\/hudo.com\/si\/#website\",\"url\":\"https:\/\/hudo.com\/si\/\",\"name\":\"Hudo Slovenija\",\"description\":\"Vse novice iz Slovenije in sveta\",\"publisher\":{\"@id\":\"https:\/\/hudo.com\/si\/#organization\"},\"potentialAction\":[{\"@type\":\"SearchAction\",\"target\":{\"@type\":\"EntryPoint\",\"urlTemplate\":\"https:\/\/hudo.com\/si\/?s={search_term_string}\"},\"query-input\":\"required name=search_term_string\"}],\"inLanguage\":\"sl-SI\"},{\"@type\":\"Organization\",\"@id\":\"https:\/\/hudo.com\/si\/#organization\",\"name\":\"VSN Media\",\"url\":\"https:\/\/hudo.com\/si\/\",\"logo\":{\"@type\":\"ImageObject\",\"inLanguage\":\"sl-SI\",\"@id\":\"https:\/\/hudo.com\/si\/#\/schema\/logo\/image\/\",\"url\":\"https:\/\/hudo.com\/si\/wp-content\/uploads\/sites\/2\/2021\/03\/hudo-app-2.png\",\"contentUrl\":\"https:\/\/hudo.com\/si\/wp-content\/uploads\/sites\/2\/2021\/03\/hudo-app-2.png\",\"width\":2185,\"height\":2167,\"caption\":\"VSN Media\"},\"image\":{\"@id\":\"https:\/\/hudo.com\/si\/#\/schema\/logo\/image\/\"},\"sameAs\":[\"https:\/\/www.facebook.com\/hudo.si\",\"https:\/\/twitter.com\/hudo_si\"]},{\"@type\":\"Person\",\"@id\":\"https:\/\/hudo.com\/si\/#\/schema\/person\/601cf3379633985b20f7e50f2bb47707\",\"name\":\"hudo\",\"image\":{\"@type\":\"ImageObject\",\"inLanguage\":\"sl-SI\",\"@id\":\"https:\/\/hudo.com\/si\/#\/schema\/person\/image\/\",\"url\":\"https:\/\/secure.gravatar.com\/avatar\/c4ca25fa72cace7a696b52ff5db9e095?s=96&d=mm&r=g\",\"contentUrl\":\"https:\/\/secure.gravatar.com\/avatar\/c4ca25fa72cace7a696b52ff5db9e095?s=96&d=mm&r=g\",\"caption\":\"hudo\"},\"url\":\"https:\/\/hudo.com\/si\/author\/hudo\/\"}]}<\/script>\n<!-- \/ Yoast SEO plugin. -->","yoast_head_json":{"title":"Sloveniji gre dobro, \u017eelje po reformah zato manj\u0161e - Hudo Slovenija","robots":{"index":"index","follow":"follow","max-snippet":"max-snippet:-1","max-image-preview":"max-image-preview:large","max-video-preview":"max-video-preview:-1"},"canonical":"https:\/\/hudo.com\/si\/aktualno\/sloveniji-gre-dobro-zelje-po-reformah-zato-manjse\/","og_locale":"sl_SI","og_type":"article","og_title":"Sloveniji gre dobro, \u017eelje po reformah zato manj\u0161e - Hudo Slovenija","og_description":"Kategorija: Finance Wed, 17 Jan 2018 18:00:00 +0100 Dunaj \u2013 Slovenija je zdaj v dobri kondiciji, dosega najvi\u0161jo stopnjo gospodarske rasti v regiji, apetit za reforme se je zato zmanj\u0161al, \u010deprav je prav zdaj\u0161nji \u010das za njihovo izvedbo najbolj primeren, pravi Dan Bucsa, glavni ekonomist Skupine Unicredit za Srednjo in Vzhodno Evropo.Analitiki Unicredita poudarjajo, da je Slovenija v zadnjih letih uspe\u0161no zmanj\u0161ala prora\u010dunski primanjkljaj, ustvarila gospodarsko rast in oklestila slaba ban\u010dna posojila, in hkrati opozarjajo, da nas \u010daka \u0161e zadnji korak, privatizacija dr\u017eavnih bank. \u00bbVelik dele\u017e bank je \u0161e v dr\u017eavni lasti, njihova pretekla slaba posojila so bila razre\u0161ena na ra\u010dun davkopla\u010devalcev, upam da se to v prihodnjem desetletju ne bo ponovilo,\u00ab je poudaril Bucsa v zvezi z zdaj\u0161njimi slovenskimi zapleti tudi glede privatizacije NLB. Kar zadeva nujne reforme, v Unicreditu izpostavljajo predvsem trg dela \u2013 kjer v Sloveniji\u00a0...","og_url":"https:\/\/hudo.com\/si\/aktualno\/sloveniji-gre-dobro-zelje-po-reformah-zato-manjse\/","og_site_name":"Hudo Slovenija","article_publisher":"https:\/\/www.facebook.com\/hudo.si","article_published_time":"2018-01-17T16:00:00+00:00","og_image":[{"width":480,"height":290,"url":"https:\/\/hudo.com\/si\/wp-content\/uploads\/sites\/2\/2018\/01\/480x290_Gospodarska__djvu_2596479_g_hires0.jpeg","type":"image\/jpeg"}],"author":"hudo","twitter_card":"summary_large_image","twitter_creator":"@hudo_si","twitter_site":"@hudo_si","twitter_misc":{"Written by":"hudo","Est. reading time":"1 minuta"},"schema":{"@context":"https:\/\/schema.org","@graph":[{"@type":"Article","@id":"https:\/\/hudo.com\/si\/aktualno\/sloveniji-gre-dobro-zelje-po-reformah-zato-manjse\/#article","isPartOf":{"@id":"https:\/\/hudo.com\/si\/aktualno\/sloveniji-gre-dobro-zelje-po-reformah-zato-manjse\/"},"author":{"name":"hudo","@id":"https:\/\/hudo.com\/si\/#\/schema\/person\/601cf3379633985b20f7e50f2bb47707"},"headline":"Sloveniji gre dobro, \u017eelje po reformah zato manj\u0161e","datePublished":"2018-01-17T16:00:00+00:00","dateModified":"2018-01-17T16:00:00+00:00","mainEntityOfPage":{"@id":"https:\/\/hudo.com\/si\/aktualno\/sloveniji-gre-dobro-zelje-po-reformah-zato-manjse\/"},"wordCount":156,"publisher":{"@id":"https:\/\/hudo.com\/si\/#organization"},"articleSection":["Aktualno"],"inLanguage":"sl-SI"},{"@type":"WebPage","@id":"https:\/\/hudo.com\/si\/aktualno\/sloveniji-gre-dobro-zelje-po-reformah-zato-manjse\/","url":"https:\/\/hudo.com\/si\/aktualno\/sloveniji-gre-dobro-zelje-po-reformah-zato-manjse\/","name":"Sloveniji gre dobro, \u017eelje po reformah zato manj\u0161e - Hudo Slovenija","isPartOf":{"@id":"https:\/\/hudo.com\/si\/#website"},"datePublished":"2018-01-17T16:00:00+00:00","dateModified":"2018-01-17T16:00:00+00:00","breadcrumb":{"@id":"https:\/\/hudo.com\/si\/aktualno\/sloveniji-gre-dobro-zelje-po-reformah-zato-manjse\/#breadcrumb"},"inLanguage":"sl-SI","potentialAction":[{"@type":"ReadAction","target":["https:\/\/hudo.com\/si\/aktualno\/sloveniji-gre-dobro-zelje-po-reformah-zato-manjse\/"]}]},{"@type":"BreadcrumbList","@id":"https:\/\/hudo.com\/si\/aktualno\/sloveniji-gre-dobro-zelje-po-reformah-zato-manjse\/#breadcrumb","itemListElement":[{"@type":"ListItem","position":1,"name":"Home","item":"https:\/\/hudo.com\/si\/"},{"@type":"ListItem","position":2,"name":"Sloveniji gre dobro, \u017eelje po reformah zato manj\u0161e"}]},{"@type":"WebSite","@id":"https:\/\/hudo.com\/si\/#website","url":"https:\/\/hudo.com\/si\/","name":"Hudo Slovenija","description":"Vse novice iz Slovenije in sveta","publisher":{"@id":"https:\/\/hudo.com\/si\/#organization"},"potentialAction":[{"@type":"SearchAction","target":{"@type":"EntryPoint","urlTemplate":"https:\/\/hudo.com\/si\/?s={search_term_string}"},"query-input":"required name=search_term_string"}],"inLanguage":"sl-SI"},{"@type":"Organization","@id":"https:\/\/hudo.com\/si\/#organization","name":"VSN Media","url":"https:\/\/hudo.com\/si\/","logo":{"@type":"ImageObject","inLanguage":"sl-SI","@id":"https:\/\/hudo.com\/si\/#\/schema\/logo\/image\/","url":"https:\/\/hudo.com\/si\/wp-content\/uploads\/sites\/2\/2021\/03\/hudo-app-2.png","contentUrl":"https:\/\/hudo.com\/si\/wp-content\/uploads\/sites\/2\/2021\/03\/hudo-app-2.png","width":2185,"height":2167,"caption":"VSN Media"},"image":{"@id":"https:\/\/hudo.com\/si\/#\/schema\/logo\/image\/"},"sameAs":["https:\/\/www.facebook.com\/hudo.si","https:\/\/twitter.com\/hudo_si"]},{"@type":"Person","@id":"https:\/\/hudo.com\/si\/#\/schema\/person\/601cf3379633985b20f7e50f2bb47707","name":"hudo","image":{"@type":"ImageObject","inLanguage":"sl-SI","@id":"https:\/\/hudo.com\/si\/#\/schema\/person\/image\/","url":"https:\/\/secure.gravatar.com\/avatar\/c4ca25fa72cace7a696b52ff5db9e095?s=96&d=mm&r=g","contentUrl":"https:\/\/secure.gravatar.com\/avatar\/c4ca25fa72cace7a696b52ff5db9e095?s=96&d=mm&r=g","caption":"hudo"},"url":"https:\/\/hudo.com\/si\/author\/hudo\/"}]}},"amp_enabled":true,"_links":{"self":[{"href":"https:\/\/hudo.com\/si\/wp-json\/wp\/v2\/posts\/349464"}],"collection":[{"href":"https:\/\/hudo.com\/si\/wp-json\/wp\/v2\/posts"}],"about":[{"href":"https:\/\/hudo.com\/si\/wp-json\/wp\/v2\/types\/post"}],"author":[{"embeddable":true,"href":"https:\/\/hudo.com\/si\/wp-json\/wp\/v2\/users\/1"}],"replies":[{"embeddable":true,"href":"https:\/\/hudo.com\/si\/wp-json\/wp\/v2\/comments?post=349464"}],"version-history":[{"count":0,"href":"https:\/\/hudo.com\/si\/wp-json\/wp\/v2\/posts\/349464\/revisions"}],"wp:attachment":[{"href":"https:\/\/hudo.com\/si\/wp-json\/wp\/v2\/media?parent=349464"}],"wp:term":[{"taxonomy":"category","embeddable":true,"href":"https:\/\/hudo.com\/si\/wp-json\/wp\/v2\/categories?post=349464"},{"taxonomy":"post_tag","embeddable":true,"href":"https:\/\/hudo.com\/si\/wp-json\/wp\/v2\/tags?post=349464"},{"taxonomy":"source","embeddable":true,"href":"https:\/\/hudo.com\/si\/wp-json\/wp\/v2\/source?post=349464"},{"taxonomy":"supertag","embeddable":true,"href":"https:\/\/hudo.com\/si\/wp-json\/wp\/v2\/supertag?post=349464"}],"curies":[{"name":"wp","href":"https:\/\/api.w.org\/{rel}","templated":true}]}}