{"id":349482,"date":"2018-01-17T16:16:00","date_gmt":"2018-01-17T15:16:00","guid":{"rendered":"http:\/\/hudo.com\/si\/2018\/01\/17\/usklajevanja-glede-zakona-o-zdravstvenem-varstvu-se-ni-konec\/"},"modified":"2018-01-17T16:16:00","modified_gmt":"2018-01-17T15:16:00","slug":"usklajevanja-glede-zakona-o-zdravstvenem-varstvu-se-ni-konec","status":"publish","type":"post","link":"https:\/\/hudo.com\/si\/aktualno\/usklajevanja-glede-zakona-o-zdravstvenem-varstvu-se-ni-konec\/","title":{"rendered":"Usklajevanja glede zakona o zdravstvenem varstvu \u0161e ni konec"},"content":{"rendered":"<p>Kategorija: Politika Wed, 17 Jan 2018 17:16:00 +0100  Ljubljana &#8211; Ministrica za zdravje Milojka Kolar Celarc je predstavnikom koalicije predstavila predlog zakona o zdravstvenem varstvu in zdravstvenem zavarovanju, poro\u010da STA. Koalicijski partnerji bodo do 29. januarja ministrstvu poslali pripombe, ministrica pa je \u017ee napovedala, da bodo nekatere upo\u0161tevali. O\u010ditno bodo iskali kompromis predvsem glede zdravstvenega dodatka. Kolar Celar\u010deva je dosedanje usklajevanje ovrednotila pozitivno in dejala, da so pogovori potekali dobro tako s sindikalno in delodajalsko stranjo kot s koalicijo. Poudarila je, da bo zakon pomenil tudi bolj\u0161o dolgoro\u010dno finan\u010dno stabilnost, saj se spreminja struktura virov financiranja &#8211; iz prora\u010dunskih treh odstotkov na sedem odstotkov. Na o\u010ditke koalicije, da je zadnji predlog lestvice zdravstvenega dopla\u010dila manj solidaren, je Kolar Celar\u010deva odgovorila, da je predlagana re\u0161itev kompromis, ki so ga po dolgotrajnih usklajevanjih dosegli z ministrstvom za finance. Predlagana re\u0161itev\u00a0&#8230;<\/p>\n","protected":false},"excerpt":{"rendered":"<p>Kategorija: Politika Wed, 17 Jan 2018 17:16:00 +0100  Ljubljana &#8211; Ministrica za zdravje Milojka Kolar Celarc je predstavnikom koalicije predstavila predlog zakona o zdravstvenem varstvu in zdravstvenem zavarovanju, poro\u010da STA. Koalicijski partnerji bodo do 29. januarja ministrstvu poslali pripombe, ministrica pa je \u017ee napovedala, da bodo nekatere upo\u0161tevali. O\u010ditno bodo iskali kompromis predvsem glede zdravstvenega dodatka. Kolar Celar\u010deva je dosedanje usklajevanje ovrednotila pozitivno in dejala, da so pogovori potekali dobro tako s sindikalno in delodajalsko stranjo kot s koalicijo. Poudarila je, da bo zakon pomenil tudi bolj\u0161o dolgoro\u010dno finan\u010dno stabilnost, saj se spreminja struktura virov financiranja &#8211; iz prora\u010dunskih treh odstotkov na sedem odstotkov. Na o\u010ditke koalicije, da je zadnji predlog lestvice zdravstvenega dopla\u010dila manj solidaren, je Kolar Celar\u010deva odgovorila, da je predlagana re\u0161itev kompromis, ki so ga po dolgotrajnih usklajevanjih dosegli z ministrstvom za finance. Predlagana re\u0161itev\u00a0&#8230;<\/p>\n","protected":false},"author":1,"featured_media":0,"comment_status":"closed","ping_status":"closed","sticky":false,"template":"","format":"standard","meta":{"footnotes":""},"categories":[1179],"tags":[],"source":[1703],"supertag":[],"acf":[],"yoast_head":"<!-- This site is optimized with the Yoast SEO plugin v21.3 - https:\/\/yoast.com\/wordpress\/plugins\/seo\/ -->\n<title>Usklajevanja glede zakona o zdravstvenem varstvu \u0161e ni konec - Hudo Slovenija<\/title>\n<meta name=\"robots\" content=\"index, follow, max-snippet:-1, max-image-preview:large, max-video-preview:-1\" \/>\n<link rel=\"canonical\" href=\"https:\/\/hudo.com\/si\/aktualno\/usklajevanja-glede-zakona-o-zdravstvenem-varstvu-se-ni-konec\/\" \/>\n<meta property=\"og:locale\" content=\"sl_SI\" \/>\n<meta property=\"og:type\" content=\"article\" \/>\n<meta property=\"og:title\" content=\"Usklajevanja glede zakona o zdravstvenem varstvu \u0161e ni konec - Hudo Slovenija\" \/>\n<meta property=\"og:description\" content=\"Kategorija: Politika Wed, 17 Jan 2018 17:16:00 +0100 Ljubljana - Ministrica za zdravje Milojka Kolar Celarc je predstavnikom koalicije predstavila predlog zakona o zdravstvenem varstvu in zdravstvenem zavarovanju, poro\u010da STA. Koalicijski partnerji bodo do 29. januarja ministrstvu poslali pripombe, ministrica pa je \u017ee napovedala, da bodo nekatere upo\u0161tevali. O\u010ditno bodo iskali kompromis predvsem glede zdravstvenega dodatka. Kolar Celar\u010deva je dosedanje usklajevanje ovrednotila pozitivno in dejala, da so pogovori potekali dobro tako s sindikalno in delodajalsko stranjo kot s koalicijo. Poudarila je, da bo zakon pomenil tudi bolj\u0161o dolgoro\u010dno finan\u010dno stabilnost, saj se spreminja struktura virov financiranja - iz prora\u010dunskih treh odstotkov na sedem odstotkov. Na o\u010ditke koalicije, da je zadnji predlog lestvice zdravstvenega dopla\u010dila manj solidaren, je Kolar Celar\u010deva odgovorila, da je predlagana re\u0161itev kompromis, ki so ga po dolgotrajnih usklajevanjih dosegli z ministrstvom za finance. Predlagana re\u0161itev\u00a0...\" \/>\n<meta property=\"og:url\" content=\"https:\/\/hudo.com\/si\/aktualno\/usklajevanja-glede-zakona-o-zdravstvenem-varstvu-se-ni-konec\/\" \/>\n<meta property=\"og:site_name\" content=\"Hudo Slovenija\" \/>\n<meta property=\"article:publisher\" content=\"https:\/\/www.facebook.com\/hudo.si\" \/>\n<meta property=\"article:published_time\" content=\"2018-01-17T15:16:00+00:00\" \/>\n<meta property=\"og:image\" content=\"https:\/\/hudo.com\/si\/wp-content\/uploads\/sites\/2\/2018\/01\/480x290_djvu_1742682_kebert_mpi-Klinicni-center.jpeg\" \/>\n\t<meta property=\"og:image:width\" content=\"480\" \/>\n\t<meta property=\"og:image:height\" content=\"290\" \/>\n\t<meta property=\"og:image:type\" content=\"image\/jpeg\" \/>\n<meta name=\"author\" content=\"hudo\" \/>\n<meta name=\"twitter:card\" content=\"summary_large_image\" \/>\n<meta name=\"twitter:creator\" content=\"@hudo_si\" \/>\n<meta name=\"twitter:site\" content=\"@hudo_si\" \/>\n<meta name=\"twitter:label1\" content=\"Written by\" \/>\n\t<meta name=\"twitter:data1\" content=\"hudo\" \/>\n\t<meta name=\"twitter:label2\" content=\"Est. reading time\" \/>\n\t<meta name=\"twitter:data2\" content=\"1 minuta\" \/>\n<script type=\"application\/ld+json\" class=\"yoast-schema-graph\">{\"@context\":\"https:\/\/schema.org\",\"@graph\":[{\"@type\":\"Article\",\"@id\":\"https:\/\/hudo.com\/si\/aktualno\/usklajevanja-glede-zakona-o-zdravstvenem-varstvu-se-ni-konec\/#article\",\"isPartOf\":{\"@id\":\"https:\/\/hudo.com\/si\/aktualno\/usklajevanja-glede-zakona-o-zdravstvenem-varstvu-se-ni-konec\/\"},\"author\":{\"name\":\"hudo\",\"@id\":\"https:\/\/hudo.com\/si\/#\/schema\/person\/601cf3379633985b20f7e50f2bb47707\"},\"headline\":\"Usklajevanja glede zakona o zdravstvenem varstvu \u0161e ni konec\",\"datePublished\":\"2018-01-17T15:16:00+00:00\",\"dateModified\":\"2018-01-17T15:16:00+00:00\",\"mainEntityOfPage\":{\"@id\":\"https:\/\/hudo.com\/si\/aktualno\/usklajevanja-glede-zakona-o-zdravstvenem-varstvu-se-ni-konec\/\"},\"wordCount\":155,\"publisher\":{\"@id\":\"https:\/\/hudo.com\/si\/#organization\"},\"articleSection\":[\"Aktualno\"],\"inLanguage\":\"sl-SI\"},{\"@type\":\"WebPage\",\"@id\":\"https:\/\/hudo.com\/si\/aktualno\/usklajevanja-glede-zakona-o-zdravstvenem-varstvu-se-ni-konec\/\",\"url\":\"https:\/\/hudo.com\/si\/aktualno\/usklajevanja-glede-zakona-o-zdravstvenem-varstvu-se-ni-konec\/\",\"name\":\"Usklajevanja glede zakona o zdravstvenem varstvu \u0161e ni konec - Hudo Slovenija\",\"isPartOf\":{\"@id\":\"https:\/\/hudo.com\/si\/#website\"},\"datePublished\":\"2018-01-17T15:16:00+00:00\",\"dateModified\":\"2018-01-17T15:16:00+00:00\",\"breadcrumb\":{\"@id\":\"https:\/\/hudo.com\/si\/aktualno\/usklajevanja-glede-zakona-o-zdravstvenem-varstvu-se-ni-konec\/#breadcrumb\"},\"inLanguage\":\"sl-SI\",\"potentialAction\":[{\"@type\":\"ReadAction\",\"target\":[\"https:\/\/hudo.com\/si\/aktualno\/usklajevanja-glede-zakona-o-zdravstvenem-varstvu-se-ni-konec\/\"]}]},{\"@type\":\"BreadcrumbList\",\"@id\":\"https:\/\/hudo.com\/si\/aktualno\/usklajevanja-glede-zakona-o-zdravstvenem-varstvu-se-ni-konec\/#breadcrumb\",\"itemListElement\":[{\"@type\":\"ListItem\",\"position\":1,\"name\":\"Home\",\"item\":\"https:\/\/hudo.com\/si\/\"},{\"@type\":\"ListItem\",\"position\":2,\"name\":\"Usklajevanja glede zakona o zdravstvenem varstvu \u0161e ni konec\"}]},{\"@type\":\"WebSite\",\"@id\":\"https:\/\/hudo.com\/si\/#website\",\"url\":\"https:\/\/hudo.com\/si\/\",\"name\":\"Hudo Slovenija\",\"description\":\"Vse novice iz Slovenije in sveta\",\"publisher\":{\"@id\":\"https:\/\/hudo.com\/si\/#organization\"},\"potentialAction\":[{\"@type\":\"SearchAction\",\"target\":{\"@type\":\"EntryPoint\",\"urlTemplate\":\"https:\/\/hudo.com\/si\/?s={search_term_string}\"},\"query-input\":\"required name=search_term_string\"}],\"inLanguage\":\"sl-SI\"},{\"@type\":\"Organization\",\"@id\":\"https:\/\/hudo.com\/si\/#organization\",\"name\":\"VSN Media\",\"url\":\"https:\/\/hudo.com\/si\/\",\"logo\":{\"@type\":\"ImageObject\",\"inLanguage\":\"sl-SI\",\"@id\":\"https:\/\/hudo.com\/si\/#\/schema\/logo\/image\/\",\"url\":\"https:\/\/hudo.com\/si\/wp-content\/uploads\/sites\/2\/2021\/03\/hudo-app-2.png\",\"contentUrl\":\"https:\/\/hudo.com\/si\/wp-content\/uploads\/sites\/2\/2021\/03\/hudo-app-2.png\",\"width\":2185,\"height\":2167,\"caption\":\"VSN Media\"},\"image\":{\"@id\":\"https:\/\/hudo.com\/si\/#\/schema\/logo\/image\/\"},\"sameAs\":[\"https:\/\/www.facebook.com\/hudo.si\",\"https:\/\/twitter.com\/hudo_si\"]},{\"@type\":\"Person\",\"@id\":\"https:\/\/hudo.com\/si\/#\/schema\/person\/601cf3379633985b20f7e50f2bb47707\",\"name\":\"hudo\",\"image\":{\"@type\":\"ImageObject\",\"inLanguage\":\"sl-SI\",\"@id\":\"https:\/\/hudo.com\/si\/#\/schema\/person\/image\/\",\"url\":\"https:\/\/secure.gravatar.com\/avatar\/c4ca25fa72cace7a696b52ff5db9e095?s=96&d=mm&r=g\",\"contentUrl\":\"https:\/\/secure.gravatar.com\/avatar\/c4ca25fa72cace7a696b52ff5db9e095?s=96&d=mm&r=g\",\"caption\":\"hudo\"},\"url\":\"https:\/\/hudo.com\/si\/author\/hudo\/\"}]}<\/script>\n<!-- \/ Yoast SEO plugin. -->","yoast_head_json":{"title":"Usklajevanja glede zakona o zdravstvenem varstvu \u0161e ni konec - Hudo Slovenija","robots":{"index":"index","follow":"follow","max-snippet":"max-snippet:-1","max-image-preview":"max-image-preview:large","max-video-preview":"max-video-preview:-1"},"canonical":"https:\/\/hudo.com\/si\/aktualno\/usklajevanja-glede-zakona-o-zdravstvenem-varstvu-se-ni-konec\/","og_locale":"sl_SI","og_type":"article","og_title":"Usklajevanja glede zakona o zdravstvenem varstvu \u0161e ni konec - Hudo Slovenija","og_description":"Kategorija: Politika Wed, 17 Jan 2018 17:16:00 +0100 Ljubljana - Ministrica za zdravje Milojka Kolar Celarc je predstavnikom koalicije predstavila predlog zakona o zdravstvenem varstvu in zdravstvenem zavarovanju, poro\u010da STA. Koalicijski partnerji bodo do 29. januarja ministrstvu poslali pripombe, ministrica pa je \u017ee napovedala, da bodo nekatere upo\u0161tevali. O\u010ditno bodo iskali kompromis predvsem glede zdravstvenega dodatka. Kolar Celar\u010deva je dosedanje usklajevanje ovrednotila pozitivno in dejala, da so pogovori potekali dobro tako s sindikalno in delodajalsko stranjo kot s koalicijo. Poudarila je, da bo zakon pomenil tudi bolj\u0161o dolgoro\u010dno finan\u010dno stabilnost, saj se spreminja struktura virov financiranja - iz prora\u010dunskih treh odstotkov na sedem odstotkov. Na o\u010ditke koalicije, da je zadnji predlog lestvice zdravstvenega dopla\u010dila manj solidaren, je Kolar Celar\u010deva odgovorila, da je predlagana re\u0161itev kompromis, ki so ga po dolgotrajnih usklajevanjih dosegli z ministrstvom za finance. Predlagana re\u0161itev\u00a0...","og_url":"https:\/\/hudo.com\/si\/aktualno\/usklajevanja-glede-zakona-o-zdravstvenem-varstvu-se-ni-konec\/","og_site_name":"Hudo Slovenija","article_publisher":"https:\/\/www.facebook.com\/hudo.si","article_published_time":"2018-01-17T15:16:00+00:00","og_image":[{"width":480,"height":290,"url":"https:\/\/hudo.com\/si\/wp-content\/uploads\/sites\/2\/2018\/01\/480x290_djvu_1742682_kebert_mpi-Klinicni-center.jpeg","type":"image\/jpeg"}],"author":"hudo","twitter_card":"summary_large_image","twitter_creator":"@hudo_si","twitter_site":"@hudo_si","twitter_misc":{"Written by":"hudo","Est. reading time":"1 minuta"},"schema":{"@context":"https:\/\/schema.org","@graph":[{"@type":"Article","@id":"https:\/\/hudo.com\/si\/aktualno\/usklajevanja-glede-zakona-o-zdravstvenem-varstvu-se-ni-konec\/#article","isPartOf":{"@id":"https:\/\/hudo.com\/si\/aktualno\/usklajevanja-glede-zakona-o-zdravstvenem-varstvu-se-ni-konec\/"},"author":{"name":"hudo","@id":"https:\/\/hudo.com\/si\/#\/schema\/person\/601cf3379633985b20f7e50f2bb47707"},"headline":"Usklajevanja glede zakona o zdravstvenem varstvu \u0161e ni konec","datePublished":"2018-01-17T15:16:00+00:00","dateModified":"2018-01-17T15:16:00+00:00","mainEntityOfPage":{"@id":"https:\/\/hudo.com\/si\/aktualno\/usklajevanja-glede-zakona-o-zdravstvenem-varstvu-se-ni-konec\/"},"wordCount":155,"publisher":{"@id":"https:\/\/hudo.com\/si\/#organization"},"articleSection":["Aktualno"],"inLanguage":"sl-SI"},{"@type":"WebPage","@id":"https:\/\/hudo.com\/si\/aktualno\/usklajevanja-glede-zakona-o-zdravstvenem-varstvu-se-ni-konec\/","url":"https:\/\/hudo.com\/si\/aktualno\/usklajevanja-glede-zakona-o-zdravstvenem-varstvu-se-ni-konec\/","name":"Usklajevanja glede zakona o zdravstvenem varstvu \u0161e ni konec - Hudo Slovenija","isPartOf":{"@id":"https:\/\/hudo.com\/si\/#website"},"datePublished":"2018-01-17T15:16:00+00:00","dateModified":"2018-01-17T15:16:00+00:00","breadcrumb":{"@id":"https:\/\/hudo.com\/si\/aktualno\/usklajevanja-glede-zakona-o-zdravstvenem-varstvu-se-ni-konec\/#breadcrumb"},"inLanguage":"sl-SI","potentialAction":[{"@type":"ReadAction","target":["https:\/\/hudo.com\/si\/aktualno\/usklajevanja-glede-zakona-o-zdravstvenem-varstvu-se-ni-konec\/"]}]},{"@type":"BreadcrumbList","@id":"https:\/\/hudo.com\/si\/aktualno\/usklajevanja-glede-zakona-o-zdravstvenem-varstvu-se-ni-konec\/#breadcrumb","itemListElement":[{"@type":"ListItem","position":1,"name":"Home","item":"https:\/\/hudo.com\/si\/"},{"@type":"ListItem","position":2,"name":"Usklajevanja glede zakona o zdravstvenem varstvu \u0161e ni konec"}]},{"@type":"WebSite","@id":"https:\/\/hudo.com\/si\/#website","url":"https:\/\/hudo.com\/si\/","name":"Hudo Slovenija","description":"Vse novice iz Slovenije in sveta","publisher":{"@id":"https:\/\/hudo.com\/si\/#organization"},"potentialAction":[{"@type":"SearchAction","target":{"@type":"EntryPoint","urlTemplate":"https:\/\/hudo.com\/si\/?s={search_term_string}"},"query-input":"required name=search_term_string"}],"inLanguage":"sl-SI"},{"@type":"Organization","@id":"https:\/\/hudo.com\/si\/#organization","name":"VSN Media","url":"https:\/\/hudo.com\/si\/","logo":{"@type":"ImageObject","inLanguage":"sl-SI","@id":"https:\/\/hudo.com\/si\/#\/schema\/logo\/image\/","url":"https:\/\/hudo.com\/si\/wp-content\/uploads\/sites\/2\/2021\/03\/hudo-app-2.png","contentUrl":"https:\/\/hudo.com\/si\/wp-content\/uploads\/sites\/2\/2021\/03\/hudo-app-2.png","width":2185,"height":2167,"caption":"VSN Media"},"image":{"@id":"https:\/\/hudo.com\/si\/#\/schema\/logo\/image\/"},"sameAs":["https:\/\/www.facebook.com\/hudo.si","https:\/\/twitter.com\/hudo_si"]},{"@type":"Person","@id":"https:\/\/hudo.com\/si\/#\/schema\/person\/601cf3379633985b20f7e50f2bb47707","name":"hudo","image":{"@type":"ImageObject","inLanguage":"sl-SI","@id":"https:\/\/hudo.com\/si\/#\/schema\/person\/image\/","url":"https:\/\/secure.gravatar.com\/avatar\/c4ca25fa72cace7a696b52ff5db9e095?s=96&d=mm&r=g","contentUrl":"https:\/\/secure.gravatar.com\/avatar\/c4ca25fa72cace7a696b52ff5db9e095?s=96&d=mm&r=g","caption":"hudo"},"url":"https:\/\/hudo.com\/si\/author\/hudo\/"}]}},"amp_enabled":true,"_links":{"self":[{"href":"https:\/\/hudo.com\/si\/wp-json\/wp\/v2\/posts\/349482"}],"collection":[{"href":"https:\/\/hudo.com\/si\/wp-json\/wp\/v2\/posts"}],"about":[{"href":"https:\/\/hudo.com\/si\/wp-json\/wp\/v2\/types\/post"}],"author":[{"embeddable":true,"href":"https:\/\/hudo.com\/si\/wp-json\/wp\/v2\/users\/1"}],"replies":[{"embeddable":true,"href":"https:\/\/hudo.com\/si\/wp-json\/wp\/v2\/comments?post=349482"}],"version-history":[{"count":0,"href":"https:\/\/hudo.com\/si\/wp-json\/wp\/v2\/posts\/349482\/revisions"}],"wp:attachment":[{"href":"https:\/\/hudo.com\/si\/wp-json\/wp\/v2\/media?parent=349482"}],"wp:term":[{"taxonomy":"category","embeddable":true,"href":"https:\/\/hudo.com\/si\/wp-json\/wp\/v2\/categories?post=349482"},{"taxonomy":"post_tag","embeddable":true,"href":"https:\/\/hudo.com\/si\/wp-json\/wp\/v2\/tags?post=349482"},{"taxonomy":"source","embeddable":true,"href":"https:\/\/hudo.com\/si\/wp-json\/wp\/v2\/source?post=349482"},{"taxonomy":"supertag","embeddable":true,"href":"https:\/\/hudo.com\/si\/wp-json\/wp\/v2\/supertag?post=349482"}],"curies":[{"name":"wp","href":"https:\/\/api.w.org\/{rel}","templated":true}]}}