{"id":349498,"date":"2018-01-17T15:13:30","date_gmt":"2018-01-17T14:13:30","guid":{"rendered":"http:\/\/hudo.com\/si\/2018\/01\/17\/merklova-vidi-dobro-osnovno-za-sodelovanje-z-novo-avstrijsko-vlado-2\/"},"modified":"2018-01-17T15:13:30","modified_gmt":"2018-01-17T14:13:30","slug":"merklova-vidi-dobro-osnovno-za-sodelovanje-z-novo-avstrijsko-vlado-2","status":"publish","type":"post","link":"https:\/\/hudo.com\/si\/aktualno\/merklova-vidi-dobro-osnovno-za-sodelovanje-z-novo-avstrijsko-vlado-2\/","title":{"rendered":"Merklova vidi dobro osnovno za sodelovanje z novo avstrijsko vlado"},"content":{"rendered":"<p>Nem\u0161ka kanclerka Angela Merkel je danes po sre\u010danju z avstrijskim kolegom Sebastianom Kurzem dejala, da bo novo avstrijsko vlado ocenila po njenih dejanjih, zaenkrat pa vidi dobro osnovo za sodelovanje. Kanclerja sta ugotovila, da imata podobno stali\u0161\u010de glede ve\u010dine evropskih vpra\u0161anj, vendar pa obstajajo tudi razhajanja.<\/p>\n","protected":false},"excerpt":{"rendered":"<p>Nem\u0161ka kanclerka Angela Merkel je danes po sre\u010danju z avstrijskim kolegom Sebastianom Kurzem dejala, da bo novo avstrijsko vlado ocenila po njenih dejanjih, zaenkrat pa vidi dobro osnovo za sodelovanje. Kanclerja sta ugotovila, da imata podobno stali\u0161\u010de glede ve\u010dine evropskih vpra\u0161anj, vendar pa obstajajo tudi razhajanja.<\/p>\n","protected":false},"author":1,"featured_media":0,"comment_status":"closed","ping_status":"closed","sticky":false,"template":"","format":"standard","meta":{"footnotes":""},"categories":[1179],"tags":[],"source":[9739],"supertag":[],"acf":[],"yoast_head":"<!-- This site is optimized with the Yoast SEO plugin v21.3 - https:\/\/yoast.com\/wordpress\/plugins\/seo\/ -->\n<title>Merklova vidi dobro osnovno za sodelovanje z novo avstrijsko vlado - Hudo Slovenija<\/title>\n<meta name=\"robots\" content=\"index, follow, max-snippet:-1, max-image-preview:large, max-video-preview:-1\" \/>\n<link rel=\"canonical\" href=\"https:\/\/hudo.com\/si\/aktualno\/merklova-vidi-dobro-osnovno-za-sodelovanje-z-novo-avstrijsko-vlado-2\/\" \/>\n<meta property=\"og:locale\" content=\"sl_SI\" \/>\n<meta property=\"og:type\" content=\"article\" \/>\n<meta property=\"og:title\" content=\"Merklova vidi dobro osnovno za sodelovanje z novo avstrijsko vlado - Hudo Slovenija\" \/>\n<meta property=\"og:description\" content=\"Nem\u0161ka kanclerka Angela Merkel je danes po sre\u010danju z avstrijskim kolegom Sebastianom Kurzem dejala, da bo novo avstrijsko vlado ocenila po njenih dejanjih, zaenkrat pa vidi dobro osnovo za sodelovanje. Kanclerja sta ugotovila, da imata podobno stali\u0161\u010de glede ve\u010dine evropskih vpra\u0161anj, vendar pa obstajajo tudi razhajanja.\" \/>\n<meta property=\"og:url\" content=\"https:\/\/hudo.com\/si\/aktualno\/merklova-vidi-dobro-osnovno-za-sodelovanje-z-novo-avstrijsko-vlado-2\/\" \/>\n<meta property=\"og:site_name\" content=\"Hudo Slovenija\" \/>\n<meta property=\"article:publisher\" content=\"https:\/\/www.facebook.com\/hudo.si\" \/>\n<meta property=\"article:published_time\" content=\"2018-01-17T14:13:30+00:00\" \/>\n<meta property=\"og:image\" content=\"https:\/\/hudo.com\/si\/wp-content\/uploads\/sites\/2\/2018\/01\/kurz_merkel_1.jpg\" \/>\n\t<meta property=\"og:image:width\" content=\"1000\" \/>\n\t<meta property=\"og:image:height\" content=\"563\" \/>\n\t<meta property=\"og:image:type\" content=\"image\/jpeg\" \/>\n<meta name=\"author\" content=\"hudo\" \/>\n<meta name=\"twitter:card\" content=\"summary_large_image\" \/>\n<meta name=\"twitter:creator\" content=\"@hudo_si\" \/>\n<meta name=\"twitter:site\" content=\"@hudo_si\" \/>\n<meta name=\"twitter:label1\" content=\"Written by\" \/>\n\t<meta name=\"twitter:data1\" content=\"hudo\" \/>\n<script type=\"application\/ld+json\" class=\"yoast-schema-graph\">{\"@context\":\"https:\/\/schema.org\",\"@graph\":[{\"@type\":\"Article\",\"@id\":\"https:\/\/hudo.com\/si\/aktualno\/merklova-vidi-dobro-osnovno-za-sodelovanje-z-novo-avstrijsko-vlado-2\/#article\",\"isPartOf\":{\"@id\":\"https:\/\/hudo.com\/si\/aktualno\/merklova-vidi-dobro-osnovno-za-sodelovanje-z-novo-avstrijsko-vlado-2\/\"},\"author\":{\"name\":\"hudo\",\"@id\":\"https:\/\/hudo.com\/si\/#\/schema\/person\/601cf3379633985b20f7e50f2bb47707\"},\"headline\":\"Merklova vidi dobro osnovno za sodelovanje z novo avstrijsko vlado\",\"datePublished\":\"2018-01-17T14:13:30+00:00\",\"dateModified\":\"2018-01-17T14:13:30+00:00\",\"mainEntityOfPage\":{\"@id\":\"https:\/\/hudo.com\/si\/aktualno\/merklova-vidi-dobro-osnovno-za-sodelovanje-z-novo-avstrijsko-vlado-2\/\"},\"wordCount\":61,\"publisher\":{\"@id\":\"https:\/\/hudo.com\/si\/#organization\"},\"articleSection\":[\"Aktualno\"],\"inLanguage\":\"sl-SI\"},{\"@type\":\"WebPage\",\"@id\":\"https:\/\/hudo.com\/si\/aktualno\/merklova-vidi-dobro-osnovno-za-sodelovanje-z-novo-avstrijsko-vlado-2\/\",\"url\":\"https:\/\/hudo.com\/si\/aktualno\/merklova-vidi-dobro-osnovno-za-sodelovanje-z-novo-avstrijsko-vlado-2\/\",\"name\":\"Merklova vidi dobro osnovno za sodelovanje z novo avstrijsko vlado - Hudo Slovenija\",\"isPartOf\":{\"@id\":\"https:\/\/hudo.com\/si\/#website\"},\"datePublished\":\"2018-01-17T14:13:30+00:00\",\"dateModified\":\"2018-01-17T14:13:30+00:00\",\"breadcrumb\":{\"@id\":\"https:\/\/hudo.com\/si\/aktualno\/merklova-vidi-dobro-osnovno-za-sodelovanje-z-novo-avstrijsko-vlado-2\/#breadcrumb\"},\"inLanguage\":\"sl-SI\",\"potentialAction\":[{\"@type\":\"ReadAction\",\"target\":[\"https:\/\/hudo.com\/si\/aktualno\/merklova-vidi-dobro-osnovno-za-sodelovanje-z-novo-avstrijsko-vlado-2\/\"]}]},{\"@type\":\"BreadcrumbList\",\"@id\":\"https:\/\/hudo.com\/si\/aktualno\/merklova-vidi-dobro-osnovno-za-sodelovanje-z-novo-avstrijsko-vlado-2\/#breadcrumb\",\"itemListElement\":[{\"@type\":\"ListItem\",\"position\":1,\"name\":\"Home\",\"item\":\"https:\/\/hudo.com\/si\/\"},{\"@type\":\"ListItem\",\"position\":2,\"name\":\"Merklova vidi dobro osnovno za sodelovanje z novo avstrijsko vlado\"}]},{\"@type\":\"WebSite\",\"@id\":\"https:\/\/hudo.com\/si\/#website\",\"url\":\"https:\/\/hudo.com\/si\/\",\"name\":\"Hudo Slovenija\",\"description\":\"Vse novice iz Slovenije in sveta\",\"publisher\":{\"@id\":\"https:\/\/hudo.com\/si\/#organization\"},\"potentialAction\":[{\"@type\":\"SearchAction\",\"target\":{\"@type\":\"EntryPoint\",\"urlTemplate\":\"https:\/\/hudo.com\/si\/?s={search_term_string}\"},\"query-input\":\"required name=search_term_string\"}],\"inLanguage\":\"sl-SI\"},{\"@type\":\"Organization\",\"@id\":\"https:\/\/hudo.com\/si\/#organization\",\"name\":\"VSN Media\",\"url\":\"https:\/\/hudo.com\/si\/\",\"logo\":{\"@type\":\"ImageObject\",\"inLanguage\":\"sl-SI\",\"@id\":\"https:\/\/hudo.com\/si\/#\/schema\/logo\/image\/\",\"url\":\"https:\/\/hudo.com\/si\/wp-content\/uploads\/sites\/2\/2021\/03\/hudo-app-2.png\",\"contentUrl\":\"https:\/\/hudo.com\/si\/wp-content\/uploads\/sites\/2\/2021\/03\/hudo-app-2.png\",\"width\":2185,\"height\":2167,\"caption\":\"VSN Media\"},\"image\":{\"@id\":\"https:\/\/hudo.com\/si\/#\/schema\/logo\/image\/\"},\"sameAs\":[\"https:\/\/www.facebook.com\/hudo.si\",\"https:\/\/twitter.com\/hudo_si\"]},{\"@type\":\"Person\",\"@id\":\"https:\/\/hudo.com\/si\/#\/schema\/person\/601cf3379633985b20f7e50f2bb47707\",\"name\":\"hudo\",\"image\":{\"@type\":\"ImageObject\",\"inLanguage\":\"sl-SI\",\"@id\":\"https:\/\/hudo.com\/si\/#\/schema\/person\/image\/\",\"url\":\"https:\/\/secure.gravatar.com\/avatar\/c4ca25fa72cace7a696b52ff5db9e095?s=96&d=mm&r=g\",\"contentUrl\":\"https:\/\/secure.gravatar.com\/avatar\/c4ca25fa72cace7a696b52ff5db9e095?s=96&d=mm&r=g\",\"caption\":\"hudo\"},\"url\":\"https:\/\/hudo.com\/si\/author\/hudo\/\"}]}<\/script>\n<!-- \/ Yoast SEO plugin. -->","yoast_head_json":{"title":"Merklova vidi dobro osnovno za sodelovanje z novo avstrijsko vlado - Hudo Slovenija","robots":{"index":"index","follow":"follow","max-snippet":"max-snippet:-1","max-image-preview":"max-image-preview:large","max-video-preview":"max-video-preview:-1"},"canonical":"https:\/\/hudo.com\/si\/aktualno\/merklova-vidi-dobro-osnovno-za-sodelovanje-z-novo-avstrijsko-vlado-2\/","og_locale":"sl_SI","og_type":"article","og_title":"Merklova vidi dobro osnovno za sodelovanje z novo avstrijsko vlado - Hudo Slovenija","og_description":"Nem\u0161ka kanclerka Angela Merkel je danes po sre\u010danju z avstrijskim kolegom Sebastianom Kurzem dejala, da bo novo avstrijsko vlado ocenila po njenih dejanjih, zaenkrat pa vidi dobro osnovo za sodelovanje. Kanclerja sta ugotovila, da imata podobno stali\u0161\u010de glede ve\u010dine evropskih vpra\u0161anj, vendar pa obstajajo tudi razhajanja.","og_url":"https:\/\/hudo.com\/si\/aktualno\/merklova-vidi-dobro-osnovno-za-sodelovanje-z-novo-avstrijsko-vlado-2\/","og_site_name":"Hudo Slovenija","article_publisher":"https:\/\/www.facebook.com\/hudo.si","article_published_time":"2018-01-17T14:13:30+00:00","og_image":[{"width":1000,"height":563,"url":"https:\/\/hudo.com\/si\/wp-content\/uploads\/sites\/2\/2018\/01\/kurz_merkel_1.jpg","type":"image\/jpeg"}],"author":"hudo","twitter_card":"summary_large_image","twitter_creator":"@hudo_si","twitter_site":"@hudo_si","twitter_misc":{"Written by":"hudo"},"schema":{"@context":"https:\/\/schema.org","@graph":[{"@type":"Article","@id":"https:\/\/hudo.com\/si\/aktualno\/merklova-vidi-dobro-osnovno-za-sodelovanje-z-novo-avstrijsko-vlado-2\/#article","isPartOf":{"@id":"https:\/\/hudo.com\/si\/aktualno\/merklova-vidi-dobro-osnovno-za-sodelovanje-z-novo-avstrijsko-vlado-2\/"},"author":{"name":"hudo","@id":"https:\/\/hudo.com\/si\/#\/schema\/person\/601cf3379633985b20f7e50f2bb47707"},"headline":"Merklova vidi dobro osnovno za sodelovanje z novo avstrijsko vlado","datePublished":"2018-01-17T14:13:30+00:00","dateModified":"2018-01-17T14:13:30+00:00","mainEntityOfPage":{"@id":"https:\/\/hudo.com\/si\/aktualno\/merklova-vidi-dobro-osnovno-za-sodelovanje-z-novo-avstrijsko-vlado-2\/"},"wordCount":61,"publisher":{"@id":"https:\/\/hudo.com\/si\/#organization"},"articleSection":["Aktualno"],"inLanguage":"sl-SI"},{"@type":"WebPage","@id":"https:\/\/hudo.com\/si\/aktualno\/merklova-vidi-dobro-osnovno-za-sodelovanje-z-novo-avstrijsko-vlado-2\/","url":"https:\/\/hudo.com\/si\/aktualno\/merklova-vidi-dobro-osnovno-za-sodelovanje-z-novo-avstrijsko-vlado-2\/","name":"Merklova vidi dobro osnovno za sodelovanje z novo avstrijsko vlado - Hudo Slovenija","isPartOf":{"@id":"https:\/\/hudo.com\/si\/#website"},"datePublished":"2018-01-17T14:13:30+00:00","dateModified":"2018-01-17T14:13:30+00:00","breadcrumb":{"@id":"https:\/\/hudo.com\/si\/aktualno\/merklova-vidi-dobro-osnovno-za-sodelovanje-z-novo-avstrijsko-vlado-2\/#breadcrumb"},"inLanguage":"sl-SI","potentialAction":[{"@type":"ReadAction","target":["https:\/\/hudo.com\/si\/aktualno\/merklova-vidi-dobro-osnovno-za-sodelovanje-z-novo-avstrijsko-vlado-2\/"]}]},{"@type":"BreadcrumbList","@id":"https:\/\/hudo.com\/si\/aktualno\/merklova-vidi-dobro-osnovno-za-sodelovanje-z-novo-avstrijsko-vlado-2\/#breadcrumb","itemListElement":[{"@type":"ListItem","position":1,"name":"Home","item":"https:\/\/hudo.com\/si\/"},{"@type":"ListItem","position":2,"name":"Merklova vidi dobro osnovno za sodelovanje z novo avstrijsko vlado"}]},{"@type":"WebSite","@id":"https:\/\/hudo.com\/si\/#website","url":"https:\/\/hudo.com\/si\/","name":"Hudo Slovenija","description":"Vse novice iz Slovenije in sveta","publisher":{"@id":"https:\/\/hudo.com\/si\/#organization"},"potentialAction":[{"@type":"SearchAction","target":{"@type":"EntryPoint","urlTemplate":"https:\/\/hudo.com\/si\/?s={search_term_string}"},"query-input":"required name=search_term_string"}],"inLanguage":"sl-SI"},{"@type":"Organization","@id":"https:\/\/hudo.com\/si\/#organization","name":"VSN Media","url":"https:\/\/hudo.com\/si\/","logo":{"@type":"ImageObject","inLanguage":"sl-SI","@id":"https:\/\/hudo.com\/si\/#\/schema\/logo\/image\/","url":"https:\/\/hudo.com\/si\/wp-content\/uploads\/sites\/2\/2021\/03\/hudo-app-2.png","contentUrl":"https:\/\/hudo.com\/si\/wp-content\/uploads\/sites\/2\/2021\/03\/hudo-app-2.png","width":2185,"height":2167,"caption":"VSN Media"},"image":{"@id":"https:\/\/hudo.com\/si\/#\/schema\/logo\/image\/"},"sameAs":["https:\/\/www.facebook.com\/hudo.si","https:\/\/twitter.com\/hudo_si"]},{"@type":"Person","@id":"https:\/\/hudo.com\/si\/#\/schema\/person\/601cf3379633985b20f7e50f2bb47707","name":"hudo","image":{"@type":"ImageObject","inLanguage":"sl-SI","@id":"https:\/\/hudo.com\/si\/#\/schema\/person\/image\/","url":"https:\/\/secure.gravatar.com\/avatar\/c4ca25fa72cace7a696b52ff5db9e095?s=96&d=mm&r=g","contentUrl":"https:\/\/secure.gravatar.com\/avatar\/c4ca25fa72cace7a696b52ff5db9e095?s=96&d=mm&r=g","caption":"hudo"},"url":"https:\/\/hudo.com\/si\/author\/hudo\/"}]}},"amp_enabled":true,"_links":{"self":[{"href":"https:\/\/hudo.com\/si\/wp-json\/wp\/v2\/posts\/349498"}],"collection":[{"href":"https:\/\/hudo.com\/si\/wp-json\/wp\/v2\/posts"}],"about":[{"href":"https:\/\/hudo.com\/si\/wp-json\/wp\/v2\/types\/post"}],"author":[{"embeddable":true,"href":"https:\/\/hudo.com\/si\/wp-json\/wp\/v2\/users\/1"}],"replies":[{"embeddable":true,"href":"https:\/\/hudo.com\/si\/wp-json\/wp\/v2\/comments?post=349498"}],"version-history":[{"count":0,"href":"https:\/\/hudo.com\/si\/wp-json\/wp\/v2\/posts\/349498\/revisions"}],"wp:attachment":[{"href":"https:\/\/hudo.com\/si\/wp-json\/wp\/v2\/media?parent=349498"}],"wp:term":[{"taxonomy":"category","embeddable":true,"href":"https:\/\/hudo.com\/si\/wp-json\/wp\/v2\/categories?post=349498"},{"taxonomy":"post_tag","embeddable":true,"href":"https:\/\/hudo.com\/si\/wp-json\/wp\/v2\/tags?post=349498"},{"taxonomy":"source","embeddable":true,"href":"https:\/\/hudo.com\/si\/wp-json\/wp\/v2\/source?post=349498"},{"taxonomy":"supertag","embeddable":true,"href":"https:\/\/hudo.com\/si\/wp-json\/wp\/v2\/supertag?post=349498"}],"curies":[{"name":"wp","href":"https:\/\/api.w.org\/{rel}","templated":true}]}}