{"id":349843,"date":"2018-01-18T09:00:00","date_gmt":"2018-01-18T08:00:00","guid":{"rendered":"http:\/\/hudo.com\/si\/2018\/01\/18\/umazanija-pod-pokrovom\/"},"modified":"2018-01-18T09:00:00","modified_gmt":"2018-01-18T08:00:00","slug":"umazanija-pod-pokrovom","status":"publish","type":"post","link":"https:\/\/hudo.com\/si\/aktualno\/umazanija-pod-pokrovom\/","title":{"rendered":"Umazanija pod pokrovom"},"content":{"rendered":"<p>Kategorija: Okolje Thu, 18 Jan 2018 10:00:00 +0100  Zadnje dni se je zavrtelo ve\u010d v besedah zelenih stvari. A je \u017ee tako, ko odstrani\u0161 pokrov, se vidijo ogolele kosti. Tako reko\u010d povsod. Energetski koncept ne predvideva ve\u010djih sprememb do leta 2030, obnovljivi viri bodo po\u010dakali. Brco v zadnjico Sloveniji bo spet prispevala evropska komisija z novim paketom zakonodaje, ki bo upo\u0161teval podnebni sporazum. Pa bo zeleno srce Evrope spet le sledilo drugim. \u00bbUradniki ne odlo\u010dajo, \u010de bi, bi prevzemali odgovornost,\u00ab je stavek, ki pove skoraj vse. Vetrnice se ne bodo razmno\u017eile. Foto Tomi Lombar \/Delo S plastiko je podobno. Prvi smo raziskovali morje in reke, sodelovali v projektih, mno\u017ei\u010dno \u010distili dr\u017eavo in \u017ee tradicionalno obalo. A politika ni in ne zna teh dose\u017ekov v soglasju in dogovoru z ljudstvom pretvoriti v smiselna pravila. Uradniki bodo letos zbirali podatke o\u00a0&#8230;<\/p>\n","protected":false},"excerpt":{"rendered":"<p>Kategorija: Okolje Thu, 18 Jan 2018 10:00:00 +0100  Zadnje dni se je zavrtelo ve\u010d v besedah zelenih stvari. A je \u017ee tako, ko odstrani\u0161 pokrov, se vidijo ogolele kosti. Tako reko\u010d povsod. Energetski koncept ne predvideva ve\u010djih sprememb do leta 2030, obnovljivi viri bodo po\u010dakali. Brco v zadnjico Sloveniji bo spet prispevala evropska komisija z novim paketom zakonodaje, ki bo upo\u0161teval podnebni sporazum. Pa bo zeleno srce Evrope spet le sledilo drugim. \u00bbUradniki ne odlo\u010dajo, \u010de bi, bi prevzemali odgovornost,\u00ab je stavek, ki pove skoraj vse. Vetrnice se ne bodo razmno\u017eile. Foto Tomi Lombar \/Delo S plastiko je podobno. Prvi smo raziskovali morje in reke, sodelovali v projektih, mno\u017ei\u010dno \u010distili dr\u017eavo in \u017ee tradicionalno obalo. A politika ni in ne zna teh dose\u017ekov v soglasju in dogovoru z ljudstvom pretvoriti v smiselna pravila. Uradniki bodo letos zbirali podatke o\u00a0&#8230;<\/p>\n","protected":false},"author":1,"featured_media":0,"comment_status":"closed","ping_status":"closed","sticky":false,"template":"","format":"standard","meta":{"footnotes":""},"categories":[1179],"tags":[],"source":[1703],"supertag":[],"acf":[],"yoast_head":"<!-- This site is optimized with the Yoast SEO plugin v21.3 - https:\/\/yoast.com\/wordpress\/plugins\/seo\/ -->\n<title>Umazanija pod pokrovom - Hudo Slovenija<\/title>\n<meta name=\"robots\" content=\"index, follow, max-snippet:-1, max-image-preview:large, max-video-preview:-1\" \/>\n<link rel=\"canonical\" href=\"https:\/\/hudo.com\/si\/aktualno\/umazanija-pod-pokrovom\/\" \/>\n<meta property=\"og:locale\" content=\"sl_SI\" \/>\n<meta property=\"og:type\" content=\"article\" \/>\n<meta property=\"og:title\" content=\"Umazanija pod pokrovom - Hudo Slovenija\" \/>\n<meta property=\"og:description\" content=\"Kategorija: Okolje Thu, 18 Jan 2018 10:00:00 +0100 Zadnje dni se je zavrtelo ve\u010d v besedah zelenih stvari. A je \u017ee tako, ko odstrani\u0161 pokrov, se vidijo ogolele kosti. Tako reko\u010d povsod. Energetski koncept ne predvideva ve\u010djih sprememb do leta 2030, obnovljivi viri bodo po\u010dakali. Brco v zadnjico Sloveniji bo spet prispevala evropska komisija z novim paketom zakonodaje, ki bo upo\u0161teval podnebni sporazum. Pa bo zeleno srce Evrope spet le sledilo drugim. \u00bbUradniki ne odlo\u010dajo, \u010de bi, bi prevzemali odgovornost,\u00ab je stavek, ki pove skoraj vse. Vetrnice se ne bodo razmno\u017eile. Foto Tomi Lombar \/Delo S plastiko je podobno. Prvi smo raziskovali morje in reke, sodelovali v projektih, mno\u017ei\u010dno \u010distili dr\u017eavo in \u017ee tradicionalno obalo. A politika ni in ne zna teh dose\u017ekov v soglasju in dogovoru z ljudstvom pretvoriti v smiselna pravila. Uradniki bodo letos zbirali podatke o\u00a0...\" \/>\n<meta property=\"og:url\" content=\"https:\/\/hudo.com\/si\/aktualno\/umazanija-pod-pokrovom\/\" \/>\n<meta property=\"og:site_name\" content=\"Hudo Slovenija\" \/>\n<meta property=\"article:publisher\" content=\"https:\/\/www.facebook.com\/hudo.si\" \/>\n<meta property=\"article:published_time\" content=\"2018-01-18T08:00:00+00:00\" \/>\n<meta property=\"og:image\" content=\"https:\/\/hudo.com\/si\/wp-content\/uploads\/sites\/2\/2018\/01\/480x290_Gospodarska__djvu_2443827_t_hires2.jpeg\" \/>\n\t<meta property=\"og:image:width\" content=\"480\" \/>\n\t<meta property=\"og:image:height\" content=\"290\" \/>\n\t<meta property=\"og:image:type\" content=\"image\/jpeg\" \/>\n<meta name=\"author\" content=\"hudo\" \/>\n<meta name=\"twitter:card\" content=\"summary_large_image\" \/>\n<meta name=\"twitter:creator\" content=\"@hudo_si\" \/>\n<meta name=\"twitter:site\" content=\"@hudo_si\" \/>\n<meta name=\"twitter:label1\" content=\"Written by\" \/>\n\t<meta name=\"twitter:data1\" content=\"hudo\" \/>\n\t<meta name=\"twitter:label2\" content=\"Est. reading time\" \/>\n\t<meta name=\"twitter:data2\" content=\"1 minuta\" \/>\n<script type=\"application\/ld+json\" class=\"yoast-schema-graph\">{\"@context\":\"https:\/\/schema.org\",\"@graph\":[{\"@type\":\"Article\",\"@id\":\"https:\/\/hudo.com\/si\/aktualno\/umazanija-pod-pokrovom\/#article\",\"isPartOf\":{\"@id\":\"https:\/\/hudo.com\/si\/aktualno\/umazanija-pod-pokrovom\/\"},\"author\":{\"name\":\"hudo\",\"@id\":\"https:\/\/hudo.com\/si\/#\/schema\/person\/601cf3379633985b20f7e50f2bb47707\"},\"headline\":\"Umazanija pod pokrovom\",\"datePublished\":\"2018-01-18T08:00:00+00:00\",\"dateModified\":\"2018-01-18T08:00:00+00:00\",\"mainEntityOfPage\":{\"@id\":\"https:\/\/hudo.com\/si\/aktualno\/umazanija-pod-pokrovom\/\"},\"wordCount\":146,\"publisher\":{\"@id\":\"https:\/\/hudo.com\/si\/#organization\"},\"articleSection\":[\"Aktualno\"],\"inLanguage\":\"sl-SI\"},{\"@type\":\"WebPage\",\"@id\":\"https:\/\/hudo.com\/si\/aktualno\/umazanija-pod-pokrovom\/\",\"url\":\"https:\/\/hudo.com\/si\/aktualno\/umazanija-pod-pokrovom\/\",\"name\":\"Umazanija pod pokrovom - Hudo Slovenija\",\"isPartOf\":{\"@id\":\"https:\/\/hudo.com\/si\/#website\"},\"datePublished\":\"2018-01-18T08:00:00+00:00\",\"dateModified\":\"2018-01-18T08:00:00+00:00\",\"breadcrumb\":{\"@id\":\"https:\/\/hudo.com\/si\/aktualno\/umazanija-pod-pokrovom\/#breadcrumb\"},\"inLanguage\":\"sl-SI\",\"potentialAction\":[{\"@type\":\"ReadAction\",\"target\":[\"https:\/\/hudo.com\/si\/aktualno\/umazanija-pod-pokrovom\/\"]}]},{\"@type\":\"BreadcrumbList\",\"@id\":\"https:\/\/hudo.com\/si\/aktualno\/umazanija-pod-pokrovom\/#breadcrumb\",\"itemListElement\":[{\"@type\":\"ListItem\",\"position\":1,\"name\":\"Home\",\"item\":\"https:\/\/hudo.com\/si\/\"},{\"@type\":\"ListItem\",\"position\":2,\"name\":\"Umazanija pod pokrovom\"}]},{\"@type\":\"WebSite\",\"@id\":\"https:\/\/hudo.com\/si\/#website\",\"url\":\"https:\/\/hudo.com\/si\/\",\"name\":\"Hudo Slovenija\",\"description\":\"Vse novice iz Slovenije in sveta\",\"publisher\":{\"@id\":\"https:\/\/hudo.com\/si\/#organization\"},\"potentialAction\":[{\"@type\":\"SearchAction\",\"target\":{\"@type\":\"EntryPoint\",\"urlTemplate\":\"https:\/\/hudo.com\/si\/?s={search_term_string}\"},\"query-input\":\"required name=search_term_string\"}],\"inLanguage\":\"sl-SI\"},{\"@type\":\"Organization\",\"@id\":\"https:\/\/hudo.com\/si\/#organization\",\"name\":\"VSN Media\",\"url\":\"https:\/\/hudo.com\/si\/\",\"logo\":{\"@type\":\"ImageObject\",\"inLanguage\":\"sl-SI\",\"@id\":\"https:\/\/hudo.com\/si\/#\/schema\/logo\/image\/\",\"url\":\"https:\/\/hudo.com\/si\/wp-content\/uploads\/sites\/2\/2021\/03\/hudo-app-2.png\",\"contentUrl\":\"https:\/\/hudo.com\/si\/wp-content\/uploads\/sites\/2\/2021\/03\/hudo-app-2.png\",\"width\":2185,\"height\":2167,\"caption\":\"VSN Media\"},\"image\":{\"@id\":\"https:\/\/hudo.com\/si\/#\/schema\/logo\/image\/\"},\"sameAs\":[\"https:\/\/www.facebook.com\/hudo.si\",\"https:\/\/twitter.com\/hudo_si\"]},{\"@type\":\"Person\",\"@id\":\"https:\/\/hudo.com\/si\/#\/schema\/person\/601cf3379633985b20f7e50f2bb47707\",\"name\":\"hudo\",\"image\":{\"@type\":\"ImageObject\",\"inLanguage\":\"sl-SI\",\"@id\":\"https:\/\/hudo.com\/si\/#\/schema\/person\/image\/\",\"url\":\"https:\/\/secure.gravatar.com\/avatar\/c4ca25fa72cace7a696b52ff5db9e095?s=96&d=mm&r=g\",\"contentUrl\":\"https:\/\/secure.gravatar.com\/avatar\/c4ca25fa72cace7a696b52ff5db9e095?s=96&d=mm&r=g\",\"caption\":\"hudo\"},\"url\":\"https:\/\/hudo.com\/si\/author\/hudo\/\"}]}<\/script>\n<!-- \/ Yoast SEO plugin. -->","yoast_head_json":{"title":"Umazanija pod pokrovom - Hudo Slovenija","robots":{"index":"index","follow":"follow","max-snippet":"max-snippet:-1","max-image-preview":"max-image-preview:large","max-video-preview":"max-video-preview:-1"},"canonical":"https:\/\/hudo.com\/si\/aktualno\/umazanija-pod-pokrovom\/","og_locale":"sl_SI","og_type":"article","og_title":"Umazanija pod pokrovom - Hudo Slovenija","og_description":"Kategorija: Okolje Thu, 18 Jan 2018 10:00:00 +0100 Zadnje dni se je zavrtelo ve\u010d v besedah zelenih stvari. A je \u017ee tako, ko odstrani\u0161 pokrov, se vidijo ogolele kosti. Tako reko\u010d povsod. Energetski koncept ne predvideva ve\u010djih sprememb do leta 2030, obnovljivi viri bodo po\u010dakali. Brco v zadnjico Sloveniji bo spet prispevala evropska komisija z novim paketom zakonodaje, ki bo upo\u0161teval podnebni sporazum. Pa bo zeleno srce Evrope spet le sledilo drugim. \u00bbUradniki ne odlo\u010dajo, \u010de bi, bi prevzemali odgovornost,\u00ab je stavek, ki pove skoraj vse. Vetrnice se ne bodo razmno\u017eile. Foto Tomi Lombar \/Delo S plastiko je podobno. Prvi smo raziskovali morje in reke, sodelovali v projektih, mno\u017ei\u010dno \u010distili dr\u017eavo in \u017ee tradicionalno obalo. A politika ni in ne zna teh dose\u017ekov v soglasju in dogovoru z ljudstvom pretvoriti v smiselna pravila. Uradniki bodo letos zbirali podatke o\u00a0...","og_url":"https:\/\/hudo.com\/si\/aktualno\/umazanija-pod-pokrovom\/","og_site_name":"Hudo Slovenija","article_publisher":"https:\/\/www.facebook.com\/hudo.si","article_published_time":"2018-01-18T08:00:00+00:00","og_image":[{"width":480,"height":290,"url":"https:\/\/hudo.com\/si\/wp-content\/uploads\/sites\/2\/2018\/01\/480x290_Gospodarska__djvu_2443827_t_hires2.jpeg","type":"image\/jpeg"}],"author":"hudo","twitter_card":"summary_large_image","twitter_creator":"@hudo_si","twitter_site":"@hudo_si","twitter_misc":{"Written by":"hudo","Est. reading time":"1 minuta"},"schema":{"@context":"https:\/\/schema.org","@graph":[{"@type":"Article","@id":"https:\/\/hudo.com\/si\/aktualno\/umazanija-pod-pokrovom\/#article","isPartOf":{"@id":"https:\/\/hudo.com\/si\/aktualno\/umazanija-pod-pokrovom\/"},"author":{"name":"hudo","@id":"https:\/\/hudo.com\/si\/#\/schema\/person\/601cf3379633985b20f7e50f2bb47707"},"headline":"Umazanija pod pokrovom","datePublished":"2018-01-18T08:00:00+00:00","dateModified":"2018-01-18T08:00:00+00:00","mainEntityOfPage":{"@id":"https:\/\/hudo.com\/si\/aktualno\/umazanija-pod-pokrovom\/"},"wordCount":146,"publisher":{"@id":"https:\/\/hudo.com\/si\/#organization"},"articleSection":["Aktualno"],"inLanguage":"sl-SI"},{"@type":"WebPage","@id":"https:\/\/hudo.com\/si\/aktualno\/umazanija-pod-pokrovom\/","url":"https:\/\/hudo.com\/si\/aktualno\/umazanija-pod-pokrovom\/","name":"Umazanija pod pokrovom - Hudo Slovenija","isPartOf":{"@id":"https:\/\/hudo.com\/si\/#website"},"datePublished":"2018-01-18T08:00:00+00:00","dateModified":"2018-01-18T08:00:00+00:00","breadcrumb":{"@id":"https:\/\/hudo.com\/si\/aktualno\/umazanija-pod-pokrovom\/#breadcrumb"},"inLanguage":"sl-SI","potentialAction":[{"@type":"ReadAction","target":["https:\/\/hudo.com\/si\/aktualno\/umazanija-pod-pokrovom\/"]}]},{"@type":"BreadcrumbList","@id":"https:\/\/hudo.com\/si\/aktualno\/umazanija-pod-pokrovom\/#breadcrumb","itemListElement":[{"@type":"ListItem","position":1,"name":"Home","item":"https:\/\/hudo.com\/si\/"},{"@type":"ListItem","position":2,"name":"Umazanija pod pokrovom"}]},{"@type":"WebSite","@id":"https:\/\/hudo.com\/si\/#website","url":"https:\/\/hudo.com\/si\/","name":"Hudo Slovenija","description":"Vse novice iz Slovenije in sveta","publisher":{"@id":"https:\/\/hudo.com\/si\/#organization"},"potentialAction":[{"@type":"SearchAction","target":{"@type":"EntryPoint","urlTemplate":"https:\/\/hudo.com\/si\/?s={search_term_string}"},"query-input":"required name=search_term_string"}],"inLanguage":"sl-SI"},{"@type":"Organization","@id":"https:\/\/hudo.com\/si\/#organization","name":"VSN Media","url":"https:\/\/hudo.com\/si\/","logo":{"@type":"ImageObject","inLanguage":"sl-SI","@id":"https:\/\/hudo.com\/si\/#\/schema\/logo\/image\/","url":"https:\/\/hudo.com\/si\/wp-content\/uploads\/sites\/2\/2021\/03\/hudo-app-2.png","contentUrl":"https:\/\/hudo.com\/si\/wp-content\/uploads\/sites\/2\/2021\/03\/hudo-app-2.png","width":2185,"height":2167,"caption":"VSN Media"},"image":{"@id":"https:\/\/hudo.com\/si\/#\/schema\/logo\/image\/"},"sameAs":["https:\/\/www.facebook.com\/hudo.si","https:\/\/twitter.com\/hudo_si"]},{"@type":"Person","@id":"https:\/\/hudo.com\/si\/#\/schema\/person\/601cf3379633985b20f7e50f2bb47707","name":"hudo","image":{"@type":"ImageObject","inLanguage":"sl-SI","@id":"https:\/\/hudo.com\/si\/#\/schema\/person\/image\/","url":"https:\/\/secure.gravatar.com\/avatar\/c4ca25fa72cace7a696b52ff5db9e095?s=96&d=mm&r=g","contentUrl":"https:\/\/secure.gravatar.com\/avatar\/c4ca25fa72cace7a696b52ff5db9e095?s=96&d=mm&r=g","caption":"hudo"},"url":"https:\/\/hudo.com\/si\/author\/hudo\/"}]}},"amp_enabled":true,"_links":{"self":[{"href":"https:\/\/hudo.com\/si\/wp-json\/wp\/v2\/posts\/349843"}],"collection":[{"href":"https:\/\/hudo.com\/si\/wp-json\/wp\/v2\/posts"}],"about":[{"href":"https:\/\/hudo.com\/si\/wp-json\/wp\/v2\/types\/post"}],"author":[{"embeddable":true,"href":"https:\/\/hudo.com\/si\/wp-json\/wp\/v2\/users\/1"}],"replies":[{"embeddable":true,"href":"https:\/\/hudo.com\/si\/wp-json\/wp\/v2\/comments?post=349843"}],"version-history":[{"count":0,"href":"https:\/\/hudo.com\/si\/wp-json\/wp\/v2\/posts\/349843\/revisions"}],"wp:attachment":[{"href":"https:\/\/hudo.com\/si\/wp-json\/wp\/v2\/media?parent=349843"}],"wp:term":[{"taxonomy":"category","embeddable":true,"href":"https:\/\/hudo.com\/si\/wp-json\/wp\/v2\/categories?post=349843"},{"taxonomy":"post_tag","embeddable":true,"href":"https:\/\/hudo.com\/si\/wp-json\/wp\/v2\/tags?post=349843"},{"taxonomy":"source","embeddable":true,"href":"https:\/\/hudo.com\/si\/wp-json\/wp\/v2\/source?post=349843"},{"taxonomy":"supertag","embeddable":true,"href":"https:\/\/hudo.com\/si\/wp-json\/wp\/v2\/supertag?post=349843"}],"curies":[{"name":"wp","href":"https:\/\/api.w.org\/{rel}","templated":true}]}}