{"id":351177,"date":"2018-01-20T13:14:00","date_gmt":"2018-01-20T12:14:00","guid":{"rendered":"http:\/\/hudo.com\/si\/2018\/01\/20\/erdogan-turcija-de-facto-nad-kurde-v-severni-siriji\/"},"modified":"2018-01-20T13:14:00","modified_gmt":"2018-01-20T12:14:00","slug":"erdogan-turcija-de-facto-nad-kurde-v-severni-siriji","status":"publish","type":"post","link":"https:\/\/hudo.com\/si\/aktualno\/erdogan-turcija-de-facto-nad-kurde-v-severni-siriji\/","title":{"rendered":"Erdogan: Tur\u010dija de facto nad Kurde v severni Siriji"},"content":{"rendered":"<p>Kategorija: Krize Sat, 20 Jan 2018 14:14:00 +0100  Ankara &#8211; Tur\u0161ki predsednik Recep Tayyip Erdogan je danes v televizijskem prenosu dejal, da je tur\u0161ka vojska de facto \u017ee za\u010dela kopensko voja\u0161ko operacijo proti sirskemu mestu Afrin, ki je pod nadzorom Kurdov. Ve\u010d ni pojasnil, je pa dodal, da bo tej operaciji sledila druga na mesto Manbij na vzhodu Sirije, ki je prav tako pod nadzorom Kurdov. \u00bbOperacija Afrin se je de facto za\u010dela na kopnem,\u00ab navaja Erdogana francoska tiskovna agencija AFP. Tur\u010dija danes osmi dan obstreljuje mesto Afrin na severozahodu Sirije. Ob tem so napovedali, da se bo vojska danes odzvala na \u00bbsovra\u017eni ogenj\u00ab kurdske milice YPG, ki v Tur\u010diji velja za teroristi\u010dno skupino. Milica YPG je \u017ee dolgo trn v peti odnosov med Tur\u010dijo in ZDA, ki jo dojemajo kot klju\u010dnega zaveznika v boju proti IS. Borci YPG so sicer\u00a0&#8230;<\/p>\n","protected":false},"excerpt":{"rendered":"<p>Kategorija: Krize Sat, 20 Jan 2018 14:14:00 +0100  Ankara &#8211; Tur\u0161ki predsednik Recep Tayyip Erdogan je danes v televizijskem prenosu dejal, da je tur\u0161ka vojska de facto \u017ee za\u010dela kopensko voja\u0161ko operacijo proti sirskemu mestu Afrin, ki je pod nadzorom Kurdov. Ve\u010d ni pojasnil, je pa dodal, da bo tej operaciji sledila druga na mesto Manbij na vzhodu Sirije, ki je prav tako pod nadzorom Kurdov. \u00bbOperacija Afrin se je de facto za\u010dela na kopnem,\u00ab navaja Erdogana francoska tiskovna agencija AFP. Tur\u010dija danes osmi dan obstreljuje mesto Afrin na severozahodu Sirije. Ob tem so napovedali, da se bo vojska danes odzvala na \u00bbsovra\u017eni ogenj\u00ab kurdske milice YPG, ki v Tur\u010diji velja za teroristi\u010dno skupino. Milica YPG je \u017ee dolgo trn v peti odnosov med Tur\u010dijo in ZDA, ki jo dojemajo kot klju\u010dnega zaveznika v boju proti IS. Borci YPG so sicer\u00a0&#8230;<\/p>\n","protected":false},"author":1,"featured_media":0,"comment_status":"closed","ping_status":"closed","sticky":false,"template":"","format":"standard","meta":{"footnotes":""},"categories":[1179],"tags":[],"source":[1703],"supertag":[],"acf":[],"yoast_head":"<!-- This site is optimized with the Yoast SEO plugin v21.3 - https:\/\/yoast.com\/wordpress\/plugins\/seo\/ -->\n<title>Erdogan: Tur\u010dija de facto nad Kurde v severni Siriji - Hudo Slovenija<\/title>\n<meta name=\"robots\" content=\"index, follow, max-snippet:-1, max-image-preview:large, max-video-preview:-1\" \/>\n<link rel=\"canonical\" href=\"https:\/\/hudo.com\/si\/aktualno\/erdogan-turcija-de-facto-nad-kurde-v-severni-siriji\/\" \/>\n<meta property=\"og:locale\" content=\"sl_SI\" \/>\n<meta property=\"og:type\" content=\"article\" \/>\n<meta property=\"og:title\" content=\"Erdogan: Tur\u010dija de facto nad Kurde v severni Siriji - Hudo Slovenija\" \/>\n<meta property=\"og:description\" content=\"Kategorija: Krize Sat, 20 Jan 2018 14:14:00 +0100 Ankara - Tur\u0161ki predsednik Recep Tayyip Erdogan je danes v televizijskem prenosu dejal, da je tur\u0161ka vojska de facto \u017ee za\u010dela kopensko voja\u0161ko operacijo proti sirskemu mestu Afrin, ki je pod nadzorom Kurdov. Ve\u010d ni pojasnil, je pa dodal, da bo tej operaciji sledila druga na mesto Manbij na vzhodu Sirije, ki je prav tako pod nadzorom Kurdov. \u00bbOperacija Afrin se je de facto za\u010dela na kopnem,\u00ab navaja Erdogana francoska tiskovna agencija AFP. Tur\u010dija danes osmi dan obstreljuje mesto Afrin na severozahodu Sirije. Ob tem so napovedali, da se bo vojska danes odzvala na \u00bbsovra\u017eni ogenj\u00ab kurdske milice YPG, ki v Tur\u010diji velja za teroristi\u010dno skupino. Milica YPG je \u017ee dolgo trn v peti odnosov med Tur\u010dijo in ZDA, ki jo dojemajo kot klju\u010dnega zaveznika v boju proti IS. Borci YPG so sicer\u00a0...\" \/>\n<meta property=\"og:url\" content=\"https:\/\/hudo.com\/si\/aktualno\/erdogan-turcija-de-facto-nad-kurde-v-severni-siriji\/\" \/>\n<meta property=\"og:site_name\" content=\"Hudo Slovenija\" \/>\n<meta property=\"article:publisher\" content=\"https:\/\/www.facebook.com\/hudo.si\" \/>\n<meta property=\"article:published_time\" content=\"2018-01-20T12:14:00+00:00\" \/>\n<meta property=\"og:image\" content=\"https:\/\/hudo.com\/si\/wp-content\/uploads\/sites\/2\/2018\/01\/480x290_Reuters_Pictures-20180120134513-63716500.jpeg\" \/>\n\t<meta property=\"og:image:width\" content=\"480\" \/>\n\t<meta property=\"og:image:height\" content=\"290\" \/>\n\t<meta property=\"og:image:type\" content=\"image\/jpeg\" \/>\n<meta name=\"author\" content=\"hudo\" \/>\n<meta name=\"twitter:card\" content=\"summary_large_image\" \/>\n<meta name=\"twitter:creator\" content=\"@hudo_si\" \/>\n<meta name=\"twitter:site\" content=\"@hudo_si\" \/>\n<meta name=\"twitter:label1\" content=\"Written by\" \/>\n\t<meta name=\"twitter:data1\" content=\"hudo\" \/>\n\t<meta name=\"twitter:label2\" content=\"Est. reading time\" \/>\n\t<meta name=\"twitter:data2\" content=\"1 minuta\" \/>\n<script type=\"application\/ld+json\" class=\"yoast-schema-graph\">{\"@context\":\"https:\/\/schema.org\",\"@graph\":[{\"@type\":\"Article\",\"@id\":\"https:\/\/hudo.com\/si\/aktualno\/erdogan-turcija-de-facto-nad-kurde-v-severni-siriji\/#article\",\"isPartOf\":{\"@id\":\"https:\/\/hudo.com\/si\/aktualno\/erdogan-turcija-de-facto-nad-kurde-v-severni-siriji\/\"},\"author\":{\"name\":\"hudo\",\"@id\":\"https:\/\/hudo.com\/si\/#\/schema\/person\/601cf3379633985b20f7e50f2bb47707\"},\"headline\":\"Erdogan: Tur\u010dija de facto nad Kurde v severni Siriji\",\"datePublished\":\"2018-01-20T12:14:00+00:00\",\"dateModified\":\"2018-01-20T12:14:00+00:00\",\"mainEntityOfPage\":{\"@id\":\"https:\/\/hudo.com\/si\/aktualno\/erdogan-turcija-de-facto-nad-kurde-v-severni-siriji\/\"},\"wordCount\":158,\"publisher\":{\"@id\":\"https:\/\/hudo.com\/si\/#organization\"},\"articleSection\":[\"Aktualno\"],\"inLanguage\":\"sl-SI\"},{\"@type\":\"WebPage\",\"@id\":\"https:\/\/hudo.com\/si\/aktualno\/erdogan-turcija-de-facto-nad-kurde-v-severni-siriji\/\",\"url\":\"https:\/\/hudo.com\/si\/aktualno\/erdogan-turcija-de-facto-nad-kurde-v-severni-siriji\/\",\"name\":\"Erdogan: Tur\u010dija de facto nad Kurde v severni Siriji - Hudo Slovenija\",\"isPartOf\":{\"@id\":\"https:\/\/hudo.com\/si\/#website\"},\"datePublished\":\"2018-01-20T12:14:00+00:00\",\"dateModified\":\"2018-01-20T12:14:00+00:00\",\"breadcrumb\":{\"@id\":\"https:\/\/hudo.com\/si\/aktualno\/erdogan-turcija-de-facto-nad-kurde-v-severni-siriji\/#breadcrumb\"},\"inLanguage\":\"sl-SI\",\"potentialAction\":[{\"@type\":\"ReadAction\",\"target\":[\"https:\/\/hudo.com\/si\/aktualno\/erdogan-turcija-de-facto-nad-kurde-v-severni-siriji\/\"]}]},{\"@type\":\"BreadcrumbList\",\"@id\":\"https:\/\/hudo.com\/si\/aktualno\/erdogan-turcija-de-facto-nad-kurde-v-severni-siriji\/#breadcrumb\",\"itemListElement\":[{\"@type\":\"ListItem\",\"position\":1,\"name\":\"Home\",\"item\":\"https:\/\/hudo.com\/si\/\"},{\"@type\":\"ListItem\",\"position\":2,\"name\":\"Erdogan: Tur\u010dija de facto nad Kurde v severni Siriji\"}]},{\"@type\":\"WebSite\",\"@id\":\"https:\/\/hudo.com\/si\/#website\",\"url\":\"https:\/\/hudo.com\/si\/\",\"name\":\"Hudo Slovenija\",\"description\":\"Vse novice iz Slovenije in sveta\",\"publisher\":{\"@id\":\"https:\/\/hudo.com\/si\/#organization\"},\"potentialAction\":[{\"@type\":\"SearchAction\",\"target\":{\"@type\":\"EntryPoint\",\"urlTemplate\":\"https:\/\/hudo.com\/si\/?s={search_term_string}\"},\"query-input\":\"required name=search_term_string\"}],\"inLanguage\":\"sl-SI\"},{\"@type\":\"Organization\",\"@id\":\"https:\/\/hudo.com\/si\/#organization\",\"name\":\"VSN Media\",\"url\":\"https:\/\/hudo.com\/si\/\",\"logo\":{\"@type\":\"ImageObject\",\"inLanguage\":\"sl-SI\",\"@id\":\"https:\/\/hudo.com\/si\/#\/schema\/logo\/image\/\",\"url\":\"https:\/\/hudo.com\/si\/wp-content\/uploads\/sites\/2\/2021\/03\/hudo-app-2.png\",\"contentUrl\":\"https:\/\/hudo.com\/si\/wp-content\/uploads\/sites\/2\/2021\/03\/hudo-app-2.png\",\"width\":2185,\"height\":2167,\"caption\":\"VSN Media\"},\"image\":{\"@id\":\"https:\/\/hudo.com\/si\/#\/schema\/logo\/image\/\"},\"sameAs\":[\"https:\/\/www.facebook.com\/hudo.si\",\"https:\/\/twitter.com\/hudo_si\"]},{\"@type\":\"Person\",\"@id\":\"https:\/\/hudo.com\/si\/#\/schema\/person\/601cf3379633985b20f7e50f2bb47707\",\"name\":\"hudo\",\"image\":{\"@type\":\"ImageObject\",\"inLanguage\":\"sl-SI\",\"@id\":\"https:\/\/hudo.com\/si\/#\/schema\/person\/image\/\",\"url\":\"https:\/\/secure.gravatar.com\/avatar\/c4ca25fa72cace7a696b52ff5db9e095?s=96&d=mm&r=g\",\"contentUrl\":\"https:\/\/secure.gravatar.com\/avatar\/c4ca25fa72cace7a696b52ff5db9e095?s=96&d=mm&r=g\",\"caption\":\"hudo\"},\"url\":\"https:\/\/hudo.com\/si\/author\/hudo\/\"}]}<\/script>\n<!-- \/ Yoast SEO plugin. -->","yoast_head_json":{"title":"Erdogan: Tur\u010dija de facto nad Kurde v severni Siriji - Hudo Slovenija","robots":{"index":"index","follow":"follow","max-snippet":"max-snippet:-1","max-image-preview":"max-image-preview:large","max-video-preview":"max-video-preview:-1"},"canonical":"https:\/\/hudo.com\/si\/aktualno\/erdogan-turcija-de-facto-nad-kurde-v-severni-siriji\/","og_locale":"sl_SI","og_type":"article","og_title":"Erdogan: Tur\u010dija de facto nad Kurde v severni Siriji - Hudo Slovenija","og_description":"Kategorija: Krize Sat, 20 Jan 2018 14:14:00 +0100 Ankara - Tur\u0161ki predsednik Recep Tayyip Erdogan je danes v televizijskem prenosu dejal, da je tur\u0161ka vojska de facto \u017ee za\u010dela kopensko voja\u0161ko operacijo proti sirskemu mestu Afrin, ki je pod nadzorom Kurdov. Ve\u010d ni pojasnil, je pa dodal, da bo tej operaciji sledila druga na mesto Manbij na vzhodu Sirije, ki je prav tako pod nadzorom Kurdov. \u00bbOperacija Afrin se je de facto za\u010dela na kopnem,\u00ab navaja Erdogana francoska tiskovna agencija AFP. Tur\u010dija danes osmi dan obstreljuje mesto Afrin na severozahodu Sirije. Ob tem so napovedali, da se bo vojska danes odzvala na \u00bbsovra\u017eni ogenj\u00ab kurdske milice YPG, ki v Tur\u010diji velja za teroristi\u010dno skupino. Milica YPG je \u017ee dolgo trn v peti odnosov med Tur\u010dijo in ZDA, ki jo dojemajo kot klju\u010dnega zaveznika v boju proti IS. Borci YPG so sicer\u00a0...","og_url":"https:\/\/hudo.com\/si\/aktualno\/erdogan-turcija-de-facto-nad-kurde-v-severni-siriji\/","og_site_name":"Hudo Slovenija","article_publisher":"https:\/\/www.facebook.com\/hudo.si","article_published_time":"2018-01-20T12:14:00+00:00","og_image":[{"width":480,"height":290,"url":"https:\/\/hudo.com\/si\/wp-content\/uploads\/sites\/2\/2018\/01\/480x290_Reuters_Pictures-20180120134513-63716500.jpeg","type":"image\/jpeg"}],"author":"hudo","twitter_card":"summary_large_image","twitter_creator":"@hudo_si","twitter_site":"@hudo_si","twitter_misc":{"Written by":"hudo","Est. reading time":"1 minuta"},"schema":{"@context":"https:\/\/schema.org","@graph":[{"@type":"Article","@id":"https:\/\/hudo.com\/si\/aktualno\/erdogan-turcija-de-facto-nad-kurde-v-severni-siriji\/#article","isPartOf":{"@id":"https:\/\/hudo.com\/si\/aktualno\/erdogan-turcija-de-facto-nad-kurde-v-severni-siriji\/"},"author":{"name":"hudo","@id":"https:\/\/hudo.com\/si\/#\/schema\/person\/601cf3379633985b20f7e50f2bb47707"},"headline":"Erdogan: Tur\u010dija de facto nad Kurde v severni Siriji","datePublished":"2018-01-20T12:14:00+00:00","dateModified":"2018-01-20T12:14:00+00:00","mainEntityOfPage":{"@id":"https:\/\/hudo.com\/si\/aktualno\/erdogan-turcija-de-facto-nad-kurde-v-severni-siriji\/"},"wordCount":158,"publisher":{"@id":"https:\/\/hudo.com\/si\/#organization"},"articleSection":["Aktualno"],"inLanguage":"sl-SI"},{"@type":"WebPage","@id":"https:\/\/hudo.com\/si\/aktualno\/erdogan-turcija-de-facto-nad-kurde-v-severni-siriji\/","url":"https:\/\/hudo.com\/si\/aktualno\/erdogan-turcija-de-facto-nad-kurde-v-severni-siriji\/","name":"Erdogan: Tur\u010dija de facto nad Kurde v severni Siriji - Hudo Slovenija","isPartOf":{"@id":"https:\/\/hudo.com\/si\/#website"},"datePublished":"2018-01-20T12:14:00+00:00","dateModified":"2018-01-20T12:14:00+00:00","breadcrumb":{"@id":"https:\/\/hudo.com\/si\/aktualno\/erdogan-turcija-de-facto-nad-kurde-v-severni-siriji\/#breadcrumb"},"inLanguage":"sl-SI","potentialAction":[{"@type":"ReadAction","target":["https:\/\/hudo.com\/si\/aktualno\/erdogan-turcija-de-facto-nad-kurde-v-severni-siriji\/"]}]},{"@type":"BreadcrumbList","@id":"https:\/\/hudo.com\/si\/aktualno\/erdogan-turcija-de-facto-nad-kurde-v-severni-siriji\/#breadcrumb","itemListElement":[{"@type":"ListItem","position":1,"name":"Home","item":"https:\/\/hudo.com\/si\/"},{"@type":"ListItem","position":2,"name":"Erdogan: Tur\u010dija de facto nad Kurde v severni Siriji"}]},{"@type":"WebSite","@id":"https:\/\/hudo.com\/si\/#website","url":"https:\/\/hudo.com\/si\/","name":"Hudo Slovenija","description":"Vse novice iz Slovenije in sveta","publisher":{"@id":"https:\/\/hudo.com\/si\/#organization"},"potentialAction":[{"@type":"SearchAction","target":{"@type":"EntryPoint","urlTemplate":"https:\/\/hudo.com\/si\/?s={search_term_string}"},"query-input":"required name=search_term_string"}],"inLanguage":"sl-SI"},{"@type":"Organization","@id":"https:\/\/hudo.com\/si\/#organization","name":"VSN Media","url":"https:\/\/hudo.com\/si\/","logo":{"@type":"ImageObject","inLanguage":"sl-SI","@id":"https:\/\/hudo.com\/si\/#\/schema\/logo\/image\/","url":"https:\/\/hudo.com\/si\/wp-content\/uploads\/sites\/2\/2021\/03\/hudo-app-2.png","contentUrl":"https:\/\/hudo.com\/si\/wp-content\/uploads\/sites\/2\/2021\/03\/hudo-app-2.png","width":2185,"height":2167,"caption":"VSN Media"},"image":{"@id":"https:\/\/hudo.com\/si\/#\/schema\/logo\/image\/"},"sameAs":["https:\/\/www.facebook.com\/hudo.si","https:\/\/twitter.com\/hudo_si"]},{"@type":"Person","@id":"https:\/\/hudo.com\/si\/#\/schema\/person\/601cf3379633985b20f7e50f2bb47707","name":"hudo","image":{"@type":"ImageObject","inLanguage":"sl-SI","@id":"https:\/\/hudo.com\/si\/#\/schema\/person\/image\/","url":"https:\/\/secure.gravatar.com\/avatar\/c4ca25fa72cace7a696b52ff5db9e095?s=96&d=mm&r=g","contentUrl":"https:\/\/secure.gravatar.com\/avatar\/c4ca25fa72cace7a696b52ff5db9e095?s=96&d=mm&r=g","caption":"hudo"},"url":"https:\/\/hudo.com\/si\/author\/hudo\/"}]}},"amp_enabled":true,"_links":{"self":[{"href":"https:\/\/hudo.com\/si\/wp-json\/wp\/v2\/posts\/351177"}],"collection":[{"href":"https:\/\/hudo.com\/si\/wp-json\/wp\/v2\/posts"}],"about":[{"href":"https:\/\/hudo.com\/si\/wp-json\/wp\/v2\/types\/post"}],"author":[{"embeddable":true,"href":"https:\/\/hudo.com\/si\/wp-json\/wp\/v2\/users\/1"}],"replies":[{"embeddable":true,"href":"https:\/\/hudo.com\/si\/wp-json\/wp\/v2\/comments?post=351177"}],"version-history":[{"count":0,"href":"https:\/\/hudo.com\/si\/wp-json\/wp\/v2\/posts\/351177\/revisions"}],"wp:attachment":[{"href":"https:\/\/hudo.com\/si\/wp-json\/wp\/v2\/media?parent=351177"}],"wp:term":[{"taxonomy":"category","embeddable":true,"href":"https:\/\/hudo.com\/si\/wp-json\/wp\/v2\/categories?post=351177"},{"taxonomy":"post_tag","embeddable":true,"href":"https:\/\/hudo.com\/si\/wp-json\/wp\/v2\/tags?post=351177"},{"taxonomy":"source","embeddable":true,"href":"https:\/\/hudo.com\/si\/wp-json\/wp\/v2\/source?post=351177"},{"taxonomy":"supertag","embeddable":true,"href":"https:\/\/hudo.com\/si\/wp-json\/wp\/v2\/supertag?post=351177"}],"curies":[{"name":"wp","href":"https:\/\/api.w.org\/{rel}","templated":true}]}}