{"id":351273,"date":"2018-01-20T17:35:00","date_gmt":"2018-01-20T16:35:00","guid":{"rendered":"http:\/\/hudo.com\/si\/2018\/01\/20\/carlos-sainz-se-drugic-najboljsi-na-dakarju\/"},"modified":"2018-01-20T17:35:00","modified_gmt":"2018-01-20T16:35:00","slug":"carlos-sainz-se-drugic-najboljsi-na-dakarju","status":"publish","type":"post","link":"https:\/\/hudo.com\/si\/aktualno\/carlos-sainz-se-drugic-najboljsi-na-dakarju\/","title":{"rendered":"Carlos Sainz \u0161e drugi\u010d najbolj\u0161i na Dakarju"},"content":{"rendered":"<p>Kategorija: Avtomoto Sat, 20 Jan 2018 18:35:00 +0100  Cordoba &#8211; \u0160panski dirka\u010d Carlos Sainz je zmagal na reliju Dakar, ki se je danes s 14. etapo kon\u010dal v bli\u017eini Cordobe v Argentini. Sainz (Peugeot) je s tem zabele\u017eil drugo zmago na pu\u0161\u010davskem reliju, za 55-letnikom sta se zvrstila dva voznika Toyote, Nasser Al-Attiyah iz Katarja in Ju\u017enoafri\u010dan Giniel de Villiers. Sainz je sicer dana\u0161njo zadnjo etapo kon\u010dal \u0161ele na devetem mestu in zaostal 43:40 minute, a je kljub temu postal najstarej\u0161i skupni zmagovalec te zahtevne preizku\u0161nje. To je hkrati tudi tretja zmaga za Peugeot v \u010detrtem nastopu, francoski proizvajalec pa je \u017ee razkril, da prihodnje leto ne bo sodeloval. Odkar je Sainz prvi\u010d zmagal na tem reliju leta 2010, je nato preizku\u0161njo kon\u010dal le \u0161e enkrat doslej, kot pa je dejal po zmagi, je bila njegova strategija, \u00bbda nekako pre\u017eivi\u00a0&#8230;<\/p>\n","protected":false},"excerpt":{"rendered":"<p>Kategorija: Avtomoto Sat, 20 Jan 2018 18:35:00 +0100  Cordoba &#8211; \u0160panski dirka\u010d Carlos Sainz je zmagal na reliju Dakar, ki se je danes s 14. etapo kon\u010dal v bli\u017eini Cordobe v Argentini. Sainz (Peugeot) je s tem zabele\u017eil drugo zmago na pu\u0161\u010davskem reliju, za 55-letnikom sta se zvrstila dva voznika Toyote, Nasser Al-Attiyah iz Katarja in Ju\u017enoafri\u010dan Giniel de Villiers. Sainz je sicer dana\u0161njo zadnjo etapo kon\u010dal \u0161ele na devetem mestu in zaostal 43:40 minute, a je kljub temu postal najstarej\u0161i skupni zmagovalec te zahtevne preizku\u0161nje. To je hkrati tudi tretja zmaga za Peugeot v \u010detrtem nastopu, francoski proizvajalec pa je \u017ee razkril, da prihodnje leto ne bo sodeloval. Odkar je Sainz prvi\u010d zmagal na tem reliju leta 2010, je nato preizku\u0161njo kon\u010dal le \u0161e enkrat doslej, kot pa je dejal po zmagi, je bila njegova strategija, \u00bbda nekako pre\u017eivi\u00a0&#8230;<\/p>\n","protected":false},"author":1,"featured_media":0,"comment_status":"closed","ping_status":"closed","sticky":false,"template":"","format":"standard","meta":{"footnotes":""},"categories":[1179],"tags":[],"source":[1703],"supertag":[],"acf":[],"yoast_head":"<!-- This site is optimized with the Yoast SEO plugin v21.3 - https:\/\/yoast.com\/wordpress\/plugins\/seo\/ -->\n<title>Carlos Sainz \u0161e drugi\u010d najbolj\u0161i na Dakarju - Hudo Slovenija<\/title>\n<meta name=\"robots\" content=\"index, follow, max-snippet:-1, max-image-preview:large, max-video-preview:-1\" \/>\n<link rel=\"canonical\" href=\"https:\/\/hudo.com\/si\/aktualno\/carlos-sainz-se-drugic-najboljsi-na-dakarju\/\" \/>\n<meta property=\"og:locale\" content=\"sl_SI\" \/>\n<meta property=\"og:type\" content=\"article\" \/>\n<meta property=\"og:title\" content=\"Carlos Sainz \u0161e drugi\u010d najbolj\u0161i na Dakarju - Hudo Slovenija\" \/>\n<meta property=\"og:description\" content=\"Kategorija: Avtomoto Sat, 20 Jan 2018 18:35:00 +0100 Cordoba - \u0160panski dirka\u010d Carlos Sainz je zmagal na reliju Dakar, ki se je danes s 14. etapo kon\u010dal v bli\u017eini Cordobe v Argentini. Sainz (Peugeot) je s tem zabele\u017eil drugo zmago na pu\u0161\u010davskem reliju, za 55-letnikom sta se zvrstila dva voznika Toyote, Nasser Al-Attiyah iz Katarja in Ju\u017enoafri\u010dan Giniel de Villiers. Sainz je sicer dana\u0161njo zadnjo etapo kon\u010dal \u0161ele na devetem mestu in zaostal 43:40 minute, a je kljub temu postal najstarej\u0161i skupni zmagovalec te zahtevne preizku\u0161nje. To je hkrati tudi tretja zmaga za Peugeot v \u010detrtem nastopu, francoski proizvajalec pa je \u017ee razkril, da prihodnje leto ne bo sodeloval. Odkar je Sainz prvi\u010d zmagal na tem reliju leta 2010, je nato preizku\u0161njo kon\u010dal le \u0161e enkrat doslej, kot pa je dejal po zmagi, je bila njegova strategija, \u00bbda nekako pre\u017eivi\u00a0...\" \/>\n<meta property=\"og:url\" content=\"https:\/\/hudo.com\/si\/aktualno\/carlos-sainz-se-drugic-najboljsi-na-dakarju\/\" \/>\n<meta property=\"og:site_name\" content=\"Hudo Slovenija\" \/>\n<meta property=\"article:publisher\" content=\"https:\/\/www.facebook.com\/hudo.si\" \/>\n<meta property=\"article:published_time\" content=\"2018-01-20T16:35:00+00:00\" \/>\n<meta property=\"og:image\" content=\"https:\/\/hudo.com\/si\/wp-content\/uploads\/sites\/2\/2018\/01\/480x290_AP_Pictures-20180120182251-31140600.jpeg\" \/>\n\t<meta property=\"og:image:width\" content=\"480\" \/>\n\t<meta property=\"og:image:height\" content=\"290\" \/>\n\t<meta property=\"og:image:type\" content=\"image\/jpeg\" \/>\n<meta name=\"author\" content=\"hudo\" \/>\n<meta name=\"twitter:card\" content=\"summary_large_image\" \/>\n<meta name=\"twitter:creator\" content=\"@hudo_si\" \/>\n<meta name=\"twitter:site\" content=\"@hudo_si\" \/>\n<meta name=\"twitter:label1\" content=\"Written by\" \/>\n\t<meta name=\"twitter:data1\" content=\"hudo\" \/>\n\t<meta name=\"twitter:label2\" content=\"Est. reading time\" \/>\n\t<meta name=\"twitter:data2\" content=\"1 minuta\" \/>\n<script type=\"application\/ld+json\" class=\"yoast-schema-graph\">{\"@context\":\"https:\/\/schema.org\",\"@graph\":[{\"@type\":\"Article\",\"@id\":\"https:\/\/hudo.com\/si\/aktualno\/carlos-sainz-se-drugic-najboljsi-na-dakarju\/#article\",\"isPartOf\":{\"@id\":\"https:\/\/hudo.com\/si\/aktualno\/carlos-sainz-se-drugic-najboljsi-na-dakarju\/\"},\"author\":{\"name\":\"hudo\",\"@id\":\"https:\/\/hudo.com\/si\/#\/schema\/person\/601cf3379633985b20f7e50f2bb47707\"},\"headline\":\"Carlos Sainz \u0161e drugi\u010d najbolj\u0161i na Dakarju\",\"datePublished\":\"2018-01-20T16:35:00+00:00\",\"dateModified\":\"2018-01-20T16:35:00+00:00\",\"mainEntityOfPage\":{\"@id\":\"https:\/\/hudo.com\/si\/aktualno\/carlos-sainz-se-drugic-najboljsi-na-dakarju\/\"},\"wordCount\":154,\"publisher\":{\"@id\":\"https:\/\/hudo.com\/si\/#organization\"},\"articleSection\":[\"Aktualno\"],\"inLanguage\":\"sl-SI\"},{\"@type\":\"WebPage\",\"@id\":\"https:\/\/hudo.com\/si\/aktualno\/carlos-sainz-se-drugic-najboljsi-na-dakarju\/\",\"url\":\"https:\/\/hudo.com\/si\/aktualno\/carlos-sainz-se-drugic-najboljsi-na-dakarju\/\",\"name\":\"Carlos Sainz \u0161e drugi\u010d najbolj\u0161i na Dakarju - Hudo Slovenija\",\"isPartOf\":{\"@id\":\"https:\/\/hudo.com\/si\/#website\"},\"datePublished\":\"2018-01-20T16:35:00+00:00\",\"dateModified\":\"2018-01-20T16:35:00+00:00\",\"breadcrumb\":{\"@id\":\"https:\/\/hudo.com\/si\/aktualno\/carlos-sainz-se-drugic-najboljsi-na-dakarju\/#breadcrumb\"},\"inLanguage\":\"sl-SI\",\"potentialAction\":[{\"@type\":\"ReadAction\",\"target\":[\"https:\/\/hudo.com\/si\/aktualno\/carlos-sainz-se-drugic-najboljsi-na-dakarju\/\"]}]},{\"@type\":\"BreadcrumbList\",\"@id\":\"https:\/\/hudo.com\/si\/aktualno\/carlos-sainz-se-drugic-najboljsi-na-dakarju\/#breadcrumb\",\"itemListElement\":[{\"@type\":\"ListItem\",\"position\":1,\"name\":\"Home\",\"item\":\"https:\/\/hudo.com\/si\/\"},{\"@type\":\"ListItem\",\"position\":2,\"name\":\"Carlos Sainz \u0161e drugi\u010d najbolj\u0161i na Dakarju\"}]},{\"@type\":\"WebSite\",\"@id\":\"https:\/\/hudo.com\/si\/#website\",\"url\":\"https:\/\/hudo.com\/si\/\",\"name\":\"Hudo Slovenija\",\"description\":\"Vse novice iz Slovenije in sveta\",\"publisher\":{\"@id\":\"https:\/\/hudo.com\/si\/#organization\"},\"potentialAction\":[{\"@type\":\"SearchAction\",\"target\":{\"@type\":\"EntryPoint\",\"urlTemplate\":\"https:\/\/hudo.com\/si\/?s={search_term_string}\"},\"query-input\":\"required name=search_term_string\"}],\"inLanguage\":\"sl-SI\"},{\"@type\":\"Organization\",\"@id\":\"https:\/\/hudo.com\/si\/#organization\",\"name\":\"VSN Media\",\"url\":\"https:\/\/hudo.com\/si\/\",\"logo\":{\"@type\":\"ImageObject\",\"inLanguage\":\"sl-SI\",\"@id\":\"https:\/\/hudo.com\/si\/#\/schema\/logo\/image\/\",\"url\":\"https:\/\/hudo.com\/si\/wp-content\/uploads\/sites\/2\/2021\/03\/hudo-app-2.png\",\"contentUrl\":\"https:\/\/hudo.com\/si\/wp-content\/uploads\/sites\/2\/2021\/03\/hudo-app-2.png\",\"width\":2185,\"height\":2167,\"caption\":\"VSN Media\"},\"image\":{\"@id\":\"https:\/\/hudo.com\/si\/#\/schema\/logo\/image\/\"},\"sameAs\":[\"https:\/\/www.facebook.com\/hudo.si\",\"https:\/\/twitter.com\/hudo_si\"]},{\"@type\":\"Person\",\"@id\":\"https:\/\/hudo.com\/si\/#\/schema\/person\/601cf3379633985b20f7e50f2bb47707\",\"name\":\"hudo\",\"image\":{\"@type\":\"ImageObject\",\"inLanguage\":\"sl-SI\",\"@id\":\"https:\/\/hudo.com\/si\/#\/schema\/person\/image\/\",\"url\":\"https:\/\/secure.gravatar.com\/avatar\/c4ca25fa72cace7a696b52ff5db9e095?s=96&d=mm&r=g\",\"contentUrl\":\"https:\/\/secure.gravatar.com\/avatar\/c4ca25fa72cace7a696b52ff5db9e095?s=96&d=mm&r=g\",\"caption\":\"hudo\"},\"url\":\"https:\/\/hudo.com\/si\/author\/hudo\/\"}]}<\/script>\n<!-- \/ Yoast SEO plugin. -->","yoast_head_json":{"title":"Carlos Sainz \u0161e drugi\u010d najbolj\u0161i na Dakarju - Hudo Slovenija","robots":{"index":"index","follow":"follow","max-snippet":"max-snippet:-1","max-image-preview":"max-image-preview:large","max-video-preview":"max-video-preview:-1"},"canonical":"https:\/\/hudo.com\/si\/aktualno\/carlos-sainz-se-drugic-najboljsi-na-dakarju\/","og_locale":"sl_SI","og_type":"article","og_title":"Carlos Sainz \u0161e drugi\u010d najbolj\u0161i na Dakarju - Hudo Slovenija","og_description":"Kategorija: Avtomoto Sat, 20 Jan 2018 18:35:00 +0100 Cordoba - \u0160panski dirka\u010d Carlos Sainz je zmagal na reliju Dakar, ki se je danes s 14. etapo kon\u010dal v bli\u017eini Cordobe v Argentini. Sainz (Peugeot) je s tem zabele\u017eil drugo zmago na pu\u0161\u010davskem reliju, za 55-letnikom sta se zvrstila dva voznika Toyote, Nasser Al-Attiyah iz Katarja in Ju\u017enoafri\u010dan Giniel de Villiers. Sainz je sicer dana\u0161njo zadnjo etapo kon\u010dal \u0161ele na devetem mestu in zaostal 43:40 minute, a je kljub temu postal najstarej\u0161i skupni zmagovalec te zahtevne preizku\u0161nje. To je hkrati tudi tretja zmaga za Peugeot v \u010detrtem nastopu, francoski proizvajalec pa je \u017ee razkril, da prihodnje leto ne bo sodeloval. Odkar je Sainz prvi\u010d zmagal na tem reliju leta 2010, je nato preizku\u0161njo kon\u010dal le \u0161e enkrat doslej, kot pa je dejal po zmagi, je bila njegova strategija, \u00bbda nekako pre\u017eivi\u00a0...","og_url":"https:\/\/hudo.com\/si\/aktualno\/carlos-sainz-se-drugic-najboljsi-na-dakarju\/","og_site_name":"Hudo Slovenija","article_publisher":"https:\/\/www.facebook.com\/hudo.si","article_published_time":"2018-01-20T16:35:00+00:00","og_image":[{"width":480,"height":290,"url":"https:\/\/hudo.com\/si\/wp-content\/uploads\/sites\/2\/2018\/01\/480x290_AP_Pictures-20180120182251-31140600.jpeg","type":"image\/jpeg"}],"author":"hudo","twitter_card":"summary_large_image","twitter_creator":"@hudo_si","twitter_site":"@hudo_si","twitter_misc":{"Written by":"hudo","Est. reading time":"1 minuta"},"schema":{"@context":"https:\/\/schema.org","@graph":[{"@type":"Article","@id":"https:\/\/hudo.com\/si\/aktualno\/carlos-sainz-se-drugic-najboljsi-na-dakarju\/#article","isPartOf":{"@id":"https:\/\/hudo.com\/si\/aktualno\/carlos-sainz-se-drugic-najboljsi-na-dakarju\/"},"author":{"name":"hudo","@id":"https:\/\/hudo.com\/si\/#\/schema\/person\/601cf3379633985b20f7e50f2bb47707"},"headline":"Carlos Sainz \u0161e drugi\u010d najbolj\u0161i na Dakarju","datePublished":"2018-01-20T16:35:00+00:00","dateModified":"2018-01-20T16:35:00+00:00","mainEntityOfPage":{"@id":"https:\/\/hudo.com\/si\/aktualno\/carlos-sainz-se-drugic-najboljsi-na-dakarju\/"},"wordCount":154,"publisher":{"@id":"https:\/\/hudo.com\/si\/#organization"},"articleSection":["Aktualno"],"inLanguage":"sl-SI"},{"@type":"WebPage","@id":"https:\/\/hudo.com\/si\/aktualno\/carlos-sainz-se-drugic-najboljsi-na-dakarju\/","url":"https:\/\/hudo.com\/si\/aktualno\/carlos-sainz-se-drugic-najboljsi-na-dakarju\/","name":"Carlos Sainz \u0161e drugi\u010d najbolj\u0161i na Dakarju - Hudo Slovenija","isPartOf":{"@id":"https:\/\/hudo.com\/si\/#website"},"datePublished":"2018-01-20T16:35:00+00:00","dateModified":"2018-01-20T16:35:00+00:00","breadcrumb":{"@id":"https:\/\/hudo.com\/si\/aktualno\/carlos-sainz-se-drugic-najboljsi-na-dakarju\/#breadcrumb"},"inLanguage":"sl-SI","potentialAction":[{"@type":"ReadAction","target":["https:\/\/hudo.com\/si\/aktualno\/carlos-sainz-se-drugic-najboljsi-na-dakarju\/"]}]},{"@type":"BreadcrumbList","@id":"https:\/\/hudo.com\/si\/aktualno\/carlos-sainz-se-drugic-najboljsi-na-dakarju\/#breadcrumb","itemListElement":[{"@type":"ListItem","position":1,"name":"Home","item":"https:\/\/hudo.com\/si\/"},{"@type":"ListItem","position":2,"name":"Carlos Sainz \u0161e drugi\u010d najbolj\u0161i na Dakarju"}]},{"@type":"WebSite","@id":"https:\/\/hudo.com\/si\/#website","url":"https:\/\/hudo.com\/si\/","name":"Hudo Slovenija","description":"Vse novice iz Slovenije in sveta","publisher":{"@id":"https:\/\/hudo.com\/si\/#organization"},"potentialAction":[{"@type":"SearchAction","target":{"@type":"EntryPoint","urlTemplate":"https:\/\/hudo.com\/si\/?s={search_term_string}"},"query-input":"required name=search_term_string"}],"inLanguage":"sl-SI"},{"@type":"Organization","@id":"https:\/\/hudo.com\/si\/#organization","name":"VSN Media","url":"https:\/\/hudo.com\/si\/","logo":{"@type":"ImageObject","inLanguage":"sl-SI","@id":"https:\/\/hudo.com\/si\/#\/schema\/logo\/image\/","url":"https:\/\/hudo.com\/si\/wp-content\/uploads\/sites\/2\/2021\/03\/hudo-app-2.png","contentUrl":"https:\/\/hudo.com\/si\/wp-content\/uploads\/sites\/2\/2021\/03\/hudo-app-2.png","width":2185,"height":2167,"caption":"VSN Media"},"image":{"@id":"https:\/\/hudo.com\/si\/#\/schema\/logo\/image\/"},"sameAs":["https:\/\/www.facebook.com\/hudo.si","https:\/\/twitter.com\/hudo_si"]},{"@type":"Person","@id":"https:\/\/hudo.com\/si\/#\/schema\/person\/601cf3379633985b20f7e50f2bb47707","name":"hudo","image":{"@type":"ImageObject","inLanguage":"sl-SI","@id":"https:\/\/hudo.com\/si\/#\/schema\/person\/image\/","url":"https:\/\/secure.gravatar.com\/avatar\/c4ca25fa72cace7a696b52ff5db9e095?s=96&d=mm&r=g","contentUrl":"https:\/\/secure.gravatar.com\/avatar\/c4ca25fa72cace7a696b52ff5db9e095?s=96&d=mm&r=g","caption":"hudo"},"url":"https:\/\/hudo.com\/si\/author\/hudo\/"}]}},"amp_enabled":true,"_links":{"self":[{"href":"https:\/\/hudo.com\/si\/wp-json\/wp\/v2\/posts\/351273"}],"collection":[{"href":"https:\/\/hudo.com\/si\/wp-json\/wp\/v2\/posts"}],"about":[{"href":"https:\/\/hudo.com\/si\/wp-json\/wp\/v2\/types\/post"}],"author":[{"embeddable":true,"href":"https:\/\/hudo.com\/si\/wp-json\/wp\/v2\/users\/1"}],"replies":[{"embeddable":true,"href":"https:\/\/hudo.com\/si\/wp-json\/wp\/v2\/comments?post=351273"}],"version-history":[{"count":0,"href":"https:\/\/hudo.com\/si\/wp-json\/wp\/v2\/posts\/351273\/revisions"}],"wp:attachment":[{"href":"https:\/\/hudo.com\/si\/wp-json\/wp\/v2\/media?parent=351273"}],"wp:term":[{"taxonomy":"category","embeddable":true,"href":"https:\/\/hudo.com\/si\/wp-json\/wp\/v2\/categories?post=351273"},{"taxonomy":"post_tag","embeddable":true,"href":"https:\/\/hudo.com\/si\/wp-json\/wp\/v2\/tags?post=351273"},{"taxonomy":"source","embeddable":true,"href":"https:\/\/hudo.com\/si\/wp-json\/wp\/v2\/source?post=351273"},{"taxonomy":"supertag","embeddable":true,"href":"https:\/\/hudo.com\/si\/wp-json\/wp\/v2\/supertag?post=351273"}],"curies":[{"name":"wp","href":"https:\/\/api.w.org\/{rel}","templated":true}]}}