{"id":351332,"date":"2018-01-20T21:12:00","date_gmt":"2018-01-20T20:12:00","guid":{"rendered":"http:\/\/hudo.com\/si\/2018\/01\/20\/bob-leta-2017-poveljniku-srecku-cehnarju\/"},"modified":"2018-01-20T21:12:00","modified_gmt":"2018-01-20T20:12:00","slug":"bob-leta-2017-poveljniku-srecku-cehnarju","status":"publish","type":"post","link":"https:\/\/hudo.com\/si\/aktualno\/bob-leta-2017-poveljniku-srecku-cehnarju\/","title":{"rendered":"Bob leta 2017 poveljniku Sre\u010dku Cehnarju"},"content":{"rendered":"<p>Kategorija: Slovenija Sat, 20 Jan 2018 22:12:00 +0100  Maribor &#8211; Ve\u010derov Bob leta 2017 za izjavo, ki so jo nocoj razglasili v Mariboru, je pripadel poveljniku enot TO pri obrambi \u0160entilja Sre\u010dku Cehnarju za izjavo \u00bbSoborci me spra\u0161ujejo, ali smo se borili za pravo stvar. Za domovino \u017ee, in \u010de bi bilo treba, \u0161e stokrat. Ne pa za elite, ki so se okoristile brez moralnih in eti\u010dnih zadr\u017ekov. Kako jih ni sram?\u00ab Izbor Boba leta &#8211; po mnenju bralcev Ve\u010dera in \u0161ir\u0161e slovenske javnosti najbolj\u0161e izjave, objavljene minulo leto v Ve\u010deru &#8211; je potekal \u017ee 19. leto zapored. Kot je povedal odgovorni urednik Ve\u010dera Matija Stepi\u0161nik, je svoje glasove oddalo ve\u010d kot 25.000 njihovih bralcev, za najbolj odmevno pa so izbrali del izjave enega od 26 njihovih sogovornikov pred leto\u0161njim dnevom dr\u017eavnosti. Nagrajenec je bil tudi ob dana\u0161njem prevzemu\u00a0&#8230;<\/p>\n","protected":false},"excerpt":{"rendered":"<p>Kategorija: Slovenija Sat, 20 Jan 2018 22:12:00 +0100  Maribor &#8211; Ve\u010derov Bob leta 2017 za izjavo, ki so jo nocoj razglasili v Mariboru, je pripadel poveljniku enot TO pri obrambi \u0160entilja Sre\u010dku Cehnarju za izjavo \u00bbSoborci me spra\u0161ujejo, ali smo se borili za pravo stvar. Za domovino \u017ee, in \u010de bi bilo treba, \u0161e stokrat. Ne pa za elite, ki so se okoristile brez moralnih in eti\u010dnih zadr\u017ekov. Kako jih ni sram?\u00ab Izbor Boba leta &#8211; po mnenju bralcev Ve\u010dera in \u0161ir\u0161e slovenske javnosti najbolj\u0161e izjave, objavljene minulo leto v Ve\u010deru &#8211; je potekal \u017ee 19. leto zapored. Kot je povedal odgovorni urednik Ve\u010dera Matija Stepi\u0161nik, je svoje glasove oddalo ve\u010d kot 25.000 njihovih bralcev, za najbolj odmevno pa so izbrali del izjave enega od 26 njihovih sogovornikov pred leto\u0161njim dnevom dr\u017eavnosti. Nagrajenec je bil tudi ob dana\u0161njem prevzemu\u00a0&#8230;<\/p>\n","protected":false},"author":1,"featured_media":0,"comment_status":"closed","ping_status":"closed","sticky":false,"template":"","format":"standard","meta":{"footnotes":""},"categories":[1179],"tags":[],"source":[1703],"supertag":[],"acf":[],"yoast_head":"<!-- This site is optimized with the Yoast SEO plugin v21.3 - https:\/\/yoast.com\/wordpress\/plugins\/seo\/ -->\n<title>Bob leta 2017 poveljniku Sre\u010dku Cehnarju - Hudo Slovenija<\/title>\n<meta name=\"robots\" content=\"index, follow, max-snippet:-1, max-image-preview:large, max-video-preview:-1\" \/>\n<link rel=\"canonical\" href=\"https:\/\/hudo.com\/si\/aktualno\/bob-leta-2017-poveljniku-srecku-cehnarju\/\" \/>\n<meta property=\"og:locale\" content=\"sl_SI\" \/>\n<meta property=\"og:type\" content=\"article\" \/>\n<meta property=\"og:title\" content=\"Bob leta 2017 poveljniku Sre\u010dku Cehnarju - Hudo Slovenija\" \/>\n<meta property=\"og:description\" content=\"Kategorija: Slovenija Sat, 20 Jan 2018 22:12:00 +0100 Maribor - Ve\u010derov Bob leta 2017 za izjavo, ki so jo nocoj razglasili v Mariboru, je pripadel poveljniku enot TO pri obrambi \u0160entilja Sre\u010dku Cehnarju za izjavo \u00bbSoborci me spra\u0161ujejo, ali smo se borili za pravo stvar. Za domovino \u017ee, in \u010de bi bilo treba, \u0161e stokrat. Ne pa za elite, ki so se okoristile brez moralnih in eti\u010dnih zadr\u017ekov. Kako jih ni sram?\u00ab Izbor Boba leta - po mnenju bralcev Ve\u010dera in \u0161ir\u0161e slovenske javnosti najbolj\u0161e izjave, objavljene minulo leto v Ve\u010deru - je potekal \u017ee 19. leto zapored. Kot je povedal odgovorni urednik Ve\u010dera Matija Stepi\u0161nik, je svoje glasove oddalo ve\u010d kot 25.000 njihovih bralcev, za najbolj odmevno pa so izbrali del izjave enega od 26 njihovih sogovornikov pred leto\u0161njim dnevom dr\u017eavnosti. Nagrajenec je bil tudi ob dana\u0161njem prevzemu\u00a0...\" \/>\n<meta property=\"og:url\" content=\"https:\/\/hudo.com\/si\/aktualno\/bob-leta-2017-poveljniku-srecku-cehnarju\/\" \/>\n<meta property=\"og:site_name\" content=\"Hudo Slovenija\" \/>\n<meta property=\"article:publisher\" content=\"https:\/\/www.facebook.com\/hudo.si\" \/>\n<meta property=\"article:published_time\" content=\"2018-01-20T20:12:00+00:00\" \/>\n<meta property=\"og:image\" content=\"https:\/\/hudo.com\/si\/wp-content\/uploads\/sites\/2\/2018\/01\/480x290_djvu_2142656_piano_regent-ve-er.jpeg\" \/>\n\t<meta property=\"og:image:width\" content=\"480\" \/>\n\t<meta property=\"og:image:height\" content=\"290\" \/>\n\t<meta property=\"og:image:type\" content=\"image\/jpeg\" \/>\n<meta name=\"author\" content=\"hudo\" \/>\n<meta name=\"twitter:card\" content=\"summary_large_image\" \/>\n<meta name=\"twitter:creator\" content=\"@hudo_si\" \/>\n<meta name=\"twitter:site\" content=\"@hudo_si\" \/>\n<meta name=\"twitter:label1\" content=\"Written by\" \/>\n\t<meta name=\"twitter:data1\" content=\"hudo\" \/>\n\t<meta name=\"twitter:label2\" content=\"Est. reading time\" \/>\n\t<meta name=\"twitter:data2\" content=\"1 minuta\" \/>\n<script type=\"application\/ld+json\" class=\"yoast-schema-graph\">{\"@context\":\"https:\/\/schema.org\",\"@graph\":[{\"@type\":\"Article\",\"@id\":\"https:\/\/hudo.com\/si\/aktualno\/bob-leta-2017-poveljniku-srecku-cehnarju\/#article\",\"isPartOf\":{\"@id\":\"https:\/\/hudo.com\/si\/aktualno\/bob-leta-2017-poveljniku-srecku-cehnarju\/\"},\"author\":{\"name\":\"hudo\",\"@id\":\"https:\/\/hudo.com\/si\/#\/schema\/person\/601cf3379633985b20f7e50f2bb47707\"},\"headline\":\"Bob leta 2017 poveljniku Sre\u010dku Cehnarju\",\"datePublished\":\"2018-01-20T20:12:00+00:00\",\"dateModified\":\"2018-01-20T20:12:00+00:00\",\"mainEntityOfPage\":{\"@id\":\"https:\/\/hudo.com\/si\/aktualno\/bob-leta-2017-poveljniku-srecku-cehnarju\/\"},\"wordCount\":151,\"publisher\":{\"@id\":\"https:\/\/hudo.com\/si\/#organization\"},\"articleSection\":[\"Aktualno\"],\"inLanguage\":\"sl-SI\"},{\"@type\":\"WebPage\",\"@id\":\"https:\/\/hudo.com\/si\/aktualno\/bob-leta-2017-poveljniku-srecku-cehnarju\/\",\"url\":\"https:\/\/hudo.com\/si\/aktualno\/bob-leta-2017-poveljniku-srecku-cehnarju\/\",\"name\":\"Bob leta 2017 poveljniku Sre\u010dku Cehnarju - Hudo Slovenija\",\"isPartOf\":{\"@id\":\"https:\/\/hudo.com\/si\/#website\"},\"datePublished\":\"2018-01-20T20:12:00+00:00\",\"dateModified\":\"2018-01-20T20:12:00+00:00\",\"breadcrumb\":{\"@id\":\"https:\/\/hudo.com\/si\/aktualno\/bob-leta-2017-poveljniku-srecku-cehnarju\/#breadcrumb\"},\"inLanguage\":\"sl-SI\",\"potentialAction\":[{\"@type\":\"ReadAction\",\"target\":[\"https:\/\/hudo.com\/si\/aktualno\/bob-leta-2017-poveljniku-srecku-cehnarju\/\"]}]},{\"@type\":\"BreadcrumbList\",\"@id\":\"https:\/\/hudo.com\/si\/aktualno\/bob-leta-2017-poveljniku-srecku-cehnarju\/#breadcrumb\",\"itemListElement\":[{\"@type\":\"ListItem\",\"position\":1,\"name\":\"Home\",\"item\":\"https:\/\/hudo.com\/si\/\"},{\"@type\":\"ListItem\",\"position\":2,\"name\":\"Bob leta 2017 poveljniku Sre\u010dku Cehnarju\"}]},{\"@type\":\"WebSite\",\"@id\":\"https:\/\/hudo.com\/si\/#website\",\"url\":\"https:\/\/hudo.com\/si\/\",\"name\":\"Hudo Slovenija\",\"description\":\"Vse novice iz Slovenije in sveta\",\"publisher\":{\"@id\":\"https:\/\/hudo.com\/si\/#organization\"},\"potentialAction\":[{\"@type\":\"SearchAction\",\"target\":{\"@type\":\"EntryPoint\",\"urlTemplate\":\"https:\/\/hudo.com\/si\/?s={search_term_string}\"},\"query-input\":\"required name=search_term_string\"}],\"inLanguage\":\"sl-SI\"},{\"@type\":\"Organization\",\"@id\":\"https:\/\/hudo.com\/si\/#organization\",\"name\":\"VSN Media\",\"url\":\"https:\/\/hudo.com\/si\/\",\"logo\":{\"@type\":\"ImageObject\",\"inLanguage\":\"sl-SI\",\"@id\":\"https:\/\/hudo.com\/si\/#\/schema\/logo\/image\/\",\"url\":\"https:\/\/hudo.com\/si\/wp-content\/uploads\/sites\/2\/2021\/03\/hudo-app-2.png\",\"contentUrl\":\"https:\/\/hudo.com\/si\/wp-content\/uploads\/sites\/2\/2021\/03\/hudo-app-2.png\",\"width\":2185,\"height\":2167,\"caption\":\"VSN Media\"},\"image\":{\"@id\":\"https:\/\/hudo.com\/si\/#\/schema\/logo\/image\/\"},\"sameAs\":[\"https:\/\/www.facebook.com\/hudo.si\",\"https:\/\/twitter.com\/hudo_si\"]},{\"@type\":\"Person\",\"@id\":\"https:\/\/hudo.com\/si\/#\/schema\/person\/601cf3379633985b20f7e50f2bb47707\",\"name\":\"hudo\",\"image\":{\"@type\":\"ImageObject\",\"inLanguage\":\"sl-SI\",\"@id\":\"https:\/\/hudo.com\/si\/#\/schema\/person\/image\/\",\"url\":\"https:\/\/secure.gravatar.com\/avatar\/c4ca25fa72cace7a696b52ff5db9e095?s=96&d=mm&r=g\",\"contentUrl\":\"https:\/\/secure.gravatar.com\/avatar\/c4ca25fa72cace7a696b52ff5db9e095?s=96&d=mm&r=g\",\"caption\":\"hudo\"},\"url\":\"https:\/\/hudo.com\/si\/author\/hudo\/\"}]}<\/script>\n<!-- \/ Yoast SEO plugin. -->","yoast_head_json":{"title":"Bob leta 2017 poveljniku Sre\u010dku Cehnarju - Hudo Slovenija","robots":{"index":"index","follow":"follow","max-snippet":"max-snippet:-1","max-image-preview":"max-image-preview:large","max-video-preview":"max-video-preview:-1"},"canonical":"https:\/\/hudo.com\/si\/aktualno\/bob-leta-2017-poveljniku-srecku-cehnarju\/","og_locale":"sl_SI","og_type":"article","og_title":"Bob leta 2017 poveljniku Sre\u010dku Cehnarju - Hudo Slovenija","og_description":"Kategorija: Slovenija Sat, 20 Jan 2018 22:12:00 +0100 Maribor - Ve\u010derov Bob leta 2017 za izjavo, ki so jo nocoj razglasili v Mariboru, je pripadel poveljniku enot TO pri obrambi \u0160entilja Sre\u010dku Cehnarju za izjavo \u00bbSoborci me spra\u0161ujejo, ali smo se borili za pravo stvar. Za domovino \u017ee, in \u010de bi bilo treba, \u0161e stokrat. Ne pa za elite, ki so se okoristile brez moralnih in eti\u010dnih zadr\u017ekov. Kako jih ni sram?\u00ab Izbor Boba leta - po mnenju bralcev Ve\u010dera in \u0161ir\u0161e slovenske javnosti najbolj\u0161e izjave, objavljene minulo leto v Ve\u010deru - je potekal \u017ee 19. leto zapored. Kot je povedal odgovorni urednik Ve\u010dera Matija Stepi\u0161nik, je svoje glasove oddalo ve\u010d kot 25.000 njihovih bralcev, za najbolj odmevno pa so izbrali del izjave enega od 26 njihovih sogovornikov pred leto\u0161njim dnevom dr\u017eavnosti. Nagrajenec je bil tudi ob dana\u0161njem prevzemu\u00a0...","og_url":"https:\/\/hudo.com\/si\/aktualno\/bob-leta-2017-poveljniku-srecku-cehnarju\/","og_site_name":"Hudo Slovenija","article_publisher":"https:\/\/www.facebook.com\/hudo.si","article_published_time":"2018-01-20T20:12:00+00:00","og_image":[{"width":480,"height":290,"url":"https:\/\/hudo.com\/si\/wp-content\/uploads\/sites\/2\/2018\/01\/480x290_djvu_2142656_piano_regent-ve-er.jpeg","type":"image\/jpeg"}],"author":"hudo","twitter_card":"summary_large_image","twitter_creator":"@hudo_si","twitter_site":"@hudo_si","twitter_misc":{"Written by":"hudo","Est. reading time":"1 minuta"},"schema":{"@context":"https:\/\/schema.org","@graph":[{"@type":"Article","@id":"https:\/\/hudo.com\/si\/aktualno\/bob-leta-2017-poveljniku-srecku-cehnarju\/#article","isPartOf":{"@id":"https:\/\/hudo.com\/si\/aktualno\/bob-leta-2017-poveljniku-srecku-cehnarju\/"},"author":{"name":"hudo","@id":"https:\/\/hudo.com\/si\/#\/schema\/person\/601cf3379633985b20f7e50f2bb47707"},"headline":"Bob leta 2017 poveljniku Sre\u010dku Cehnarju","datePublished":"2018-01-20T20:12:00+00:00","dateModified":"2018-01-20T20:12:00+00:00","mainEntityOfPage":{"@id":"https:\/\/hudo.com\/si\/aktualno\/bob-leta-2017-poveljniku-srecku-cehnarju\/"},"wordCount":151,"publisher":{"@id":"https:\/\/hudo.com\/si\/#organization"},"articleSection":["Aktualno"],"inLanguage":"sl-SI"},{"@type":"WebPage","@id":"https:\/\/hudo.com\/si\/aktualno\/bob-leta-2017-poveljniku-srecku-cehnarju\/","url":"https:\/\/hudo.com\/si\/aktualno\/bob-leta-2017-poveljniku-srecku-cehnarju\/","name":"Bob leta 2017 poveljniku Sre\u010dku Cehnarju - Hudo Slovenija","isPartOf":{"@id":"https:\/\/hudo.com\/si\/#website"},"datePublished":"2018-01-20T20:12:00+00:00","dateModified":"2018-01-20T20:12:00+00:00","breadcrumb":{"@id":"https:\/\/hudo.com\/si\/aktualno\/bob-leta-2017-poveljniku-srecku-cehnarju\/#breadcrumb"},"inLanguage":"sl-SI","potentialAction":[{"@type":"ReadAction","target":["https:\/\/hudo.com\/si\/aktualno\/bob-leta-2017-poveljniku-srecku-cehnarju\/"]}]},{"@type":"BreadcrumbList","@id":"https:\/\/hudo.com\/si\/aktualno\/bob-leta-2017-poveljniku-srecku-cehnarju\/#breadcrumb","itemListElement":[{"@type":"ListItem","position":1,"name":"Home","item":"https:\/\/hudo.com\/si\/"},{"@type":"ListItem","position":2,"name":"Bob leta 2017 poveljniku Sre\u010dku Cehnarju"}]},{"@type":"WebSite","@id":"https:\/\/hudo.com\/si\/#website","url":"https:\/\/hudo.com\/si\/","name":"Hudo Slovenija","description":"Vse novice iz Slovenije in sveta","publisher":{"@id":"https:\/\/hudo.com\/si\/#organization"},"potentialAction":[{"@type":"SearchAction","target":{"@type":"EntryPoint","urlTemplate":"https:\/\/hudo.com\/si\/?s={search_term_string}"},"query-input":"required name=search_term_string"}],"inLanguage":"sl-SI"},{"@type":"Organization","@id":"https:\/\/hudo.com\/si\/#organization","name":"VSN Media","url":"https:\/\/hudo.com\/si\/","logo":{"@type":"ImageObject","inLanguage":"sl-SI","@id":"https:\/\/hudo.com\/si\/#\/schema\/logo\/image\/","url":"https:\/\/hudo.com\/si\/wp-content\/uploads\/sites\/2\/2021\/03\/hudo-app-2.png","contentUrl":"https:\/\/hudo.com\/si\/wp-content\/uploads\/sites\/2\/2021\/03\/hudo-app-2.png","width":2185,"height":2167,"caption":"VSN Media"},"image":{"@id":"https:\/\/hudo.com\/si\/#\/schema\/logo\/image\/"},"sameAs":["https:\/\/www.facebook.com\/hudo.si","https:\/\/twitter.com\/hudo_si"]},{"@type":"Person","@id":"https:\/\/hudo.com\/si\/#\/schema\/person\/601cf3379633985b20f7e50f2bb47707","name":"hudo","image":{"@type":"ImageObject","inLanguage":"sl-SI","@id":"https:\/\/hudo.com\/si\/#\/schema\/person\/image\/","url":"https:\/\/secure.gravatar.com\/avatar\/c4ca25fa72cace7a696b52ff5db9e095?s=96&d=mm&r=g","contentUrl":"https:\/\/secure.gravatar.com\/avatar\/c4ca25fa72cace7a696b52ff5db9e095?s=96&d=mm&r=g","caption":"hudo"},"url":"https:\/\/hudo.com\/si\/author\/hudo\/"}]}},"amp_enabled":true,"_links":{"self":[{"href":"https:\/\/hudo.com\/si\/wp-json\/wp\/v2\/posts\/351332"}],"collection":[{"href":"https:\/\/hudo.com\/si\/wp-json\/wp\/v2\/posts"}],"about":[{"href":"https:\/\/hudo.com\/si\/wp-json\/wp\/v2\/types\/post"}],"author":[{"embeddable":true,"href":"https:\/\/hudo.com\/si\/wp-json\/wp\/v2\/users\/1"}],"replies":[{"embeddable":true,"href":"https:\/\/hudo.com\/si\/wp-json\/wp\/v2\/comments?post=351332"}],"version-history":[{"count":0,"href":"https:\/\/hudo.com\/si\/wp-json\/wp\/v2\/posts\/351332\/revisions"}],"wp:attachment":[{"href":"https:\/\/hudo.com\/si\/wp-json\/wp\/v2\/media?parent=351332"}],"wp:term":[{"taxonomy":"category","embeddable":true,"href":"https:\/\/hudo.com\/si\/wp-json\/wp\/v2\/categories?post=351332"},{"taxonomy":"post_tag","embeddable":true,"href":"https:\/\/hudo.com\/si\/wp-json\/wp\/v2\/tags?post=351332"},{"taxonomy":"source","embeddable":true,"href":"https:\/\/hudo.com\/si\/wp-json\/wp\/v2\/source?post=351332"},{"taxonomy":"supertag","embeddable":true,"href":"https:\/\/hudo.com\/si\/wp-json\/wp\/v2\/supertag?post=351332"}],"curies":[{"name":"wp","href":"https:\/\/api.w.org\/{rel}","templated":true}]}}