{"id":352177,"date":"2018-01-22T16:39:00","date_gmt":"2018-01-22T15:39:00","guid":{"rendered":"http:\/\/hudo.com\/si\/2018\/01\/22\/med-varno-voznjo-odsla-na-stranisce-in-rodila\/"},"modified":"2018-01-22T16:39:00","modified_gmt":"2018-01-22T15:39:00","slug":"med-varno-voznjo-odsla-na-stranisce-in-rodila","status":"publish","type":"post","link":"https:\/\/hudo.com\/si\/aktualno\/med-varno-voznjo-odsla-na-stranisce-in-rodila\/","title":{"rendered":"Med varno vo\u017enjo od\u0161la na strani\u0161\u010de in rodila"},"content":{"rendered":"<p>Kategorija: Kronika Mon, 22 Jan 2018 17:39:00 +0100  Celje \u2013 Novorojen\u010dek, ki so ga na tleh strani\u0161\u010da centra varne vo\u017enje AMZS na Vranskem na\u0161li v soboto dopoldne, ni v smrtni nevarnosti, vendar je ostal v ljubljanskem klini\u010dnem centru. Njegovo mater \u010daka kazenska ovadba zaradi poskusa detomora, ali je v zadevo vpleten tudi njen partner, kriminalisti \u0161e preiskujejo. Oba sta na prostosti. Mlada \u017eenska, bila naj bi v zgodnjih dvajsetih, je v soboto dopoldne pri\u0161la na te\u010daj varne vo\u017enje. Kot je povedal Milan Vogrinec iz kriminalisti\u010dne policije pri celjski policijski upravi, so izvajalci programa usposabljanja \u017ee ob prihodu zaznali, da njeno psihofizi\u010dno stanje ni dobro, zato so ji ponudili, da bi se te\u010daja udele\u017eila drugi\u010d, vendar je to odklonila. Med vadbo varne vo\u017enje je od\u0161la na strani\u0161\u010de in tam rodila de\u010dka. S partnerjem sta takoj po rojstvu otroka, ki\u00a0&#8230;<\/p>\n","protected":false},"excerpt":{"rendered":"<p>Kategorija: Kronika Mon, 22 Jan 2018 17:39:00 +0100  Celje \u2013 Novorojen\u010dek, ki so ga na tleh strani\u0161\u010da centra varne vo\u017enje AMZS na Vranskem na\u0161li v soboto dopoldne, ni v smrtni nevarnosti, vendar je ostal v ljubljanskem klini\u010dnem centru. Njegovo mater \u010daka kazenska ovadba zaradi poskusa detomora, ali je v zadevo vpleten tudi njen partner, kriminalisti \u0161e preiskujejo. Oba sta na prostosti. Mlada \u017eenska, bila naj bi v zgodnjih dvajsetih, je v soboto dopoldne pri\u0161la na te\u010daj varne vo\u017enje. Kot je povedal Milan Vogrinec iz kriminalisti\u010dne policije pri celjski policijski upravi, so izvajalci programa usposabljanja \u017ee ob prihodu zaznali, da njeno psihofizi\u010dno stanje ni dobro, zato so ji ponudili, da bi se te\u010daja udele\u017eila drugi\u010d, vendar je to odklonila. Med vadbo varne vo\u017enje je od\u0161la na strani\u0161\u010de in tam rodila de\u010dka. S partnerjem sta takoj po rojstvu otroka, ki\u00a0&#8230;<\/p>\n","protected":false},"author":1,"featured_media":0,"comment_status":"closed","ping_status":"closed","sticky":false,"template":"","format":"standard","meta":{"footnotes":""},"categories":[1179],"tags":[],"source":[1703],"supertag":[],"acf":[],"yoast_head":"<!-- This site is optimized with the Yoast SEO plugin v21.3 - https:\/\/yoast.com\/wordpress\/plugins\/seo\/ -->\n<title>Med varno vo\u017enjo od\u0161la na strani\u0161\u010de in rodila - Hudo Slovenija<\/title>\n<meta name=\"robots\" content=\"index, follow, max-snippet:-1, max-image-preview:large, max-video-preview:-1\" \/>\n<link rel=\"canonical\" href=\"https:\/\/hudo.com\/si\/aktualno\/med-varno-voznjo-odsla-na-stranisce-in-rodila\/\" \/>\n<meta property=\"og:locale\" content=\"sl_SI\" \/>\n<meta property=\"og:type\" content=\"article\" \/>\n<meta property=\"og:title\" content=\"Med varno vo\u017enjo od\u0161la na strani\u0161\u010de in rodila - Hudo Slovenija\" \/>\n<meta property=\"og:description\" content=\"Kategorija: Kronika Mon, 22 Jan 2018 17:39:00 +0100 Celje \u2013 Novorojen\u010dek, ki so ga na tleh strani\u0161\u010da centra varne vo\u017enje AMZS na Vranskem na\u0161li v soboto dopoldne, ni v smrtni nevarnosti, vendar je ostal v ljubljanskem klini\u010dnem centru. Njegovo mater \u010daka kazenska ovadba zaradi poskusa detomora, ali je v zadevo vpleten tudi njen partner, kriminalisti \u0161e preiskujejo. Oba sta na prostosti. Mlada \u017eenska, bila naj bi v zgodnjih dvajsetih, je v soboto dopoldne pri\u0161la na te\u010daj varne vo\u017enje. Kot je povedal Milan Vogrinec iz kriminalisti\u010dne policije pri celjski policijski upravi, so izvajalci programa usposabljanja \u017ee ob prihodu zaznali, da njeno psihofizi\u010dno stanje ni dobro, zato so ji ponudili, da bi se te\u010daja udele\u017eila drugi\u010d, vendar je to odklonila. Med vadbo varne vo\u017enje je od\u0161la na strani\u0161\u010de in tam rodila de\u010dka. S partnerjem sta takoj po rojstvu otroka, ki\u00a0...\" \/>\n<meta property=\"og:url\" content=\"https:\/\/hudo.com\/si\/aktualno\/med-varno-voznjo-odsla-na-stranisce-in-rodila\/\" \/>\n<meta property=\"og:site_name\" content=\"Hudo Slovenija\" \/>\n<meta property=\"article:publisher\" content=\"https:\/\/www.facebook.com\/hudo.si\" \/>\n<meta property=\"article:published_time\" content=\"2018-01-22T15:39:00+00:00\" \/>\n<meta property=\"og:image\" content=\"https:\/\/hudo.com\/si\/wp-content\/uploads\/sites\/2\/2018\/01\/480x290_cvv-1.jpeg\" \/>\n\t<meta property=\"og:image:width\" content=\"480\" \/>\n\t<meta property=\"og:image:height\" content=\"290\" \/>\n\t<meta property=\"og:image:type\" content=\"image\/jpeg\" \/>\n<meta name=\"author\" content=\"hudo\" \/>\n<meta name=\"twitter:card\" content=\"summary_large_image\" \/>\n<meta name=\"twitter:creator\" content=\"@hudo_si\" \/>\n<meta name=\"twitter:site\" content=\"@hudo_si\" \/>\n<meta name=\"twitter:label1\" content=\"Written by\" \/>\n\t<meta name=\"twitter:data1\" content=\"hudo\" \/>\n\t<meta name=\"twitter:label2\" content=\"Est. reading time\" \/>\n\t<meta name=\"twitter:data2\" content=\"1 minuta\" \/>\n<script type=\"application\/ld+json\" class=\"yoast-schema-graph\">{\"@context\":\"https:\/\/schema.org\",\"@graph\":[{\"@type\":\"Article\",\"@id\":\"https:\/\/hudo.com\/si\/aktualno\/med-varno-voznjo-odsla-na-stranisce-in-rodila\/#article\",\"isPartOf\":{\"@id\":\"https:\/\/hudo.com\/si\/aktualno\/med-varno-voznjo-odsla-na-stranisce-in-rodila\/\"},\"author\":{\"name\":\"hudo\",\"@id\":\"https:\/\/hudo.com\/si\/#\/schema\/person\/601cf3379633985b20f7e50f2bb47707\"},\"headline\":\"Med varno vo\u017enjo od\u0161la na strani\u0161\u010de in rodila\",\"datePublished\":\"2018-01-22T15:39:00+00:00\",\"dateModified\":\"2018-01-22T15:39:00+00:00\",\"mainEntityOfPage\":{\"@id\":\"https:\/\/hudo.com\/si\/aktualno\/med-varno-voznjo-odsla-na-stranisce-in-rodila\/\"},\"wordCount\":160,\"publisher\":{\"@id\":\"https:\/\/hudo.com\/si\/#organization\"},\"articleSection\":[\"Aktualno\"],\"inLanguage\":\"sl-SI\"},{\"@type\":\"WebPage\",\"@id\":\"https:\/\/hudo.com\/si\/aktualno\/med-varno-voznjo-odsla-na-stranisce-in-rodila\/\",\"url\":\"https:\/\/hudo.com\/si\/aktualno\/med-varno-voznjo-odsla-na-stranisce-in-rodila\/\",\"name\":\"Med varno vo\u017enjo od\u0161la na strani\u0161\u010de in rodila - Hudo Slovenija\",\"isPartOf\":{\"@id\":\"https:\/\/hudo.com\/si\/#website\"},\"datePublished\":\"2018-01-22T15:39:00+00:00\",\"dateModified\":\"2018-01-22T15:39:00+00:00\",\"breadcrumb\":{\"@id\":\"https:\/\/hudo.com\/si\/aktualno\/med-varno-voznjo-odsla-na-stranisce-in-rodila\/#breadcrumb\"},\"inLanguage\":\"sl-SI\",\"potentialAction\":[{\"@type\":\"ReadAction\",\"target\":[\"https:\/\/hudo.com\/si\/aktualno\/med-varno-voznjo-odsla-na-stranisce-in-rodila\/\"]}]},{\"@type\":\"BreadcrumbList\",\"@id\":\"https:\/\/hudo.com\/si\/aktualno\/med-varno-voznjo-odsla-na-stranisce-in-rodila\/#breadcrumb\",\"itemListElement\":[{\"@type\":\"ListItem\",\"position\":1,\"name\":\"Home\",\"item\":\"https:\/\/hudo.com\/si\/\"},{\"@type\":\"ListItem\",\"position\":2,\"name\":\"Med varno vo\u017enjo od\u0161la na strani\u0161\u010de in rodila\"}]},{\"@type\":\"WebSite\",\"@id\":\"https:\/\/hudo.com\/si\/#website\",\"url\":\"https:\/\/hudo.com\/si\/\",\"name\":\"Hudo Slovenija\",\"description\":\"Vse novice iz Slovenije in sveta\",\"publisher\":{\"@id\":\"https:\/\/hudo.com\/si\/#organization\"},\"potentialAction\":[{\"@type\":\"SearchAction\",\"target\":{\"@type\":\"EntryPoint\",\"urlTemplate\":\"https:\/\/hudo.com\/si\/?s={search_term_string}\"},\"query-input\":\"required name=search_term_string\"}],\"inLanguage\":\"sl-SI\"},{\"@type\":\"Organization\",\"@id\":\"https:\/\/hudo.com\/si\/#organization\",\"name\":\"VSN Media\",\"url\":\"https:\/\/hudo.com\/si\/\",\"logo\":{\"@type\":\"ImageObject\",\"inLanguage\":\"sl-SI\",\"@id\":\"https:\/\/hudo.com\/si\/#\/schema\/logo\/image\/\",\"url\":\"https:\/\/hudo.com\/si\/wp-content\/uploads\/sites\/2\/2021\/03\/hudo-app-2.png\",\"contentUrl\":\"https:\/\/hudo.com\/si\/wp-content\/uploads\/sites\/2\/2021\/03\/hudo-app-2.png\",\"width\":2185,\"height\":2167,\"caption\":\"VSN Media\"},\"image\":{\"@id\":\"https:\/\/hudo.com\/si\/#\/schema\/logo\/image\/\"},\"sameAs\":[\"https:\/\/www.facebook.com\/hudo.si\",\"https:\/\/twitter.com\/hudo_si\"]},{\"@type\":\"Person\",\"@id\":\"https:\/\/hudo.com\/si\/#\/schema\/person\/601cf3379633985b20f7e50f2bb47707\",\"name\":\"hudo\",\"image\":{\"@type\":\"ImageObject\",\"inLanguage\":\"sl-SI\",\"@id\":\"https:\/\/hudo.com\/si\/#\/schema\/person\/image\/\",\"url\":\"https:\/\/secure.gravatar.com\/avatar\/c4ca25fa72cace7a696b52ff5db9e095?s=96&d=mm&r=g\",\"contentUrl\":\"https:\/\/secure.gravatar.com\/avatar\/c4ca25fa72cace7a696b52ff5db9e095?s=96&d=mm&r=g\",\"caption\":\"hudo\"},\"url\":\"https:\/\/hudo.com\/si\/author\/hudo\/\"}]}<\/script>\n<!-- \/ Yoast SEO plugin. -->","yoast_head_json":{"title":"Med varno vo\u017enjo od\u0161la na strani\u0161\u010de in rodila - Hudo Slovenija","robots":{"index":"index","follow":"follow","max-snippet":"max-snippet:-1","max-image-preview":"max-image-preview:large","max-video-preview":"max-video-preview:-1"},"canonical":"https:\/\/hudo.com\/si\/aktualno\/med-varno-voznjo-odsla-na-stranisce-in-rodila\/","og_locale":"sl_SI","og_type":"article","og_title":"Med varno vo\u017enjo od\u0161la na strani\u0161\u010de in rodila - Hudo Slovenija","og_description":"Kategorija: Kronika Mon, 22 Jan 2018 17:39:00 +0100 Celje \u2013 Novorojen\u010dek, ki so ga na tleh strani\u0161\u010da centra varne vo\u017enje AMZS na Vranskem na\u0161li v soboto dopoldne, ni v smrtni nevarnosti, vendar je ostal v ljubljanskem klini\u010dnem centru. Njegovo mater \u010daka kazenska ovadba zaradi poskusa detomora, ali je v zadevo vpleten tudi njen partner, kriminalisti \u0161e preiskujejo. Oba sta na prostosti. Mlada \u017eenska, bila naj bi v zgodnjih dvajsetih, je v soboto dopoldne pri\u0161la na te\u010daj varne vo\u017enje. Kot je povedal Milan Vogrinec iz kriminalisti\u010dne policije pri celjski policijski upravi, so izvajalci programa usposabljanja \u017ee ob prihodu zaznali, da njeno psihofizi\u010dno stanje ni dobro, zato so ji ponudili, da bi se te\u010daja udele\u017eila drugi\u010d, vendar je to odklonila. Med vadbo varne vo\u017enje je od\u0161la na strani\u0161\u010de in tam rodila de\u010dka. S partnerjem sta takoj po rojstvu otroka, ki\u00a0...","og_url":"https:\/\/hudo.com\/si\/aktualno\/med-varno-voznjo-odsla-na-stranisce-in-rodila\/","og_site_name":"Hudo Slovenija","article_publisher":"https:\/\/www.facebook.com\/hudo.si","article_published_time":"2018-01-22T15:39:00+00:00","og_image":[{"width":480,"height":290,"url":"https:\/\/hudo.com\/si\/wp-content\/uploads\/sites\/2\/2018\/01\/480x290_cvv-1.jpeg","type":"image\/jpeg"}],"author":"hudo","twitter_card":"summary_large_image","twitter_creator":"@hudo_si","twitter_site":"@hudo_si","twitter_misc":{"Written by":"hudo","Est. reading time":"1 minuta"},"schema":{"@context":"https:\/\/schema.org","@graph":[{"@type":"Article","@id":"https:\/\/hudo.com\/si\/aktualno\/med-varno-voznjo-odsla-na-stranisce-in-rodila\/#article","isPartOf":{"@id":"https:\/\/hudo.com\/si\/aktualno\/med-varno-voznjo-odsla-na-stranisce-in-rodila\/"},"author":{"name":"hudo","@id":"https:\/\/hudo.com\/si\/#\/schema\/person\/601cf3379633985b20f7e50f2bb47707"},"headline":"Med varno vo\u017enjo od\u0161la na strani\u0161\u010de in rodila","datePublished":"2018-01-22T15:39:00+00:00","dateModified":"2018-01-22T15:39:00+00:00","mainEntityOfPage":{"@id":"https:\/\/hudo.com\/si\/aktualno\/med-varno-voznjo-odsla-na-stranisce-in-rodila\/"},"wordCount":160,"publisher":{"@id":"https:\/\/hudo.com\/si\/#organization"},"articleSection":["Aktualno"],"inLanguage":"sl-SI"},{"@type":"WebPage","@id":"https:\/\/hudo.com\/si\/aktualno\/med-varno-voznjo-odsla-na-stranisce-in-rodila\/","url":"https:\/\/hudo.com\/si\/aktualno\/med-varno-voznjo-odsla-na-stranisce-in-rodila\/","name":"Med varno vo\u017enjo od\u0161la na strani\u0161\u010de in rodila - Hudo Slovenija","isPartOf":{"@id":"https:\/\/hudo.com\/si\/#website"},"datePublished":"2018-01-22T15:39:00+00:00","dateModified":"2018-01-22T15:39:00+00:00","breadcrumb":{"@id":"https:\/\/hudo.com\/si\/aktualno\/med-varno-voznjo-odsla-na-stranisce-in-rodila\/#breadcrumb"},"inLanguage":"sl-SI","potentialAction":[{"@type":"ReadAction","target":["https:\/\/hudo.com\/si\/aktualno\/med-varno-voznjo-odsla-na-stranisce-in-rodila\/"]}]},{"@type":"BreadcrumbList","@id":"https:\/\/hudo.com\/si\/aktualno\/med-varno-voznjo-odsla-na-stranisce-in-rodila\/#breadcrumb","itemListElement":[{"@type":"ListItem","position":1,"name":"Home","item":"https:\/\/hudo.com\/si\/"},{"@type":"ListItem","position":2,"name":"Med varno vo\u017enjo od\u0161la na strani\u0161\u010de in rodila"}]},{"@type":"WebSite","@id":"https:\/\/hudo.com\/si\/#website","url":"https:\/\/hudo.com\/si\/","name":"Hudo Slovenija","description":"Vse novice iz Slovenije in sveta","publisher":{"@id":"https:\/\/hudo.com\/si\/#organization"},"potentialAction":[{"@type":"SearchAction","target":{"@type":"EntryPoint","urlTemplate":"https:\/\/hudo.com\/si\/?s={search_term_string}"},"query-input":"required name=search_term_string"}],"inLanguage":"sl-SI"},{"@type":"Organization","@id":"https:\/\/hudo.com\/si\/#organization","name":"VSN Media","url":"https:\/\/hudo.com\/si\/","logo":{"@type":"ImageObject","inLanguage":"sl-SI","@id":"https:\/\/hudo.com\/si\/#\/schema\/logo\/image\/","url":"https:\/\/hudo.com\/si\/wp-content\/uploads\/sites\/2\/2021\/03\/hudo-app-2.png","contentUrl":"https:\/\/hudo.com\/si\/wp-content\/uploads\/sites\/2\/2021\/03\/hudo-app-2.png","width":2185,"height":2167,"caption":"VSN Media"},"image":{"@id":"https:\/\/hudo.com\/si\/#\/schema\/logo\/image\/"},"sameAs":["https:\/\/www.facebook.com\/hudo.si","https:\/\/twitter.com\/hudo_si"]},{"@type":"Person","@id":"https:\/\/hudo.com\/si\/#\/schema\/person\/601cf3379633985b20f7e50f2bb47707","name":"hudo","image":{"@type":"ImageObject","inLanguage":"sl-SI","@id":"https:\/\/hudo.com\/si\/#\/schema\/person\/image\/","url":"https:\/\/secure.gravatar.com\/avatar\/c4ca25fa72cace7a696b52ff5db9e095?s=96&d=mm&r=g","contentUrl":"https:\/\/secure.gravatar.com\/avatar\/c4ca25fa72cace7a696b52ff5db9e095?s=96&d=mm&r=g","caption":"hudo"},"url":"https:\/\/hudo.com\/si\/author\/hudo\/"}]}},"amp_enabled":true,"_links":{"self":[{"href":"https:\/\/hudo.com\/si\/wp-json\/wp\/v2\/posts\/352177"}],"collection":[{"href":"https:\/\/hudo.com\/si\/wp-json\/wp\/v2\/posts"}],"about":[{"href":"https:\/\/hudo.com\/si\/wp-json\/wp\/v2\/types\/post"}],"author":[{"embeddable":true,"href":"https:\/\/hudo.com\/si\/wp-json\/wp\/v2\/users\/1"}],"replies":[{"embeddable":true,"href":"https:\/\/hudo.com\/si\/wp-json\/wp\/v2\/comments?post=352177"}],"version-history":[{"count":0,"href":"https:\/\/hudo.com\/si\/wp-json\/wp\/v2\/posts\/352177\/revisions"}],"wp:attachment":[{"href":"https:\/\/hudo.com\/si\/wp-json\/wp\/v2\/media?parent=352177"}],"wp:term":[{"taxonomy":"category","embeddable":true,"href":"https:\/\/hudo.com\/si\/wp-json\/wp\/v2\/categories?post=352177"},{"taxonomy":"post_tag","embeddable":true,"href":"https:\/\/hudo.com\/si\/wp-json\/wp\/v2\/tags?post=352177"},{"taxonomy":"source","embeddable":true,"href":"https:\/\/hudo.com\/si\/wp-json\/wp\/v2\/source?post=352177"},{"taxonomy":"supertag","embeddable":true,"href":"https:\/\/hudo.com\/si\/wp-json\/wp\/v2\/supertag?post=352177"}],"curies":[{"name":"wp","href":"https:\/\/api.w.org\/{rel}","templated":true}]}}