{"id":353119,"date":"2018-01-25T08:57:41","date_gmt":"2018-01-25T07:57:41","guid":{"rendered":"http:\/\/hudo.com\/si\/?p=353119"},"modified":"2018-01-25T08:57:41","modified_gmt":"2018-01-25T07:57:41","slug":"trump-se-je-pohvalil-s-fotografijo-iz-pisarne-americani-jezni-zaradi-tistega-casar-niso-opazili-na-mizi","status":"publish","type":"post","link":"https:\/\/hudo.com\/si\/vip\/trump-se-je-pohvalil-s-fotografijo-iz-pisarne-americani-jezni-zaradi-tistega-casar-niso-opazili-na-mizi\/","title":{"rendered":"Trump se je pohvalil s fotografijo iz pisarne, Ameri\u010dani jezni zaradi tistega, \u010dasar (ni)so opazili na mizi"},"content":{"rendered":"<p>Ameri\u010dane je namre\u010d razjezila fotografija, na kateri Trump v Ovalni pisarni telefonira in sedi za mizo, ki pa je popolnoma prazna. Na mizi poleg telefona ni ni\u010desar drugega, kar bi nakazovalo, da se Trump sploh s \u010dim ukvarja.<\/p>\n<blockquote class=\"twitter-tweet\" data-lang=\"en-gb\">\n<p dir=\"ltr\" lang=\"en\">White House emails: \u201cPhotos of President Donald J. Trump working in the White House during the Democrat shutdown\u201d <a href=\"https:\/\/t.co\/cJzSmalG3p\">pic.twitter.com\/cJzSmalG3p<\/a><\/p>\n<p>\u2014 Rebecca Ballhaus (@rebeccaballhaus) <a href=\"https:\/\/twitter.com\/rebeccaballhaus\/status\/954863479692976130?ref_src=twsrc%5Etfw\">20 January 2018<\/a><\/p><\/blockquote>\n<p><div class=\"embed-notice\">Za ogled vstavljene vsebine morate omogo\u010diti <a href=\"#\" onclick=\"Optanon.ToggleInfoDisplay()\">shranjevanje pi\u0161kotkov v napravi<\/a><\/div><script async type=\"text\/plain\" class=\"optanon-category-C0002-C0003-C0004\" optanon-src=\"https:\/\/platform.twitter.com\/widgets.js\" charset=\"utf-8\"><\/script><\/p>\n<p>Uporabniki Twitterja so takoj opazili &#8220;urejenost&#8221; Trumpove mize in ga napadli ter obto\u017eili, da prav ni\u010d ne dela. &#8220;Hej vi, ki se spoznate na mize. Ali tako izgleda miza osebe, ki dela,&#8221; se je spra\u0161evala uporabnica Twitterja.<\/p>\n<blockquote class=\"twitter-tweet\" data-lang=\"en-gb\">\n<p dir=\"ltr\" lang=\"en\">Hey, all you People Who Know Desks: Does this look like the desk of somebody who works? <a href=\"https:\/\/twitter.com\/hashtag\/desktwitter?src=hash&amp;ref_src=twsrc%5Etfw\">#desktwitter<\/a> <a href=\"https:\/\/twitter.com\/hashtag\/iknowyouareoutthere?src=hash&amp;ref_src=twsrc%5Etfw\">#iknowyouareoutthere<\/a> <a href=\"https:\/\/t.co\/hrKMeN1ZAo\">https:\/\/t.co\/hrKMeN1ZAo<\/a><\/p>\n<p>\u2014 honor sachs (@drhonor) <a href=\"https:\/\/twitter.com\/drhonor\/status\/954914849024303104?ref_src=twsrc%5Etfw\">21 January 2018<\/a><\/p><\/blockquote>\n<p><div class=\"embed-notice\">Za ogled vstavljene vsebine morate omogo\u010diti <a href=\"#\" onclick=\"Optanon.ToggleInfoDisplay()\">shranjevanje pi\u0161kotkov v napravi<\/a><\/div><script async type=\"text\/plain\" class=\"optanon-category-C0002-C0003-C0004\" optanon-src=\"https:\/\/platform.twitter.com\/widgets.js\" charset=\"utf-8\"><\/script><\/p>\n<p>&#8220;Tako je izgledala miza, ko si se preselil v to pisarno in sprobaval, \u010de telefon dela,&#8221; se je po\u0161alila \u0161e ena uporabnica Twitterja, medtem ko so drugi njegovo mizo primerjali z mizami drugih politikov ter nekdanjega predsednika Baracka Obame.<\/p>\n<blockquote class=\"twitter-tweet\" data-lang=\"en-gb\">\n<p dir=\"ltr\" lang=\"en\">Nice photoshop, bro. <a href=\"https:\/\/t.co\/LwlSwlvDj8\">pic.twitter.com\/LwlSwlvDj8<\/a><\/p>\n<p>\u2014 Marc McDonald (@MarcMcD) <a href=\"https:\/\/twitter.com\/MarcMcD\/status\/955316073099923456?ref_src=twsrc%5Etfw\">22 January 2018<\/a><\/p><\/blockquote>\n<p><div class=\"embed-notice\">Za ogled vstavljene vsebine morate omogo\u010diti <a href=\"#\" onclick=\"Optanon.ToggleInfoDisplay()\">shranjevanje pi\u0161kotkov v napravi<\/a><\/div><script async type=\"text\/plain\" class=\"optanon-category-C0002-C0003-C0004\" optanon-src=\"https:\/\/platform.twitter.com\/widgets.js\" charset=\"utf-8\"><\/script><\/p>\n<blockquote class=\"twitter-tweet\" data-lang=\"en-gb\">\n<p dir=\"ltr\" lang=\"en\">This is what desks look like the day you move into an office and try out the phone<\/p>\n<p>\u2014 Andrew &amp; Sabrina (@PsychScientists) <a href=\"https:\/\/twitter.com\/PsychScientists\/status\/955195144915046400?ref_src=twsrc%5Etfw\">21 January 2018<\/a><\/p><\/blockquote>\n<p><div class=\"embed-notice\">Za ogled vstavljene vsebine morate omogo\u010diti <a href=\"#\" onclick=\"Optanon.ToggleInfoDisplay()\">shranjevanje pi\u0161kotkov v napravi<\/a><\/div><script async type=\"text\/plain\" class=\"optanon-category-C0002-C0003-C0004\" optanon-src=\"https:\/\/platform.twitter.com\/widgets.js\" charset=\"utf-8\"><\/script><\/p>\n<p>Nekateri pa so delili fotografije svojih pisarni\u0161kih miz &#8230;<\/p>\n<blockquote class=\"twitter-tweet\" data-lang=\"en-gb\">\n<p dir=\"ltr\" lang=\"en\">Here\u2019s mine right this instant. But be fair, no President\u2019s desk looks like this. <a href=\"https:\/\/t.co\/NDch5aKVwe\">pic.twitter.com\/NDch5aKVwe<\/a><\/p>\n<p>\u2014 Bill Thayer (@LacusCurtius) <a href=\"https:\/\/twitter.com\/LacusCurtius\/status\/955405451360915457?ref_src=twsrc%5Etfw\">22 January 2018<\/a><\/p><\/blockquote>\n<p><div class=\"embed-notice\">Za ogled vstavljene vsebine morate omogo\u010diti <a href=\"#\" onclick=\"Optanon.ToggleInfoDisplay()\">shranjevanje pi\u0161kotkov v napravi<\/a><\/div><script async type=\"text\/plain\" class=\"optanon-category-C0002-C0003-C0004\" optanon-src=\"https:\/\/platform.twitter.com\/widgets.js\" charset=\"utf-8\"><\/script><\/p>\n<blockquote class=\"twitter-tweet\" data-lang=\"en-gb\">\n<p dir=\"ltr\" lang=\"en\">My desk <a href=\"https:\/\/t.co\/U8EBZeMDl6\">pic.twitter.com\/U8EBZeMDl6<\/a><\/p>\n<p>\u2014 &#x1f4da;&#x1f4da; Prof Book Lover &#x1f4da;&#x1f4da; (@luvrbooks) <a href=\"https:\/\/twitter.com\/luvrbooks\/status\/955198176415318017?ref_src=twsrc%5Etfw\">21 January 2018<\/a><\/p><\/blockquote>\n<p><div class=\"embed-notice\">Za ogled vstavljene vsebine morate omogo\u010diti <a href=\"#\" onclick=\"Optanon.ToggleInfoDisplay()\">shranjevanje pi\u0161kotkov v napravi<\/a><\/div><script async type=\"text\/plain\" class=\"optanon-category-C0002-C0003-C0004\" optanon-src=\"https:\/\/platform.twitter.com\/widgets.js\" charset=\"utf-8\"><\/script><\/p>\n<blockquote class=\"twitter-tweet\" data-lang=\"en-gb\">\n<p dir=\"ltr\" lang=\"en\">Dear, <a href=\"https:\/\/twitter.com\/hashtag\/desktwitter?src=hash&amp;ref_src=twsrc%5Etfw\">#desktwitter<\/a> this is my desk\/wobbly table I use to study. At 4:45 am. <a href=\"https:\/\/t.co\/JqAdNAyp0f\">pic.twitter.com\/JqAdNAyp0f<\/a><\/p>\n<p>\u2014 Gabi &#x1f1f5;&#x1f1f7;&#x1f1e9;&#x1f1f4; (@gabriela_cardy) <a href=\"https:\/\/twitter.com\/gabriela_cardy\/status\/955360824725573633?ref_src=twsrc%5Etfw\">22 January 2018<\/a><\/p><\/blockquote>\n<p><div class=\"embed-notice\">Za ogled vstavljene vsebine morate omogo\u010diti <a href=\"#\" onclick=\"Optanon.ToggleInfoDisplay()\">shranjevanje pi\u0161kotkov v napravi<\/a><\/div><script async type=\"text\/plain\" class=\"optanon-category-C0002-C0003-C0004\" optanon-src=\"https:\/\/platform.twitter.com\/widgets.js\" charset=\"utf-8\"><\/script><\/p>\n","protected":false},"excerpt":{"rendered":"<p>Iz Bele hi\u0161e prihajajo fotografije, s katerimi \u017eelijo novinarjem in ameri\u0161ki javnosti dokazati, da Trump, kljub ne najbolj\u0161im ocenam, veliko dela in je dober predsednik. Vendar v tem dokazovanju niso ravno uspe\u0161ni.<\/p>\n","protected":false},"author":6,"featured_media":353122,"comment_status":"closed","ping_status":"closed","sticky":false,"template":"","format":"standard","meta":{"footnotes":""},"categories":[1093],"tags":[1680],"source":[4511],"supertag":[],"acf":[],"yoast_head":"<!-- This site is optimized with the Yoast SEO plugin v21.3 - https:\/\/yoast.com\/wordpress\/plugins\/seo\/ -->\n<title>Trump se je pohvalil s fotografijo iz pisarne, Ameri\u010dani jezni zaradi tistega, \u010dasar (ni)so opazili na mizi - Hudo Slovenija<\/title>\n<meta name=\"robots\" content=\"index, follow, max-snippet:-1, max-image-preview:large, max-video-preview:-1\" \/>\n<link rel=\"canonical\" href=\"https:\/\/hudo.com\/si\/vip\/trump-se-je-pohvalil-s-fotografijo-iz-pisarne-americani-jezni-zaradi-tistega-casar-niso-opazili-na-mizi\/\" \/>\n<meta property=\"og:locale\" content=\"sl_SI\" \/>\n<meta property=\"og:type\" content=\"article\" \/>\n<meta property=\"og:title\" content=\"Trump se je pohvalil s fotografijo iz pisarne, Ameri\u010dani jezni zaradi tistega, \u010dasar (ni)so opazili na mizi - Hudo Slovenija\" \/>\n<meta property=\"og:description\" content=\"Iz Bele hi\u0161e prihajajo fotografije, s katerimi \u017eelijo novinarjem in ameri\u0161ki javnosti dokazati, da Trump, kljub ne najbolj\u0161im ocenam, veliko dela in je dober predsednik. Vendar v tem dokazovanju niso ravno uspe\u0161ni.\" \/>\n<meta property=\"og:url\" content=\"https:\/\/hudo.com\/si\/vip\/trump-se-je-pohvalil-s-fotografijo-iz-pisarne-americani-jezni-zaradi-tistega-casar-niso-opazili-na-mizi\/\" \/>\n<meta property=\"og:site_name\" content=\"Hudo Slovenija\" \/>\n<meta property=\"article:publisher\" content=\"https:\/\/www.facebook.com\/hudo.si\" \/>\n<meta property=\"article:published_time\" content=\"2018-01-25T07:57:41+00:00\" \/>\n<meta property=\"og:image\" content=\"https:\/\/hudo.com\/si\/wp-content\/uploads\/sites\/2\/2018\/01\/trumptwitter.jpg\" \/>\n\t<meta property=\"og:image:width\" content=\"625\" \/>\n\t<meta property=\"og:image:height\" content=\"423\" \/>\n\t<meta property=\"og:image:type\" content=\"image\/jpeg\" \/>\n<meta name=\"author\" content=\"A. G.\" \/>\n<meta name=\"twitter:card\" content=\"summary_large_image\" \/>\n<meta name=\"twitter:creator\" content=\"@hudo_si\" \/>\n<meta name=\"twitter:site\" content=\"@hudo_si\" \/>\n<meta name=\"twitter:label1\" content=\"Written by\" \/>\n\t<meta name=\"twitter:data1\" content=\"A. G.\" \/>\n\t<meta name=\"twitter:label2\" content=\"Est. reading time\" \/>\n\t<meta name=\"twitter:data2\" content=\"2 minuti\" \/>\n<script type=\"application\/ld+json\" class=\"yoast-schema-graph\">{\"@context\":\"https:\/\/schema.org\",\"@graph\":[{\"@type\":\"Article\",\"@id\":\"https:\/\/hudo.com\/si\/vip\/trump-se-je-pohvalil-s-fotografijo-iz-pisarne-americani-jezni-zaradi-tistega-casar-niso-opazili-na-mizi\/#article\",\"isPartOf\":{\"@id\":\"https:\/\/hudo.com\/si\/vip\/trump-se-je-pohvalil-s-fotografijo-iz-pisarne-americani-jezni-zaradi-tistega-casar-niso-opazili-na-mizi\/\"},\"author\":{\"name\":\"A. G.\",\"@id\":\"https:\/\/hudo.com\/si\/#\/schema\/person\/f95639a66e0dd2c682b0568634e85b8b\"},\"headline\":\"Trump se je pohvalil s fotografijo iz pisarne, Ameri\u010dani jezni zaradi tistega, \u010dasar (ni)so opazili na mizi\",\"datePublished\":\"2018-01-25T07:57:41+00:00\",\"dateModified\":\"2018-01-25T07:57:41+00:00\",\"mainEntityOfPage\":{\"@id\":\"https:\/\/hudo.com\/si\/vip\/trump-se-je-pohvalil-s-fotografijo-iz-pisarne-americani-jezni-zaradi-tistega-casar-niso-opazili-na-mizi\/\"},\"wordCount\":320,\"publisher\":{\"@id\":\"https:\/\/hudo.com\/si\/#organization\"},\"keywords\":[\"Donald Trump\"],\"articleSection\":[\"VIP\"],\"inLanguage\":\"sl-SI\"},{\"@type\":\"WebPage\",\"@id\":\"https:\/\/hudo.com\/si\/vip\/trump-se-je-pohvalil-s-fotografijo-iz-pisarne-americani-jezni-zaradi-tistega-casar-niso-opazili-na-mizi\/\",\"url\":\"https:\/\/hudo.com\/si\/vip\/trump-se-je-pohvalil-s-fotografijo-iz-pisarne-americani-jezni-zaradi-tistega-casar-niso-opazili-na-mizi\/\",\"name\":\"Trump se je pohvalil s fotografijo iz pisarne, Ameri\u010dani jezni zaradi tistega, \u010dasar (ni)so opazili na mizi - Hudo Slovenija\",\"isPartOf\":{\"@id\":\"https:\/\/hudo.com\/si\/#website\"},\"datePublished\":\"2018-01-25T07:57:41+00:00\",\"dateModified\":\"2018-01-25T07:57:41+00:00\",\"breadcrumb\":{\"@id\":\"https:\/\/hudo.com\/si\/vip\/trump-se-je-pohvalil-s-fotografijo-iz-pisarne-americani-jezni-zaradi-tistega-casar-niso-opazili-na-mizi\/#breadcrumb\"},\"inLanguage\":\"sl-SI\",\"potentialAction\":[{\"@type\":\"ReadAction\",\"target\":[\"https:\/\/hudo.com\/si\/vip\/trump-se-je-pohvalil-s-fotografijo-iz-pisarne-americani-jezni-zaradi-tistega-casar-niso-opazili-na-mizi\/\"]}]},{\"@type\":\"BreadcrumbList\",\"@id\":\"https:\/\/hudo.com\/si\/vip\/trump-se-je-pohvalil-s-fotografijo-iz-pisarne-americani-jezni-zaradi-tistega-casar-niso-opazili-na-mizi\/#breadcrumb\",\"itemListElement\":[{\"@type\":\"ListItem\",\"position\":1,\"name\":\"Home\",\"item\":\"https:\/\/hudo.com\/si\/\"},{\"@type\":\"ListItem\",\"position\":2,\"name\":\"Trump se je pohvalil s fotografijo iz pisarne, Ameri\u010dani jezni zaradi tistega, \u010dasar (ni)so opazili na mizi\"}]},{\"@type\":\"WebSite\",\"@id\":\"https:\/\/hudo.com\/si\/#website\",\"url\":\"https:\/\/hudo.com\/si\/\",\"name\":\"Hudo Slovenija\",\"description\":\"Vse novice iz Slovenije in sveta\",\"publisher\":{\"@id\":\"https:\/\/hudo.com\/si\/#organization\"},\"potentialAction\":[{\"@type\":\"SearchAction\",\"target\":{\"@type\":\"EntryPoint\",\"urlTemplate\":\"https:\/\/hudo.com\/si\/?s={search_term_string}\"},\"query-input\":\"required name=search_term_string\"}],\"inLanguage\":\"sl-SI\"},{\"@type\":\"Organization\",\"@id\":\"https:\/\/hudo.com\/si\/#organization\",\"name\":\"VSN Media\",\"url\":\"https:\/\/hudo.com\/si\/\",\"logo\":{\"@type\":\"ImageObject\",\"inLanguage\":\"sl-SI\",\"@id\":\"https:\/\/hudo.com\/si\/#\/schema\/logo\/image\/\",\"url\":\"https:\/\/hudo.com\/si\/wp-content\/uploads\/sites\/2\/2021\/03\/hudo-app-2.png\",\"contentUrl\":\"https:\/\/hudo.com\/si\/wp-content\/uploads\/sites\/2\/2021\/03\/hudo-app-2.png\",\"width\":2185,\"height\":2167,\"caption\":\"VSN Media\"},\"image\":{\"@id\":\"https:\/\/hudo.com\/si\/#\/schema\/logo\/image\/\"},\"sameAs\":[\"https:\/\/www.facebook.com\/hudo.si\",\"https:\/\/twitter.com\/hudo_si\"]},{\"@type\":\"Person\",\"@id\":\"https:\/\/hudo.com\/si\/#\/schema\/person\/f95639a66e0dd2c682b0568634e85b8b\",\"name\":\"A. G.\",\"image\":{\"@type\":\"ImageObject\",\"inLanguage\":\"sl-SI\",\"@id\":\"https:\/\/hudo.com\/si\/#\/schema\/person\/image\/\",\"url\":\"https:\/\/secure.gravatar.com\/avatar\/9f44de561c70d5d80348d3ed0f4b142d?s=96&d=mm&r=g\",\"contentUrl\":\"https:\/\/secure.gravatar.com\/avatar\/9f44de561c70d5d80348d3ed0f4b142d?s=96&d=mm&r=g\",\"caption\":\"A. G.\"},\"url\":\"https:\/\/hudo.com\/si\/author\/alenkagrmek\/\"}]}<\/script>\n<!-- \/ Yoast SEO plugin. -->","yoast_head_json":{"title":"Trump se je pohvalil s fotografijo iz pisarne, Ameri\u010dani jezni zaradi tistega, \u010dasar (ni)so opazili na mizi - Hudo Slovenija","robots":{"index":"index","follow":"follow","max-snippet":"max-snippet:-1","max-image-preview":"max-image-preview:large","max-video-preview":"max-video-preview:-1"},"canonical":"https:\/\/hudo.com\/si\/vip\/trump-se-je-pohvalil-s-fotografijo-iz-pisarne-americani-jezni-zaradi-tistega-casar-niso-opazili-na-mizi\/","og_locale":"sl_SI","og_type":"article","og_title":"Trump se je pohvalil s fotografijo iz pisarne, Ameri\u010dani jezni zaradi tistega, \u010dasar (ni)so opazili na mizi - Hudo Slovenija","og_description":"Iz Bele hi\u0161e prihajajo fotografije, s katerimi \u017eelijo novinarjem in ameri\u0161ki javnosti dokazati, da Trump, kljub ne najbolj\u0161im ocenam, veliko dela in je dober predsednik. Vendar v tem dokazovanju niso ravno uspe\u0161ni.","og_url":"https:\/\/hudo.com\/si\/vip\/trump-se-je-pohvalil-s-fotografijo-iz-pisarne-americani-jezni-zaradi-tistega-casar-niso-opazili-na-mizi\/","og_site_name":"Hudo Slovenija","article_publisher":"https:\/\/www.facebook.com\/hudo.si","article_published_time":"2018-01-25T07:57:41+00:00","og_image":[{"width":625,"height":423,"url":"https:\/\/hudo.com\/si\/wp-content\/uploads\/sites\/2\/2018\/01\/trumptwitter.jpg","type":"image\/jpeg"}],"author":"A. G.","twitter_card":"summary_large_image","twitter_creator":"@hudo_si","twitter_site":"@hudo_si","twitter_misc":{"Written by":"A. G.","Est. reading time":"2 minuti"},"schema":{"@context":"https:\/\/schema.org","@graph":[{"@type":"Article","@id":"https:\/\/hudo.com\/si\/vip\/trump-se-je-pohvalil-s-fotografijo-iz-pisarne-americani-jezni-zaradi-tistega-casar-niso-opazili-na-mizi\/#article","isPartOf":{"@id":"https:\/\/hudo.com\/si\/vip\/trump-se-je-pohvalil-s-fotografijo-iz-pisarne-americani-jezni-zaradi-tistega-casar-niso-opazili-na-mizi\/"},"author":{"name":"A. G.","@id":"https:\/\/hudo.com\/si\/#\/schema\/person\/f95639a66e0dd2c682b0568634e85b8b"},"headline":"Trump se je pohvalil s fotografijo iz pisarne, Ameri\u010dani jezni zaradi tistega, \u010dasar (ni)so opazili na mizi","datePublished":"2018-01-25T07:57:41+00:00","dateModified":"2018-01-25T07:57:41+00:00","mainEntityOfPage":{"@id":"https:\/\/hudo.com\/si\/vip\/trump-se-je-pohvalil-s-fotografijo-iz-pisarne-americani-jezni-zaradi-tistega-casar-niso-opazili-na-mizi\/"},"wordCount":320,"publisher":{"@id":"https:\/\/hudo.com\/si\/#organization"},"keywords":["Donald Trump"],"articleSection":["VIP"],"inLanguage":"sl-SI"},{"@type":"WebPage","@id":"https:\/\/hudo.com\/si\/vip\/trump-se-je-pohvalil-s-fotografijo-iz-pisarne-americani-jezni-zaradi-tistega-casar-niso-opazili-na-mizi\/","url":"https:\/\/hudo.com\/si\/vip\/trump-se-je-pohvalil-s-fotografijo-iz-pisarne-americani-jezni-zaradi-tistega-casar-niso-opazili-na-mizi\/","name":"Trump se je pohvalil s fotografijo iz pisarne, Ameri\u010dani jezni zaradi tistega, \u010dasar (ni)so opazili na mizi - Hudo Slovenija","isPartOf":{"@id":"https:\/\/hudo.com\/si\/#website"},"datePublished":"2018-01-25T07:57:41+00:00","dateModified":"2018-01-25T07:57:41+00:00","breadcrumb":{"@id":"https:\/\/hudo.com\/si\/vip\/trump-se-je-pohvalil-s-fotografijo-iz-pisarne-americani-jezni-zaradi-tistega-casar-niso-opazili-na-mizi\/#breadcrumb"},"inLanguage":"sl-SI","potentialAction":[{"@type":"ReadAction","target":["https:\/\/hudo.com\/si\/vip\/trump-se-je-pohvalil-s-fotografijo-iz-pisarne-americani-jezni-zaradi-tistega-casar-niso-opazili-na-mizi\/"]}]},{"@type":"BreadcrumbList","@id":"https:\/\/hudo.com\/si\/vip\/trump-se-je-pohvalil-s-fotografijo-iz-pisarne-americani-jezni-zaradi-tistega-casar-niso-opazili-na-mizi\/#breadcrumb","itemListElement":[{"@type":"ListItem","position":1,"name":"Home","item":"https:\/\/hudo.com\/si\/"},{"@type":"ListItem","position":2,"name":"Trump se je pohvalil s fotografijo iz pisarne, Ameri\u010dani jezni zaradi tistega, \u010dasar (ni)so opazili na mizi"}]},{"@type":"WebSite","@id":"https:\/\/hudo.com\/si\/#website","url":"https:\/\/hudo.com\/si\/","name":"Hudo Slovenija","description":"Vse novice iz Slovenije in sveta","publisher":{"@id":"https:\/\/hudo.com\/si\/#organization"},"potentialAction":[{"@type":"SearchAction","target":{"@type":"EntryPoint","urlTemplate":"https:\/\/hudo.com\/si\/?s={search_term_string}"},"query-input":"required name=search_term_string"}],"inLanguage":"sl-SI"},{"@type":"Organization","@id":"https:\/\/hudo.com\/si\/#organization","name":"VSN Media","url":"https:\/\/hudo.com\/si\/","logo":{"@type":"ImageObject","inLanguage":"sl-SI","@id":"https:\/\/hudo.com\/si\/#\/schema\/logo\/image\/","url":"https:\/\/hudo.com\/si\/wp-content\/uploads\/sites\/2\/2021\/03\/hudo-app-2.png","contentUrl":"https:\/\/hudo.com\/si\/wp-content\/uploads\/sites\/2\/2021\/03\/hudo-app-2.png","width":2185,"height":2167,"caption":"VSN Media"},"image":{"@id":"https:\/\/hudo.com\/si\/#\/schema\/logo\/image\/"},"sameAs":["https:\/\/www.facebook.com\/hudo.si","https:\/\/twitter.com\/hudo_si"]},{"@type":"Person","@id":"https:\/\/hudo.com\/si\/#\/schema\/person\/f95639a66e0dd2c682b0568634e85b8b","name":"A. G.","image":{"@type":"ImageObject","inLanguage":"sl-SI","@id":"https:\/\/hudo.com\/si\/#\/schema\/person\/image\/","url":"https:\/\/secure.gravatar.com\/avatar\/9f44de561c70d5d80348d3ed0f4b142d?s=96&d=mm&r=g","contentUrl":"https:\/\/secure.gravatar.com\/avatar\/9f44de561c70d5d80348d3ed0f4b142d?s=96&d=mm&r=g","caption":"A. G."},"url":"https:\/\/hudo.com\/si\/author\/alenkagrmek\/"}]}},"amp_enabled":true,"_links":{"self":[{"href":"https:\/\/hudo.com\/si\/wp-json\/wp\/v2\/posts\/353119"}],"collection":[{"href":"https:\/\/hudo.com\/si\/wp-json\/wp\/v2\/posts"}],"about":[{"href":"https:\/\/hudo.com\/si\/wp-json\/wp\/v2\/types\/post"}],"author":[{"embeddable":true,"href":"https:\/\/hudo.com\/si\/wp-json\/wp\/v2\/users\/6"}],"replies":[{"embeddable":true,"href":"https:\/\/hudo.com\/si\/wp-json\/wp\/v2\/comments?post=353119"}],"version-history":[{"count":3,"href":"https:\/\/hudo.com\/si\/wp-json\/wp\/v2\/posts\/353119\/revisions"}],"predecessor-version":[{"id":353434,"href":"https:\/\/hudo.com\/si\/wp-json\/wp\/v2\/posts\/353119\/revisions\/353434"}],"wp:featuredmedia":[{"embeddable":true,"href":"https:\/\/hudo.com\/si\/wp-json\/wp\/v2\/media\/353122"}],"wp:attachment":[{"href":"https:\/\/hudo.com\/si\/wp-json\/wp\/v2\/media?parent=353119"}],"wp:term":[{"taxonomy":"category","embeddable":true,"href":"https:\/\/hudo.com\/si\/wp-json\/wp\/v2\/categories?post=353119"},{"taxonomy":"post_tag","embeddable":true,"href":"https:\/\/hudo.com\/si\/wp-json\/wp\/v2\/tags?post=353119"},{"taxonomy":"source","embeddable":true,"href":"https:\/\/hudo.com\/si\/wp-json\/wp\/v2\/source?post=353119"},{"taxonomy":"supertag","embeddable":true,"href":"https:\/\/hudo.com\/si\/wp-json\/wp\/v2\/supertag?post=353119"}],"curies":[{"name":"wp","href":"https:\/\/api.w.org\/{rel}","templated":true}]}}