{"id":353470,"date":"2018-01-25T08:00:00","date_gmt":"2018-01-25T07:00:00","guid":{"rendered":"http:\/\/hudo.com\/si\/2018\/01\/25\/doma-skok-na-stopnicke-se-med-posameznicami\/"},"modified":"2018-01-25T08:00:00","modified_gmt":"2018-01-25T07:00:00","slug":"doma-skok-na-stopnicke-se-med-posameznicami","status":"publish","type":"post","link":"https:\/\/hudo.com\/si\/aktualno\/doma-skok-na-stopnicke-se-med-posameznicami\/","title":{"rendered":"Doma skok na stopni\u010dke \u0161e med posameznicami?"},"content":{"rendered":"<p>Kategorija: Zimski Thu, 25 Jan 2018 09:00:00 +0100  Ljubljana \u2013 Kar je za slovenske smu\u010darske skakalce Planica, je za na\u0161e skakalke Ljubno, ki bo tekmi svetovnega pokala gostilo v soboto in nedeljo, v petek so na sporedu kvalifikacije. Izbranke glavnega trenerja Staneta Baloha imajo seveda za doma\u010do preizku\u0161njo visoke cilje, velika \u017eelja je skok na stopni\u010dke. Prvi del sezone se za slovenske skakalke ni razpletel ravno po \u017eeljah, saj je Baloh pred za\u010detkom ocenil, da bodo na vsaki tekmi svetovnega pokala stopni\u010dke dosegljive, za skupni se\u0161tevek pa si je za\u017eelel ponovitev 3. mesta Maje Vti\u010d pred dvema sezonama. A ta \u010das glede tega ne ka\u017ee najbolje, v skupnem se\u0161tevku je najvi\u0161je, na 8. mestu, Ur\u0161a Bogataj \u2013 in takoj za njo Nika Kri\u017enar ter Ema Klinec \u2013, ki je pokazala najve\u010d stanovitnosti, saj ni bila nikdar slab\u0161a kot\u00a0&#8230;<\/p>\n","protected":false},"excerpt":{"rendered":"<p>Kategorija: Zimski Thu, 25 Jan 2018 09:00:00 +0100  Ljubljana \u2013 Kar je za slovenske smu\u010darske skakalce Planica, je za na\u0161e skakalke Ljubno, ki bo tekmi svetovnega pokala gostilo v soboto in nedeljo, v petek so na sporedu kvalifikacije. Izbranke glavnega trenerja Staneta Baloha imajo seveda za doma\u010do preizku\u0161njo visoke cilje, velika \u017eelja je skok na stopni\u010dke. Prvi del sezone se za slovenske skakalke ni razpletel ravno po \u017eeljah, saj je Baloh pred za\u010detkom ocenil, da bodo na vsaki tekmi svetovnega pokala stopni\u010dke dosegljive, za skupni se\u0161tevek pa si je za\u017eelel ponovitev 3. mesta Maje Vti\u010d pred dvema sezonama. A ta \u010das glede tega ne ka\u017ee najbolje, v skupnem se\u0161tevku je najvi\u0161je, na 8. mestu, Ur\u0161a Bogataj \u2013 in takoj za njo Nika Kri\u017enar ter Ema Klinec \u2013, ki je pokazala najve\u010d stanovitnosti, saj ni bila nikdar slab\u0161a kot\u00a0&#8230;<\/p>\n","protected":false},"author":1,"featured_media":0,"comment_status":"closed","ping_status":"closed","sticky":false,"template":"","format":"standard","meta":{"footnotes":""},"categories":[1179],"tags":[],"source":[1703],"supertag":[],"acf":[],"yoast_head":"<!-- This site is optimized with the Yoast SEO plugin v21.3 - https:\/\/yoast.com\/wordpress\/plugins\/seo\/ -->\n<title>Doma skok na stopni\u010dke \u0161e med posameznicami? - Hudo Slovenija<\/title>\n<meta name=\"robots\" content=\"index, follow, max-snippet:-1, max-image-preview:large, max-video-preview:-1\" \/>\n<link rel=\"canonical\" href=\"https:\/\/hudo.com\/si\/aktualno\/doma-skok-na-stopnicke-se-med-posameznicami\/\" \/>\n<meta property=\"og:locale\" content=\"sl_SI\" \/>\n<meta property=\"og:type\" content=\"article\" \/>\n<meta property=\"og:title\" content=\"Doma skok na stopni\u010dke \u0161e med posameznicami? - Hudo Slovenija\" \/>\n<meta property=\"og:description\" content=\"Kategorija: Zimski Thu, 25 Jan 2018 09:00:00 +0100 Ljubljana \u2013 Kar je za slovenske smu\u010darske skakalce Planica, je za na\u0161e skakalke Ljubno, ki bo tekmi svetovnega pokala gostilo v soboto in nedeljo, v petek so na sporedu kvalifikacije. Izbranke glavnega trenerja Staneta Baloha imajo seveda za doma\u010do preizku\u0161njo visoke cilje, velika \u017eelja je skok na stopni\u010dke. Prvi del sezone se za slovenske skakalke ni razpletel ravno po \u017eeljah, saj je Baloh pred za\u010detkom ocenil, da bodo na vsaki tekmi svetovnega pokala stopni\u010dke dosegljive, za skupni se\u0161tevek pa si je za\u017eelel ponovitev 3. mesta Maje Vti\u010d pred dvema sezonama. A ta \u010das glede tega ne ka\u017ee najbolje, v skupnem se\u0161tevku je najvi\u0161je, na 8. mestu, Ur\u0161a Bogataj \u2013 in takoj za njo Nika Kri\u017enar ter Ema Klinec \u2013, ki je pokazala najve\u010d stanovitnosti, saj ni bila nikdar slab\u0161a kot\u00a0...\" \/>\n<meta property=\"og:url\" content=\"https:\/\/hudo.com\/si\/aktualno\/doma-skok-na-stopnicke-se-med-posameznicami\/\" \/>\n<meta property=\"og:site_name\" content=\"Hudo Slovenija\" \/>\n<meta property=\"article:publisher\" content=\"https:\/\/www.facebook.com\/hudo.si\" \/>\n<meta property=\"article:published_time\" content=\"2018-01-25T07:00:00+00:00\" \/>\n<meta property=\"og:image\" content=\"https:\/\/hudo.com\/si\/wp-content\/uploads\/sites\/2\/2018\/01\/480x290_Sport__Delo_Foto_2018012418.2_hires0.jpeg\" \/>\n\t<meta property=\"og:image:width\" content=\"480\" \/>\n\t<meta property=\"og:image:height\" content=\"290\" \/>\n\t<meta property=\"og:image:type\" content=\"image\/jpeg\" \/>\n<meta name=\"author\" content=\"hudo\" \/>\n<meta name=\"twitter:card\" content=\"summary_large_image\" \/>\n<meta name=\"twitter:creator\" content=\"@hudo_si\" \/>\n<meta name=\"twitter:site\" content=\"@hudo_si\" \/>\n<meta name=\"twitter:label1\" content=\"Written by\" \/>\n\t<meta name=\"twitter:data1\" content=\"hudo\" \/>\n\t<meta name=\"twitter:label2\" content=\"Est. reading time\" \/>\n\t<meta name=\"twitter:data2\" content=\"1 minuta\" \/>\n<script type=\"application\/ld+json\" class=\"yoast-schema-graph\">{\"@context\":\"https:\/\/schema.org\",\"@graph\":[{\"@type\":\"Article\",\"@id\":\"https:\/\/hudo.com\/si\/aktualno\/doma-skok-na-stopnicke-se-med-posameznicami\/#article\",\"isPartOf\":{\"@id\":\"https:\/\/hudo.com\/si\/aktualno\/doma-skok-na-stopnicke-se-med-posameznicami\/\"},\"author\":{\"name\":\"hudo\",\"@id\":\"https:\/\/hudo.com\/si\/#\/schema\/person\/601cf3379633985b20f7e50f2bb47707\"},\"headline\":\"Doma skok na stopni\u010dke \u0161e med posameznicami?\",\"datePublished\":\"2018-01-25T07:00:00+00:00\",\"dateModified\":\"2018-01-25T07:00:00+00:00\",\"mainEntityOfPage\":{\"@id\":\"https:\/\/hudo.com\/si\/aktualno\/doma-skok-na-stopnicke-se-med-posameznicami\/\"},\"wordCount\":152,\"publisher\":{\"@id\":\"https:\/\/hudo.com\/si\/#organization\"},\"articleSection\":[\"Aktualno\"],\"inLanguage\":\"sl-SI\"},{\"@type\":\"WebPage\",\"@id\":\"https:\/\/hudo.com\/si\/aktualno\/doma-skok-na-stopnicke-se-med-posameznicami\/\",\"url\":\"https:\/\/hudo.com\/si\/aktualno\/doma-skok-na-stopnicke-se-med-posameznicami\/\",\"name\":\"Doma skok na stopni\u010dke \u0161e med posameznicami? - Hudo Slovenija\",\"isPartOf\":{\"@id\":\"https:\/\/hudo.com\/si\/#website\"},\"datePublished\":\"2018-01-25T07:00:00+00:00\",\"dateModified\":\"2018-01-25T07:00:00+00:00\",\"breadcrumb\":{\"@id\":\"https:\/\/hudo.com\/si\/aktualno\/doma-skok-na-stopnicke-se-med-posameznicami\/#breadcrumb\"},\"inLanguage\":\"sl-SI\",\"potentialAction\":[{\"@type\":\"ReadAction\",\"target\":[\"https:\/\/hudo.com\/si\/aktualno\/doma-skok-na-stopnicke-se-med-posameznicami\/\"]}]},{\"@type\":\"BreadcrumbList\",\"@id\":\"https:\/\/hudo.com\/si\/aktualno\/doma-skok-na-stopnicke-se-med-posameznicami\/#breadcrumb\",\"itemListElement\":[{\"@type\":\"ListItem\",\"position\":1,\"name\":\"Home\",\"item\":\"https:\/\/hudo.com\/si\/\"},{\"@type\":\"ListItem\",\"position\":2,\"name\":\"Doma skok na stopni\u010dke \u0161e med posameznicami?\"}]},{\"@type\":\"WebSite\",\"@id\":\"https:\/\/hudo.com\/si\/#website\",\"url\":\"https:\/\/hudo.com\/si\/\",\"name\":\"Hudo Slovenija\",\"description\":\"Vse novice iz Slovenije in sveta\",\"publisher\":{\"@id\":\"https:\/\/hudo.com\/si\/#organization\"},\"potentialAction\":[{\"@type\":\"SearchAction\",\"target\":{\"@type\":\"EntryPoint\",\"urlTemplate\":\"https:\/\/hudo.com\/si\/?s={search_term_string}\"},\"query-input\":\"required name=search_term_string\"}],\"inLanguage\":\"sl-SI\"},{\"@type\":\"Organization\",\"@id\":\"https:\/\/hudo.com\/si\/#organization\",\"name\":\"VSN Media\",\"url\":\"https:\/\/hudo.com\/si\/\",\"logo\":{\"@type\":\"ImageObject\",\"inLanguage\":\"sl-SI\",\"@id\":\"https:\/\/hudo.com\/si\/#\/schema\/logo\/image\/\",\"url\":\"https:\/\/hudo.com\/si\/wp-content\/uploads\/sites\/2\/2021\/03\/hudo-app-2.png\",\"contentUrl\":\"https:\/\/hudo.com\/si\/wp-content\/uploads\/sites\/2\/2021\/03\/hudo-app-2.png\",\"width\":2185,\"height\":2167,\"caption\":\"VSN Media\"},\"image\":{\"@id\":\"https:\/\/hudo.com\/si\/#\/schema\/logo\/image\/\"},\"sameAs\":[\"https:\/\/www.facebook.com\/hudo.si\",\"https:\/\/twitter.com\/hudo_si\"]},{\"@type\":\"Person\",\"@id\":\"https:\/\/hudo.com\/si\/#\/schema\/person\/601cf3379633985b20f7e50f2bb47707\",\"name\":\"hudo\",\"image\":{\"@type\":\"ImageObject\",\"inLanguage\":\"sl-SI\",\"@id\":\"https:\/\/hudo.com\/si\/#\/schema\/person\/image\/\",\"url\":\"https:\/\/secure.gravatar.com\/avatar\/c4ca25fa72cace7a696b52ff5db9e095?s=96&d=mm&r=g\",\"contentUrl\":\"https:\/\/secure.gravatar.com\/avatar\/c4ca25fa72cace7a696b52ff5db9e095?s=96&d=mm&r=g\",\"caption\":\"hudo\"},\"url\":\"https:\/\/hudo.com\/si\/author\/hudo\/\"}]}<\/script>\n<!-- \/ Yoast SEO plugin. -->","yoast_head_json":{"title":"Doma skok na stopni\u010dke \u0161e med posameznicami? - Hudo Slovenija","robots":{"index":"index","follow":"follow","max-snippet":"max-snippet:-1","max-image-preview":"max-image-preview:large","max-video-preview":"max-video-preview:-1"},"canonical":"https:\/\/hudo.com\/si\/aktualno\/doma-skok-na-stopnicke-se-med-posameznicami\/","og_locale":"sl_SI","og_type":"article","og_title":"Doma skok na stopni\u010dke \u0161e med posameznicami? - Hudo Slovenija","og_description":"Kategorija: Zimski Thu, 25 Jan 2018 09:00:00 +0100 Ljubljana \u2013 Kar je za slovenske smu\u010darske skakalce Planica, je za na\u0161e skakalke Ljubno, ki bo tekmi svetovnega pokala gostilo v soboto in nedeljo, v petek so na sporedu kvalifikacije. Izbranke glavnega trenerja Staneta Baloha imajo seveda za doma\u010do preizku\u0161njo visoke cilje, velika \u017eelja je skok na stopni\u010dke. Prvi del sezone se za slovenske skakalke ni razpletel ravno po \u017eeljah, saj je Baloh pred za\u010detkom ocenil, da bodo na vsaki tekmi svetovnega pokala stopni\u010dke dosegljive, za skupni se\u0161tevek pa si je za\u017eelel ponovitev 3. mesta Maje Vti\u010d pred dvema sezonama. A ta \u010das glede tega ne ka\u017ee najbolje, v skupnem se\u0161tevku je najvi\u0161je, na 8. mestu, Ur\u0161a Bogataj \u2013 in takoj za njo Nika Kri\u017enar ter Ema Klinec \u2013, ki je pokazala najve\u010d stanovitnosti, saj ni bila nikdar slab\u0161a kot\u00a0...","og_url":"https:\/\/hudo.com\/si\/aktualno\/doma-skok-na-stopnicke-se-med-posameznicami\/","og_site_name":"Hudo Slovenija","article_publisher":"https:\/\/www.facebook.com\/hudo.si","article_published_time":"2018-01-25T07:00:00+00:00","og_image":[{"width":480,"height":290,"url":"https:\/\/hudo.com\/si\/wp-content\/uploads\/sites\/2\/2018\/01\/480x290_Sport__Delo_Foto_2018012418.2_hires0.jpeg","type":"image\/jpeg"}],"author":"hudo","twitter_card":"summary_large_image","twitter_creator":"@hudo_si","twitter_site":"@hudo_si","twitter_misc":{"Written by":"hudo","Est. reading time":"1 minuta"},"schema":{"@context":"https:\/\/schema.org","@graph":[{"@type":"Article","@id":"https:\/\/hudo.com\/si\/aktualno\/doma-skok-na-stopnicke-se-med-posameznicami\/#article","isPartOf":{"@id":"https:\/\/hudo.com\/si\/aktualno\/doma-skok-na-stopnicke-se-med-posameznicami\/"},"author":{"name":"hudo","@id":"https:\/\/hudo.com\/si\/#\/schema\/person\/601cf3379633985b20f7e50f2bb47707"},"headline":"Doma skok na stopni\u010dke \u0161e med posameznicami?","datePublished":"2018-01-25T07:00:00+00:00","dateModified":"2018-01-25T07:00:00+00:00","mainEntityOfPage":{"@id":"https:\/\/hudo.com\/si\/aktualno\/doma-skok-na-stopnicke-se-med-posameznicami\/"},"wordCount":152,"publisher":{"@id":"https:\/\/hudo.com\/si\/#organization"},"articleSection":["Aktualno"],"inLanguage":"sl-SI"},{"@type":"WebPage","@id":"https:\/\/hudo.com\/si\/aktualno\/doma-skok-na-stopnicke-se-med-posameznicami\/","url":"https:\/\/hudo.com\/si\/aktualno\/doma-skok-na-stopnicke-se-med-posameznicami\/","name":"Doma skok na stopni\u010dke \u0161e med posameznicami? - Hudo Slovenija","isPartOf":{"@id":"https:\/\/hudo.com\/si\/#website"},"datePublished":"2018-01-25T07:00:00+00:00","dateModified":"2018-01-25T07:00:00+00:00","breadcrumb":{"@id":"https:\/\/hudo.com\/si\/aktualno\/doma-skok-na-stopnicke-se-med-posameznicami\/#breadcrumb"},"inLanguage":"sl-SI","potentialAction":[{"@type":"ReadAction","target":["https:\/\/hudo.com\/si\/aktualno\/doma-skok-na-stopnicke-se-med-posameznicami\/"]}]},{"@type":"BreadcrumbList","@id":"https:\/\/hudo.com\/si\/aktualno\/doma-skok-na-stopnicke-se-med-posameznicami\/#breadcrumb","itemListElement":[{"@type":"ListItem","position":1,"name":"Home","item":"https:\/\/hudo.com\/si\/"},{"@type":"ListItem","position":2,"name":"Doma skok na stopni\u010dke \u0161e med posameznicami?"}]},{"@type":"WebSite","@id":"https:\/\/hudo.com\/si\/#website","url":"https:\/\/hudo.com\/si\/","name":"Hudo Slovenija","description":"Vse novice iz Slovenije in sveta","publisher":{"@id":"https:\/\/hudo.com\/si\/#organization"},"potentialAction":[{"@type":"SearchAction","target":{"@type":"EntryPoint","urlTemplate":"https:\/\/hudo.com\/si\/?s={search_term_string}"},"query-input":"required name=search_term_string"}],"inLanguage":"sl-SI"},{"@type":"Organization","@id":"https:\/\/hudo.com\/si\/#organization","name":"VSN Media","url":"https:\/\/hudo.com\/si\/","logo":{"@type":"ImageObject","inLanguage":"sl-SI","@id":"https:\/\/hudo.com\/si\/#\/schema\/logo\/image\/","url":"https:\/\/hudo.com\/si\/wp-content\/uploads\/sites\/2\/2021\/03\/hudo-app-2.png","contentUrl":"https:\/\/hudo.com\/si\/wp-content\/uploads\/sites\/2\/2021\/03\/hudo-app-2.png","width":2185,"height":2167,"caption":"VSN Media"},"image":{"@id":"https:\/\/hudo.com\/si\/#\/schema\/logo\/image\/"},"sameAs":["https:\/\/www.facebook.com\/hudo.si","https:\/\/twitter.com\/hudo_si"]},{"@type":"Person","@id":"https:\/\/hudo.com\/si\/#\/schema\/person\/601cf3379633985b20f7e50f2bb47707","name":"hudo","image":{"@type":"ImageObject","inLanguage":"sl-SI","@id":"https:\/\/hudo.com\/si\/#\/schema\/person\/image\/","url":"https:\/\/secure.gravatar.com\/avatar\/c4ca25fa72cace7a696b52ff5db9e095?s=96&d=mm&r=g","contentUrl":"https:\/\/secure.gravatar.com\/avatar\/c4ca25fa72cace7a696b52ff5db9e095?s=96&d=mm&r=g","caption":"hudo"},"url":"https:\/\/hudo.com\/si\/author\/hudo\/"}]}},"amp_enabled":true,"_links":{"self":[{"href":"https:\/\/hudo.com\/si\/wp-json\/wp\/v2\/posts\/353470"}],"collection":[{"href":"https:\/\/hudo.com\/si\/wp-json\/wp\/v2\/posts"}],"about":[{"href":"https:\/\/hudo.com\/si\/wp-json\/wp\/v2\/types\/post"}],"author":[{"embeddable":true,"href":"https:\/\/hudo.com\/si\/wp-json\/wp\/v2\/users\/1"}],"replies":[{"embeddable":true,"href":"https:\/\/hudo.com\/si\/wp-json\/wp\/v2\/comments?post=353470"}],"version-history":[{"count":0,"href":"https:\/\/hudo.com\/si\/wp-json\/wp\/v2\/posts\/353470\/revisions"}],"wp:attachment":[{"href":"https:\/\/hudo.com\/si\/wp-json\/wp\/v2\/media?parent=353470"}],"wp:term":[{"taxonomy":"category","embeddable":true,"href":"https:\/\/hudo.com\/si\/wp-json\/wp\/v2\/categories?post=353470"},{"taxonomy":"post_tag","embeddable":true,"href":"https:\/\/hudo.com\/si\/wp-json\/wp\/v2\/tags?post=353470"},{"taxonomy":"source","embeddable":true,"href":"https:\/\/hudo.com\/si\/wp-json\/wp\/v2\/source?post=353470"},{"taxonomy":"supertag","embeddable":true,"href":"https:\/\/hudo.com\/si\/wp-json\/wp\/v2\/supertag?post=353470"}],"curies":[{"name":"wp","href":"https:\/\/api.w.org\/{rel}","templated":true}]}}