{"id":353757,"date":"2018-01-25T14:45:00","date_gmt":"2018-01-25T13:45:00","guid":{"rendered":"http:\/\/hudo.com\/si\/2018\/01\/25\/prvi-trening-italijana-spredaj-slovenci-dalec-zadaj\/"},"modified":"2018-01-25T14:45:00","modified_gmt":"2018-01-25T13:45:00","slug":"prvi-trening-italijana-spredaj-slovenci-dalec-zadaj","status":"publish","type":"post","link":"https:\/\/hudo.com\/si\/aktualno\/prvi-trening-italijana-spredaj-slovenci-dalec-zadaj\/","title":{"rendered":"Prvi trening: Italijana spredaj, Slovenci dale\u010d zadaj"},"content":{"rendered":"<p>Kategorija: Zimski Thu, 25 Jan 2018 15:45:00 +0100  Garmisch-Partenkirchen &#8211; Tradicionalno nem\u0161ko prizori\u0161\u010de Garmisch-Partenkirchen bo prihodnje dni gostilo predzadnjo postajo mo\u0161kega svetovnega pokala v alpskem smu\u010danju pred olimpijskimi igrami v Pjong\u010dangu, v prvih dneh februarja pa \u0161e zadnjo \u017eensko. Danes so fantje, specialisti za hitre discipline, na progi Kandahar \u017ee opravili prvi trening sobotnega smuka (v nedeljo bo na sporedu \u0161e veleslalom), ki se je razpletel povsem po italijanskih \u017eeljah in slabo za slovenski tabor. Najhitrej\u0161i je bil prekaljeni Christof Innerhofer, ki mu nem\u0161ka postaja o\u010ditno ustreza, saj si je na njej vso smuka\u0161ko konkurenco pokoril \u017ee pred petimi leti, tokrat pa je za 42 stotink odpravil presenetljivega prvega izzivalca, rojaka Mattea Marsaglio, ki je presenetil s \u0161tartno \u0161tevilko 51. Manj kot sekundo, 89 stotink, je zamudil zgolj \u0161e tretjeuvr\u0161\u010deni Norve\u017ean Aleksander Aamodt Kilde, branilec lanske zmage, Avstrijec Hannes\u00a0&#8230;<\/p>\n","protected":false},"excerpt":{"rendered":"<p>Kategorija: Zimski Thu, 25 Jan 2018 15:45:00 +0100  Garmisch-Partenkirchen &#8211; Tradicionalno nem\u0161ko prizori\u0161\u010de Garmisch-Partenkirchen bo prihodnje dni gostilo predzadnjo postajo mo\u0161kega svetovnega pokala v alpskem smu\u010danju pred olimpijskimi igrami v Pjong\u010dangu, v prvih dneh februarja pa \u0161e zadnjo \u017eensko. Danes so fantje, specialisti za hitre discipline, na progi Kandahar \u017ee opravili prvi trening sobotnega smuka (v nedeljo bo na sporedu \u0161e veleslalom), ki se je razpletel povsem po italijanskih \u017eeljah in slabo za slovenski tabor. Najhitrej\u0161i je bil prekaljeni Christof Innerhofer, ki mu nem\u0161ka postaja o\u010ditno ustreza, saj si je na njej vso smuka\u0161ko konkurenco pokoril \u017ee pred petimi leti, tokrat pa je za 42 stotink odpravil presenetljivega prvega izzivalca, rojaka Mattea Marsaglio, ki je presenetil s \u0161tartno \u0161tevilko 51. Manj kot sekundo, 89 stotink, je zamudil zgolj \u0161e tretjeuvr\u0161\u010deni Norve\u017ean Aleksander Aamodt Kilde, branilec lanske zmage, Avstrijec Hannes\u00a0&#8230;<\/p>\n","protected":false},"author":1,"featured_media":0,"comment_status":"closed","ping_status":"closed","sticky":false,"template":"","format":"standard","meta":{"footnotes":""},"categories":[1179],"tags":[],"source":[1703],"supertag":[],"acf":[],"yoast_head":"<!-- This site is optimized with the Yoast SEO plugin v21.3 - https:\/\/yoast.com\/wordpress\/plugins\/seo\/ -->\n<title>Prvi trening: Italijana spredaj, Slovenci dale\u010d zadaj - Hudo Slovenija<\/title>\n<meta name=\"robots\" content=\"index, follow, max-snippet:-1, max-image-preview:large, max-video-preview:-1\" \/>\n<link rel=\"canonical\" href=\"https:\/\/hudo.com\/si\/aktualno\/prvi-trening-italijana-spredaj-slovenci-dalec-zadaj\/\" \/>\n<meta property=\"og:locale\" content=\"sl_SI\" \/>\n<meta property=\"og:type\" content=\"article\" \/>\n<meta property=\"og:title\" content=\"Prvi trening: Italijana spredaj, Slovenci dale\u010d zadaj - Hudo Slovenija\" \/>\n<meta property=\"og:description\" content=\"Kategorija: Zimski Thu, 25 Jan 2018 15:45:00 +0100 Garmisch-Partenkirchen - Tradicionalno nem\u0161ko prizori\u0161\u010de Garmisch-Partenkirchen bo prihodnje dni gostilo predzadnjo postajo mo\u0161kega svetovnega pokala v alpskem smu\u010danju pred olimpijskimi igrami v Pjong\u010dangu, v prvih dneh februarja pa \u0161e zadnjo \u017eensko. Danes so fantje, specialisti za hitre discipline, na progi Kandahar \u017ee opravili prvi trening sobotnega smuka (v nedeljo bo na sporedu \u0161e veleslalom), ki se je razpletel povsem po italijanskih \u017eeljah in slabo za slovenski tabor. Najhitrej\u0161i je bil prekaljeni Christof Innerhofer, ki mu nem\u0161ka postaja o\u010ditno ustreza, saj si je na njej vso smuka\u0161ko konkurenco pokoril \u017ee pred petimi leti, tokrat pa je za 42 stotink odpravil presenetljivega prvega izzivalca, rojaka Mattea Marsaglio, ki je presenetil s \u0161tartno \u0161tevilko 51. Manj kot sekundo, 89 stotink, je zamudil zgolj \u0161e tretjeuvr\u0161\u010deni Norve\u017ean Aleksander Aamodt Kilde, branilec lanske zmage, Avstrijec Hannes\u00a0...\" \/>\n<meta property=\"og:url\" content=\"https:\/\/hudo.com\/si\/aktualno\/prvi-trening-italijana-spredaj-slovenci-dalec-zadaj\/\" \/>\n<meta property=\"og:site_name\" content=\"Hudo Slovenija\" \/>\n<meta property=\"article:publisher\" content=\"https:\/\/www.facebook.com\/hudo.si\" \/>\n<meta property=\"article:published_time\" content=\"2018-01-25T13:45:00+00:00\" \/>\n<meta property=\"og:image\" content=\"https:\/\/hudo.com\/si\/wp-content\/uploads\/sites\/2\/2018\/01\/480x290_AFP_Photo-20180125150356-88532400.jpeg\" \/>\n\t<meta property=\"og:image:width\" content=\"480\" \/>\n\t<meta property=\"og:image:height\" content=\"290\" \/>\n\t<meta property=\"og:image:type\" content=\"image\/jpeg\" \/>\n<meta name=\"author\" content=\"hudo\" \/>\n<meta name=\"twitter:card\" content=\"summary_large_image\" \/>\n<meta name=\"twitter:creator\" content=\"@hudo_si\" \/>\n<meta name=\"twitter:site\" content=\"@hudo_si\" \/>\n<meta name=\"twitter:label1\" content=\"Written by\" \/>\n\t<meta name=\"twitter:data1\" content=\"hudo\" \/>\n\t<meta name=\"twitter:label2\" content=\"Est. reading time\" \/>\n\t<meta name=\"twitter:data2\" content=\"1 minuta\" \/>\n<script type=\"application\/ld+json\" class=\"yoast-schema-graph\">{\"@context\":\"https:\/\/schema.org\",\"@graph\":[{\"@type\":\"Article\",\"@id\":\"https:\/\/hudo.com\/si\/aktualno\/prvi-trening-italijana-spredaj-slovenci-dalec-zadaj\/#article\",\"isPartOf\":{\"@id\":\"https:\/\/hudo.com\/si\/aktualno\/prvi-trening-italijana-spredaj-slovenci-dalec-zadaj\/\"},\"author\":{\"name\":\"hudo\",\"@id\":\"https:\/\/hudo.com\/si\/#\/schema\/person\/601cf3379633985b20f7e50f2bb47707\"},\"headline\":\"Prvi trening: Italijana spredaj, Slovenci dale\u010d zadaj\",\"datePublished\":\"2018-01-25T13:45:00+00:00\",\"dateModified\":\"2018-01-25T13:45:00+00:00\",\"mainEntityOfPage\":{\"@id\":\"https:\/\/hudo.com\/si\/aktualno\/prvi-trening-italijana-spredaj-slovenci-dalec-zadaj\/\"},\"wordCount\":150,\"publisher\":{\"@id\":\"https:\/\/hudo.com\/si\/#organization\"},\"articleSection\":[\"Aktualno\"],\"inLanguage\":\"sl-SI\"},{\"@type\":\"WebPage\",\"@id\":\"https:\/\/hudo.com\/si\/aktualno\/prvi-trening-italijana-spredaj-slovenci-dalec-zadaj\/\",\"url\":\"https:\/\/hudo.com\/si\/aktualno\/prvi-trening-italijana-spredaj-slovenci-dalec-zadaj\/\",\"name\":\"Prvi trening: Italijana spredaj, Slovenci dale\u010d zadaj - Hudo Slovenija\",\"isPartOf\":{\"@id\":\"https:\/\/hudo.com\/si\/#website\"},\"datePublished\":\"2018-01-25T13:45:00+00:00\",\"dateModified\":\"2018-01-25T13:45:00+00:00\",\"breadcrumb\":{\"@id\":\"https:\/\/hudo.com\/si\/aktualno\/prvi-trening-italijana-spredaj-slovenci-dalec-zadaj\/#breadcrumb\"},\"inLanguage\":\"sl-SI\",\"potentialAction\":[{\"@type\":\"ReadAction\",\"target\":[\"https:\/\/hudo.com\/si\/aktualno\/prvi-trening-italijana-spredaj-slovenci-dalec-zadaj\/\"]}]},{\"@type\":\"BreadcrumbList\",\"@id\":\"https:\/\/hudo.com\/si\/aktualno\/prvi-trening-italijana-spredaj-slovenci-dalec-zadaj\/#breadcrumb\",\"itemListElement\":[{\"@type\":\"ListItem\",\"position\":1,\"name\":\"Home\",\"item\":\"https:\/\/hudo.com\/si\/\"},{\"@type\":\"ListItem\",\"position\":2,\"name\":\"Prvi trening: Italijana spredaj, Slovenci dale\u010d zadaj\"}]},{\"@type\":\"WebSite\",\"@id\":\"https:\/\/hudo.com\/si\/#website\",\"url\":\"https:\/\/hudo.com\/si\/\",\"name\":\"Hudo Slovenija\",\"description\":\"Vse novice iz Slovenije in sveta\",\"publisher\":{\"@id\":\"https:\/\/hudo.com\/si\/#organization\"},\"potentialAction\":[{\"@type\":\"SearchAction\",\"target\":{\"@type\":\"EntryPoint\",\"urlTemplate\":\"https:\/\/hudo.com\/si\/?s={search_term_string}\"},\"query-input\":\"required name=search_term_string\"}],\"inLanguage\":\"sl-SI\"},{\"@type\":\"Organization\",\"@id\":\"https:\/\/hudo.com\/si\/#organization\",\"name\":\"VSN Media\",\"url\":\"https:\/\/hudo.com\/si\/\",\"logo\":{\"@type\":\"ImageObject\",\"inLanguage\":\"sl-SI\",\"@id\":\"https:\/\/hudo.com\/si\/#\/schema\/logo\/image\/\",\"url\":\"https:\/\/hudo.com\/si\/wp-content\/uploads\/sites\/2\/2021\/03\/hudo-app-2.png\",\"contentUrl\":\"https:\/\/hudo.com\/si\/wp-content\/uploads\/sites\/2\/2021\/03\/hudo-app-2.png\",\"width\":2185,\"height\":2167,\"caption\":\"VSN Media\"},\"image\":{\"@id\":\"https:\/\/hudo.com\/si\/#\/schema\/logo\/image\/\"},\"sameAs\":[\"https:\/\/www.facebook.com\/hudo.si\",\"https:\/\/twitter.com\/hudo_si\"]},{\"@type\":\"Person\",\"@id\":\"https:\/\/hudo.com\/si\/#\/schema\/person\/601cf3379633985b20f7e50f2bb47707\",\"name\":\"hudo\",\"image\":{\"@type\":\"ImageObject\",\"inLanguage\":\"sl-SI\",\"@id\":\"https:\/\/hudo.com\/si\/#\/schema\/person\/image\/\",\"url\":\"https:\/\/secure.gravatar.com\/avatar\/c4ca25fa72cace7a696b52ff5db9e095?s=96&d=mm&r=g\",\"contentUrl\":\"https:\/\/secure.gravatar.com\/avatar\/c4ca25fa72cace7a696b52ff5db9e095?s=96&d=mm&r=g\",\"caption\":\"hudo\"},\"url\":\"https:\/\/hudo.com\/si\/author\/hudo\/\"}]}<\/script>\n<!-- \/ Yoast SEO plugin. -->","yoast_head_json":{"title":"Prvi trening: Italijana spredaj, Slovenci dale\u010d zadaj - Hudo Slovenija","robots":{"index":"index","follow":"follow","max-snippet":"max-snippet:-1","max-image-preview":"max-image-preview:large","max-video-preview":"max-video-preview:-1"},"canonical":"https:\/\/hudo.com\/si\/aktualno\/prvi-trening-italijana-spredaj-slovenci-dalec-zadaj\/","og_locale":"sl_SI","og_type":"article","og_title":"Prvi trening: Italijana spredaj, Slovenci dale\u010d zadaj - Hudo Slovenija","og_description":"Kategorija: Zimski Thu, 25 Jan 2018 15:45:00 +0100 Garmisch-Partenkirchen - Tradicionalno nem\u0161ko prizori\u0161\u010de Garmisch-Partenkirchen bo prihodnje dni gostilo predzadnjo postajo mo\u0161kega svetovnega pokala v alpskem smu\u010danju pred olimpijskimi igrami v Pjong\u010dangu, v prvih dneh februarja pa \u0161e zadnjo \u017eensko. Danes so fantje, specialisti za hitre discipline, na progi Kandahar \u017ee opravili prvi trening sobotnega smuka (v nedeljo bo na sporedu \u0161e veleslalom), ki se je razpletel povsem po italijanskih \u017eeljah in slabo za slovenski tabor. Najhitrej\u0161i je bil prekaljeni Christof Innerhofer, ki mu nem\u0161ka postaja o\u010ditno ustreza, saj si je na njej vso smuka\u0161ko konkurenco pokoril \u017ee pred petimi leti, tokrat pa je za 42 stotink odpravil presenetljivega prvega izzivalca, rojaka Mattea Marsaglio, ki je presenetil s \u0161tartno \u0161tevilko 51. Manj kot sekundo, 89 stotink, je zamudil zgolj \u0161e tretjeuvr\u0161\u010deni Norve\u017ean Aleksander Aamodt Kilde, branilec lanske zmage, Avstrijec Hannes\u00a0...","og_url":"https:\/\/hudo.com\/si\/aktualno\/prvi-trening-italijana-spredaj-slovenci-dalec-zadaj\/","og_site_name":"Hudo Slovenija","article_publisher":"https:\/\/www.facebook.com\/hudo.si","article_published_time":"2018-01-25T13:45:00+00:00","og_image":[{"width":480,"height":290,"url":"https:\/\/hudo.com\/si\/wp-content\/uploads\/sites\/2\/2018\/01\/480x290_AFP_Photo-20180125150356-88532400.jpeg","type":"image\/jpeg"}],"author":"hudo","twitter_card":"summary_large_image","twitter_creator":"@hudo_si","twitter_site":"@hudo_si","twitter_misc":{"Written by":"hudo","Est. reading time":"1 minuta"},"schema":{"@context":"https:\/\/schema.org","@graph":[{"@type":"Article","@id":"https:\/\/hudo.com\/si\/aktualno\/prvi-trening-italijana-spredaj-slovenci-dalec-zadaj\/#article","isPartOf":{"@id":"https:\/\/hudo.com\/si\/aktualno\/prvi-trening-italijana-spredaj-slovenci-dalec-zadaj\/"},"author":{"name":"hudo","@id":"https:\/\/hudo.com\/si\/#\/schema\/person\/601cf3379633985b20f7e50f2bb47707"},"headline":"Prvi trening: Italijana spredaj, Slovenci dale\u010d zadaj","datePublished":"2018-01-25T13:45:00+00:00","dateModified":"2018-01-25T13:45:00+00:00","mainEntityOfPage":{"@id":"https:\/\/hudo.com\/si\/aktualno\/prvi-trening-italijana-spredaj-slovenci-dalec-zadaj\/"},"wordCount":150,"publisher":{"@id":"https:\/\/hudo.com\/si\/#organization"},"articleSection":["Aktualno"],"inLanguage":"sl-SI"},{"@type":"WebPage","@id":"https:\/\/hudo.com\/si\/aktualno\/prvi-trening-italijana-spredaj-slovenci-dalec-zadaj\/","url":"https:\/\/hudo.com\/si\/aktualno\/prvi-trening-italijana-spredaj-slovenci-dalec-zadaj\/","name":"Prvi trening: Italijana spredaj, Slovenci dale\u010d zadaj - Hudo Slovenija","isPartOf":{"@id":"https:\/\/hudo.com\/si\/#website"},"datePublished":"2018-01-25T13:45:00+00:00","dateModified":"2018-01-25T13:45:00+00:00","breadcrumb":{"@id":"https:\/\/hudo.com\/si\/aktualno\/prvi-trening-italijana-spredaj-slovenci-dalec-zadaj\/#breadcrumb"},"inLanguage":"sl-SI","potentialAction":[{"@type":"ReadAction","target":["https:\/\/hudo.com\/si\/aktualno\/prvi-trening-italijana-spredaj-slovenci-dalec-zadaj\/"]}]},{"@type":"BreadcrumbList","@id":"https:\/\/hudo.com\/si\/aktualno\/prvi-trening-italijana-spredaj-slovenci-dalec-zadaj\/#breadcrumb","itemListElement":[{"@type":"ListItem","position":1,"name":"Home","item":"https:\/\/hudo.com\/si\/"},{"@type":"ListItem","position":2,"name":"Prvi trening: Italijana spredaj, Slovenci dale\u010d zadaj"}]},{"@type":"WebSite","@id":"https:\/\/hudo.com\/si\/#website","url":"https:\/\/hudo.com\/si\/","name":"Hudo Slovenija","description":"Vse novice iz Slovenije in sveta","publisher":{"@id":"https:\/\/hudo.com\/si\/#organization"},"potentialAction":[{"@type":"SearchAction","target":{"@type":"EntryPoint","urlTemplate":"https:\/\/hudo.com\/si\/?s={search_term_string}"},"query-input":"required name=search_term_string"}],"inLanguage":"sl-SI"},{"@type":"Organization","@id":"https:\/\/hudo.com\/si\/#organization","name":"VSN Media","url":"https:\/\/hudo.com\/si\/","logo":{"@type":"ImageObject","inLanguage":"sl-SI","@id":"https:\/\/hudo.com\/si\/#\/schema\/logo\/image\/","url":"https:\/\/hudo.com\/si\/wp-content\/uploads\/sites\/2\/2021\/03\/hudo-app-2.png","contentUrl":"https:\/\/hudo.com\/si\/wp-content\/uploads\/sites\/2\/2021\/03\/hudo-app-2.png","width":2185,"height":2167,"caption":"VSN Media"},"image":{"@id":"https:\/\/hudo.com\/si\/#\/schema\/logo\/image\/"},"sameAs":["https:\/\/www.facebook.com\/hudo.si","https:\/\/twitter.com\/hudo_si"]},{"@type":"Person","@id":"https:\/\/hudo.com\/si\/#\/schema\/person\/601cf3379633985b20f7e50f2bb47707","name":"hudo","image":{"@type":"ImageObject","inLanguage":"sl-SI","@id":"https:\/\/hudo.com\/si\/#\/schema\/person\/image\/","url":"https:\/\/secure.gravatar.com\/avatar\/c4ca25fa72cace7a696b52ff5db9e095?s=96&d=mm&r=g","contentUrl":"https:\/\/secure.gravatar.com\/avatar\/c4ca25fa72cace7a696b52ff5db9e095?s=96&d=mm&r=g","caption":"hudo"},"url":"https:\/\/hudo.com\/si\/author\/hudo\/"}]}},"amp_enabled":true,"_links":{"self":[{"href":"https:\/\/hudo.com\/si\/wp-json\/wp\/v2\/posts\/353757"}],"collection":[{"href":"https:\/\/hudo.com\/si\/wp-json\/wp\/v2\/posts"}],"about":[{"href":"https:\/\/hudo.com\/si\/wp-json\/wp\/v2\/types\/post"}],"author":[{"embeddable":true,"href":"https:\/\/hudo.com\/si\/wp-json\/wp\/v2\/users\/1"}],"replies":[{"embeddable":true,"href":"https:\/\/hudo.com\/si\/wp-json\/wp\/v2\/comments?post=353757"}],"version-history":[{"count":0,"href":"https:\/\/hudo.com\/si\/wp-json\/wp\/v2\/posts\/353757\/revisions"}],"wp:attachment":[{"href":"https:\/\/hudo.com\/si\/wp-json\/wp\/v2\/media?parent=353757"}],"wp:term":[{"taxonomy":"category","embeddable":true,"href":"https:\/\/hudo.com\/si\/wp-json\/wp\/v2\/categories?post=353757"},{"taxonomy":"post_tag","embeddable":true,"href":"https:\/\/hudo.com\/si\/wp-json\/wp\/v2\/tags?post=353757"},{"taxonomy":"source","embeddable":true,"href":"https:\/\/hudo.com\/si\/wp-json\/wp\/v2\/source?post=353757"},{"taxonomy":"supertag","embeddable":true,"href":"https:\/\/hudo.com\/si\/wp-json\/wp\/v2\/supertag?post=353757"}],"curies":[{"name":"wp","href":"https:\/\/api.w.org\/{rel}","templated":true}]}}