{"id":354440,"date":"2018-01-26T20:52:00","date_gmt":"2018-01-26T19:52:00","guid":{"rendered":"http:\/\/hudo.com\/si\/2018\/01\/26\/v-holokavstu-izginilo-veliko-slovenskih-judov\/"},"modified":"2018-01-26T20:52:00","modified_gmt":"2018-01-26T19:52:00","slug":"v-holokavstu-izginilo-veliko-slovenskih-judov","status":"publish","type":"post","link":"https:\/\/hudo.com\/si\/aktualno\/v-holokavstu-izginilo-veliko-slovenskih-judov\/","title":{"rendered":"V holokavstu izginilo veliko slovenskih Judov"},"content":{"rendered":"<p>Kategorija: Slovenija Fri, 26 Jan 2018 21:52:00 +0100  Lendava \u2013 V lendavski sinagogi so danes s spominsko uro za deveto\u0161olce in razstavo fotografij judovskih pokopali\u0161\u010d in tabori\u0161\u010da Auschwitz Branimirja Ritonje zaznamovali dana\u0161nji svetovni dan spomina na \u017ertve\u00ad holokavsta. Prav v Lendavi se imajo \u010desa spominjati, saj je tu nacisti\u010dna \u00bbkon\u010dna re\u0161itev \u00adjudovskega vpra\u0161anja\u00ab izni\u010dila skupnost, ki je pred tem prinesla kraju razcvet gospodarstva in me\u0161\u010danstva. V Prekmurju je pred za\u010detkom druge svetovne vojne \u017eivelo pribli\u017eno 460 Judov, holokavst pa je pre\u017eivela le pe\u0161\u010dica, in ker se je ve\u010dina nato izselila v Izrael ali ZDA, so Judje skoraj izginili iz Prekmurja. Po podatkih zgodovinarja Marjana To\u0161a, ki je doktoriral na temo prekmurskih Judov in vodil Center judovske kulturne dedi\u0161\u010dine Sinagoga Maribor, je bilo v Sloveniji evidentiranih skoraj 590 judovskih \u017ertev holokavsta, od tega je v nem\u0161kih tabori\u0161\u010dih smrti izginilo kar\u00a0&#8230;<\/p>\n","protected":false},"excerpt":{"rendered":"<p>Kategorija: Slovenija Fri, 26 Jan 2018 21:52:00 +0100  Lendava \u2013 V lendavski sinagogi so danes s spominsko uro za deveto\u0161olce in razstavo fotografij judovskih pokopali\u0161\u010d in tabori\u0161\u010da Auschwitz Branimirja Ritonje zaznamovali dana\u0161nji svetovni dan spomina na \u017ertve\u00ad holokavsta. Prav v Lendavi se imajo \u010desa spominjati, saj je tu nacisti\u010dna \u00bbkon\u010dna re\u0161itev \u00adjudovskega vpra\u0161anja\u00ab izni\u010dila skupnost, ki je pred tem prinesla kraju razcvet gospodarstva in me\u0161\u010danstva. V Prekmurju je pred za\u010detkom druge svetovne vojne \u017eivelo pribli\u017eno 460 Judov, holokavst pa je pre\u017eivela le pe\u0161\u010dica, in ker se je ve\u010dina nato izselila v Izrael ali ZDA, so Judje skoraj izginili iz Prekmurja. Po podatkih zgodovinarja Marjana To\u0161a, ki je doktoriral na temo prekmurskih Judov in vodil Center judovske kulturne dedi\u0161\u010dine Sinagoga Maribor, je bilo v Sloveniji evidentiranih skoraj 590 judovskih \u017ertev holokavsta, od tega je v nem\u0161kih tabori\u0161\u010dih smrti izginilo kar\u00a0&#8230;<\/p>\n","protected":false},"author":1,"featured_media":0,"comment_status":"closed","ping_status":"closed","sticky":false,"template":"","format":"standard","meta":{"footnotes":""},"categories":[1179],"tags":[],"source":[1703],"supertag":[],"acf":[],"yoast_head":"<!-- This site is optimized with the Yoast SEO plugin v21.3 - https:\/\/yoast.com\/wordpress\/plugins\/seo\/ -->\n<title>V holokavstu izginilo veliko slovenskih Judov - Hudo Slovenija<\/title>\n<meta name=\"robots\" content=\"index, follow, max-snippet:-1, max-image-preview:large, max-video-preview:-1\" \/>\n<link rel=\"canonical\" href=\"https:\/\/hudo.com\/si\/aktualno\/v-holokavstu-izginilo-veliko-slovenskih-judov\/\" \/>\n<meta property=\"og:locale\" content=\"sl_SI\" \/>\n<meta property=\"og:type\" content=\"article\" \/>\n<meta property=\"og:title\" content=\"V holokavstu izginilo veliko slovenskih Judov - Hudo Slovenija\" \/>\n<meta property=\"og:description\" content=\"Kategorija: Slovenija Fri, 26 Jan 2018 21:52:00 +0100 Lendava \u2013 V lendavski sinagogi so danes s spominsko uro za deveto\u0161olce in razstavo fotografij judovskih pokopali\u0161\u010d in tabori\u0161\u010da Auschwitz Branimirja Ritonje zaznamovali dana\u0161nji svetovni dan spomina na \u017ertve\u00ad holokavsta. Prav v Lendavi se imajo \u010desa spominjati, saj je tu nacisti\u010dna \u00bbkon\u010dna re\u0161itev \u00adjudovskega vpra\u0161anja\u00ab izni\u010dila skupnost, ki je pred tem prinesla kraju razcvet gospodarstva in me\u0161\u010danstva. V Prekmurju je pred za\u010detkom druge svetovne vojne \u017eivelo pribli\u017eno 460 Judov, holokavst pa je pre\u017eivela le pe\u0161\u010dica, in ker se je ve\u010dina nato izselila v Izrael ali ZDA, so Judje skoraj izginili iz Prekmurja. Po podatkih zgodovinarja Marjana To\u0161a, ki je doktoriral na temo prekmurskih Judov in vodil Center judovske kulturne dedi\u0161\u010dine Sinagoga Maribor, je bilo v Sloveniji evidentiranih skoraj 590 judovskih \u017ertev holokavsta, od tega je v nem\u0161kih tabori\u0161\u010dih smrti izginilo kar\u00a0...\" \/>\n<meta property=\"og:url\" content=\"https:\/\/hudo.com\/si\/aktualno\/v-holokavstu-izginilo-veliko-slovenskih-judov\/\" \/>\n<meta property=\"og:site_name\" content=\"Hudo Slovenija\" \/>\n<meta property=\"article:publisher\" content=\"https:\/\/www.facebook.com\/hudo.si\" \/>\n<meta property=\"article:published_time\" content=\"2018-01-26T19:52:00+00:00\" \/>\n<meta property=\"og:image\" content=\"https:\/\/hudo.com\/si\/wp-content\/uploads\/sites\/2\/2018\/01\/480x290_Zadnja_stran__Delo_Foto_201.26_hires0.jpeg\" \/>\n\t<meta property=\"og:image:width\" content=\"480\" \/>\n\t<meta property=\"og:image:height\" content=\"290\" \/>\n\t<meta property=\"og:image:type\" content=\"image\/jpeg\" \/>\n<meta name=\"author\" content=\"hudo\" \/>\n<meta name=\"twitter:card\" content=\"summary_large_image\" \/>\n<meta name=\"twitter:creator\" content=\"@hudo_si\" \/>\n<meta name=\"twitter:site\" content=\"@hudo_si\" \/>\n<meta name=\"twitter:label1\" content=\"Written by\" \/>\n\t<meta name=\"twitter:data1\" content=\"hudo\" \/>\n\t<meta name=\"twitter:label2\" content=\"Est. reading time\" \/>\n\t<meta name=\"twitter:data2\" content=\"1 minuta\" \/>\n<script type=\"application\/ld+json\" class=\"yoast-schema-graph\">{\"@context\":\"https:\/\/schema.org\",\"@graph\":[{\"@type\":\"Article\",\"@id\":\"https:\/\/hudo.com\/si\/aktualno\/v-holokavstu-izginilo-veliko-slovenskih-judov\/#article\",\"isPartOf\":{\"@id\":\"https:\/\/hudo.com\/si\/aktualno\/v-holokavstu-izginilo-veliko-slovenskih-judov\/\"},\"author\":{\"name\":\"hudo\",\"@id\":\"https:\/\/hudo.com\/si\/#\/schema\/person\/601cf3379633985b20f7e50f2bb47707\"},\"headline\":\"V holokavstu izginilo veliko slovenskih Judov\",\"datePublished\":\"2018-01-26T19:52:00+00:00\",\"dateModified\":\"2018-01-26T19:52:00+00:00\",\"mainEntityOfPage\":{\"@id\":\"https:\/\/hudo.com\/si\/aktualno\/v-holokavstu-izginilo-veliko-slovenskih-judov\/\"},\"wordCount\":156,\"publisher\":{\"@id\":\"https:\/\/hudo.com\/si\/#organization\"},\"articleSection\":[\"Aktualno\"],\"inLanguage\":\"sl-SI\"},{\"@type\":\"WebPage\",\"@id\":\"https:\/\/hudo.com\/si\/aktualno\/v-holokavstu-izginilo-veliko-slovenskih-judov\/\",\"url\":\"https:\/\/hudo.com\/si\/aktualno\/v-holokavstu-izginilo-veliko-slovenskih-judov\/\",\"name\":\"V holokavstu izginilo veliko slovenskih Judov - Hudo Slovenija\",\"isPartOf\":{\"@id\":\"https:\/\/hudo.com\/si\/#website\"},\"datePublished\":\"2018-01-26T19:52:00+00:00\",\"dateModified\":\"2018-01-26T19:52:00+00:00\",\"breadcrumb\":{\"@id\":\"https:\/\/hudo.com\/si\/aktualno\/v-holokavstu-izginilo-veliko-slovenskih-judov\/#breadcrumb\"},\"inLanguage\":\"sl-SI\",\"potentialAction\":[{\"@type\":\"ReadAction\",\"target\":[\"https:\/\/hudo.com\/si\/aktualno\/v-holokavstu-izginilo-veliko-slovenskih-judov\/\"]}]},{\"@type\":\"BreadcrumbList\",\"@id\":\"https:\/\/hudo.com\/si\/aktualno\/v-holokavstu-izginilo-veliko-slovenskih-judov\/#breadcrumb\",\"itemListElement\":[{\"@type\":\"ListItem\",\"position\":1,\"name\":\"Home\",\"item\":\"https:\/\/hudo.com\/si\/\"},{\"@type\":\"ListItem\",\"position\":2,\"name\":\"V holokavstu izginilo veliko slovenskih Judov\"}]},{\"@type\":\"WebSite\",\"@id\":\"https:\/\/hudo.com\/si\/#website\",\"url\":\"https:\/\/hudo.com\/si\/\",\"name\":\"Hudo Slovenija\",\"description\":\"Vse novice iz Slovenije in sveta\",\"publisher\":{\"@id\":\"https:\/\/hudo.com\/si\/#organization\"},\"potentialAction\":[{\"@type\":\"SearchAction\",\"target\":{\"@type\":\"EntryPoint\",\"urlTemplate\":\"https:\/\/hudo.com\/si\/?s={search_term_string}\"},\"query-input\":\"required name=search_term_string\"}],\"inLanguage\":\"sl-SI\"},{\"@type\":\"Organization\",\"@id\":\"https:\/\/hudo.com\/si\/#organization\",\"name\":\"VSN Media\",\"url\":\"https:\/\/hudo.com\/si\/\",\"logo\":{\"@type\":\"ImageObject\",\"inLanguage\":\"sl-SI\",\"@id\":\"https:\/\/hudo.com\/si\/#\/schema\/logo\/image\/\",\"url\":\"https:\/\/hudo.com\/si\/wp-content\/uploads\/sites\/2\/2021\/03\/hudo-app-2.png\",\"contentUrl\":\"https:\/\/hudo.com\/si\/wp-content\/uploads\/sites\/2\/2021\/03\/hudo-app-2.png\",\"width\":2185,\"height\":2167,\"caption\":\"VSN Media\"},\"image\":{\"@id\":\"https:\/\/hudo.com\/si\/#\/schema\/logo\/image\/\"},\"sameAs\":[\"https:\/\/www.facebook.com\/hudo.si\",\"https:\/\/twitter.com\/hudo_si\"]},{\"@type\":\"Person\",\"@id\":\"https:\/\/hudo.com\/si\/#\/schema\/person\/601cf3379633985b20f7e50f2bb47707\",\"name\":\"hudo\",\"image\":{\"@type\":\"ImageObject\",\"inLanguage\":\"sl-SI\",\"@id\":\"https:\/\/hudo.com\/si\/#\/schema\/person\/image\/\",\"url\":\"https:\/\/secure.gravatar.com\/avatar\/c4ca25fa72cace7a696b52ff5db9e095?s=96&d=mm&r=g\",\"contentUrl\":\"https:\/\/secure.gravatar.com\/avatar\/c4ca25fa72cace7a696b52ff5db9e095?s=96&d=mm&r=g\",\"caption\":\"hudo\"},\"url\":\"https:\/\/hudo.com\/si\/author\/hudo\/\"}]}<\/script>\n<!-- \/ Yoast SEO plugin. -->","yoast_head_json":{"title":"V holokavstu izginilo veliko slovenskih Judov - Hudo Slovenija","robots":{"index":"index","follow":"follow","max-snippet":"max-snippet:-1","max-image-preview":"max-image-preview:large","max-video-preview":"max-video-preview:-1"},"canonical":"https:\/\/hudo.com\/si\/aktualno\/v-holokavstu-izginilo-veliko-slovenskih-judov\/","og_locale":"sl_SI","og_type":"article","og_title":"V holokavstu izginilo veliko slovenskih Judov - Hudo Slovenija","og_description":"Kategorija: Slovenija Fri, 26 Jan 2018 21:52:00 +0100 Lendava \u2013 V lendavski sinagogi so danes s spominsko uro za deveto\u0161olce in razstavo fotografij judovskih pokopali\u0161\u010d in tabori\u0161\u010da Auschwitz Branimirja Ritonje zaznamovali dana\u0161nji svetovni dan spomina na \u017ertve\u00ad holokavsta. Prav v Lendavi se imajo \u010desa spominjati, saj je tu nacisti\u010dna \u00bbkon\u010dna re\u0161itev \u00adjudovskega vpra\u0161anja\u00ab izni\u010dila skupnost, ki je pred tem prinesla kraju razcvet gospodarstva in me\u0161\u010danstva. V Prekmurju je pred za\u010detkom druge svetovne vojne \u017eivelo pribli\u017eno 460 Judov, holokavst pa je pre\u017eivela le pe\u0161\u010dica, in ker se je ve\u010dina nato izselila v Izrael ali ZDA, so Judje skoraj izginili iz Prekmurja. Po podatkih zgodovinarja Marjana To\u0161a, ki je doktoriral na temo prekmurskih Judov in vodil Center judovske kulturne dedi\u0161\u010dine Sinagoga Maribor, je bilo v Sloveniji evidentiranih skoraj 590 judovskih \u017ertev holokavsta, od tega je v nem\u0161kih tabori\u0161\u010dih smrti izginilo kar\u00a0...","og_url":"https:\/\/hudo.com\/si\/aktualno\/v-holokavstu-izginilo-veliko-slovenskih-judov\/","og_site_name":"Hudo Slovenija","article_publisher":"https:\/\/www.facebook.com\/hudo.si","article_published_time":"2018-01-26T19:52:00+00:00","og_image":[{"width":480,"height":290,"url":"https:\/\/hudo.com\/si\/wp-content\/uploads\/sites\/2\/2018\/01\/480x290_Zadnja_stran__Delo_Foto_201.26_hires0.jpeg","type":"image\/jpeg"}],"author":"hudo","twitter_card":"summary_large_image","twitter_creator":"@hudo_si","twitter_site":"@hudo_si","twitter_misc":{"Written by":"hudo","Est. reading time":"1 minuta"},"schema":{"@context":"https:\/\/schema.org","@graph":[{"@type":"Article","@id":"https:\/\/hudo.com\/si\/aktualno\/v-holokavstu-izginilo-veliko-slovenskih-judov\/#article","isPartOf":{"@id":"https:\/\/hudo.com\/si\/aktualno\/v-holokavstu-izginilo-veliko-slovenskih-judov\/"},"author":{"name":"hudo","@id":"https:\/\/hudo.com\/si\/#\/schema\/person\/601cf3379633985b20f7e50f2bb47707"},"headline":"V holokavstu izginilo veliko slovenskih Judov","datePublished":"2018-01-26T19:52:00+00:00","dateModified":"2018-01-26T19:52:00+00:00","mainEntityOfPage":{"@id":"https:\/\/hudo.com\/si\/aktualno\/v-holokavstu-izginilo-veliko-slovenskih-judov\/"},"wordCount":156,"publisher":{"@id":"https:\/\/hudo.com\/si\/#organization"},"articleSection":["Aktualno"],"inLanguage":"sl-SI"},{"@type":"WebPage","@id":"https:\/\/hudo.com\/si\/aktualno\/v-holokavstu-izginilo-veliko-slovenskih-judov\/","url":"https:\/\/hudo.com\/si\/aktualno\/v-holokavstu-izginilo-veliko-slovenskih-judov\/","name":"V holokavstu izginilo veliko slovenskih Judov - Hudo Slovenija","isPartOf":{"@id":"https:\/\/hudo.com\/si\/#website"},"datePublished":"2018-01-26T19:52:00+00:00","dateModified":"2018-01-26T19:52:00+00:00","breadcrumb":{"@id":"https:\/\/hudo.com\/si\/aktualno\/v-holokavstu-izginilo-veliko-slovenskih-judov\/#breadcrumb"},"inLanguage":"sl-SI","potentialAction":[{"@type":"ReadAction","target":["https:\/\/hudo.com\/si\/aktualno\/v-holokavstu-izginilo-veliko-slovenskih-judov\/"]}]},{"@type":"BreadcrumbList","@id":"https:\/\/hudo.com\/si\/aktualno\/v-holokavstu-izginilo-veliko-slovenskih-judov\/#breadcrumb","itemListElement":[{"@type":"ListItem","position":1,"name":"Home","item":"https:\/\/hudo.com\/si\/"},{"@type":"ListItem","position":2,"name":"V holokavstu izginilo veliko slovenskih Judov"}]},{"@type":"WebSite","@id":"https:\/\/hudo.com\/si\/#website","url":"https:\/\/hudo.com\/si\/","name":"Hudo Slovenija","description":"Vse novice iz Slovenije in sveta","publisher":{"@id":"https:\/\/hudo.com\/si\/#organization"},"potentialAction":[{"@type":"SearchAction","target":{"@type":"EntryPoint","urlTemplate":"https:\/\/hudo.com\/si\/?s={search_term_string}"},"query-input":"required name=search_term_string"}],"inLanguage":"sl-SI"},{"@type":"Organization","@id":"https:\/\/hudo.com\/si\/#organization","name":"VSN Media","url":"https:\/\/hudo.com\/si\/","logo":{"@type":"ImageObject","inLanguage":"sl-SI","@id":"https:\/\/hudo.com\/si\/#\/schema\/logo\/image\/","url":"https:\/\/hudo.com\/si\/wp-content\/uploads\/sites\/2\/2021\/03\/hudo-app-2.png","contentUrl":"https:\/\/hudo.com\/si\/wp-content\/uploads\/sites\/2\/2021\/03\/hudo-app-2.png","width":2185,"height":2167,"caption":"VSN Media"},"image":{"@id":"https:\/\/hudo.com\/si\/#\/schema\/logo\/image\/"},"sameAs":["https:\/\/www.facebook.com\/hudo.si","https:\/\/twitter.com\/hudo_si"]},{"@type":"Person","@id":"https:\/\/hudo.com\/si\/#\/schema\/person\/601cf3379633985b20f7e50f2bb47707","name":"hudo","image":{"@type":"ImageObject","inLanguage":"sl-SI","@id":"https:\/\/hudo.com\/si\/#\/schema\/person\/image\/","url":"https:\/\/secure.gravatar.com\/avatar\/c4ca25fa72cace7a696b52ff5db9e095?s=96&d=mm&r=g","contentUrl":"https:\/\/secure.gravatar.com\/avatar\/c4ca25fa72cace7a696b52ff5db9e095?s=96&d=mm&r=g","caption":"hudo"},"url":"https:\/\/hudo.com\/si\/author\/hudo\/"}]}},"amp_enabled":true,"_links":{"self":[{"href":"https:\/\/hudo.com\/si\/wp-json\/wp\/v2\/posts\/354440"}],"collection":[{"href":"https:\/\/hudo.com\/si\/wp-json\/wp\/v2\/posts"}],"about":[{"href":"https:\/\/hudo.com\/si\/wp-json\/wp\/v2\/types\/post"}],"author":[{"embeddable":true,"href":"https:\/\/hudo.com\/si\/wp-json\/wp\/v2\/users\/1"}],"replies":[{"embeddable":true,"href":"https:\/\/hudo.com\/si\/wp-json\/wp\/v2\/comments?post=354440"}],"version-history":[{"count":0,"href":"https:\/\/hudo.com\/si\/wp-json\/wp\/v2\/posts\/354440\/revisions"}],"wp:attachment":[{"href":"https:\/\/hudo.com\/si\/wp-json\/wp\/v2\/media?parent=354440"}],"wp:term":[{"taxonomy":"category","embeddable":true,"href":"https:\/\/hudo.com\/si\/wp-json\/wp\/v2\/categories?post=354440"},{"taxonomy":"post_tag","embeddable":true,"href":"https:\/\/hudo.com\/si\/wp-json\/wp\/v2\/tags?post=354440"},{"taxonomy":"source","embeddable":true,"href":"https:\/\/hudo.com\/si\/wp-json\/wp\/v2\/source?post=354440"},{"taxonomy":"supertag","embeddable":true,"href":"https:\/\/hudo.com\/si\/wp-json\/wp\/v2\/supertag?post=354440"}],"curies":[{"name":"wp","href":"https:\/\/api.w.org\/{rel}","templated":true}]}}