{"id":354518,"date":"2018-01-27T07:00:00","date_gmt":"2018-01-27T06:00:00","guid":{"rendered":"http:\/\/hudo.com\/si\/2018\/01\/27\/macedoni-zacuden-ker-ga-posavske-obcine-tozijo\/"},"modified":"2018-01-27T07:00:00","modified_gmt":"2018-01-27T06:00:00","slug":"macedoni-zacuden-ker-ga-posavske-obcine-tozijo","status":"publish","type":"post","link":"https:\/\/hudo.com\/si\/aktualno\/macedoni-zacuden-ker-ga-posavske-obcine-tozijo\/","title":{"rendered":"Macedoni za\u010duden, ker ga posavske ob\u010dine to\u017eijo"},"content":{"rendered":"<p>Kategorija: Slovenija Sat, 27 Jan 2018 08:00:00 +0100  Novo mesto \u2013 Vodstvo novome\u0161ke ob\u010dine je presenetila odlo\u010ditev petih posavskih \u017eupanov, da zoper njih vlo\u017eijo ve\u010d kot 5,5 milijona evrov vredno od\u0161kodninsko to\u017ebo zaradi neizkori\u0161\u010denih kohezijskih sredstev. Gre za projekt gradnje obrata za mehansko in biolo\u0161ko obdelavo (MBO) odpadkov Cerod 2, ki ga niso uresni\u010dili in zaradi katerega Novome\u0161\u010dane to\u017ei tudi podjetje Riko.Iz ob\u010dine Kr\u0161ko so za Delo povedali, da bo 23. marca na Okro\u017enem sodi\u0161\u010du v Novem mestu glavna obravnava zaradi pla\u010dila 5,56 milijona evrov, ki jih kot od\u0161kodnino od Mestne ob\u010dine Novo mesto skupaj zahtevajo ob\u010dine Bre\u017eice, Kr\u0161ko, Sevnica, \u0160entjernej in Kostanjevica na Krki zaradi neizvajanja aktivnosti v vlogi investitorice pri projektu Cerod 2. Po prepri\u010danju novome\u0161kega \u017eupana Gregorja Macedonija je zahtevek zelo nenavaden, a so kljub temu zelo resno pristopili k obrambi ob\u010dinskih interesov. Prekinitev projekta\u00a0&#8230;<\/p>\n","protected":false},"excerpt":{"rendered":"<p>Kategorija: Slovenija Sat, 27 Jan 2018 08:00:00 +0100  Novo mesto \u2013 Vodstvo novome\u0161ke ob\u010dine je presenetila odlo\u010ditev petih posavskih \u017eupanov, da zoper njih vlo\u017eijo ve\u010d kot 5,5 milijona evrov vredno od\u0161kodninsko to\u017ebo zaradi neizkori\u0161\u010denih kohezijskih sredstev. Gre za projekt gradnje obrata za mehansko in biolo\u0161ko obdelavo (MBO) odpadkov Cerod 2, ki ga niso uresni\u010dili in zaradi katerega Novome\u0161\u010dane to\u017ei tudi podjetje Riko.Iz ob\u010dine Kr\u0161ko so za Delo povedali, da bo 23. marca na Okro\u017enem sodi\u0161\u010du v Novem mestu glavna obravnava zaradi pla\u010dila 5,56 milijona evrov, ki jih kot od\u0161kodnino od Mestne ob\u010dine Novo mesto skupaj zahtevajo ob\u010dine Bre\u017eice, Kr\u0161ko, Sevnica, \u0160entjernej in Kostanjevica na Krki zaradi neizvajanja aktivnosti v vlogi investitorice pri projektu Cerod 2. Po prepri\u010danju novome\u0161kega \u017eupana Gregorja Macedonija je zahtevek zelo nenavaden, a so kljub temu zelo resno pristopili k obrambi ob\u010dinskih interesov. Prekinitev projekta\u00a0&#8230;<\/p>\n","protected":false},"author":1,"featured_media":0,"comment_status":"closed","ping_status":"closed","sticky":false,"template":"","format":"standard","meta":{"footnotes":""},"categories":[1179],"tags":[],"source":[1703],"supertag":[],"acf":[],"yoast_head":"<!-- This site is optimized with the Yoast SEO plugin v21.3 - https:\/\/yoast.com\/wordpress\/plugins\/seo\/ -->\n<title>Macedoni za\u010duden, ker ga posavske ob\u010dine to\u017eijo - Hudo Slovenija<\/title>\n<meta name=\"robots\" content=\"index, follow, max-snippet:-1, max-image-preview:large, max-video-preview:-1\" \/>\n<link rel=\"canonical\" href=\"https:\/\/hudo.com\/si\/aktualno\/macedoni-zacuden-ker-ga-posavske-obcine-tozijo\/\" \/>\n<meta property=\"og:locale\" content=\"sl_SI\" \/>\n<meta property=\"og:type\" content=\"article\" \/>\n<meta property=\"og:title\" content=\"Macedoni za\u010duden, ker ga posavske ob\u010dine to\u017eijo - Hudo Slovenija\" \/>\n<meta property=\"og:description\" content=\"Kategorija: Slovenija Sat, 27 Jan 2018 08:00:00 +0100 Novo mesto \u2013 Vodstvo novome\u0161ke ob\u010dine je presenetila odlo\u010ditev petih posavskih \u017eupanov, da zoper njih vlo\u017eijo ve\u010d kot 5,5 milijona evrov vredno od\u0161kodninsko to\u017ebo zaradi neizkori\u0161\u010denih kohezijskih sredstev. Gre za projekt gradnje obrata za mehansko in biolo\u0161ko obdelavo (MBO) odpadkov Cerod 2, ki ga niso uresni\u010dili in zaradi katerega Novome\u0161\u010dane to\u017ei tudi podjetje Riko.Iz ob\u010dine Kr\u0161ko so za Delo povedali, da bo 23. marca na Okro\u017enem sodi\u0161\u010du v Novem mestu glavna obravnava zaradi pla\u010dila 5,56 milijona evrov, ki jih kot od\u0161kodnino od Mestne ob\u010dine Novo mesto skupaj zahtevajo ob\u010dine Bre\u017eice, Kr\u0161ko, Sevnica, \u0160entjernej in Kostanjevica na Krki zaradi neizvajanja aktivnosti v vlogi investitorice pri projektu Cerod 2. Po prepri\u010danju novome\u0161kega \u017eupana Gregorja Macedonija je zahtevek zelo nenavaden, a so kljub temu zelo resno pristopili k obrambi ob\u010dinskih interesov. Prekinitev projekta\u00a0...\" \/>\n<meta property=\"og:url\" content=\"https:\/\/hudo.com\/si\/aktualno\/macedoni-zacuden-ker-ga-posavske-obcine-tozijo\/\" \/>\n<meta property=\"og:site_name\" content=\"Hudo Slovenija\" \/>\n<meta property=\"article:publisher\" content=\"https:\/\/www.facebook.com\/hudo.si\" \/>\n<meta property=\"article:published_time\" content=\"2018-01-27T06:00:00+00:00\" \/>\n<meta property=\"og:image\" content=\"https:\/\/hudo.com\/si\/wp-content\/uploads\/sites\/2\/2018\/01\/480x290_Sl_dopisnistvo__Delo_Foto_2.18_hires0-1.jpeg\" \/>\n\t<meta property=\"og:image:width\" content=\"480\" \/>\n\t<meta property=\"og:image:height\" content=\"290\" \/>\n\t<meta property=\"og:image:type\" content=\"image\/jpeg\" \/>\n<meta name=\"author\" content=\"hudo\" \/>\n<meta name=\"twitter:card\" content=\"summary_large_image\" \/>\n<meta name=\"twitter:creator\" content=\"@hudo_si\" \/>\n<meta name=\"twitter:site\" content=\"@hudo_si\" \/>\n<meta name=\"twitter:label1\" content=\"Written by\" \/>\n\t<meta name=\"twitter:data1\" content=\"hudo\" \/>\n\t<meta name=\"twitter:label2\" content=\"Est. reading time\" \/>\n\t<meta name=\"twitter:data2\" content=\"1 minuta\" \/>\n<script type=\"application\/ld+json\" class=\"yoast-schema-graph\">{\"@context\":\"https:\/\/schema.org\",\"@graph\":[{\"@type\":\"Article\",\"@id\":\"https:\/\/hudo.com\/si\/aktualno\/macedoni-zacuden-ker-ga-posavske-obcine-tozijo\/#article\",\"isPartOf\":{\"@id\":\"https:\/\/hudo.com\/si\/aktualno\/macedoni-zacuden-ker-ga-posavske-obcine-tozijo\/\"},\"author\":{\"name\":\"hudo\",\"@id\":\"https:\/\/hudo.com\/si\/#\/schema\/person\/601cf3379633985b20f7e50f2bb47707\"},\"headline\":\"Macedoni za\u010duden, ker ga posavske ob\u010dine to\u017eijo\",\"datePublished\":\"2018-01-27T06:00:00+00:00\",\"dateModified\":\"2018-01-27T06:00:00+00:00\",\"mainEntityOfPage\":{\"@id\":\"https:\/\/hudo.com\/si\/aktualno\/macedoni-zacuden-ker-ga-posavske-obcine-tozijo\/\"},\"wordCount\":163,\"publisher\":{\"@id\":\"https:\/\/hudo.com\/si\/#organization\"},\"articleSection\":[\"Aktualno\"],\"inLanguage\":\"sl-SI\"},{\"@type\":\"WebPage\",\"@id\":\"https:\/\/hudo.com\/si\/aktualno\/macedoni-zacuden-ker-ga-posavske-obcine-tozijo\/\",\"url\":\"https:\/\/hudo.com\/si\/aktualno\/macedoni-zacuden-ker-ga-posavske-obcine-tozijo\/\",\"name\":\"Macedoni za\u010duden, ker ga posavske ob\u010dine to\u017eijo - Hudo Slovenija\",\"isPartOf\":{\"@id\":\"https:\/\/hudo.com\/si\/#website\"},\"datePublished\":\"2018-01-27T06:00:00+00:00\",\"dateModified\":\"2018-01-27T06:00:00+00:00\",\"breadcrumb\":{\"@id\":\"https:\/\/hudo.com\/si\/aktualno\/macedoni-zacuden-ker-ga-posavske-obcine-tozijo\/#breadcrumb\"},\"inLanguage\":\"sl-SI\",\"potentialAction\":[{\"@type\":\"ReadAction\",\"target\":[\"https:\/\/hudo.com\/si\/aktualno\/macedoni-zacuden-ker-ga-posavske-obcine-tozijo\/\"]}]},{\"@type\":\"BreadcrumbList\",\"@id\":\"https:\/\/hudo.com\/si\/aktualno\/macedoni-zacuden-ker-ga-posavske-obcine-tozijo\/#breadcrumb\",\"itemListElement\":[{\"@type\":\"ListItem\",\"position\":1,\"name\":\"Home\",\"item\":\"https:\/\/hudo.com\/si\/\"},{\"@type\":\"ListItem\",\"position\":2,\"name\":\"Macedoni za\u010duden, ker ga posavske ob\u010dine to\u017eijo\"}]},{\"@type\":\"WebSite\",\"@id\":\"https:\/\/hudo.com\/si\/#website\",\"url\":\"https:\/\/hudo.com\/si\/\",\"name\":\"Hudo Slovenija\",\"description\":\"Vse novice iz Slovenije in sveta\",\"publisher\":{\"@id\":\"https:\/\/hudo.com\/si\/#organization\"},\"potentialAction\":[{\"@type\":\"SearchAction\",\"target\":{\"@type\":\"EntryPoint\",\"urlTemplate\":\"https:\/\/hudo.com\/si\/?s={search_term_string}\"},\"query-input\":\"required name=search_term_string\"}],\"inLanguage\":\"sl-SI\"},{\"@type\":\"Organization\",\"@id\":\"https:\/\/hudo.com\/si\/#organization\",\"name\":\"VSN Media\",\"url\":\"https:\/\/hudo.com\/si\/\",\"logo\":{\"@type\":\"ImageObject\",\"inLanguage\":\"sl-SI\",\"@id\":\"https:\/\/hudo.com\/si\/#\/schema\/logo\/image\/\",\"url\":\"https:\/\/hudo.com\/si\/wp-content\/uploads\/sites\/2\/2021\/03\/hudo-app-2.png\",\"contentUrl\":\"https:\/\/hudo.com\/si\/wp-content\/uploads\/sites\/2\/2021\/03\/hudo-app-2.png\",\"width\":2185,\"height\":2167,\"caption\":\"VSN Media\"},\"image\":{\"@id\":\"https:\/\/hudo.com\/si\/#\/schema\/logo\/image\/\"},\"sameAs\":[\"https:\/\/www.facebook.com\/hudo.si\",\"https:\/\/twitter.com\/hudo_si\"]},{\"@type\":\"Person\",\"@id\":\"https:\/\/hudo.com\/si\/#\/schema\/person\/601cf3379633985b20f7e50f2bb47707\",\"name\":\"hudo\",\"image\":{\"@type\":\"ImageObject\",\"inLanguage\":\"sl-SI\",\"@id\":\"https:\/\/hudo.com\/si\/#\/schema\/person\/image\/\",\"url\":\"https:\/\/secure.gravatar.com\/avatar\/c4ca25fa72cace7a696b52ff5db9e095?s=96&d=mm&r=g\",\"contentUrl\":\"https:\/\/secure.gravatar.com\/avatar\/c4ca25fa72cace7a696b52ff5db9e095?s=96&d=mm&r=g\",\"caption\":\"hudo\"},\"url\":\"https:\/\/hudo.com\/si\/author\/hudo\/\"}]}<\/script>\n<!-- \/ Yoast SEO plugin. -->","yoast_head_json":{"title":"Macedoni za\u010duden, ker ga posavske ob\u010dine to\u017eijo - Hudo Slovenija","robots":{"index":"index","follow":"follow","max-snippet":"max-snippet:-1","max-image-preview":"max-image-preview:large","max-video-preview":"max-video-preview:-1"},"canonical":"https:\/\/hudo.com\/si\/aktualno\/macedoni-zacuden-ker-ga-posavske-obcine-tozijo\/","og_locale":"sl_SI","og_type":"article","og_title":"Macedoni za\u010duden, ker ga posavske ob\u010dine to\u017eijo - Hudo Slovenija","og_description":"Kategorija: Slovenija Sat, 27 Jan 2018 08:00:00 +0100 Novo mesto \u2013 Vodstvo novome\u0161ke ob\u010dine je presenetila odlo\u010ditev petih posavskih \u017eupanov, da zoper njih vlo\u017eijo ve\u010d kot 5,5 milijona evrov vredno od\u0161kodninsko to\u017ebo zaradi neizkori\u0161\u010denih kohezijskih sredstev. Gre za projekt gradnje obrata za mehansko in biolo\u0161ko obdelavo (MBO) odpadkov Cerod 2, ki ga niso uresni\u010dili in zaradi katerega Novome\u0161\u010dane to\u017ei tudi podjetje Riko.Iz ob\u010dine Kr\u0161ko so za Delo povedali, da bo 23. marca na Okro\u017enem sodi\u0161\u010du v Novem mestu glavna obravnava zaradi pla\u010dila 5,56 milijona evrov, ki jih kot od\u0161kodnino od Mestne ob\u010dine Novo mesto skupaj zahtevajo ob\u010dine Bre\u017eice, Kr\u0161ko, Sevnica, \u0160entjernej in Kostanjevica na Krki zaradi neizvajanja aktivnosti v vlogi investitorice pri projektu Cerod 2. Po prepri\u010danju novome\u0161kega \u017eupana Gregorja Macedonija je zahtevek zelo nenavaden, a so kljub temu zelo resno pristopili k obrambi ob\u010dinskih interesov. Prekinitev projekta\u00a0...","og_url":"https:\/\/hudo.com\/si\/aktualno\/macedoni-zacuden-ker-ga-posavske-obcine-tozijo\/","og_site_name":"Hudo Slovenija","article_publisher":"https:\/\/www.facebook.com\/hudo.si","article_published_time":"2018-01-27T06:00:00+00:00","og_image":[{"width":480,"height":290,"url":"https:\/\/hudo.com\/si\/wp-content\/uploads\/sites\/2\/2018\/01\/480x290_Sl_dopisnistvo__Delo_Foto_2.18_hires0-1.jpeg","type":"image\/jpeg"}],"author":"hudo","twitter_card":"summary_large_image","twitter_creator":"@hudo_si","twitter_site":"@hudo_si","twitter_misc":{"Written by":"hudo","Est. reading time":"1 minuta"},"schema":{"@context":"https:\/\/schema.org","@graph":[{"@type":"Article","@id":"https:\/\/hudo.com\/si\/aktualno\/macedoni-zacuden-ker-ga-posavske-obcine-tozijo\/#article","isPartOf":{"@id":"https:\/\/hudo.com\/si\/aktualno\/macedoni-zacuden-ker-ga-posavske-obcine-tozijo\/"},"author":{"name":"hudo","@id":"https:\/\/hudo.com\/si\/#\/schema\/person\/601cf3379633985b20f7e50f2bb47707"},"headline":"Macedoni za\u010duden, ker ga posavske ob\u010dine to\u017eijo","datePublished":"2018-01-27T06:00:00+00:00","dateModified":"2018-01-27T06:00:00+00:00","mainEntityOfPage":{"@id":"https:\/\/hudo.com\/si\/aktualno\/macedoni-zacuden-ker-ga-posavske-obcine-tozijo\/"},"wordCount":163,"publisher":{"@id":"https:\/\/hudo.com\/si\/#organization"},"articleSection":["Aktualno"],"inLanguage":"sl-SI"},{"@type":"WebPage","@id":"https:\/\/hudo.com\/si\/aktualno\/macedoni-zacuden-ker-ga-posavske-obcine-tozijo\/","url":"https:\/\/hudo.com\/si\/aktualno\/macedoni-zacuden-ker-ga-posavske-obcine-tozijo\/","name":"Macedoni za\u010duden, ker ga posavske ob\u010dine to\u017eijo - Hudo Slovenija","isPartOf":{"@id":"https:\/\/hudo.com\/si\/#website"},"datePublished":"2018-01-27T06:00:00+00:00","dateModified":"2018-01-27T06:00:00+00:00","breadcrumb":{"@id":"https:\/\/hudo.com\/si\/aktualno\/macedoni-zacuden-ker-ga-posavske-obcine-tozijo\/#breadcrumb"},"inLanguage":"sl-SI","potentialAction":[{"@type":"ReadAction","target":["https:\/\/hudo.com\/si\/aktualno\/macedoni-zacuden-ker-ga-posavske-obcine-tozijo\/"]}]},{"@type":"BreadcrumbList","@id":"https:\/\/hudo.com\/si\/aktualno\/macedoni-zacuden-ker-ga-posavske-obcine-tozijo\/#breadcrumb","itemListElement":[{"@type":"ListItem","position":1,"name":"Home","item":"https:\/\/hudo.com\/si\/"},{"@type":"ListItem","position":2,"name":"Macedoni za\u010duden, ker ga posavske ob\u010dine to\u017eijo"}]},{"@type":"WebSite","@id":"https:\/\/hudo.com\/si\/#website","url":"https:\/\/hudo.com\/si\/","name":"Hudo Slovenija","description":"Vse novice iz Slovenije in sveta","publisher":{"@id":"https:\/\/hudo.com\/si\/#organization"},"potentialAction":[{"@type":"SearchAction","target":{"@type":"EntryPoint","urlTemplate":"https:\/\/hudo.com\/si\/?s={search_term_string}"},"query-input":"required name=search_term_string"}],"inLanguage":"sl-SI"},{"@type":"Organization","@id":"https:\/\/hudo.com\/si\/#organization","name":"VSN Media","url":"https:\/\/hudo.com\/si\/","logo":{"@type":"ImageObject","inLanguage":"sl-SI","@id":"https:\/\/hudo.com\/si\/#\/schema\/logo\/image\/","url":"https:\/\/hudo.com\/si\/wp-content\/uploads\/sites\/2\/2021\/03\/hudo-app-2.png","contentUrl":"https:\/\/hudo.com\/si\/wp-content\/uploads\/sites\/2\/2021\/03\/hudo-app-2.png","width":2185,"height":2167,"caption":"VSN Media"},"image":{"@id":"https:\/\/hudo.com\/si\/#\/schema\/logo\/image\/"},"sameAs":["https:\/\/www.facebook.com\/hudo.si","https:\/\/twitter.com\/hudo_si"]},{"@type":"Person","@id":"https:\/\/hudo.com\/si\/#\/schema\/person\/601cf3379633985b20f7e50f2bb47707","name":"hudo","image":{"@type":"ImageObject","inLanguage":"sl-SI","@id":"https:\/\/hudo.com\/si\/#\/schema\/person\/image\/","url":"https:\/\/secure.gravatar.com\/avatar\/c4ca25fa72cace7a696b52ff5db9e095?s=96&d=mm&r=g","contentUrl":"https:\/\/secure.gravatar.com\/avatar\/c4ca25fa72cace7a696b52ff5db9e095?s=96&d=mm&r=g","caption":"hudo"},"url":"https:\/\/hudo.com\/si\/author\/hudo\/"}]}},"amp_enabled":true,"_links":{"self":[{"href":"https:\/\/hudo.com\/si\/wp-json\/wp\/v2\/posts\/354518"}],"collection":[{"href":"https:\/\/hudo.com\/si\/wp-json\/wp\/v2\/posts"}],"about":[{"href":"https:\/\/hudo.com\/si\/wp-json\/wp\/v2\/types\/post"}],"author":[{"embeddable":true,"href":"https:\/\/hudo.com\/si\/wp-json\/wp\/v2\/users\/1"}],"replies":[{"embeddable":true,"href":"https:\/\/hudo.com\/si\/wp-json\/wp\/v2\/comments?post=354518"}],"version-history":[{"count":0,"href":"https:\/\/hudo.com\/si\/wp-json\/wp\/v2\/posts\/354518\/revisions"}],"wp:attachment":[{"href":"https:\/\/hudo.com\/si\/wp-json\/wp\/v2\/media?parent=354518"}],"wp:term":[{"taxonomy":"category","embeddable":true,"href":"https:\/\/hudo.com\/si\/wp-json\/wp\/v2\/categories?post=354518"},{"taxonomy":"post_tag","embeddable":true,"href":"https:\/\/hudo.com\/si\/wp-json\/wp\/v2\/tags?post=354518"},{"taxonomy":"source","embeddable":true,"href":"https:\/\/hudo.com\/si\/wp-json\/wp\/v2\/source?post=354518"},{"taxonomy":"supertag","embeddable":true,"href":"https:\/\/hudo.com\/si\/wp-json\/wp\/v2\/supertag?post=354518"}],"curies":[{"name":"wp","href":"https:\/\/api.w.org\/{rel}","templated":true}]}}