{"id":354692,"date":"2018-01-27T13:16:00","date_gmt":"2018-01-27T12:16:00","guid":{"rendered":"http:\/\/hudo.com\/si\/2018\/01\/27\/slovenke-spet-pokazale-misice-meta-hrovat-prvic-na-stopnickah-ana-drev-tik-pod-njimi\/"},"modified":"2018-01-27T13:16:00","modified_gmt":"2018-01-27T12:16:00","slug":"slovenke-spet-pokazale-misice-meta-hrovat-prvic-na-stopnickah-ana-drev-tik-pod-njimi","status":"publish","type":"post","link":"https:\/\/hudo.com\/si\/aktualno\/slovenke-spet-pokazale-misice-meta-hrovat-prvic-na-stopnickah-ana-drev-tik-pod-njimi\/","title":{"rendered":"Slovenke spet pokazale mi\u0161ice: Meta Hrovat prvi\u010d na stopni\u010dkah, Ana Drev tik pod njimi"},"content":{"rendered":"<p>Kategorija: Zimski Sat, 27 Jan 2018 14:16:00 +0100  Lenzerheide &#8211; Slovenske alpske smu\u010darke tik pred olimpijskimi igrami v Pjong\u010dangu opazno dvigujejo formo. Potem ko je v\u010deraj v kombinaciji v Lenzerheide s tretjim mestom in prvimi stopni\u010dkami v karieri zablestela slalomska specialistka Ana Bucik, je danes njen podvig na istem prizori\u0161\u010du ponovila komaj 19-letna Meta Hrovat, ki se je v veleslalomu s tretjim mestom veselila svojega dale\u010d najbolj\u0161ega rezultata v karieri, pred tem bolj\u0161a kot osma konec decembra v Lienzu \u0161e ni bila. Njen uspeh je s petim mestom dopolnila Ana Drev, ki jo je do stopni\u010dk lo\u010dilo pi\u010dlih 14 stotink, do to\u010dk sta se dokopali \u0161e Tina Robnik na 14. in Ana Bucik na 26. mestu. POTEK PRVE PROGE Proga Beltrametti je bila, sploh v zgornjem delu, izjemno zahtevna in poledenela, s tovrstnimi razmerami pa se je najbolje spopadla Francozinja\u00a0&#8230;<\/p>\n","protected":false},"excerpt":{"rendered":"<p>Kategorija: Zimski Sat, 27 Jan 2018 14:16:00 +0100  Lenzerheide &#8211; Slovenske alpske smu\u010darke tik pred olimpijskimi igrami v Pjong\u010dangu opazno dvigujejo formo. Potem ko je v\u010deraj v kombinaciji v Lenzerheide s tretjim mestom in prvimi stopni\u010dkami v karieri zablestela slalomska specialistka Ana Bucik, je danes njen podvig na istem prizori\u0161\u010du ponovila komaj 19-letna Meta Hrovat, ki se je v veleslalomu s tretjim mestom veselila svojega dale\u010d najbolj\u0161ega rezultata v karieri, pred tem bolj\u0161a kot osma konec decembra v Lienzu \u0161e ni bila. Njen uspeh je s petim mestom dopolnila Ana Drev, ki jo je do stopni\u010dk lo\u010dilo pi\u010dlih 14 stotink, do to\u010dk sta se dokopali \u0161e Tina Robnik na 14. in Ana Bucik na 26. mestu. POTEK PRVE PROGE Proga Beltrametti je bila, sploh v zgornjem delu, izjemno zahtevna in poledenela, s tovrstnimi razmerami pa se je najbolje spopadla Francozinja\u00a0&#8230;<\/p>\n","protected":false},"author":1,"featured_media":0,"comment_status":"closed","ping_status":"closed","sticky":false,"template":"","format":"standard","meta":{"footnotes":""},"categories":[1179],"tags":[],"source":[1703],"supertag":[],"acf":[],"yoast_head":"<!-- This site is optimized with the Yoast SEO plugin v21.3 - https:\/\/yoast.com\/wordpress\/plugins\/seo\/ -->\n<title>Slovenke spet pokazale mi\u0161ice: Meta Hrovat prvi\u010d na stopni\u010dkah, Ana Drev tik pod njimi - Hudo Slovenija<\/title>\n<meta name=\"robots\" content=\"index, follow, max-snippet:-1, max-image-preview:large, max-video-preview:-1\" \/>\n<link rel=\"canonical\" href=\"https:\/\/hudo.com\/si\/aktualno\/slovenke-spet-pokazale-misice-meta-hrovat-prvic-na-stopnickah-ana-drev-tik-pod-njimi\/\" \/>\n<meta property=\"og:locale\" content=\"sl_SI\" \/>\n<meta property=\"og:type\" content=\"article\" \/>\n<meta property=\"og:title\" content=\"Slovenke spet pokazale mi\u0161ice: Meta Hrovat prvi\u010d na stopni\u010dkah, Ana Drev tik pod njimi - Hudo Slovenija\" \/>\n<meta property=\"og:description\" content=\"Kategorija: Zimski Sat, 27 Jan 2018 14:16:00 +0100 Lenzerheide - Slovenske alpske smu\u010darke tik pred olimpijskimi igrami v Pjong\u010dangu opazno dvigujejo formo. Potem ko je v\u010deraj v kombinaciji v Lenzerheide s tretjim mestom in prvimi stopni\u010dkami v karieri zablestela slalomska specialistka Ana Bucik, je danes njen podvig na istem prizori\u0161\u010du ponovila komaj 19-letna Meta Hrovat, ki se je v veleslalomu s tretjim mestom veselila svojega dale\u010d najbolj\u0161ega rezultata v karieri, pred tem bolj\u0161a kot osma konec decembra v Lienzu \u0161e ni bila. Njen uspeh je s petim mestom dopolnila Ana Drev, ki jo je do stopni\u010dk lo\u010dilo pi\u010dlih 14 stotink, do to\u010dk sta se dokopali \u0161e Tina Robnik na 14. in Ana Bucik na 26. mestu. POTEK PRVE PROGE Proga Beltrametti je bila, sploh v zgornjem delu, izjemno zahtevna in poledenela, s tovrstnimi razmerami pa se je najbolje spopadla Francozinja\u00a0...\" \/>\n<meta property=\"og:url\" content=\"https:\/\/hudo.com\/si\/aktualno\/slovenke-spet-pokazale-misice-meta-hrovat-prvic-na-stopnickah-ana-drev-tik-pod-njimi\/\" \/>\n<meta property=\"og:site_name\" content=\"Hudo Slovenija\" \/>\n<meta property=\"article:publisher\" content=\"https:\/\/www.facebook.com\/hudo.si\" \/>\n<meta property=\"article:published_time\" content=\"2018-01-27T12:16:00+00:00\" \/>\n<meta property=\"og:image\" content=\"https:\/\/hudo.com\/si\/wp-content\/uploads\/sites\/2\/2018\/01\/480x290_AP_Pictures-20180127113238-39012700.jpeg\" \/>\n\t<meta property=\"og:image:width\" content=\"480\" \/>\n\t<meta property=\"og:image:height\" content=\"290\" \/>\n\t<meta property=\"og:image:type\" content=\"image\/jpeg\" \/>\n<meta name=\"author\" content=\"hudo\" \/>\n<meta name=\"twitter:card\" content=\"summary_large_image\" \/>\n<meta name=\"twitter:creator\" content=\"@hudo_si\" \/>\n<meta name=\"twitter:site\" content=\"@hudo_si\" \/>\n<meta name=\"twitter:label1\" content=\"Written by\" \/>\n\t<meta name=\"twitter:data1\" content=\"hudo\" \/>\n\t<meta name=\"twitter:label2\" content=\"Est. reading time\" \/>\n\t<meta name=\"twitter:data2\" content=\"1 minuta\" \/>\n<script type=\"application\/ld+json\" class=\"yoast-schema-graph\">{\"@context\":\"https:\/\/schema.org\",\"@graph\":[{\"@type\":\"Article\",\"@id\":\"https:\/\/hudo.com\/si\/aktualno\/slovenke-spet-pokazale-misice-meta-hrovat-prvic-na-stopnickah-ana-drev-tik-pod-njimi\/#article\",\"isPartOf\":{\"@id\":\"https:\/\/hudo.com\/si\/aktualno\/slovenke-spet-pokazale-misice-meta-hrovat-prvic-na-stopnickah-ana-drev-tik-pod-njimi\/\"},\"author\":{\"name\":\"hudo\",\"@id\":\"https:\/\/hudo.com\/si\/#\/schema\/person\/601cf3379633985b20f7e50f2bb47707\"},\"headline\":\"Slovenke spet pokazale mi\u0161ice: Meta Hrovat prvi\u010d na stopni\u010dkah, Ana Drev tik pod njimi\",\"datePublished\":\"2018-01-27T12:16:00+00:00\",\"dateModified\":\"2018-01-27T12:16:00+00:00\",\"mainEntityOfPage\":{\"@id\":\"https:\/\/hudo.com\/si\/aktualno\/slovenke-spet-pokazale-misice-meta-hrovat-prvic-na-stopnickah-ana-drev-tik-pod-njimi\/\"},\"wordCount\":160,\"publisher\":{\"@id\":\"https:\/\/hudo.com\/si\/#organization\"},\"articleSection\":[\"Aktualno\"],\"inLanguage\":\"sl-SI\"},{\"@type\":\"WebPage\",\"@id\":\"https:\/\/hudo.com\/si\/aktualno\/slovenke-spet-pokazale-misice-meta-hrovat-prvic-na-stopnickah-ana-drev-tik-pod-njimi\/\",\"url\":\"https:\/\/hudo.com\/si\/aktualno\/slovenke-spet-pokazale-misice-meta-hrovat-prvic-na-stopnickah-ana-drev-tik-pod-njimi\/\",\"name\":\"Slovenke spet pokazale mi\u0161ice: Meta Hrovat prvi\u010d na stopni\u010dkah, Ana Drev tik pod njimi - Hudo Slovenija\",\"isPartOf\":{\"@id\":\"https:\/\/hudo.com\/si\/#website\"},\"datePublished\":\"2018-01-27T12:16:00+00:00\",\"dateModified\":\"2018-01-27T12:16:00+00:00\",\"breadcrumb\":{\"@id\":\"https:\/\/hudo.com\/si\/aktualno\/slovenke-spet-pokazale-misice-meta-hrovat-prvic-na-stopnickah-ana-drev-tik-pod-njimi\/#breadcrumb\"},\"inLanguage\":\"sl-SI\",\"potentialAction\":[{\"@type\":\"ReadAction\",\"target\":[\"https:\/\/hudo.com\/si\/aktualno\/slovenke-spet-pokazale-misice-meta-hrovat-prvic-na-stopnickah-ana-drev-tik-pod-njimi\/\"]}]},{\"@type\":\"BreadcrumbList\",\"@id\":\"https:\/\/hudo.com\/si\/aktualno\/slovenke-spet-pokazale-misice-meta-hrovat-prvic-na-stopnickah-ana-drev-tik-pod-njimi\/#breadcrumb\",\"itemListElement\":[{\"@type\":\"ListItem\",\"position\":1,\"name\":\"Home\",\"item\":\"https:\/\/hudo.com\/si\/\"},{\"@type\":\"ListItem\",\"position\":2,\"name\":\"Slovenke spet pokazale mi\u0161ice: Meta Hrovat prvi\u010d na stopni\u010dkah, Ana Drev tik pod njimi\"}]},{\"@type\":\"WebSite\",\"@id\":\"https:\/\/hudo.com\/si\/#website\",\"url\":\"https:\/\/hudo.com\/si\/\",\"name\":\"Hudo Slovenija\",\"description\":\"Vse novice iz Slovenije in sveta\",\"publisher\":{\"@id\":\"https:\/\/hudo.com\/si\/#organization\"},\"potentialAction\":[{\"@type\":\"SearchAction\",\"target\":{\"@type\":\"EntryPoint\",\"urlTemplate\":\"https:\/\/hudo.com\/si\/?s={search_term_string}\"},\"query-input\":\"required name=search_term_string\"}],\"inLanguage\":\"sl-SI\"},{\"@type\":\"Organization\",\"@id\":\"https:\/\/hudo.com\/si\/#organization\",\"name\":\"VSN Media\",\"url\":\"https:\/\/hudo.com\/si\/\",\"logo\":{\"@type\":\"ImageObject\",\"inLanguage\":\"sl-SI\",\"@id\":\"https:\/\/hudo.com\/si\/#\/schema\/logo\/image\/\",\"url\":\"https:\/\/hudo.com\/si\/wp-content\/uploads\/sites\/2\/2021\/03\/hudo-app-2.png\",\"contentUrl\":\"https:\/\/hudo.com\/si\/wp-content\/uploads\/sites\/2\/2021\/03\/hudo-app-2.png\",\"width\":2185,\"height\":2167,\"caption\":\"VSN Media\"},\"image\":{\"@id\":\"https:\/\/hudo.com\/si\/#\/schema\/logo\/image\/\"},\"sameAs\":[\"https:\/\/www.facebook.com\/hudo.si\",\"https:\/\/twitter.com\/hudo_si\"]},{\"@type\":\"Person\",\"@id\":\"https:\/\/hudo.com\/si\/#\/schema\/person\/601cf3379633985b20f7e50f2bb47707\",\"name\":\"hudo\",\"image\":{\"@type\":\"ImageObject\",\"inLanguage\":\"sl-SI\",\"@id\":\"https:\/\/hudo.com\/si\/#\/schema\/person\/image\/\",\"url\":\"https:\/\/secure.gravatar.com\/avatar\/c4ca25fa72cace7a696b52ff5db9e095?s=96&d=mm&r=g\",\"contentUrl\":\"https:\/\/secure.gravatar.com\/avatar\/c4ca25fa72cace7a696b52ff5db9e095?s=96&d=mm&r=g\",\"caption\":\"hudo\"},\"url\":\"https:\/\/hudo.com\/si\/author\/hudo\/\"}]}<\/script>\n<!-- \/ Yoast SEO plugin. -->","yoast_head_json":{"title":"Slovenke spet pokazale mi\u0161ice: Meta Hrovat prvi\u010d na stopni\u010dkah, Ana Drev tik pod njimi - Hudo Slovenija","robots":{"index":"index","follow":"follow","max-snippet":"max-snippet:-1","max-image-preview":"max-image-preview:large","max-video-preview":"max-video-preview:-1"},"canonical":"https:\/\/hudo.com\/si\/aktualno\/slovenke-spet-pokazale-misice-meta-hrovat-prvic-na-stopnickah-ana-drev-tik-pod-njimi\/","og_locale":"sl_SI","og_type":"article","og_title":"Slovenke spet pokazale mi\u0161ice: Meta Hrovat prvi\u010d na stopni\u010dkah, Ana Drev tik pod njimi - Hudo Slovenija","og_description":"Kategorija: Zimski Sat, 27 Jan 2018 14:16:00 +0100 Lenzerheide - Slovenske alpske smu\u010darke tik pred olimpijskimi igrami v Pjong\u010dangu opazno dvigujejo formo. Potem ko je v\u010deraj v kombinaciji v Lenzerheide s tretjim mestom in prvimi stopni\u010dkami v karieri zablestela slalomska specialistka Ana Bucik, je danes njen podvig na istem prizori\u0161\u010du ponovila komaj 19-letna Meta Hrovat, ki se je v veleslalomu s tretjim mestom veselila svojega dale\u010d najbolj\u0161ega rezultata v karieri, pred tem bolj\u0161a kot osma konec decembra v Lienzu \u0161e ni bila. Njen uspeh je s petim mestom dopolnila Ana Drev, ki jo je do stopni\u010dk lo\u010dilo pi\u010dlih 14 stotink, do to\u010dk sta se dokopali \u0161e Tina Robnik na 14. in Ana Bucik na 26. mestu. POTEK PRVE PROGE Proga Beltrametti je bila, sploh v zgornjem delu, izjemno zahtevna in poledenela, s tovrstnimi razmerami pa se je najbolje spopadla Francozinja\u00a0...","og_url":"https:\/\/hudo.com\/si\/aktualno\/slovenke-spet-pokazale-misice-meta-hrovat-prvic-na-stopnickah-ana-drev-tik-pod-njimi\/","og_site_name":"Hudo Slovenija","article_publisher":"https:\/\/www.facebook.com\/hudo.si","article_published_time":"2018-01-27T12:16:00+00:00","og_image":[{"width":480,"height":290,"url":"https:\/\/hudo.com\/si\/wp-content\/uploads\/sites\/2\/2018\/01\/480x290_AP_Pictures-20180127113238-39012700.jpeg","type":"image\/jpeg"}],"author":"hudo","twitter_card":"summary_large_image","twitter_creator":"@hudo_si","twitter_site":"@hudo_si","twitter_misc":{"Written by":"hudo","Est. reading time":"1 minuta"},"schema":{"@context":"https:\/\/schema.org","@graph":[{"@type":"Article","@id":"https:\/\/hudo.com\/si\/aktualno\/slovenke-spet-pokazale-misice-meta-hrovat-prvic-na-stopnickah-ana-drev-tik-pod-njimi\/#article","isPartOf":{"@id":"https:\/\/hudo.com\/si\/aktualno\/slovenke-spet-pokazale-misice-meta-hrovat-prvic-na-stopnickah-ana-drev-tik-pod-njimi\/"},"author":{"name":"hudo","@id":"https:\/\/hudo.com\/si\/#\/schema\/person\/601cf3379633985b20f7e50f2bb47707"},"headline":"Slovenke spet pokazale mi\u0161ice: Meta Hrovat prvi\u010d na stopni\u010dkah, Ana Drev tik pod njimi","datePublished":"2018-01-27T12:16:00+00:00","dateModified":"2018-01-27T12:16:00+00:00","mainEntityOfPage":{"@id":"https:\/\/hudo.com\/si\/aktualno\/slovenke-spet-pokazale-misice-meta-hrovat-prvic-na-stopnickah-ana-drev-tik-pod-njimi\/"},"wordCount":160,"publisher":{"@id":"https:\/\/hudo.com\/si\/#organization"},"articleSection":["Aktualno"],"inLanguage":"sl-SI"},{"@type":"WebPage","@id":"https:\/\/hudo.com\/si\/aktualno\/slovenke-spet-pokazale-misice-meta-hrovat-prvic-na-stopnickah-ana-drev-tik-pod-njimi\/","url":"https:\/\/hudo.com\/si\/aktualno\/slovenke-spet-pokazale-misice-meta-hrovat-prvic-na-stopnickah-ana-drev-tik-pod-njimi\/","name":"Slovenke spet pokazale mi\u0161ice: Meta Hrovat prvi\u010d na stopni\u010dkah, Ana Drev tik pod njimi - Hudo Slovenija","isPartOf":{"@id":"https:\/\/hudo.com\/si\/#website"},"datePublished":"2018-01-27T12:16:00+00:00","dateModified":"2018-01-27T12:16:00+00:00","breadcrumb":{"@id":"https:\/\/hudo.com\/si\/aktualno\/slovenke-spet-pokazale-misice-meta-hrovat-prvic-na-stopnickah-ana-drev-tik-pod-njimi\/#breadcrumb"},"inLanguage":"sl-SI","potentialAction":[{"@type":"ReadAction","target":["https:\/\/hudo.com\/si\/aktualno\/slovenke-spet-pokazale-misice-meta-hrovat-prvic-na-stopnickah-ana-drev-tik-pod-njimi\/"]}]},{"@type":"BreadcrumbList","@id":"https:\/\/hudo.com\/si\/aktualno\/slovenke-spet-pokazale-misice-meta-hrovat-prvic-na-stopnickah-ana-drev-tik-pod-njimi\/#breadcrumb","itemListElement":[{"@type":"ListItem","position":1,"name":"Home","item":"https:\/\/hudo.com\/si\/"},{"@type":"ListItem","position":2,"name":"Slovenke spet pokazale mi\u0161ice: Meta Hrovat prvi\u010d na stopni\u010dkah, Ana Drev tik pod njimi"}]},{"@type":"WebSite","@id":"https:\/\/hudo.com\/si\/#website","url":"https:\/\/hudo.com\/si\/","name":"Hudo Slovenija","description":"Vse novice iz Slovenije in sveta","publisher":{"@id":"https:\/\/hudo.com\/si\/#organization"},"potentialAction":[{"@type":"SearchAction","target":{"@type":"EntryPoint","urlTemplate":"https:\/\/hudo.com\/si\/?s={search_term_string}"},"query-input":"required name=search_term_string"}],"inLanguage":"sl-SI"},{"@type":"Organization","@id":"https:\/\/hudo.com\/si\/#organization","name":"VSN Media","url":"https:\/\/hudo.com\/si\/","logo":{"@type":"ImageObject","inLanguage":"sl-SI","@id":"https:\/\/hudo.com\/si\/#\/schema\/logo\/image\/","url":"https:\/\/hudo.com\/si\/wp-content\/uploads\/sites\/2\/2021\/03\/hudo-app-2.png","contentUrl":"https:\/\/hudo.com\/si\/wp-content\/uploads\/sites\/2\/2021\/03\/hudo-app-2.png","width":2185,"height":2167,"caption":"VSN Media"},"image":{"@id":"https:\/\/hudo.com\/si\/#\/schema\/logo\/image\/"},"sameAs":["https:\/\/www.facebook.com\/hudo.si","https:\/\/twitter.com\/hudo_si"]},{"@type":"Person","@id":"https:\/\/hudo.com\/si\/#\/schema\/person\/601cf3379633985b20f7e50f2bb47707","name":"hudo","image":{"@type":"ImageObject","inLanguage":"sl-SI","@id":"https:\/\/hudo.com\/si\/#\/schema\/person\/image\/","url":"https:\/\/secure.gravatar.com\/avatar\/c4ca25fa72cace7a696b52ff5db9e095?s=96&d=mm&r=g","contentUrl":"https:\/\/secure.gravatar.com\/avatar\/c4ca25fa72cace7a696b52ff5db9e095?s=96&d=mm&r=g","caption":"hudo"},"url":"https:\/\/hudo.com\/si\/author\/hudo\/"}]}},"amp_enabled":true,"_links":{"self":[{"href":"https:\/\/hudo.com\/si\/wp-json\/wp\/v2\/posts\/354692"}],"collection":[{"href":"https:\/\/hudo.com\/si\/wp-json\/wp\/v2\/posts"}],"about":[{"href":"https:\/\/hudo.com\/si\/wp-json\/wp\/v2\/types\/post"}],"author":[{"embeddable":true,"href":"https:\/\/hudo.com\/si\/wp-json\/wp\/v2\/users\/1"}],"replies":[{"embeddable":true,"href":"https:\/\/hudo.com\/si\/wp-json\/wp\/v2\/comments?post=354692"}],"version-history":[{"count":0,"href":"https:\/\/hudo.com\/si\/wp-json\/wp\/v2\/posts\/354692\/revisions"}],"wp:attachment":[{"href":"https:\/\/hudo.com\/si\/wp-json\/wp\/v2\/media?parent=354692"}],"wp:term":[{"taxonomy":"category","embeddable":true,"href":"https:\/\/hudo.com\/si\/wp-json\/wp\/v2\/categories?post=354692"},{"taxonomy":"post_tag","embeddable":true,"href":"https:\/\/hudo.com\/si\/wp-json\/wp\/v2\/tags?post=354692"},{"taxonomy":"source","embeddable":true,"href":"https:\/\/hudo.com\/si\/wp-json\/wp\/v2\/source?post=354692"},{"taxonomy":"supertag","embeddable":true,"href":"https:\/\/hudo.com\/si\/wp-json\/wp\/v2\/supertag?post=354692"}],"curies":[{"name":"wp","href":"https:\/\/api.w.org\/{rel}","templated":true}]}}