{"id":355842,"date":"2018-01-30T11:01:00","date_gmt":"2018-01-30T10:01:00","guid":{"rendered":"http:\/\/hudo.com\/si\/2018\/01\/30\/trije-nordijski-olimpijci-pred-pjongcangom-se-na-msp\/"},"modified":"2018-01-30T11:01:00","modified_gmt":"2018-01-30T10:01:00","slug":"trije-nordijski-olimpijci-pred-pjongcangom-se-na-msp","status":"publish","type":"post","link":"https:\/\/hudo.com\/si\/aktualno\/trije-nordijski-olimpijci-pred-pjongcangom-se-na-msp\/","title":{"rendered":"Trije nordijski olimpijci pred Pjong\u010dangom \u0161e na MSP"},"content":{"rendered":"<p>Kategorija: Slovenija Tue, 30 Jan 2018 12:01:00 +0100  Ljubljana &#8211; V tednu pred zimskimi olimpijskimi igrami v Pyeongchangu je v \u0160vici \u0161e mladinsko svetovno prvenstvo v nordijskem smu\u010danju, kjer bodo nastopili tudi trije slovenski olimpijci. Med smu\u010darskimi skakalkami bosta tekmovalni ritem do ZOI sku\u0161ali zadr\u017eati Nika Kri\u017enar in Ema Klinec, med nordijskimi kombinatorci pa Vid Vrhovnik. Glavni trener mladinske reprezentance v smu\u010darskih skokih Gorazd Bertoncelj je v \u0160vico odpeljal pet skakalcev. Poleg Domna Prevca bodo v Kanderstegu nastopili \u0161e Bor Pavlov\u010di\u010d, Alja\u017e Osterc, \u017dak Mogel in Jan Kus. Glavni trener mladinske vrste pri dekletih, Zoran Zupan\u010di\u010d, je za nastope na MSP poleg Kri\u017enarjeve in Klin\u010deve \u0161e Jernejo Brecl, Katro Komar in Kajo Urbanija \u010co\u017e. Mo\u010dna bo tudi zasedba med nordijskimi kombinatorci, kjer bodo pod vodstvom Mitje Orani\u010da nastopili Vrhovnik, Ga\u0161per Brecl, O\u017ebej Jelen in Matev\u017e Malovrh, prilo\u017enost na ekipni preizku\u0161nji\u00a0&#8230;<\/p>\n","protected":false},"excerpt":{"rendered":"<p>Kategorija: Slovenija Tue, 30 Jan 2018 12:01:00 +0100  Ljubljana &#8211; V tednu pred zimskimi olimpijskimi igrami v Pyeongchangu je v \u0160vici \u0161e mladinsko svetovno prvenstvo v nordijskem smu\u010danju, kjer bodo nastopili tudi trije slovenski olimpijci. Med smu\u010darskimi skakalkami bosta tekmovalni ritem do ZOI sku\u0161ali zadr\u017eati Nika Kri\u017enar in Ema Klinec, med nordijskimi kombinatorci pa Vid Vrhovnik. Glavni trener mladinske reprezentance v smu\u010darskih skokih Gorazd Bertoncelj je v \u0160vico odpeljal pet skakalcev. Poleg Domna Prevca bodo v Kanderstegu nastopili \u0161e Bor Pavlov\u010di\u010d, Alja\u017e Osterc, \u017dak Mogel in Jan Kus. Glavni trener mladinske vrste pri dekletih, Zoran Zupan\u010di\u010d, je za nastope na MSP poleg Kri\u017enarjeve in Klin\u010deve \u0161e Jernejo Brecl, Katro Komar in Kajo Urbanija \u010co\u017e. Mo\u010dna bo tudi zasedba med nordijskimi kombinatorci, kjer bodo pod vodstvom Mitje Orani\u010da nastopili Vrhovnik, Ga\u0161per Brecl, O\u017ebej Jelen in Matev\u017e Malovrh, prilo\u017enost na ekipni preizku\u0161nji\u00a0&#8230;<\/p>\n","protected":false},"author":1,"featured_media":0,"comment_status":"closed","ping_status":"closed","sticky":false,"template":"","format":"standard","meta":{"footnotes":""},"categories":[1179],"tags":[],"source":[1703],"supertag":[],"acf":[],"yoast_head":"<!-- This site is optimized with the Yoast SEO plugin v21.3 - https:\/\/yoast.com\/wordpress\/plugins\/seo\/ -->\n<title>Trije nordijski olimpijci pred Pjong\u010dangom \u0161e na MSP - Hudo Slovenija<\/title>\n<meta name=\"robots\" content=\"index, follow, max-snippet:-1, max-image-preview:large, max-video-preview:-1\" \/>\n<link rel=\"canonical\" href=\"https:\/\/hudo.com\/si\/aktualno\/trije-nordijski-olimpijci-pred-pjongcangom-se-na-msp\/\" \/>\n<meta property=\"og:locale\" content=\"sl_SI\" \/>\n<meta property=\"og:type\" content=\"article\" \/>\n<meta property=\"og:title\" content=\"Trije nordijski olimpijci pred Pjong\u010dangom \u0161e na MSP - Hudo Slovenija\" \/>\n<meta property=\"og:description\" content=\"Kategorija: Slovenija Tue, 30 Jan 2018 12:01:00 +0100 Ljubljana - V tednu pred zimskimi olimpijskimi igrami v Pyeongchangu je v \u0160vici \u0161e mladinsko svetovno prvenstvo v nordijskem smu\u010danju, kjer bodo nastopili tudi trije slovenski olimpijci. Med smu\u010darskimi skakalkami bosta tekmovalni ritem do ZOI sku\u0161ali zadr\u017eati Nika Kri\u017enar in Ema Klinec, med nordijskimi kombinatorci pa Vid Vrhovnik. Glavni trener mladinske reprezentance v smu\u010darskih skokih Gorazd Bertoncelj je v \u0160vico odpeljal pet skakalcev. Poleg Domna Prevca bodo v Kanderstegu nastopili \u0161e Bor Pavlov\u010di\u010d, Alja\u017e Osterc, \u017dak Mogel in Jan Kus. Glavni trener mladinske vrste pri dekletih, Zoran Zupan\u010di\u010d, je za nastope na MSP poleg Kri\u017enarjeve in Klin\u010deve \u0161e Jernejo Brecl, Katro Komar in Kajo Urbanija \u010co\u017e. Mo\u010dna bo tudi zasedba med nordijskimi kombinatorci, kjer bodo pod vodstvom Mitje Orani\u010da nastopili Vrhovnik, Ga\u0161per Brecl, O\u017ebej Jelen in Matev\u017e Malovrh, prilo\u017enost na ekipni preizku\u0161nji\u00a0...\" \/>\n<meta property=\"og:url\" content=\"https:\/\/hudo.com\/si\/aktualno\/trije-nordijski-olimpijci-pred-pjongcangom-se-na-msp\/\" \/>\n<meta property=\"og:site_name\" content=\"Hudo Slovenija\" \/>\n<meta property=\"article:publisher\" content=\"https:\/\/www.facebook.com\/hudo.si\" \/>\n<meta property=\"article:published_time\" content=\"2018-01-30T10:01:00+00:00\" \/>\n<meta property=\"og:image\" content=\"https:\/\/hudo.com\/si\/wp-content\/uploads\/sites\/2\/2018\/01\/480x290_Sport__Delo_Foto_2018012418_hires0-1.jpeg\" \/>\n\t<meta property=\"og:image:width\" content=\"480\" \/>\n\t<meta property=\"og:image:height\" content=\"290\" \/>\n\t<meta property=\"og:image:type\" content=\"image\/jpeg\" \/>\n<meta name=\"author\" content=\"hudo\" \/>\n<meta name=\"twitter:card\" content=\"summary_large_image\" \/>\n<meta name=\"twitter:creator\" content=\"@hudo_si\" \/>\n<meta name=\"twitter:site\" content=\"@hudo_si\" \/>\n<meta name=\"twitter:label1\" content=\"Written by\" \/>\n\t<meta name=\"twitter:data1\" content=\"hudo\" \/>\n\t<meta name=\"twitter:label2\" content=\"Est. reading time\" \/>\n\t<meta name=\"twitter:data2\" content=\"1 minuta\" \/>\n<script type=\"application\/ld+json\" class=\"yoast-schema-graph\">{\"@context\":\"https:\/\/schema.org\",\"@graph\":[{\"@type\":\"Article\",\"@id\":\"https:\/\/hudo.com\/si\/aktualno\/trije-nordijski-olimpijci-pred-pjongcangom-se-na-msp\/#article\",\"isPartOf\":{\"@id\":\"https:\/\/hudo.com\/si\/aktualno\/trije-nordijski-olimpijci-pred-pjongcangom-se-na-msp\/\"},\"author\":{\"name\":\"hudo\",\"@id\":\"https:\/\/hudo.com\/si\/#\/schema\/person\/601cf3379633985b20f7e50f2bb47707\"},\"headline\":\"Trije nordijski olimpijci pred Pjong\u010dangom \u0161e na MSP\",\"datePublished\":\"2018-01-30T10:01:00+00:00\",\"dateModified\":\"2018-01-30T10:01:00+00:00\",\"mainEntityOfPage\":{\"@id\":\"https:\/\/hudo.com\/si\/aktualno\/trije-nordijski-olimpijci-pred-pjongcangom-se-na-msp\/\"},\"wordCount\":161,\"publisher\":{\"@id\":\"https:\/\/hudo.com\/si\/#organization\"},\"articleSection\":[\"Aktualno\"],\"inLanguage\":\"sl-SI\"},{\"@type\":\"WebPage\",\"@id\":\"https:\/\/hudo.com\/si\/aktualno\/trije-nordijski-olimpijci-pred-pjongcangom-se-na-msp\/\",\"url\":\"https:\/\/hudo.com\/si\/aktualno\/trije-nordijski-olimpijci-pred-pjongcangom-se-na-msp\/\",\"name\":\"Trije nordijski olimpijci pred Pjong\u010dangom \u0161e na MSP - Hudo Slovenija\",\"isPartOf\":{\"@id\":\"https:\/\/hudo.com\/si\/#website\"},\"datePublished\":\"2018-01-30T10:01:00+00:00\",\"dateModified\":\"2018-01-30T10:01:00+00:00\",\"breadcrumb\":{\"@id\":\"https:\/\/hudo.com\/si\/aktualno\/trije-nordijski-olimpijci-pred-pjongcangom-se-na-msp\/#breadcrumb\"},\"inLanguage\":\"sl-SI\",\"potentialAction\":[{\"@type\":\"ReadAction\",\"target\":[\"https:\/\/hudo.com\/si\/aktualno\/trije-nordijski-olimpijci-pred-pjongcangom-se-na-msp\/\"]}]},{\"@type\":\"BreadcrumbList\",\"@id\":\"https:\/\/hudo.com\/si\/aktualno\/trije-nordijski-olimpijci-pred-pjongcangom-se-na-msp\/#breadcrumb\",\"itemListElement\":[{\"@type\":\"ListItem\",\"position\":1,\"name\":\"Home\",\"item\":\"https:\/\/hudo.com\/si\/\"},{\"@type\":\"ListItem\",\"position\":2,\"name\":\"Trije nordijski olimpijci pred Pjong\u010dangom \u0161e na MSP\"}]},{\"@type\":\"WebSite\",\"@id\":\"https:\/\/hudo.com\/si\/#website\",\"url\":\"https:\/\/hudo.com\/si\/\",\"name\":\"Hudo Slovenija\",\"description\":\"Vse novice iz Slovenije in sveta\",\"publisher\":{\"@id\":\"https:\/\/hudo.com\/si\/#organization\"},\"potentialAction\":[{\"@type\":\"SearchAction\",\"target\":{\"@type\":\"EntryPoint\",\"urlTemplate\":\"https:\/\/hudo.com\/si\/?s={search_term_string}\"},\"query-input\":\"required name=search_term_string\"}],\"inLanguage\":\"sl-SI\"},{\"@type\":\"Organization\",\"@id\":\"https:\/\/hudo.com\/si\/#organization\",\"name\":\"VSN Media\",\"url\":\"https:\/\/hudo.com\/si\/\",\"logo\":{\"@type\":\"ImageObject\",\"inLanguage\":\"sl-SI\",\"@id\":\"https:\/\/hudo.com\/si\/#\/schema\/logo\/image\/\",\"url\":\"https:\/\/hudo.com\/si\/wp-content\/uploads\/sites\/2\/2021\/03\/hudo-app-2.png\",\"contentUrl\":\"https:\/\/hudo.com\/si\/wp-content\/uploads\/sites\/2\/2021\/03\/hudo-app-2.png\",\"width\":2185,\"height\":2167,\"caption\":\"VSN Media\"},\"image\":{\"@id\":\"https:\/\/hudo.com\/si\/#\/schema\/logo\/image\/\"},\"sameAs\":[\"https:\/\/www.facebook.com\/hudo.si\",\"https:\/\/twitter.com\/hudo_si\"]},{\"@type\":\"Person\",\"@id\":\"https:\/\/hudo.com\/si\/#\/schema\/person\/601cf3379633985b20f7e50f2bb47707\",\"name\":\"hudo\",\"image\":{\"@type\":\"ImageObject\",\"inLanguage\":\"sl-SI\",\"@id\":\"https:\/\/hudo.com\/si\/#\/schema\/person\/image\/\",\"url\":\"https:\/\/secure.gravatar.com\/avatar\/c4ca25fa72cace7a696b52ff5db9e095?s=96&d=mm&r=g\",\"contentUrl\":\"https:\/\/secure.gravatar.com\/avatar\/c4ca25fa72cace7a696b52ff5db9e095?s=96&d=mm&r=g\",\"caption\":\"hudo\"},\"url\":\"https:\/\/hudo.com\/si\/author\/hudo\/\"}]}<\/script>\n<!-- \/ Yoast SEO plugin. -->","yoast_head_json":{"title":"Trije nordijski olimpijci pred Pjong\u010dangom \u0161e na MSP - Hudo Slovenija","robots":{"index":"index","follow":"follow","max-snippet":"max-snippet:-1","max-image-preview":"max-image-preview:large","max-video-preview":"max-video-preview:-1"},"canonical":"https:\/\/hudo.com\/si\/aktualno\/trije-nordijski-olimpijci-pred-pjongcangom-se-na-msp\/","og_locale":"sl_SI","og_type":"article","og_title":"Trije nordijski olimpijci pred Pjong\u010dangom \u0161e na MSP - Hudo Slovenija","og_description":"Kategorija: Slovenija Tue, 30 Jan 2018 12:01:00 +0100 Ljubljana - V tednu pred zimskimi olimpijskimi igrami v Pyeongchangu je v \u0160vici \u0161e mladinsko svetovno prvenstvo v nordijskem smu\u010danju, kjer bodo nastopili tudi trije slovenski olimpijci. Med smu\u010darskimi skakalkami bosta tekmovalni ritem do ZOI sku\u0161ali zadr\u017eati Nika Kri\u017enar in Ema Klinec, med nordijskimi kombinatorci pa Vid Vrhovnik. Glavni trener mladinske reprezentance v smu\u010darskih skokih Gorazd Bertoncelj je v \u0160vico odpeljal pet skakalcev. Poleg Domna Prevca bodo v Kanderstegu nastopili \u0161e Bor Pavlov\u010di\u010d, Alja\u017e Osterc, \u017dak Mogel in Jan Kus. Glavni trener mladinske vrste pri dekletih, Zoran Zupan\u010di\u010d, je za nastope na MSP poleg Kri\u017enarjeve in Klin\u010deve \u0161e Jernejo Brecl, Katro Komar in Kajo Urbanija \u010co\u017e. Mo\u010dna bo tudi zasedba med nordijskimi kombinatorci, kjer bodo pod vodstvom Mitje Orani\u010da nastopili Vrhovnik, Ga\u0161per Brecl, O\u017ebej Jelen in Matev\u017e Malovrh, prilo\u017enost na ekipni preizku\u0161nji\u00a0...","og_url":"https:\/\/hudo.com\/si\/aktualno\/trije-nordijski-olimpijci-pred-pjongcangom-se-na-msp\/","og_site_name":"Hudo Slovenija","article_publisher":"https:\/\/www.facebook.com\/hudo.si","article_published_time":"2018-01-30T10:01:00+00:00","og_image":[{"width":480,"height":290,"url":"https:\/\/hudo.com\/si\/wp-content\/uploads\/sites\/2\/2018\/01\/480x290_Sport__Delo_Foto_2018012418_hires0-1.jpeg","type":"image\/jpeg"}],"author":"hudo","twitter_card":"summary_large_image","twitter_creator":"@hudo_si","twitter_site":"@hudo_si","twitter_misc":{"Written by":"hudo","Est. reading time":"1 minuta"},"schema":{"@context":"https:\/\/schema.org","@graph":[{"@type":"Article","@id":"https:\/\/hudo.com\/si\/aktualno\/trije-nordijski-olimpijci-pred-pjongcangom-se-na-msp\/#article","isPartOf":{"@id":"https:\/\/hudo.com\/si\/aktualno\/trije-nordijski-olimpijci-pred-pjongcangom-se-na-msp\/"},"author":{"name":"hudo","@id":"https:\/\/hudo.com\/si\/#\/schema\/person\/601cf3379633985b20f7e50f2bb47707"},"headline":"Trije nordijski olimpijci pred Pjong\u010dangom \u0161e na MSP","datePublished":"2018-01-30T10:01:00+00:00","dateModified":"2018-01-30T10:01:00+00:00","mainEntityOfPage":{"@id":"https:\/\/hudo.com\/si\/aktualno\/trije-nordijski-olimpijci-pred-pjongcangom-se-na-msp\/"},"wordCount":161,"publisher":{"@id":"https:\/\/hudo.com\/si\/#organization"},"articleSection":["Aktualno"],"inLanguage":"sl-SI"},{"@type":"WebPage","@id":"https:\/\/hudo.com\/si\/aktualno\/trije-nordijski-olimpijci-pred-pjongcangom-se-na-msp\/","url":"https:\/\/hudo.com\/si\/aktualno\/trije-nordijski-olimpijci-pred-pjongcangom-se-na-msp\/","name":"Trije nordijski olimpijci pred Pjong\u010dangom \u0161e na MSP - Hudo Slovenija","isPartOf":{"@id":"https:\/\/hudo.com\/si\/#website"},"datePublished":"2018-01-30T10:01:00+00:00","dateModified":"2018-01-30T10:01:00+00:00","breadcrumb":{"@id":"https:\/\/hudo.com\/si\/aktualno\/trije-nordijski-olimpijci-pred-pjongcangom-se-na-msp\/#breadcrumb"},"inLanguage":"sl-SI","potentialAction":[{"@type":"ReadAction","target":["https:\/\/hudo.com\/si\/aktualno\/trije-nordijski-olimpijci-pred-pjongcangom-se-na-msp\/"]}]},{"@type":"BreadcrumbList","@id":"https:\/\/hudo.com\/si\/aktualno\/trije-nordijski-olimpijci-pred-pjongcangom-se-na-msp\/#breadcrumb","itemListElement":[{"@type":"ListItem","position":1,"name":"Home","item":"https:\/\/hudo.com\/si\/"},{"@type":"ListItem","position":2,"name":"Trije nordijski olimpijci pred Pjong\u010dangom \u0161e na MSP"}]},{"@type":"WebSite","@id":"https:\/\/hudo.com\/si\/#website","url":"https:\/\/hudo.com\/si\/","name":"Hudo Slovenija","description":"Vse novice iz Slovenije in sveta","publisher":{"@id":"https:\/\/hudo.com\/si\/#organization"},"potentialAction":[{"@type":"SearchAction","target":{"@type":"EntryPoint","urlTemplate":"https:\/\/hudo.com\/si\/?s={search_term_string}"},"query-input":"required name=search_term_string"}],"inLanguage":"sl-SI"},{"@type":"Organization","@id":"https:\/\/hudo.com\/si\/#organization","name":"VSN Media","url":"https:\/\/hudo.com\/si\/","logo":{"@type":"ImageObject","inLanguage":"sl-SI","@id":"https:\/\/hudo.com\/si\/#\/schema\/logo\/image\/","url":"https:\/\/hudo.com\/si\/wp-content\/uploads\/sites\/2\/2021\/03\/hudo-app-2.png","contentUrl":"https:\/\/hudo.com\/si\/wp-content\/uploads\/sites\/2\/2021\/03\/hudo-app-2.png","width":2185,"height":2167,"caption":"VSN Media"},"image":{"@id":"https:\/\/hudo.com\/si\/#\/schema\/logo\/image\/"},"sameAs":["https:\/\/www.facebook.com\/hudo.si","https:\/\/twitter.com\/hudo_si"]},{"@type":"Person","@id":"https:\/\/hudo.com\/si\/#\/schema\/person\/601cf3379633985b20f7e50f2bb47707","name":"hudo","image":{"@type":"ImageObject","inLanguage":"sl-SI","@id":"https:\/\/hudo.com\/si\/#\/schema\/person\/image\/","url":"https:\/\/secure.gravatar.com\/avatar\/c4ca25fa72cace7a696b52ff5db9e095?s=96&d=mm&r=g","contentUrl":"https:\/\/secure.gravatar.com\/avatar\/c4ca25fa72cace7a696b52ff5db9e095?s=96&d=mm&r=g","caption":"hudo"},"url":"https:\/\/hudo.com\/si\/author\/hudo\/"}]}},"amp_enabled":true,"_links":{"self":[{"href":"https:\/\/hudo.com\/si\/wp-json\/wp\/v2\/posts\/355842"}],"collection":[{"href":"https:\/\/hudo.com\/si\/wp-json\/wp\/v2\/posts"}],"about":[{"href":"https:\/\/hudo.com\/si\/wp-json\/wp\/v2\/types\/post"}],"author":[{"embeddable":true,"href":"https:\/\/hudo.com\/si\/wp-json\/wp\/v2\/users\/1"}],"replies":[{"embeddable":true,"href":"https:\/\/hudo.com\/si\/wp-json\/wp\/v2\/comments?post=355842"}],"version-history":[{"count":0,"href":"https:\/\/hudo.com\/si\/wp-json\/wp\/v2\/posts\/355842\/revisions"}],"wp:attachment":[{"href":"https:\/\/hudo.com\/si\/wp-json\/wp\/v2\/media?parent=355842"}],"wp:term":[{"taxonomy":"category","embeddable":true,"href":"https:\/\/hudo.com\/si\/wp-json\/wp\/v2\/categories?post=355842"},{"taxonomy":"post_tag","embeddable":true,"href":"https:\/\/hudo.com\/si\/wp-json\/wp\/v2\/tags?post=355842"},{"taxonomy":"source","embeddable":true,"href":"https:\/\/hudo.com\/si\/wp-json\/wp\/v2\/source?post=355842"},{"taxonomy":"supertag","embeddable":true,"href":"https:\/\/hudo.com\/si\/wp-json\/wp\/v2\/supertag?post=355842"}],"curies":[{"name":"wp","href":"https:\/\/api.w.org\/{rel}","templated":true}]}}