{"id":355938,"date":"2018-01-30T14:49:00","date_gmt":"2018-01-30T13:49:00","guid":{"rendered":"http:\/\/hudo.com\/si\/2018\/01\/30\/msp-vid-vrhovnik-zaokrozil-petnajsterico\/"},"modified":"2018-01-30T14:49:00","modified_gmt":"2018-01-30T13:49:00","slug":"msp-vid-vrhovnik-zaokrozil-petnajsterico","status":"publish","type":"post","link":"https:\/\/hudo.com\/si\/aktualno\/msp-vid-vrhovnik-zaokrozil-petnajsterico\/","title":{"rendered":"MSP: Vid Vrhovnik zaokro\u017eil petnajsterico"},"content":{"rendered":"<p>Kategorija: Zimski Tue, 30 Jan 2018 15:49:00 +0100  Kandersteg &#8211; Tik pred zimskimi olimpijskimi igrami v Pjong\u010dangu se najobetavnej\u0161i nordijski kombinatorci merijo \u0161e na mladinskem svetovnem prvenstvu v \u0161vicarskem Kanderstegu, kjer se je program za\u010del danes s preizku\u0161njo na ve\u010dji teka\u0161ki razdalji (10 kilometrov ob skoku na napravi HS-106). Slovenske barve je najbolje zastopal 19-letni Vid Vrhovnik, ki bo ob Marjanu Jelenku tudi med potniki v Ju\u017eno Korejo, in zasedel 15. mesto s slabima dvema minutama zaostanka za zmagovalcem. Po skakalnem delu mu je kazalo \u0161e bolje, saj je vpisal enajsti dose\u017eek (126,9 to\u010dke) in \u0161tartal 50 sekund za vodilnim, \u010cehom Ondrejem Pazoutom, ki je prednost pred konkurenco zadr\u017eal tudi po teka\u0161kem delu. V njem je Vrhovnik, \u010dlan SSK Velenje, ki se je pred tem zelo izkazal na uradnih treningih, provizori\u010dni in poskusni seriji, dosegel 29. \u010das in zdrsnil\u00a0&#8230;<\/p>\n","protected":false},"excerpt":{"rendered":"<p>Kategorija: Zimski Tue, 30 Jan 2018 15:49:00 +0100  Kandersteg &#8211; Tik pred zimskimi olimpijskimi igrami v Pjong\u010dangu se najobetavnej\u0161i nordijski kombinatorci merijo \u0161e na mladinskem svetovnem prvenstvu v \u0161vicarskem Kanderstegu, kjer se je program za\u010del danes s preizku\u0161njo na ve\u010dji teka\u0161ki razdalji (10 kilometrov ob skoku na napravi HS-106). Slovenske barve je najbolje zastopal 19-letni Vid Vrhovnik, ki bo ob Marjanu Jelenku tudi med potniki v Ju\u017eno Korejo, in zasedel 15. mesto s slabima dvema minutama zaostanka za zmagovalcem. Po skakalnem delu mu je kazalo \u0161e bolje, saj je vpisal enajsti dose\u017eek (126,9 to\u010dke) in \u0161tartal 50 sekund za vodilnim, \u010cehom Ondrejem Pazoutom, ki je prednost pred konkurenco zadr\u017eal tudi po teka\u0161kem delu. V njem je Vrhovnik, \u010dlan SSK Velenje, ki se je pred tem zelo izkazal na uradnih treningih, provizori\u010dni in poskusni seriji, dosegel 29. \u010das in zdrsnil\u00a0&#8230;<\/p>\n","protected":false},"author":1,"featured_media":0,"comment_status":"closed","ping_status":"closed","sticky":false,"template":"","format":"standard","meta":{"footnotes":""},"categories":[1179],"tags":[],"source":[1703],"supertag":[],"acf":[],"yoast_head":"<!-- This site is optimized with the Yoast SEO plugin v21.3 - https:\/\/yoast.com\/wordpress\/plugins\/seo\/ -->\n<title>MSP: Vid Vrhovnik zaokro\u017eil petnajsterico - Hudo Slovenija<\/title>\n<meta name=\"robots\" content=\"index, follow, max-snippet:-1, max-image-preview:large, max-video-preview:-1\" \/>\n<link rel=\"canonical\" href=\"https:\/\/hudo.com\/si\/aktualno\/msp-vid-vrhovnik-zaokrozil-petnajsterico\/\" \/>\n<meta property=\"og:locale\" content=\"sl_SI\" \/>\n<meta property=\"og:type\" content=\"article\" \/>\n<meta property=\"og:title\" content=\"MSP: Vid Vrhovnik zaokro\u017eil petnajsterico - Hudo Slovenija\" \/>\n<meta property=\"og:description\" content=\"Kategorija: Zimski Tue, 30 Jan 2018 15:49:00 +0100 Kandersteg - Tik pred zimskimi olimpijskimi igrami v Pjong\u010dangu se najobetavnej\u0161i nordijski kombinatorci merijo \u0161e na mladinskem svetovnem prvenstvu v \u0161vicarskem Kanderstegu, kjer se je program za\u010del danes s preizku\u0161njo na ve\u010dji teka\u0161ki razdalji (10 kilometrov ob skoku na napravi HS-106). Slovenske barve je najbolje zastopal 19-letni Vid Vrhovnik, ki bo ob Marjanu Jelenku tudi med potniki v Ju\u017eno Korejo, in zasedel 15. mesto s slabima dvema minutama zaostanka za zmagovalcem. Po skakalnem delu mu je kazalo \u0161e bolje, saj je vpisal enajsti dose\u017eek (126,9 to\u010dke) in \u0161tartal 50 sekund za vodilnim, \u010cehom Ondrejem Pazoutom, ki je prednost pred konkurenco zadr\u017eal tudi po teka\u0161kem delu. V njem je Vrhovnik, \u010dlan SSK Velenje, ki se je pred tem zelo izkazal na uradnih treningih, provizori\u010dni in poskusni seriji, dosegel 29. \u010das in zdrsnil\u00a0...\" \/>\n<meta property=\"og:url\" content=\"https:\/\/hudo.com\/si\/aktualno\/msp-vid-vrhovnik-zaokrozil-petnajsterico\/\" \/>\n<meta property=\"og:site_name\" content=\"Hudo Slovenija\" \/>\n<meta property=\"article:publisher\" content=\"https:\/\/www.facebook.com\/hudo.si\" \/>\n<meta property=\"article:published_time\" content=\"2018-01-30T13:49:00+00:00\" \/>\n<meta property=\"og:image\" content=\"https:\/\/hudo.com\/si\/wp-content\/uploads\/sites\/2\/2018\/01\/480x290_djvu_2588225_janezp_ho-evar-kombinatorci.jpeg\" \/>\n\t<meta property=\"og:image:width\" content=\"480\" \/>\n\t<meta property=\"og:image:height\" content=\"290\" \/>\n\t<meta property=\"og:image:type\" content=\"image\/jpeg\" \/>\n<meta name=\"author\" content=\"hudo\" \/>\n<meta name=\"twitter:card\" content=\"summary_large_image\" \/>\n<meta name=\"twitter:creator\" content=\"@hudo_si\" \/>\n<meta name=\"twitter:site\" content=\"@hudo_si\" \/>\n<meta name=\"twitter:label1\" content=\"Written by\" \/>\n\t<meta name=\"twitter:data1\" content=\"hudo\" \/>\n\t<meta name=\"twitter:label2\" content=\"Est. reading time\" \/>\n\t<meta name=\"twitter:data2\" content=\"1 minuta\" \/>\n<script type=\"application\/ld+json\" class=\"yoast-schema-graph\">{\"@context\":\"https:\/\/schema.org\",\"@graph\":[{\"@type\":\"Article\",\"@id\":\"https:\/\/hudo.com\/si\/aktualno\/msp-vid-vrhovnik-zaokrozil-petnajsterico\/#article\",\"isPartOf\":{\"@id\":\"https:\/\/hudo.com\/si\/aktualno\/msp-vid-vrhovnik-zaokrozil-petnajsterico\/\"},\"author\":{\"name\":\"hudo\",\"@id\":\"https:\/\/hudo.com\/si\/#\/schema\/person\/601cf3379633985b20f7e50f2bb47707\"},\"headline\":\"MSP: Vid Vrhovnik zaokro\u017eil petnajsterico\",\"datePublished\":\"2018-01-30T13:49:00+00:00\",\"dateModified\":\"2018-01-30T13:49:00+00:00\",\"mainEntityOfPage\":{\"@id\":\"https:\/\/hudo.com\/si\/aktualno\/msp-vid-vrhovnik-zaokrozil-petnajsterico\/\"},\"wordCount\":148,\"publisher\":{\"@id\":\"https:\/\/hudo.com\/si\/#organization\"},\"articleSection\":[\"Aktualno\"],\"inLanguage\":\"sl-SI\"},{\"@type\":\"WebPage\",\"@id\":\"https:\/\/hudo.com\/si\/aktualno\/msp-vid-vrhovnik-zaokrozil-petnajsterico\/\",\"url\":\"https:\/\/hudo.com\/si\/aktualno\/msp-vid-vrhovnik-zaokrozil-petnajsterico\/\",\"name\":\"MSP: Vid Vrhovnik zaokro\u017eil petnajsterico - Hudo Slovenija\",\"isPartOf\":{\"@id\":\"https:\/\/hudo.com\/si\/#website\"},\"datePublished\":\"2018-01-30T13:49:00+00:00\",\"dateModified\":\"2018-01-30T13:49:00+00:00\",\"breadcrumb\":{\"@id\":\"https:\/\/hudo.com\/si\/aktualno\/msp-vid-vrhovnik-zaokrozil-petnajsterico\/#breadcrumb\"},\"inLanguage\":\"sl-SI\",\"potentialAction\":[{\"@type\":\"ReadAction\",\"target\":[\"https:\/\/hudo.com\/si\/aktualno\/msp-vid-vrhovnik-zaokrozil-petnajsterico\/\"]}]},{\"@type\":\"BreadcrumbList\",\"@id\":\"https:\/\/hudo.com\/si\/aktualno\/msp-vid-vrhovnik-zaokrozil-petnajsterico\/#breadcrumb\",\"itemListElement\":[{\"@type\":\"ListItem\",\"position\":1,\"name\":\"Home\",\"item\":\"https:\/\/hudo.com\/si\/\"},{\"@type\":\"ListItem\",\"position\":2,\"name\":\"MSP: Vid Vrhovnik zaokro\u017eil petnajsterico\"}]},{\"@type\":\"WebSite\",\"@id\":\"https:\/\/hudo.com\/si\/#website\",\"url\":\"https:\/\/hudo.com\/si\/\",\"name\":\"Hudo Slovenija\",\"description\":\"Vse novice iz Slovenije in sveta\",\"publisher\":{\"@id\":\"https:\/\/hudo.com\/si\/#organization\"},\"potentialAction\":[{\"@type\":\"SearchAction\",\"target\":{\"@type\":\"EntryPoint\",\"urlTemplate\":\"https:\/\/hudo.com\/si\/?s={search_term_string}\"},\"query-input\":\"required name=search_term_string\"}],\"inLanguage\":\"sl-SI\"},{\"@type\":\"Organization\",\"@id\":\"https:\/\/hudo.com\/si\/#organization\",\"name\":\"VSN Media\",\"url\":\"https:\/\/hudo.com\/si\/\",\"logo\":{\"@type\":\"ImageObject\",\"inLanguage\":\"sl-SI\",\"@id\":\"https:\/\/hudo.com\/si\/#\/schema\/logo\/image\/\",\"url\":\"https:\/\/hudo.com\/si\/wp-content\/uploads\/sites\/2\/2021\/03\/hudo-app-2.png\",\"contentUrl\":\"https:\/\/hudo.com\/si\/wp-content\/uploads\/sites\/2\/2021\/03\/hudo-app-2.png\",\"width\":2185,\"height\":2167,\"caption\":\"VSN Media\"},\"image\":{\"@id\":\"https:\/\/hudo.com\/si\/#\/schema\/logo\/image\/\"},\"sameAs\":[\"https:\/\/www.facebook.com\/hudo.si\",\"https:\/\/twitter.com\/hudo_si\"]},{\"@type\":\"Person\",\"@id\":\"https:\/\/hudo.com\/si\/#\/schema\/person\/601cf3379633985b20f7e50f2bb47707\",\"name\":\"hudo\",\"image\":{\"@type\":\"ImageObject\",\"inLanguage\":\"sl-SI\",\"@id\":\"https:\/\/hudo.com\/si\/#\/schema\/person\/image\/\",\"url\":\"https:\/\/secure.gravatar.com\/avatar\/c4ca25fa72cace7a696b52ff5db9e095?s=96&d=mm&r=g\",\"contentUrl\":\"https:\/\/secure.gravatar.com\/avatar\/c4ca25fa72cace7a696b52ff5db9e095?s=96&d=mm&r=g\",\"caption\":\"hudo\"},\"url\":\"https:\/\/hudo.com\/si\/author\/hudo\/\"}]}<\/script>\n<!-- \/ Yoast SEO plugin. -->","yoast_head_json":{"title":"MSP: Vid Vrhovnik zaokro\u017eil petnajsterico - Hudo Slovenija","robots":{"index":"index","follow":"follow","max-snippet":"max-snippet:-1","max-image-preview":"max-image-preview:large","max-video-preview":"max-video-preview:-1"},"canonical":"https:\/\/hudo.com\/si\/aktualno\/msp-vid-vrhovnik-zaokrozil-petnajsterico\/","og_locale":"sl_SI","og_type":"article","og_title":"MSP: Vid Vrhovnik zaokro\u017eil petnajsterico - Hudo Slovenija","og_description":"Kategorija: Zimski Tue, 30 Jan 2018 15:49:00 +0100 Kandersteg - Tik pred zimskimi olimpijskimi igrami v Pjong\u010dangu se najobetavnej\u0161i nordijski kombinatorci merijo \u0161e na mladinskem svetovnem prvenstvu v \u0161vicarskem Kanderstegu, kjer se je program za\u010del danes s preizku\u0161njo na ve\u010dji teka\u0161ki razdalji (10 kilometrov ob skoku na napravi HS-106). Slovenske barve je najbolje zastopal 19-letni Vid Vrhovnik, ki bo ob Marjanu Jelenku tudi med potniki v Ju\u017eno Korejo, in zasedel 15. mesto s slabima dvema minutama zaostanka za zmagovalcem. Po skakalnem delu mu je kazalo \u0161e bolje, saj je vpisal enajsti dose\u017eek (126,9 to\u010dke) in \u0161tartal 50 sekund za vodilnim, \u010cehom Ondrejem Pazoutom, ki je prednost pred konkurenco zadr\u017eal tudi po teka\u0161kem delu. V njem je Vrhovnik, \u010dlan SSK Velenje, ki se je pred tem zelo izkazal na uradnih treningih, provizori\u010dni in poskusni seriji, dosegel 29. \u010das in zdrsnil\u00a0...","og_url":"https:\/\/hudo.com\/si\/aktualno\/msp-vid-vrhovnik-zaokrozil-petnajsterico\/","og_site_name":"Hudo Slovenija","article_publisher":"https:\/\/www.facebook.com\/hudo.si","article_published_time":"2018-01-30T13:49:00+00:00","og_image":[{"width":480,"height":290,"url":"https:\/\/hudo.com\/si\/wp-content\/uploads\/sites\/2\/2018\/01\/480x290_djvu_2588225_janezp_ho-evar-kombinatorci.jpeg","type":"image\/jpeg"}],"author":"hudo","twitter_card":"summary_large_image","twitter_creator":"@hudo_si","twitter_site":"@hudo_si","twitter_misc":{"Written by":"hudo","Est. reading time":"1 minuta"},"schema":{"@context":"https:\/\/schema.org","@graph":[{"@type":"Article","@id":"https:\/\/hudo.com\/si\/aktualno\/msp-vid-vrhovnik-zaokrozil-petnajsterico\/#article","isPartOf":{"@id":"https:\/\/hudo.com\/si\/aktualno\/msp-vid-vrhovnik-zaokrozil-petnajsterico\/"},"author":{"name":"hudo","@id":"https:\/\/hudo.com\/si\/#\/schema\/person\/601cf3379633985b20f7e50f2bb47707"},"headline":"MSP: Vid Vrhovnik zaokro\u017eil petnajsterico","datePublished":"2018-01-30T13:49:00+00:00","dateModified":"2018-01-30T13:49:00+00:00","mainEntityOfPage":{"@id":"https:\/\/hudo.com\/si\/aktualno\/msp-vid-vrhovnik-zaokrozil-petnajsterico\/"},"wordCount":148,"publisher":{"@id":"https:\/\/hudo.com\/si\/#organization"},"articleSection":["Aktualno"],"inLanguage":"sl-SI"},{"@type":"WebPage","@id":"https:\/\/hudo.com\/si\/aktualno\/msp-vid-vrhovnik-zaokrozil-petnajsterico\/","url":"https:\/\/hudo.com\/si\/aktualno\/msp-vid-vrhovnik-zaokrozil-petnajsterico\/","name":"MSP: Vid Vrhovnik zaokro\u017eil petnajsterico - Hudo Slovenija","isPartOf":{"@id":"https:\/\/hudo.com\/si\/#website"},"datePublished":"2018-01-30T13:49:00+00:00","dateModified":"2018-01-30T13:49:00+00:00","breadcrumb":{"@id":"https:\/\/hudo.com\/si\/aktualno\/msp-vid-vrhovnik-zaokrozil-petnajsterico\/#breadcrumb"},"inLanguage":"sl-SI","potentialAction":[{"@type":"ReadAction","target":["https:\/\/hudo.com\/si\/aktualno\/msp-vid-vrhovnik-zaokrozil-petnajsterico\/"]}]},{"@type":"BreadcrumbList","@id":"https:\/\/hudo.com\/si\/aktualno\/msp-vid-vrhovnik-zaokrozil-petnajsterico\/#breadcrumb","itemListElement":[{"@type":"ListItem","position":1,"name":"Home","item":"https:\/\/hudo.com\/si\/"},{"@type":"ListItem","position":2,"name":"MSP: Vid Vrhovnik zaokro\u017eil petnajsterico"}]},{"@type":"WebSite","@id":"https:\/\/hudo.com\/si\/#website","url":"https:\/\/hudo.com\/si\/","name":"Hudo Slovenija","description":"Vse novice iz Slovenije in sveta","publisher":{"@id":"https:\/\/hudo.com\/si\/#organization"},"potentialAction":[{"@type":"SearchAction","target":{"@type":"EntryPoint","urlTemplate":"https:\/\/hudo.com\/si\/?s={search_term_string}"},"query-input":"required name=search_term_string"}],"inLanguage":"sl-SI"},{"@type":"Organization","@id":"https:\/\/hudo.com\/si\/#organization","name":"VSN Media","url":"https:\/\/hudo.com\/si\/","logo":{"@type":"ImageObject","inLanguage":"sl-SI","@id":"https:\/\/hudo.com\/si\/#\/schema\/logo\/image\/","url":"https:\/\/hudo.com\/si\/wp-content\/uploads\/sites\/2\/2021\/03\/hudo-app-2.png","contentUrl":"https:\/\/hudo.com\/si\/wp-content\/uploads\/sites\/2\/2021\/03\/hudo-app-2.png","width":2185,"height":2167,"caption":"VSN Media"},"image":{"@id":"https:\/\/hudo.com\/si\/#\/schema\/logo\/image\/"},"sameAs":["https:\/\/www.facebook.com\/hudo.si","https:\/\/twitter.com\/hudo_si"]},{"@type":"Person","@id":"https:\/\/hudo.com\/si\/#\/schema\/person\/601cf3379633985b20f7e50f2bb47707","name":"hudo","image":{"@type":"ImageObject","inLanguage":"sl-SI","@id":"https:\/\/hudo.com\/si\/#\/schema\/person\/image\/","url":"https:\/\/secure.gravatar.com\/avatar\/c4ca25fa72cace7a696b52ff5db9e095?s=96&d=mm&r=g","contentUrl":"https:\/\/secure.gravatar.com\/avatar\/c4ca25fa72cace7a696b52ff5db9e095?s=96&d=mm&r=g","caption":"hudo"},"url":"https:\/\/hudo.com\/si\/author\/hudo\/"}]}},"amp_enabled":true,"_links":{"self":[{"href":"https:\/\/hudo.com\/si\/wp-json\/wp\/v2\/posts\/355938"}],"collection":[{"href":"https:\/\/hudo.com\/si\/wp-json\/wp\/v2\/posts"}],"about":[{"href":"https:\/\/hudo.com\/si\/wp-json\/wp\/v2\/types\/post"}],"author":[{"embeddable":true,"href":"https:\/\/hudo.com\/si\/wp-json\/wp\/v2\/users\/1"}],"replies":[{"embeddable":true,"href":"https:\/\/hudo.com\/si\/wp-json\/wp\/v2\/comments?post=355938"}],"version-history":[{"count":0,"href":"https:\/\/hudo.com\/si\/wp-json\/wp\/v2\/posts\/355938\/revisions"}],"wp:attachment":[{"href":"https:\/\/hudo.com\/si\/wp-json\/wp\/v2\/media?parent=355938"}],"wp:term":[{"taxonomy":"category","embeddable":true,"href":"https:\/\/hudo.com\/si\/wp-json\/wp\/v2\/categories?post=355938"},{"taxonomy":"post_tag","embeddable":true,"href":"https:\/\/hudo.com\/si\/wp-json\/wp\/v2\/tags?post=355938"},{"taxonomy":"source","embeddable":true,"href":"https:\/\/hudo.com\/si\/wp-json\/wp\/v2\/source?post=355938"},{"taxonomy":"supertag","embeddable":true,"href":"https:\/\/hudo.com\/si\/wp-json\/wp\/v2\/supertag?post=355938"}],"curies":[{"name":"wp","href":"https:\/\/api.w.org\/{rel}","templated":true}]}}