{"id":355977,"date":"2018-01-30T15:15:00","date_gmt":"2018-01-30T14:15:00","guid":{"rendered":"http:\/\/hudo.com\/si\/2018\/01\/30\/protest-pred-luko-mladena-ne-damo\/"},"modified":"2018-01-30T15:15:00","modified_gmt":"2018-01-30T14:15:00","slug":"protest-pred-luko-mladena-ne-damo","status":"publish","type":"post","link":"https:\/\/hudo.com\/si\/aktualno\/protest-pred-luko-mladena-ne-damo\/","title":{"rendered":"Protest pred Luko: Mladena ne damo"},"content":{"rendered":"<p>Kategorija: Slovenija Tue, 30 Jan 2018 16:15:00 +0100  Koper \u2013\u00a0Civilna fronta Vstala Primorska, vstani Slovenija! je danes pred Luko Koper ob 15. uri pripravila protest v podporo delavskemu boju. Udele\u017ebo oziroma zanimanje zanjo je prek dru\u017ebenega omre\u017eja facebook najavilo ve\u010d kot 500 ljudi. Zbralo pa se jih je okoli 200. Shod sledi zaostritvi razmer med \u017eerjavisti in upravo Luke po poskusu odpovedi pogodbe o zaposlitvi sindikalistu Mladenu Jovi\u010di\u0107u. Protest pred upravno stavbo Luko Koper je potekal mirno. Zbralo se je med 100 in 200 ljudi s transparenti z gesli podpore Mladenu Jovi\u010di\u0107u. Na njih pi\u0161e tudi Primorske ne damo!, Primorska je enotna, Kurbe v ka\u017ein, lopove na klin ter Luka Koper na\u0161e okno v svet (a res na\u0161e?). Zbrani so opozarjali na izdajo nacionalnega interesa glede Luke Koper in drugega tira. Spet drugi, oble\u010deni v majice z napisom Nismo Mladen,\u00a0&#8230;<\/p>\n","protected":false},"excerpt":{"rendered":"<p>Kategorija: Slovenija Tue, 30 Jan 2018 16:15:00 +0100  Koper \u2013\u00a0Civilna fronta Vstala Primorska, vstani Slovenija! je danes pred Luko Koper ob 15. uri pripravila protest v podporo delavskemu boju. Udele\u017ebo oziroma zanimanje zanjo je prek dru\u017ebenega omre\u017eja facebook najavilo ve\u010d kot 500 ljudi. Zbralo pa se jih je okoli 200. Shod sledi zaostritvi razmer med \u017eerjavisti in upravo Luke po poskusu odpovedi pogodbe o zaposlitvi sindikalistu Mladenu Jovi\u010di\u0107u. Protest pred upravno stavbo Luko Koper je potekal mirno. Zbralo se je med 100 in 200 ljudi s transparenti z gesli podpore Mladenu Jovi\u010di\u0107u. Na njih pi\u0161e tudi Primorske ne damo!, Primorska je enotna, Kurbe v ka\u017ein, lopove na klin ter Luka Koper na\u0161e okno v svet (a res na\u0161e?). Zbrani so opozarjali na izdajo nacionalnega interesa glede Luke Koper in drugega tira. Spet drugi, oble\u010deni v majice z napisom Nismo Mladen,\u00a0&#8230;<\/p>\n","protected":false},"author":1,"featured_media":0,"comment_status":"closed","ping_status":"closed","sticky":false,"template":"","format":"standard","meta":{"footnotes":""},"categories":[1179],"tags":[],"source":[1703],"supertag":[],"acf":[],"yoast_head":"<!-- This site is optimized with the Yoast SEO plugin v21.3 - https:\/\/yoast.com\/wordpress\/plugins\/seo\/ -->\n<title>Protest pred Luko: Mladena ne damo - Hudo Slovenija<\/title>\n<meta name=\"robots\" content=\"index, follow, max-snippet:-1, max-image-preview:large, max-video-preview:-1\" \/>\n<link rel=\"canonical\" href=\"https:\/\/hudo.com\/si\/aktualno\/protest-pred-luko-mladena-ne-damo\/\" \/>\n<meta property=\"og:locale\" content=\"sl_SI\" \/>\n<meta property=\"og:type\" content=\"article\" \/>\n<meta property=\"og:title\" content=\"Protest pred Luko: Mladena ne damo - Hudo Slovenija\" \/>\n<meta property=\"og:description\" content=\"Kategorija: Slovenija Tue, 30 Jan 2018 16:15:00 +0100 Koper \u2013\u00a0Civilna fronta Vstala Primorska, vstani Slovenija! je danes pred Luko Koper ob 15. uri pripravila protest v podporo delavskemu boju. Udele\u017ebo oziroma zanimanje zanjo je prek dru\u017ebenega omre\u017eja facebook najavilo ve\u010d kot 500 ljudi. Zbralo pa se jih je okoli 200. Shod sledi zaostritvi razmer med \u017eerjavisti in upravo Luke po poskusu odpovedi pogodbe o zaposlitvi sindikalistu Mladenu Jovi\u010di\u0107u. Protest pred upravno stavbo Luko Koper je potekal mirno. Zbralo se je med 100 in 200 ljudi s transparenti z gesli podpore Mladenu Jovi\u010di\u0107u. Na njih pi\u0161e tudi Primorske ne damo!, Primorska je enotna, Kurbe v ka\u017ein, lopove na klin ter Luka Koper na\u0161e okno v svet (a res na\u0161e?). Zbrani so opozarjali na izdajo nacionalnega interesa glede Luke Koper in drugega tira. Spet drugi, oble\u010deni v majice z napisom Nismo Mladen,\u00a0...\" \/>\n<meta property=\"og:url\" content=\"https:\/\/hudo.com\/si\/aktualno\/protest-pred-luko-mladena-ne-damo\/\" \/>\n<meta property=\"og:site_name\" content=\"Hudo Slovenija\" \/>\n<meta property=\"article:publisher\" content=\"https:\/\/www.facebook.com\/hudo.si\" \/>\n<meta property=\"article:published_time\" content=\"2018-01-30T14:15:00+00:00\" \/>\n<meta property=\"og:image\" content=\"https:\/\/hudo.com\/si\/wp-content\/uploads\/sites\/2\/2018\/01\/480x290_Delo_Foto-20180130162908-12860800.jpeg\" \/>\n\t<meta property=\"og:image:width\" content=\"480\" \/>\n\t<meta property=\"og:image:height\" content=\"290\" \/>\n\t<meta property=\"og:image:type\" content=\"image\/jpeg\" \/>\n<meta name=\"author\" content=\"hudo\" \/>\n<meta name=\"twitter:card\" content=\"summary_large_image\" \/>\n<meta name=\"twitter:creator\" content=\"@hudo_si\" \/>\n<meta name=\"twitter:site\" content=\"@hudo_si\" \/>\n<meta name=\"twitter:label1\" content=\"Written by\" \/>\n\t<meta name=\"twitter:data1\" content=\"hudo\" \/>\n\t<meta name=\"twitter:label2\" content=\"Est. reading time\" \/>\n\t<meta name=\"twitter:data2\" content=\"1 minuta\" \/>\n<script type=\"application\/ld+json\" class=\"yoast-schema-graph\">{\"@context\":\"https:\/\/schema.org\",\"@graph\":[{\"@type\":\"Article\",\"@id\":\"https:\/\/hudo.com\/si\/aktualno\/protest-pred-luko-mladena-ne-damo\/#article\",\"isPartOf\":{\"@id\":\"https:\/\/hudo.com\/si\/aktualno\/protest-pred-luko-mladena-ne-damo\/\"},\"author\":{\"name\":\"hudo\",\"@id\":\"https:\/\/hudo.com\/si\/#\/schema\/person\/601cf3379633985b20f7e50f2bb47707\"},\"headline\":\"Protest pred Luko: Mladena ne damo\",\"datePublished\":\"2018-01-30T14:15:00+00:00\",\"dateModified\":\"2018-01-30T14:15:00+00:00\",\"mainEntityOfPage\":{\"@id\":\"https:\/\/hudo.com\/si\/aktualno\/protest-pred-luko-mladena-ne-damo\/\"},\"wordCount\":149,\"publisher\":{\"@id\":\"https:\/\/hudo.com\/si\/#organization\"},\"articleSection\":[\"Aktualno\"],\"inLanguage\":\"sl-SI\"},{\"@type\":\"WebPage\",\"@id\":\"https:\/\/hudo.com\/si\/aktualno\/protest-pred-luko-mladena-ne-damo\/\",\"url\":\"https:\/\/hudo.com\/si\/aktualno\/protest-pred-luko-mladena-ne-damo\/\",\"name\":\"Protest pred Luko: Mladena ne damo - Hudo Slovenija\",\"isPartOf\":{\"@id\":\"https:\/\/hudo.com\/si\/#website\"},\"datePublished\":\"2018-01-30T14:15:00+00:00\",\"dateModified\":\"2018-01-30T14:15:00+00:00\",\"breadcrumb\":{\"@id\":\"https:\/\/hudo.com\/si\/aktualno\/protest-pred-luko-mladena-ne-damo\/#breadcrumb\"},\"inLanguage\":\"sl-SI\",\"potentialAction\":[{\"@type\":\"ReadAction\",\"target\":[\"https:\/\/hudo.com\/si\/aktualno\/protest-pred-luko-mladena-ne-damo\/\"]}]},{\"@type\":\"BreadcrumbList\",\"@id\":\"https:\/\/hudo.com\/si\/aktualno\/protest-pred-luko-mladena-ne-damo\/#breadcrumb\",\"itemListElement\":[{\"@type\":\"ListItem\",\"position\":1,\"name\":\"Home\",\"item\":\"https:\/\/hudo.com\/si\/\"},{\"@type\":\"ListItem\",\"position\":2,\"name\":\"Protest pred Luko: Mladena ne damo\"}]},{\"@type\":\"WebSite\",\"@id\":\"https:\/\/hudo.com\/si\/#website\",\"url\":\"https:\/\/hudo.com\/si\/\",\"name\":\"Hudo Slovenija\",\"description\":\"Vse novice iz Slovenije in sveta\",\"publisher\":{\"@id\":\"https:\/\/hudo.com\/si\/#organization\"},\"potentialAction\":[{\"@type\":\"SearchAction\",\"target\":{\"@type\":\"EntryPoint\",\"urlTemplate\":\"https:\/\/hudo.com\/si\/?s={search_term_string}\"},\"query-input\":\"required name=search_term_string\"}],\"inLanguage\":\"sl-SI\"},{\"@type\":\"Organization\",\"@id\":\"https:\/\/hudo.com\/si\/#organization\",\"name\":\"VSN Media\",\"url\":\"https:\/\/hudo.com\/si\/\",\"logo\":{\"@type\":\"ImageObject\",\"inLanguage\":\"sl-SI\",\"@id\":\"https:\/\/hudo.com\/si\/#\/schema\/logo\/image\/\",\"url\":\"https:\/\/hudo.com\/si\/wp-content\/uploads\/sites\/2\/2021\/03\/hudo-app-2.png\",\"contentUrl\":\"https:\/\/hudo.com\/si\/wp-content\/uploads\/sites\/2\/2021\/03\/hudo-app-2.png\",\"width\":2185,\"height\":2167,\"caption\":\"VSN Media\"},\"image\":{\"@id\":\"https:\/\/hudo.com\/si\/#\/schema\/logo\/image\/\"},\"sameAs\":[\"https:\/\/www.facebook.com\/hudo.si\",\"https:\/\/twitter.com\/hudo_si\"]},{\"@type\":\"Person\",\"@id\":\"https:\/\/hudo.com\/si\/#\/schema\/person\/601cf3379633985b20f7e50f2bb47707\",\"name\":\"hudo\",\"image\":{\"@type\":\"ImageObject\",\"inLanguage\":\"sl-SI\",\"@id\":\"https:\/\/hudo.com\/si\/#\/schema\/person\/image\/\",\"url\":\"https:\/\/secure.gravatar.com\/avatar\/c4ca25fa72cace7a696b52ff5db9e095?s=96&d=mm&r=g\",\"contentUrl\":\"https:\/\/secure.gravatar.com\/avatar\/c4ca25fa72cace7a696b52ff5db9e095?s=96&d=mm&r=g\",\"caption\":\"hudo\"},\"url\":\"https:\/\/hudo.com\/si\/author\/hudo\/\"}]}<\/script>\n<!-- \/ Yoast SEO plugin. -->","yoast_head_json":{"title":"Protest pred Luko: Mladena ne damo - Hudo Slovenija","robots":{"index":"index","follow":"follow","max-snippet":"max-snippet:-1","max-image-preview":"max-image-preview:large","max-video-preview":"max-video-preview:-1"},"canonical":"https:\/\/hudo.com\/si\/aktualno\/protest-pred-luko-mladena-ne-damo\/","og_locale":"sl_SI","og_type":"article","og_title":"Protest pred Luko: Mladena ne damo - Hudo Slovenija","og_description":"Kategorija: Slovenija Tue, 30 Jan 2018 16:15:00 +0100 Koper \u2013\u00a0Civilna fronta Vstala Primorska, vstani Slovenija! je danes pred Luko Koper ob 15. uri pripravila protest v podporo delavskemu boju. Udele\u017ebo oziroma zanimanje zanjo je prek dru\u017ebenega omre\u017eja facebook najavilo ve\u010d kot 500 ljudi. Zbralo pa se jih je okoli 200. Shod sledi zaostritvi razmer med \u017eerjavisti in upravo Luke po poskusu odpovedi pogodbe o zaposlitvi sindikalistu Mladenu Jovi\u010di\u0107u. Protest pred upravno stavbo Luko Koper je potekal mirno. Zbralo se je med 100 in 200 ljudi s transparenti z gesli podpore Mladenu Jovi\u010di\u0107u. Na njih pi\u0161e tudi Primorske ne damo!, Primorska je enotna, Kurbe v ka\u017ein, lopove na klin ter Luka Koper na\u0161e okno v svet (a res na\u0161e?). Zbrani so opozarjali na izdajo nacionalnega interesa glede Luke Koper in drugega tira. Spet drugi, oble\u010deni v majice z napisom Nismo Mladen,\u00a0...","og_url":"https:\/\/hudo.com\/si\/aktualno\/protest-pred-luko-mladena-ne-damo\/","og_site_name":"Hudo Slovenija","article_publisher":"https:\/\/www.facebook.com\/hudo.si","article_published_time":"2018-01-30T14:15:00+00:00","og_image":[{"width":480,"height":290,"url":"https:\/\/hudo.com\/si\/wp-content\/uploads\/sites\/2\/2018\/01\/480x290_Delo_Foto-20180130162908-12860800.jpeg","type":"image\/jpeg"}],"author":"hudo","twitter_card":"summary_large_image","twitter_creator":"@hudo_si","twitter_site":"@hudo_si","twitter_misc":{"Written by":"hudo","Est. reading time":"1 minuta"},"schema":{"@context":"https:\/\/schema.org","@graph":[{"@type":"Article","@id":"https:\/\/hudo.com\/si\/aktualno\/protest-pred-luko-mladena-ne-damo\/#article","isPartOf":{"@id":"https:\/\/hudo.com\/si\/aktualno\/protest-pred-luko-mladena-ne-damo\/"},"author":{"name":"hudo","@id":"https:\/\/hudo.com\/si\/#\/schema\/person\/601cf3379633985b20f7e50f2bb47707"},"headline":"Protest pred Luko: Mladena ne damo","datePublished":"2018-01-30T14:15:00+00:00","dateModified":"2018-01-30T14:15:00+00:00","mainEntityOfPage":{"@id":"https:\/\/hudo.com\/si\/aktualno\/protest-pred-luko-mladena-ne-damo\/"},"wordCount":149,"publisher":{"@id":"https:\/\/hudo.com\/si\/#organization"},"articleSection":["Aktualno"],"inLanguage":"sl-SI"},{"@type":"WebPage","@id":"https:\/\/hudo.com\/si\/aktualno\/protest-pred-luko-mladena-ne-damo\/","url":"https:\/\/hudo.com\/si\/aktualno\/protest-pred-luko-mladena-ne-damo\/","name":"Protest pred Luko: Mladena ne damo - Hudo Slovenija","isPartOf":{"@id":"https:\/\/hudo.com\/si\/#website"},"datePublished":"2018-01-30T14:15:00+00:00","dateModified":"2018-01-30T14:15:00+00:00","breadcrumb":{"@id":"https:\/\/hudo.com\/si\/aktualno\/protest-pred-luko-mladena-ne-damo\/#breadcrumb"},"inLanguage":"sl-SI","potentialAction":[{"@type":"ReadAction","target":["https:\/\/hudo.com\/si\/aktualno\/protest-pred-luko-mladena-ne-damo\/"]}]},{"@type":"BreadcrumbList","@id":"https:\/\/hudo.com\/si\/aktualno\/protest-pred-luko-mladena-ne-damo\/#breadcrumb","itemListElement":[{"@type":"ListItem","position":1,"name":"Home","item":"https:\/\/hudo.com\/si\/"},{"@type":"ListItem","position":2,"name":"Protest pred Luko: Mladena ne damo"}]},{"@type":"WebSite","@id":"https:\/\/hudo.com\/si\/#website","url":"https:\/\/hudo.com\/si\/","name":"Hudo Slovenija","description":"Vse novice iz Slovenije in sveta","publisher":{"@id":"https:\/\/hudo.com\/si\/#organization"},"potentialAction":[{"@type":"SearchAction","target":{"@type":"EntryPoint","urlTemplate":"https:\/\/hudo.com\/si\/?s={search_term_string}"},"query-input":"required name=search_term_string"}],"inLanguage":"sl-SI"},{"@type":"Organization","@id":"https:\/\/hudo.com\/si\/#organization","name":"VSN Media","url":"https:\/\/hudo.com\/si\/","logo":{"@type":"ImageObject","inLanguage":"sl-SI","@id":"https:\/\/hudo.com\/si\/#\/schema\/logo\/image\/","url":"https:\/\/hudo.com\/si\/wp-content\/uploads\/sites\/2\/2021\/03\/hudo-app-2.png","contentUrl":"https:\/\/hudo.com\/si\/wp-content\/uploads\/sites\/2\/2021\/03\/hudo-app-2.png","width":2185,"height":2167,"caption":"VSN Media"},"image":{"@id":"https:\/\/hudo.com\/si\/#\/schema\/logo\/image\/"},"sameAs":["https:\/\/www.facebook.com\/hudo.si","https:\/\/twitter.com\/hudo_si"]},{"@type":"Person","@id":"https:\/\/hudo.com\/si\/#\/schema\/person\/601cf3379633985b20f7e50f2bb47707","name":"hudo","image":{"@type":"ImageObject","inLanguage":"sl-SI","@id":"https:\/\/hudo.com\/si\/#\/schema\/person\/image\/","url":"https:\/\/secure.gravatar.com\/avatar\/c4ca25fa72cace7a696b52ff5db9e095?s=96&d=mm&r=g","contentUrl":"https:\/\/secure.gravatar.com\/avatar\/c4ca25fa72cace7a696b52ff5db9e095?s=96&d=mm&r=g","caption":"hudo"},"url":"https:\/\/hudo.com\/si\/author\/hudo\/"}]}},"amp_enabled":true,"_links":{"self":[{"href":"https:\/\/hudo.com\/si\/wp-json\/wp\/v2\/posts\/355977"}],"collection":[{"href":"https:\/\/hudo.com\/si\/wp-json\/wp\/v2\/posts"}],"about":[{"href":"https:\/\/hudo.com\/si\/wp-json\/wp\/v2\/types\/post"}],"author":[{"embeddable":true,"href":"https:\/\/hudo.com\/si\/wp-json\/wp\/v2\/users\/1"}],"replies":[{"embeddable":true,"href":"https:\/\/hudo.com\/si\/wp-json\/wp\/v2\/comments?post=355977"}],"version-history":[{"count":0,"href":"https:\/\/hudo.com\/si\/wp-json\/wp\/v2\/posts\/355977\/revisions"}],"wp:attachment":[{"href":"https:\/\/hudo.com\/si\/wp-json\/wp\/v2\/media?parent=355977"}],"wp:term":[{"taxonomy":"category","embeddable":true,"href":"https:\/\/hudo.com\/si\/wp-json\/wp\/v2\/categories?post=355977"},{"taxonomy":"post_tag","embeddable":true,"href":"https:\/\/hudo.com\/si\/wp-json\/wp\/v2\/tags?post=355977"},{"taxonomy":"source","embeddable":true,"href":"https:\/\/hudo.com\/si\/wp-json\/wp\/v2\/source?post=355977"},{"taxonomy":"supertag","embeddable":true,"href":"https:\/\/hudo.com\/si\/wp-json\/wp\/v2\/supertag?post=355977"}],"curies":[{"name":"wp","href":"https:\/\/api.w.org\/{rel}","templated":true}]}}