{"id":355999,"date":"2018-01-30T17:05:00","date_gmt":"2018-01-30T16:05:00","guid":{"rendered":"http:\/\/hudo.com\/si\/2018\/01\/30\/avstro-ogrska-protipribezniska-os\/"},"modified":"2018-01-30T17:05:00","modified_gmt":"2018-01-30T16:05:00","slug":"avstro-ogrska-protipribezniska-os","status":"publish","type":"post","link":"https:\/\/hudo.com\/si\/aktualno\/avstro-ogrska-protipribezniska-os\/","title":{"rendered":"\u00bbAvstro-ogrska\u00ab protipribe\u017eni\u0161ka os"},"content":{"rendered":"<p>Kategorija: Evropa Tue, 30 Jan 2018 18:05:00 +0100  Dunaj &#8211; \u00bbUstaviti moramo ilegalno migracijo, \u010de ho\u010demo zagotoviti varnost v Evropski uniji,\u00ab je danes po sre\u010danju z gostom, mad\u017earskim premierom Viktorjem Orb\u00e1nom, povedal avstrijski kancler Sebastian\u00ad Kurz. Orb\u00e1n se je strinjal z mladim strankarskim tovari\u0161em v Evropski ljudski stranki: \u00bbDanes je najve\u010dja gro\u017enja svetli prihodnosti srednje Evrope priseljevanje.\u00ab Oba predsednika vlade sta poudarila pomembnost varnosti zunanjih meja EU, gost iz Mad\u017earske je dejal, da lahko schengenski sporazum deluje le, \u010de so zunanje meje zaprte, notranje pa odprte. \u00bbZdaj bi hoteli zunanje odpreti, notranje pa zapreti,\u00ab je dejal Orb\u00e1n. Avstrijska opozicija je ostro kritizirala prihod mad\u017earskega premiera, kar je bil eden prvih mednarodnih obiskov po vzpostavitvi nove desni\u010darske vlade. \u00bbPoka\u017ei mi, kdo so tvoji prijatelji, pa ti povem, kdo si,\u00ab je to, kaj za novo avstrijsko vlado, v kateri sedijo tudi\u00a0&#8230;<\/p>\n","protected":false},"excerpt":{"rendered":"<p>Kategorija: Evropa Tue, 30 Jan 2018 18:05:00 +0100  Dunaj &#8211; \u00bbUstaviti moramo ilegalno migracijo, \u010de ho\u010demo zagotoviti varnost v Evropski uniji,\u00ab je danes po sre\u010danju z gostom, mad\u017earskim premierom Viktorjem Orb\u00e1nom, povedal avstrijski kancler Sebastian\u00ad Kurz. Orb\u00e1n se je strinjal z mladim strankarskim tovari\u0161em v Evropski ljudski stranki: \u00bbDanes je najve\u010dja gro\u017enja svetli prihodnosti srednje Evrope priseljevanje.\u00ab Oba predsednika vlade sta poudarila pomembnost varnosti zunanjih meja EU, gost iz Mad\u017earske je dejal, da lahko schengenski sporazum deluje le, \u010de so zunanje meje zaprte, notranje pa odprte. \u00bbZdaj bi hoteli zunanje odpreti, notranje pa zapreti,\u00ab je dejal Orb\u00e1n. Avstrijska opozicija je ostro kritizirala prihod mad\u017earskega premiera, kar je bil eden prvih mednarodnih obiskov po vzpostavitvi nove desni\u010darske vlade. \u00bbPoka\u017ei mi, kdo so tvoji prijatelji, pa ti povem, kdo si,\u00ab je to, kaj za novo avstrijsko vlado, v kateri sedijo tudi\u00a0&#8230;<\/p>\n","protected":false},"author":1,"featured_media":0,"comment_status":"closed","ping_status":"closed","sticky":false,"template":"","format":"standard","meta":{"footnotes":""},"categories":[1179],"tags":[],"source":[1703],"supertag":[],"acf":[],"yoast_head":"<!-- This site is optimized with the Yoast SEO plugin v21.3 - https:\/\/yoast.com\/wordpress\/plugins\/seo\/ -->\n<title>\u00bbAvstro-ogrska\u00ab protipribe\u017eni\u0161ka os - Hudo Slovenija<\/title>\n<meta name=\"robots\" content=\"index, follow, max-snippet:-1, max-image-preview:large, max-video-preview:-1\" \/>\n<link rel=\"canonical\" href=\"https:\/\/hudo.com\/si\/aktualno\/avstro-ogrska-protipribezniska-os\/\" \/>\n<meta property=\"og:locale\" content=\"sl_SI\" \/>\n<meta property=\"og:type\" content=\"article\" \/>\n<meta property=\"og:title\" content=\"\u00bbAvstro-ogrska\u00ab protipribe\u017eni\u0161ka os - Hudo Slovenija\" \/>\n<meta property=\"og:description\" content=\"Kategorija: Evropa Tue, 30 Jan 2018 18:05:00 +0100 Dunaj - \u00bbUstaviti moramo ilegalno migracijo, \u010de ho\u010demo zagotoviti varnost v Evropski uniji,\u00ab je danes po sre\u010danju z gostom, mad\u017earskim premierom Viktorjem Orb\u00e1nom, povedal avstrijski kancler Sebastian\u00ad Kurz. Orb\u00e1n se je strinjal z mladim strankarskim tovari\u0161em v Evropski ljudski stranki: \u00bbDanes je najve\u010dja gro\u017enja svetli prihodnosti srednje Evrope priseljevanje.\u00ab Oba predsednika vlade sta poudarila pomembnost varnosti zunanjih meja EU, gost iz Mad\u017earske je dejal, da lahko schengenski sporazum deluje le, \u010de so zunanje meje zaprte, notranje pa odprte. \u00bbZdaj bi hoteli zunanje odpreti, notranje pa zapreti,\u00ab je dejal Orb\u00e1n. Avstrijska opozicija je ostro kritizirala prihod mad\u017earskega premiera, kar je bil eden prvih mednarodnih obiskov po vzpostavitvi nove desni\u010darske vlade. \u00bbPoka\u017ei mi, kdo so tvoji prijatelji, pa ti povem, kdo si,\u00ab je to, kaj za novo avstrijsko vlado, v kateri sedijo tudi\u00a0...\" \/>\n<meta property=\"og:url\" content=\"https:\/\/hudo.com\/si\/aktualno\/avstro-ogrska-protipribezniska-os\/\" \/>\n<meta property=\"og:site_name\" content=\"Hudo Slovenija\" \/>\n<meta property=\"article:publisher\" content=\"https:\/\/www.facebook.com\/hudo.si\" \/>\n<meta property=\"article:published_time\" content=\"2018-01-30T16:05:00+00:00\" \/>\n<meta property=\"og:image\" content=\"https:\/\/hudo.com\/si\/wp-content\/uploads\/sites\/2\/2018\/01\/480x290_AFP_Photo-20180130150737-46084000.jpeg\" \/>\n\t<meta property=\"og:image:width\" content=\"480\" \/>\n\t<meta property=\"og:image:height\" content=\"290\" \/>\n\t<meta property=\"og:image:type\" content=\"image\/jpeg\" \/>\n<meta name=\"author\" content=\"hudo\" \/>\n<meta name=\"twitter:card\" content=\"summary_large_image\" \/>\n<meta name=\"twitter:creator\" content=\"@hudo_si\" \/>\n<meta name=\"twitter:site\" content=\"@hudo_si\" \/>\n<meta name=\"twitter:label1\" content=\"Written by\" \/>\n\t<meta name=\"twitter:data1\" content=\"hudo\" \/>\n\t<meta name=\"twitter:label2\" content=\"Est. reading time\" \/>\n\t<meta name=\"twitter:data2\" content=\"1 minuta\" \/>\n<script type=\"application\/ld+json\" class=\"yoast-schema-graph\">{\"@context\":\"https:\/\/schema.org\",\"@graph\":[{\"@type\":\"Article\",\"@id\":\"https:\/\/hudo.com\/si\/aktualno\/avstro-ogrska-protipribezniska-os\/#article\",\"isPartOf\":{\"@id\":\"https:\/\/hudo.com\/si\/aktualno\/avstro-ogrska-protipribezniska-os\/\"},\"author\":{\"name\":\"hudo\",\"@id\":\"https:\/\/hudo.com\/si\/#\/schema\/person\/601cf3379633985b20f7e50f2bb47707\"},\"headline\":\"\u00bbAvstro-ogrska\u00ab protipribe\u017eni\u0161ka os\",\"datePublished\":\"2018-01-30T16:05:00+00:00\",\"dateModified\":\"2018-01-30T16:05:00+00:00\",\"mainEntityOfPage\":{\"@id\":\"https:\/\/hudo.com\/si\/aktualno\/avstro-ogrska-protipribezniska-os\/\"},\"wordCount\":153,\"publisher\":{\"@id\":\"https:\/\/hudo.com\/si\/#organization\"},\"articleSection\":[\"Aktualno\"],\"inLanguage\":\"sl-SI\"},{\"@type\":\"WebPage\",\"@id\":\"https:\/\/hudo.com\/si\/aktualno\/avstro-ogrska-protipribezniska-os\/\",\"url\":\"https:\/\/hudo.com\/si\/aktualno\/avstro-ogrska-protipribezniska-os\/\",\"name\":\"\u00bbAvstro-ogrska\u00ab protipribe\u017eni\u0161ka os - Hudo Slovenija\",\"isPartOf\":{\"@id\":\"https:\/\/hudo.com\/si\/#website\"},\"datePublished\":\"2018-01-30T16:05:00+00:00\",\"dateModified\":\"2018-01-30T16:05:00+00:00\",\"breadcrumb\":{\"@id\":\"https:\/\/hudo.com\/si\/aktualno\/avstro-ogrska-protipribezniska-os\/#breadcrumb\"},\"inLanguage\":\"sl-SI\",\"potentialAction\":[{\"@type\":\"ReadAction\",\"target\":[\"https:\/\/hudo.com\/si\/aktualno\/avstro-ogrska-protipribezniska-os\/\"]}]},{\"@type\":\"BreadcrumbList\",\"@id\":\"https:\/\/hudo.com\/si\/aktualno\/avstro-ogrska-protipribezniska-os\/#breadcrumb\",\"itemListElement\":[{\"@type\":\"ListItem\",\"position\":1,\"name\":\"Home\",\"item\":\"https:\/\/hudo.com\/si\/\"},{\"@type\":\"ListItem\",\"position\":2,\"name\":\"\u00bbAvstro-ogrska\u00ab protipribe\u017eni\u0161ka os\"}]},{\"@type\":\"WebSite\",\"@id\":\"https:\/\/hudo.com\/si\/#website\",\"url\":\"https:\/\/hudo.com\/si\/\",\"name\":\"Hudo Slovenija\",\"description\":\"Vse novice iz Slovenije in sveta\",\"publisher\":{\"@id\":\"https:\/\/hudo.com\/si\/#organization\"},\"potentialAction\":[{\"@type\":\"SearchAction\",\"target\":{\"@type\":\"EntryPoint\",\"urlTemplate\":\"https:\/\/hudo.com\/si\/?s={search_term_string}\"},\"query-input\":\"required name=search_term_string\"}],\"inLanguage\":\"sl-SI\"},{\"@type\":\"Organization\",\"@id\":\"https:\/\/hudo.com\/si\/#organization\",\"name\":\"VSN Media\",\"url\":\"https:\/\/hudo.com\/si\/\",\"logo\":{\"@type\":\"ImageObject\",\"inLanguage\":\"sl-SI\",\"@id\":\"https:\/\/hudo.com\/si\/#\/schema\/logo\/image\/\",\"url\":\"https:\/\/hudo.com\/si\/wp-content\/uploads\/sites\/2\/2021\/03\/hudo-app-2.png\",\"contentUrl\":\"https:\/\/hudo.com\/si\/wp-content\/uploads\/sites\/2\/2021\/03\/hudo-app-2.png\",\"width\":2185,\"height\":2167,\"caption\":\"VSN Media\"},\"image\":{\"@id\":\"https:\/\/hudo.com\/si\/#\/schema\/logo\/image\/\"},\"sameAs\":[\"https:\/\/www.facebook.com\/hudo.si\",\"https:\/\/twitter.com\/hudo_si\"]},{\"@type\":\"Person\",\"@id\":\"https:\/\/hudo.com\/si\/#\/schema\/person\/601cf3379633985b20f7e50f2bb47707\",\"name\":\"hudo\",\"image\":{\"@type\":\"ImageObject\",\"inLanguage\":\"sl-SI\",\"@id\":\"https:\/\/hudo.com\/si\/#\/schema\/person\/image\/\",\"url\":\"https:\/\/secure.gravatar.com\/avatar\/c4ca25fa72cace7a696b52ff5db9e095?s=96&d=mm&r=g\",\"contentUrl\":\"https:\/\/secure.gravatar.com\/avatar\/c4ca25fa72cace7a696b52ff5db9e095?s=96&d=mm&r=g\",\"caption\":\"hudo\"},\"url\":\"https:\/\/hudo.com\/si\/author\/hudo\/\"}]}<\/script>\n<!-- \/ Yoast SEO plugin. -->","yoast_head_json":{"title":"\u00bbAvstro-ogrska\u00ab protipribe\u017eni\u0161ka os - Hudo Slovenija","robots":{"index":"index","follow":"follow","max-snippet":"max-snippet:-1","max-image-preview":"max-image-preview:large","max-video-preview":"max-video-preview:-1"},"canonical":"https:\/\/hudo.com\/si\/aktualno\/avstro-ogrska-protipribezniska-os\/","og_locale":"sl_SI","og_type":"article","og_title":"\u00bbAvstro-ogrska\u00ab protipribe\u017eni\u0161ka os - Hudo Slovenija","og_description":"Kategorija: Evropa Tue, 30 Jan 2018 18:05:00 +0100 Dunaj - \u00bbUstaviti moramo ilegalno migracijo, \u010de ho\u010demo zagotoviti varnost v Evropski uniji,\u00ab je danes po sre\u010danju z gostom, mad\u017earskim premierom Viktorjem Orb\u00e1nom, povedal avstrijski kancler Sebastian\u00ad Kurz. Orb\u00e1n se je strinjal z mladim strankarskim tovari\u0161em v Evropski ljudski stranki: \u00bbDanes je najve\u010dja gro\u017enja svetli prihodnosti srednje Evrope priseljevanje.\u00ab Oba predsednika vlade sta poudarila pomembnost varnosti zunanjih meja EU, gost iz Mad\u017earske je dejal, da lahko schengenski sporazum deluje le, \u010de so zunanje meje zaprte, notranje pa odprte. \u00bbZdaj bi hoteli zunanje odpreti, notranje pa zapreti,\u00ab je dejal Orb\u00e1n. Avstrijska opozicija je ostro kritizirala prihod mad\u017earskega premiera, kar je bil eden prvih mednarodnih obiskov po vzpostavitvi nove desni\u010darske vlade. \u00bbPoka\u017ei mi, kdo so tvoji prijatelji, pa ti povem, kdo si,\u00ab je to, kaj za novo avstrijsko vlado, v kateri sedijo tudi\u00a0...","og_url":"https:\/\/hudo.com\/si\/aktualno\/avstro-ogrska-protipribezniska-os\/","og_site_name":"Hudo Slovenija","article_publisher":"https:\/\/www.facebook.com\/hudo.si","article_published_time":"2018-01-30T16:05:00+00:00","og_image":[{"width":480,"height":290,"url":"https:\/\/hudo.com\/si\/wp-content\/uploads\/sites\/2\/2018\/01\/480x290_AFP_Photo-20180130150737-46084000.jpeg","type":"image\/jpeg"}],"author":"hudo","twitter_card":"summary_large_image","twitter_creator":"@hudo_si","twitter_site":"@hudo_si","twitter_misc":{"Written by":"hudo","Est. reading time":"1 minuta"},"schema":{"@context":"https:\/\/schema.org","@graph":[{"@type":"Article","@id":"https:\/\/hudo.com\/si\/aktualno\/avstro-ogrska-protipribezniska-os\/#article","isPartOf":{"@id":"https:\/\/hudo.com\/si\/aktualno\/avstro-ogrska-protipribezniska-os\/"},"author":{"name":"hudo","@id":"https:\/\/hudo.com\/si\/#\/schema\/person\/601cf3379633985b20f7e50f2bb47707"},"headline":"\u00bbAvstro-ogrska\u00ab protipribe\u017eni\u0161ka os","datePublished":"2018-01-30T16:05:00+00:00","dateModified":"2018-01-30T16:05:00+00:00","mainEntityOfPage":{"@id":"https:\/\/hudo.com\/si\/aktualno\/avstro-ogrska-protipribezniska-os\/"},"wordCount":153,"publisher":{"@id":"https:\/\/hudo.com\/si\/#organization"},"articleSection":["Aktualno"],"inLanguage":"sl-SI"},{"@type":"WebPage","@id":"https:\/\/hudo.com\/si\/aktualno\/avstro-ogrska-protipribezniska-os\/","url":"https:\/\/hudo.com\/si\/aktualno\/avstro-ogrska-protipribezniska-os\/","name":"\u00bbAvstro-ogrska\u00ab protipribe\u017eni\u0161ka os - Hudo Slovenija","isPartOf":{"@id":"https:\/\/hudo.com\/si\/#website"},"datePublished":"2018-01-30T16:05:00+00:00","dateModified":"2018-01-30T16:05:00+00:00","breadcrumb":{"@id":"https:\/\/hudo.com\/si\/aktualno\/avstro-ogrska-protipribezniska-os\/#breadcrumb"},"inLanguage":"sl-SI","potentialAction":[{"@type":"ReadAction","target":["https:\/\/hudo.com\/si\/aktualno\/avstro-ogrska-protipribezniska-os\/"]}]},{"@type":"BreadcrumbList","@id":"https:\/\/hudo.com\/si\/aktualno\/avstro-ogrska-protipribezniska-os\/#breadcrumb","itemListElement":[{"@type":"ListItem","position":1,"name":"Home","item":"https:\/\/hudo.com\/si\/"},{"@type":"ListItem","position":2,"name":"\u00bbAvstro-ogrska\u00ab protipribe\u017eni\u0161ka os"}]},{"@type":"WebSite","@id":"https:\/\/hudo.com\/si\/#website","url":"https:\/\/hudo.com\/si\/","name":"Hudo Slovenija","description":"Vse novice iz Slovenije in sveta","publisher":{"@id":"https:\/\/hudo.com\/si\/#organization"},"potentialAction":[{"@type":"SearchAction","target":{"@type":"EntryPoint","urlTemplate":"https:\/\/hudo.com\/si\/?s={search_term_string}"},"query-input":"required name=search_term_string"}],"inLanguage":"sl-SI"},{"@type":"Organization","@id":"https:\/\/hudo.com\/si\/#organization","name":"VSN Media","url":"https:\/\/hudo.com\/si\/","logo":{"@type":"ImageObject","inLanguage":"sl-SI","@id":"https:\/\/hudo.com\/si\/#\/schema\/logo\/image\/","url":"https:\/\/hudo.com\/si\/wp-content\/uploads\/sites\/2\/2021\/03\/hudo-app-2.png","contentUrl":"https:\/\/hudo.com\/si\/wp-content\/uploads\/sites\/2\/2021\/03\/hudo-app-2.png","width":2185,"height":2167,"caption":"VSN Media"},"image":{"@id":"https:\/\/hudo.com\/si\/#\/schema\/logo\/image\/"},"sameAs":["https:\/\/www.facebook.com\/hudo.si","https:\/\/twitter.com\/hudo_si"]},{"@type":"Person","@id":"https:\/\/hudo.com\/si\/#\/schema\/person\/601cf3379633985b20f7e50f2bb47707","name":"hudo","image":{"@type":"ImageObject","inLanguage":"sl-SI","@id":"https:\/\/hudo.com\/si\/#\/schema\/person\/image\/","url":"https:\/\/secure.gravatar.com\/avatar\/c4ca25fa72cace7a696b52ff5db9e095?s=96&d=mm&r=g","contentUrl":"https:\/\/secure.gravatar.com\/avatar\/c4ca25fa72cace7a696b52ff5db9e095?s=96&d=mm&r=g","caption":"hudo"},"url":"https:\/\/hudo.com\/si\/author\/hudo\/"}]}},"amp_enabled":true,"_links":{"self":[{"href":"https:\/\/hudo.com\/si\/wp-json\/wp\/v2\/posts\/355999"}],"collection":[{"href":"https:\/\/hudo.com\/si\/wp-json\/wp\/v2\/posts"}],"about":[{"href":"https:\/\/hudo.com\/si\/wp-json\/wp\/v2\/types\/post"}],"author":[{"embeddable":true,"href":"https:\/\/hudo.com\/si\/wp-json\/wp\/v2\/users\/1"}],"replies":[{"embeddable":true,"href":"https:\/\/hudo.com\/si\/wp-json\/wp\/v2\/comments?post=355999"}],"version-history":[{"count":0,"href":"https:\/\/hudo.com\/si\/wp-json\/wp\/v2\/posts\/355999\/revisions"}],"wp:attachment":[{"href":"https:\/\/hudo.com\/si\/wp-json\/wp\/v2\/media?parent=355999"}],"wp:term":[{"taxonomy":"category","embeddable":true,"href":"https:\/\/hudo.com\/si\/wp-json\/wp\/v2\/categories?post=355999"},{"taxonomy":"post_tag","embeddable":true,"href":"https:\/\/hudo.com\/si\/wp-json\/wp\/v2\/tags?post=355999"},{"taxonomy":"source","embeddable":true,"href":"https:\/\/hudo.com\/si\/wp-json\/wp\/v2\/source?post=355999"},{"taxonomy":"supertag","embeddable":true,"href":"https:\/\/hudo.com\/si\/wp-json\/wp\/v2\/supertag?post=355999"}],"curies":[{"name":"wp","href":"https:\/\/api.w.org\/{rel}","templated":true}]}}