{"id":357599,"date":"2018-02-04T13:19:43","date_gmt":"2018-02-04T12:19:43","guid":{"rendered":"http:\/\/hudo.com\/si\/?p=357599"},"modified":"2018-02-04T13:19:43","modified_gmt":"2018-02-04T12:19:43","slug":"tajski-koralni-grebeni-zaradi-turizma-ze-v-kriticnem-stanju","status":"publish","type":"post","link":"https:\/\/hudo.com\/si\/aktualno\/tajski-koralni-grebeni-zaradi-turizma-ze-v-kriticnem-stanju\/","title":{"rendered":"Tajski koralni grebeni zaradi turizma \u017ee v kriti\u010dnem stanju"},"content":{"rendered":"<div class=\"text\">\n<p>Prodekan na Fakulteti za ribi\u0161tvo Univerze Kasetsart v Bangkoku je za nem\u0161ko tiskovno agencijo dpa pojasnil, da se stanje koralnih grebenov zelo hitro poslab\u0161uje, saj jih je danes uni\u010denih \u017ee 30 odstotkov ve\u010d kot pred desetletjem.<\/p>\n<p>Thon je kot glavnega uni\u010devalca koralnih grebenov izpostavil onesna\u017eeno vodo iz obmorskih hotelov, med ostalimi dejavniki pa je na\u0161tel \u0161e plasti\u010dne odpadke ter \u0161kodo, ki jo povzro\u010dajo ladijska sidra.<\/p>\n<p>Opazno izginjanje koralnih grebenov in \u0161koda, ki je bila povzro\u010dena v zadnjih letih, je po poro\u010danju dpa privedla do za\u010dasnega zaprtja nekaterih popularnih pla\u017e in otokov, s \u010dimer \u017eelijo Tajci morskemu \u017eivljenju omogo\u010diti okrevanje. Med drugim bodo med junijem in septembrom prvi\u010d v zgodovini za turiste zaprli pla\u017eo Maya Bay, kjer so posneli hollywoodsko uspe\u0161nico Obala iz leta 2000.<\/p>\n<p>Za\u010dasno zaprtje sicer po Thonovih besedah lahko pomaga samo do dolo\u010dene mere. Po njegovi oceni bi bila idealna re\u0161itev stalno zaprtje nekaterih turisti\u010dnih biserov, a to ni mogo\u010de zaradi odvisnosti dr\u017eave od panoge. Prihodki iz naslova turizma po poro\u010danju dpa nanesejo ve\u010d kot 20 odstotkov tajskega bruto doma\u010dega proizvoda.<\/p>\n<p>Turizem tudi na Tajskem bele\u017ei konstantno rast. Leta 2016 so zabele\u017eili 32 milijonov turistov, lani 35 milijonov, letos pa jih pri\u010dakujejo 38 milijonov. Hitra rast panoge je spro\u017eila zaskrbljenost zaradi okoljske \u0161kode in trajne naravnanosti turisti\u010dne panoge.<\/p>\n<\/div>\n","protected":false},"excerpt":{"rendered":"<p>\u0160koda na koralnih grebenih v znanih tajskih letovi\u0161\u010dih je \u017ee dosegla kriti\u010dno raven. Morski ekolog Thon Thamrongnawasawat iz bangko\u0161ke fakultete za ribi\u0161tvo je ocenil, da je 77 odstotkov od skupaj 238,4 kvadratnih kilometrov koralnih grebenov v tajskih vodah uni\u010denih. Tajska jih bo posku\u0161ala re\u0161iti tudi z za\u010dasnim zapiranjem priljubljenih pla\u017e.<\/p>\n","protected":false},"author":5,"featured_media":357600,"comment_status":"closed","ping_status":"closed","sticky":false,"template":"","format":"standard","meta":{"footnotes":""},"categories":[1179],"tags":[5017,2183,1917],"source":[4511],"supertag":[7541],"acf":[],"yoast_head":"<!-- This site is optimized with the Yoast SEO plugin v21.3 - https:\/\/yoast.com\/wordpress\/plugins\/seo\/ -->\n<title>Tajski koralni grebeni zaradi turizma \u017ee v kriti\u010dnem stanju - Hudo Slovenija<\/title>\n<meta name=\"robots\" content=\"index, follow, max-snippet:-1, max-image-preview:large, max-video-preview:-1\" \/>\n<link rel=\"canonical\" href=\"https:\/\/hudo.com\/si\/aktualno\/tajski-koralni-grebeni-zaradi-turizma-ze-v-kriticnem-stanju\/\" \/>\n<meta property=\"og:locale\" content=\"sl_SI\" \/>\n<meta property=\"og:type\" content=\"article\" \/>\n<meta property=\"og:title\" content=\"Tajski koralni grebeni zaradi turizma \u017ee v kriti\u010dnem stanju - Hudo Slovenija\" \/>\n<meta property=\"og:description\" content=\"\u0160koda na koralnih grebenih v znanih tajskih letovi\u0161\u010dih je \u017ee dosegla kriti\u010dno raven. Morski ekolog Thon Thamrongnawasawat iz bangko\u0161ke fakultete za ribi\u0161tvo je ocenil, da je 77 odstotkov od skupaj 238,4 kvadratnih kilometrov koralnih grebenov v tajskih vodah uni\u010denih. Tajska jih bo posku\u0161ala re\u0161iti tudi z za\u010dasnim zapiranjem priljubljenih pla\u017e.\" \/>\n<meta property=\"og:url\" content=\"https:\/\/hudo.com\/si\/aktualno\/tajski-koralni-grebeni-zaradi-turizma-ze-v-kriticnem-stanju\/\" \/>\n<meta property=\"og:site_name\" content=\"Hudo Slovenija\" \/>\n<meta property=\"article:publisher\" content=\"https:\/\/www.facebook.com\/hudo.si\" \/>\n<meta property=\"article:published_time\" content=\"2018-02-04T12:19:43+00:00\" \/>\n<meta property=\"og:image\" content=\"https:\/\/hudo.com\/si\/wp-content\/uploads\/sites\/2\/2018\/02\/profimedia-0120844853.jpg\" \/>\n\t<meta property=\"og:image:width\" content=\"1250\" \/>\n\t<meta property=\"og:image:height\" content=\"832\" \/>\n\t<meta property=\"og:image:type\" content=\"image\/jpeg\" \/>\n<meta name=\"author\" content=\"A. G., STA\" \/>\n<meta name=\"twitter:card\" content=\"summary_large_image\" \/>\n<meta name=\"twitter:creator\" content=\"@hudo_si\" \/>\n<meta name=\"twitter:site\" content=\"@hudo_si\" \/>\n<meta name=\"twitter:label1\" content=\"Written by\" \/>\n\t<meta name=\"twitter:data1\" content=\"A. G., STA\" \/>\n\t<meta name=\"twitter:label2\" content=\"Est. reading time\" \/>\n\t<meta name=\"twitter:data2\" content=\"1 minuta\" \/>\n<script type=\"application\/ld+json\" class=\"yoast-schema-graph\">{\"@context\":\"https:\/\/schema.org\",\"@graph\":[{\"@type\":\"Article\",\"@id\":\"https:\/\/hudo.com\/si\/aktualno\/tajski-koralni-grebeni-zaradi-turizma-ze-v-kriticnem-stanju\/#article\",\"isPartOf\":{\"@id\":\"https:\/\/hudo.com\/si\/aktualno\/tajski-koralni-grebeni-zaradi-turizma-ze-v-kriticnem-stanju\/\"},\"author\":{\"name\":\"A. G., STA\",\"@id\":\"https:\/\/hudo.com\/si\/#\/schema\/person\/2391667a63ea075ba94f2f2dc6b77537\"},\"headline\":\"Tajski koralni grebeni zaradi turizma \u017ee v kriti\u010dnem stanju\",\"datePublished\":\"2018-02-04T12:19:43+00:00\",\"dateModified\":\"2018-02-04T12:19:43+00:00\",\"mainEntityOfPage\":{\"@id\":\"https:\/\/hudo.com\/si\/aktualno\/tajski-koralni-grebeni-zaradi-turizma-ze-v-kriticnem-stanju\/\"},\"wordCount\":241,\"publisher\":{\"@id\":\"https:\/\/hudo.com\/si\/#organization\"},\"keywords\":[\"koralni greben\",\"Tajska\",\"turizem\"],\"articleSection\":[\"Aktualno\"],\"inLanguage\":\"sl-SI\"},{\"@type\":\"WebPage\",\"@id\":\"https:\/\/hudo.com\/si\/aktualno\/tajski-koralni-grebeni-zaradi-turizma-ze-v-kriticnem-stanju\/\",\"url\":\"https:\/\/hudo.com\/si\/aktualno\/tajski-koralni-grebeni-zaradi-turizma-ze-v-kriticnem-stanju\/\",\"name\":\"Tajski koralni grebeni zaradi turizma \u017ee v kriti\u010dnem stanju - Hudo Slovenija\",\"isPartOf\":{\"@id\":\"https:\/\/hudo.com\/si\/#website\"},\"datePublished\":\"2018-02-04T12:19:43+00:00\",\"dateModified\":\"2018-02-04T12:19:43+00:00\",\"breadcrumb\":{\"@id\":\"https:\/\/hudo.com\/si\/aktualno\/tajski-koralni-grebeni-zaradi-turizma-ze-v-kriticnem-stanju\/#breadcrumb\"},\"inLanguage\":\"sl-SI\",\"potentialAction\":[{\"@type\":\"ReadAction\",\"target\":[\"https:\/\/hudo.com\/si\/aktualno\/tajski-koralni-grebeni-zaradi-turizma-ze-v-kriticnem-stanju\/\"]}]},{\"@type\":\"BreadcrumbList\",\"@id\":\"https:\/\/hudo.com\/si\/aktualno\/tajski-koralni-grebeni-zaradi-turizma-ze-v-kriticnem-stanju\/#breadcrumb\",\"itemListElement\":[{\"@type\":\"ListItem\",\"position\":1,\"name\":\"Home\",\"item\":\"https:\/\/hudo.com\/si\/\"},{\"@type\":\"ListItem\",\"position\":2,\"name\":\"Tajski koralni grebeni zaradi turizma \u017ee v kriti\u010dnem stanju\"}]},{\"@type\":\"WebSite\",\"@id\":\"https:\/\/hudo.com\/si\/#website\",\"url\":\"https:\/\/hudo.com\/si\/\",\"name\":\"Hudo Slovenija\",\"description\":\"Vse novice iz Slovenije in sveta\",\"publisher\":{\"@id\":\"https:\/\/hudo.com\/si\/#organization\"},\"potentialAction\":[{\"@type\":\"SearchAction\",\"target\":{\"@type\":\"EntryPoint\",\"urlTemplate\":\"https:\/\/hudo.com\/si\/?s={search_term_string}\"},\"query-input\":\"required name=search_term_string\"}],\"inLanguage\":\"sl-SI\"},{\"@type\":\"Organization\",\"@id\":\"https:\/\/hudo.com\/si\/#organization\",\"name\":\"VSN Media\",\"url\":\"https:\/\/hudo.com\/si\/\",\"logo\":{\"@type\":\"ImageObject\",\"inLanguage\":\"sl-SI\",\"@id\":\"https:\/\/hudo.com\/si\/#\/schema\/logo\/image\/\",\"url\":\"https:\/\/hudo.com\/si\/wp-content\/uploads\/sites\/2\/2021\/03\/hudo-app-2.png\",\"contentUrl\":\"https:\/\/hudo.com\/si\/wp-content\/uploads\/sites\/2\/2021\/03\/hudo-app-2.png\",\"width\":2185,\"height\":2167,\"caption\":\"VSN Media\"},\"image\":{\"@id\":\"https:\/\/hudo.com\/si\/#\/schema\/logo\/image\/\"},\"sameAs\":[\"https:\/\/www.facebook.com\/hudo.si\",\"https:\/\/twitter.com\/hudo_si\"]},{\"@type\":\"Person\",\"@id\":\"https:\/\/hudo.com\/si\/#\/schema\/person\/2391667a63ea075ba94f2f2dc6b77537\",\"name\":\"A. G., STA\",\"image\":{\"@type\":\"ImageObject\",\"inLanguage\":\"sl-SI\",\"@id\":\"https:\/\/hudo.com\/si\/#\/schema\/person\/image\/\",\"url\":\"https:\/\/secure.gravatar.com\/avatar\/e13d22ac3e442658d5025fbbe6238a79?s=96&d=mm&r=g\",\"contentUrl\":\"https:\/\/secure.gravatar.com\/avatar\/e13d22ac3e442658d5025fbbe6238a79?s=96&d=mm&r=g\",\"caption\":\"A. G., STA\"},\"url\":\"https:\/\/hudo.com\/si\/author\/alenka\/\"}]}<\/script>\n<!-- \/ Yoast SEO plugin. -->","yoast_head_json":{"title":"Tajski koralni grebeni zaradi turizma \u017ee v kriti\u010dnem stanju - Hudo Slovenija","robots":{"index":"index","follow":"follow","max-snippet":"max-snippet:-1","max-image-preview":"max-image-preview:large","max-video-preview":"max-video-preview:-1"},"canonical":"https:\/\/hudo.com\/si\/aktualno\/tajski-koralni-grebeni-zaradi-turizma-ze-v-kriticnem-stanju\/","og_locale":"sl_SI","og_type":"article","og_title":"Tajski koralni grebeni zaradi turizma \u017ee v kriti\u010dnem stanju - Hudo Slovenija","og_description":"\u0160koda na koralnih grebenih v znanih tajskih letovi\u0161\u010dih je \u017ee dosegla kriti\u010dno raven. Morski ekolog Thon Thamrongnawasawat iz bangko\u0161ke fakultete za ribi\u0161tvo je ocenil, da je 77 odstotkov od skupaj 238,4 kvadratnih kilometrov koralnih grebenov v tajskih vodah uni\u010denih. Tajska jih bo posku\u0161ala re\u0161iti tudi z za\u010dasnim zapiranjem priljubljenih pla\u017e.","og_url":"https:\/\/hudo.com\/si\/aktualno\/tajski-koralni-grebeni-zaradi-turizma-ze-v-kriticnem-stanju\/","og_site_name":"Hudo Slovenija","article_publisher":"https:\/\/www.facebook.com\/hudo.si","article_published_time":"2018-02-04T12:19:43+00:00","og_image":[{"width":1250,"height":832,"url":"https:\/\/hudo.com\/si\/wp-content\/uploads\/sites\/2\/2018\/02\/profimedia-0120844853.jpg","type":"image\/jpeg"}],"author":"A. G., STA","twitter_card":"summary_large_image","twitter_creator":"@hudo_si","twitter_site":"@hudo_si","twitter_misc":{"Written by":"A. G., STA","Est. reading time":"1 minuta"},"schema":{"@context":"https:\/\/schema.org","@graph":[{"@type":"Article","@id":"https:\/\/hudo.com\/si\/aktualno\/tajski-koralni-grebeni-zaradi-turizma-ze-v-kriticnem-stanju\/#article","isPartOf":{"@id":"https:\/\/hudo.com\/si\/aktualno\/tajski-koralni-grebeni-zaradi-turizma-ze-v-kriticnem-stanju\/"},"author":{"name":"A. G., STA","@id":"https:\/\/hudo.com\/si\/#\/schema\/person\/2391667a63ea075ba94f2f2dc6b77537"},"headline":"Tajski koralni grebeni zaradi turizma \u017ee v kriti\u010dnem stanju","datePublished":"2018-02-04T12:19:43+00:00","dateModified":"2018-02-04T12:19:43+00:00","mainEntityOfPage":{"@id":"https:\/\/hudo.com\/si\/aktualno\/tajski-koralni-grebeni-zaradi-turizma-ze-v-kriticnem-stanju\/"},"wordCount":241,"publisher":{"@id":"https:\/\/hudo.com\/si\/#organization"},"keywords":["koralni greben","Tajska","turizem"],"articleSection":["Aktualno"],"inLanguage":"sl-SI"},{"@type":"WebPage","@id":"https:\/\/hudo.com\/si\/aktualno\/tajski-koralni-grebeni-zaradi-turizma-ze-v-kriticnem-stanju\/","url":"https:\/\/hudo.com\/si\/aktualno\/tajski-koralni-grebeni-zaradi-turizma-ze-v-kriticnem-stanju\/","name":"Tajski koralni grebeni zaradi turizma \u017ee v kriti\u010dnem stanju - Hudo Slovenija","isPartOf":{"@id":"https:\/\/hudo.com\/si\/#website"},"datePublished":"2018-02-04T12:19:43+00:00","dateModified":"2018-02-04T12:19:43+00:00","breadcrumb":{"@id":"https:\/\/hudo.com\/si\/aktualno\/tajski-koralni-grebeni-zaradi-turizma-ze-v-kriticnem-stanju\/#breadcrumb"},"inLanguage":"sl-SI","potentialAction":[{"@type":"ReadAction","target":["https:\/\/hudo.com\/si\/aktualno\/tajski-koralni-grebeni-zaradi-turizma-ze-v-kriticnem-stanju\/"]}]},{"@type":"BreadcrumbList","@id":"https:\/\/hudo.com\/si\/aktualno\/tajski-koralni-grebeni-zaradi-turizma-ze-v-kriticnem-stanju\/#breadcrumb","itemListElement":[{"@type":"ListItem","position":1,"name":"Home","item":"https:\/\/hudo.com\/si\/"},{"@type":"ListItem","position":2,"name":"Tajski koralni grebeni zaradi turizma \u017ee v kriti\u010dnem stanju"}]},{"@type":"WebSite","@id":"https:\/\/hudo.com\/si\/#website","url":"https:\/\/hudo.com\/si\/","name":"Hudo Slovenija","description":"Vse novice iz Slovenije in sveta","publisher":{"@id":"https:\/\/hudo.com\/si\/#organization"},"potentialAction":[{"@type":"SearchAction","target":{"@type":"EntryPoint","urlTemplate":"https:\/\/hudo.com\/si\/?s={search_term_string}"},"query-input":"required name=search_term_string"}],"inLanguage":"sl-SI"},{"@type":"Organization","@id":"https:\/\/hudo.com\/si\/#organization","name":"VSN Media","url":"https:\/\/hudo.com\/si\/","logo":{"@type":"ImageObject","inLanguage":"sl-SI","@id":"https:\/\/hudo.com\/si\/#\/schema\/logo\/image\/","url":"https:\/\/hudo.com\/si\/wp-content\/uploads\/sites\/2\/2021\/03\/hudo-app-2.png","contentUrl":"https:\/\/hudo.com\/si\/wp-content\/uploads\/sites\/2\/2021\/03\/hudo-app-2.png","width":2185,"height":2167,"caption":"VSN Media"},"image":{"@id":"https:\/\/hudo.com\/si\/#\/schema\/logo\/image\/"},"sameAs":["https:\/\/www.facebook.com\/hudo.si","https:\/\/twitter.com\/hudo_si"]},{"@type":"Person","@id":"https:\/\/hudo.com\/si\/#\/schema\/person\/2391667a63ea075ba94f2f2dc6b77537","name":"A. G., STA","image":{"@type":"ImageObject","inLanguage":"sl-SI","@id":"https:\/\/hudo.com\/si\/#\/schema\/person\/image\/","url":"https:\/\/secure.gravatar.com\/avatar\/e13d22ac3e442658d5025fbbe6238a79?s=96&d=mm&r=g","contentUrl":"https:\/\/secure.gravatar.com\/avatar\/e13d22ac3e442658d5025fbbe6238a79?s=96&d=mm&r=g","caption":"A. G., STA"},"url":"https:\/\/hudo.com\/si\/author\/alenka\/"}]}},"amp_enabled":true,"_links":{"self":[{"href":"https:\/\/hudo.com\/si\/wp-json\/wp\/v2\/posts\/357599"}],"collection":[{"href":"https:\/\/hudo.com\/si\/wp-json\/wp\/v2\/posts"}],"about":[{"href":"https:\/\/hudo.com\/si\/wp-json\/wp\/v2\/types\/post"}],"author":[{"embeddable":true,"href":"https:\/\/hudo.com\/si\/wp-json\/wp\/v2\/users\/5"}],"replies":[{"embeddable":true,"href":"https:\/\/hudo.com\/si\/wp-json\/wp\/v2\/comments?post=357599"}],"version-history":[{"count":1,"href":"https:\/\/hudo.com\/si\/wp-json\/wp\/v2\/posts\/357599\/revisions"}],"predecessor-version":[{"id":357601,"href":"https:\/\/hudo.com\/si\/wp-json\/wp\/v2\/posts\/357599\/revisions\/357601"}],"wp:featuredmedia":[{"embeddable":true,"href":"https:\/\/hudo.com\/si\/wp-json\/wp\/v2\/media\/357600"}],"wp:attachment":[{"href":"https:\/\/hudo.com\/si\/wp-json\/wp\/v2\/media?parent=357599"}],"wp:term":[{"taxonomy":"category","embeddable":true,"href":"https:\/\/hudo.com\/si\/wp-json\/wp\/v2\/categories?post=357599"},{"taxonomy":"post_tag","embeddable":true,"href":"https:\/\/hudo.com\/si\/wp-json\/wp\/v2\/tags?post=357599"},{"taxonomy":"source","embeddable":true,"href":"https:\/\/hudo.com\/si\/wp-json\/wp\/v2\/source?post=357599"},{"taxonomy":"supertag","embeddable":true,"href":"https:\/\/hudo.com\/si\/wp-json\/wp\/v2\/supertag?post=357599"}],"curies":[{"name":"wp","href":"https:\/\/api.w.org\/{rel}","templated":true}]}}