{"id":357660,"date":"2018-02-04T13:49:00","date_gmt":"2018-02-04T12:49:00","guid":{"rendered":"https:\/\/hudo.com\/si\/2018\/02\/04\/slovenski-ribici-prvic-s-hrvaskim-odvetnikom\/"},"modified":"2018-02-04T13:49:00","modified_gmt":"2018-02-04T12:49:00","slug":"slovenski-ribici-prvic-s-hrvaskim-odvetnikom","status":"publish","type":"post","link":"https:\/\/hudo.com\/si\/aktualno\/slovenski-ribici-prvic-s-hrvaskim-odvetnikom\/","title":{"rendered":"Slovenski ribi\u010di prvi\u010d s hrva\u0161kim odvetnikom"},"content":{"rendered":"<p>Kategorija: Slovenija Sun, 04 Feb 2018 14:49:00 +0100  Koper \u2013 Slovenski ribi\u010di so se danes v Kopru prvi\u010d sre\u010dali s hrva\u0161kim odvetnikom Ivico Senjakom, ki so mu predali pooblastila, da jih bo na Hrva\u0161kem zastopal glede hrva\u0161kih kazni zaradi pre\u010dkanja sredinske \u010drte v Piranskem zalivu. Pooblastila mu je predalo pet ribi\u010dev, ki so skupaj prejeli 12 kazni, prito\u017ebe pa bo vlo\u017eil v torek in sredo. Tri kazni je prejelo podjetje oziroma pravna oseba, \u0161e tri kazni pa odgovorna oseba tega podjetja. Gre za podjetje ribi\u010da Silvana Radina, ki je po telefonu za STA pojasnil, da vsaka kazen za podjetje kot pravno osebo zna\u0161a 10.000 hrva\u0161kih kun, kazni, ki jih je prejel kot odgovorna oseba, pa po 5000 kun. Senjak je ob tem za STA povedal, da so kazni prejeli \u0161e \u0161tirje ribi\u010di, ki pa so fizi\u010dne osebe. Dva sta prejela\u00a0&#8230;<\/p>\n","protected":false},"excerpt":{"rendered":"<p>Kategorija: Slovenija Sun, 04 Feb 2018 14:49:00 +0100  Koper \u2013 Slovenski ribi\u010di so se danes v Kopru prvi\u010d sre\u010dali s hrva\u0161kim odvetnikom Ivico Senjakom, ki so mu predali pooblastila, da jih bo na Hrva\u0161kem zastopal glede hrva\u0161kih kazni zaradi pre\u010dkanja sredinske \u010drte v Piranskem zalivu. Pooblastila mu je predalo pet ribi\u010dev, ki so skupaj prejeli 12 kazni, prito\u017ebe pa bo vlo\u017eil v torek in sredo. Tri kazni je prejelo podjetje oziroma pravna oseba, \u0161e tri kazni pa odgovorna oseba tega podjetja. Gre za podjetje ribi\u010da Silvana Radina, ki je po telefonu za STA pojasnil, da vsaka kazen za podjetje kot pravno osebo zna\u0161a 10.000 hrva\u0161kih kun, kazni, ki jih je prejel kot odgovorna oseba, pa po 5000 kun. Senjak je ob tem za STA povedal, da so kazni prejeli \u0161e \u0161tirje ribi\u010di, ki pa so fizi\u010dne osebe. Dva sta prejela\u00a0&#8230;<\/p>\n","protected":false},"author":1,"featured_media":0,"comment_status":"closed","ping_status":"closed","sticky":false,"template":"","format":"standard","meta":{"footnotes":""},"categories":[1179],"tags":[],"source":[1703],"supertag":[],"acf":[],"yoast_head":"<!-- This site is optimized with the Yoast SEO plugin v21.3 - https:\/\/yoast.com\/wordpress\/plugins\/seo\/ -->\n<title>Slovenski ribi\u010di prvi\u010d s hrva\u0161kim odvetnikom - Hudo Slovenija<\/title>\n<meta name=\"robots\" content=\"index, follow, max-snippet:-1, max-image-preview:large, max-video-preview:-1\" \/>\n<link rel=\"canonical\" href=\"https:\/\/hudo.com\/si\/aktualno\/slovenski-ribici-prvic-s-hrvaskim-odvetnikom\/\" \/>\n<meta property=\"og:locale\" content=\"sl_SI\" \/>\n<meta property=\"og:type\" content=\"article\" \/>\n<meta property=\"og:title\" content=\"Slovenski ribi\u010di prvi\u010d s hrva\u0161kim odvetnikom - Hudo Slovenija\" \/>\n<meta property=\"og:description\" content=\"Kategorija: Slovenija Sun, 04 Feb 2018 14:49:00 +0100 Koper \u2013 Slovenski ribi\u010di so se danes v Kopru prvi\u010d sre\u010dali s hrva\u0161kim odvetnikom Ivico Senjakom, ki so mu predali pooblastila, da jih bo na Hrva\u0161kem zastopal glede hrva\u0161kih kazni zaradi pre\u010dkanja sredinske \u010drte v Piranskem zalivu. Pooblastila mu je predalo pet ribi\u010dev, ki so skupaj prejeli 12 kazni, prito\u017ebe pa bo vlo\u017eil v torek in sredo. Tri kazni je prejelo podjetje oziroma pravna oseba, \u0161e tri kazni pa odgovorna oseba tega podjetja. Gre za podjetje ribi\u010da Silvana Radina, ki je po telefonu za STA pojasnil, da vsaka kazen za podjetje kot pravno osebo zna\u0161a 10.000 hrva\u0161kih kun, kazni, ki jih je prejel kot odgovorna oseba, pa po 5000 kun. Senjak je ob tem za STA povedal, da so kazni prejeli \u0161e \u0161tirje ribi\u010di, ki pa so fizi\u010dne osebe. Dva sta prejela\u00a0...\" \/>\n<meta property=\"og:url\" content=\"https:\/\/hudo.com\/si\/aktualno\/slovenski-ribici-prvic-s-hrvaskim-odvetnikom\/\" \/>\n<meta property=\"og:site_name\" content=\"Hudo Slovenija\" \/>\n<meta property=\"article:publisher\" content=\"https:\/\/www.facebook.com\/hudo.si\" \/>\n<meta property=\"article:published_time\" content=\"2018-02-04T12:49:00+00:00\" \/>\n<meta property=\"og:image\" content=\"https:\/\/hudo.com\/si\/wp-content\/uploads\/sites\/2\/2018\/02\/480x290_piran.jpeg\" \/>\n\t<meta property=\"og:image:width\" content=\"480\" \/>\n\t<meta property=\"og:image:height\" content=\"290\" \/>\n\t<meta property=\"og:image:type\" content=\"image\/jpeg\" \/>\n<meta name=\"author\" content=\"hudo\" \/>\n<meta name=\"twitter:card\" content=\"summary_large_image\" \/>\n<meta name=\"twitter:creator\" content=\"@hudo_si\" \/>\n<meta name=\"twitter:site\" content=\"@hudo_si\" \/>\n<meta name=\"twitter:label1\" content=\"Written by\" \/>\n\t<meta name=\"twitter:data1\" content=\"hudo\" \/>\n\t<meta name=\"twitter:label2\" content=\"Est. reading time\" \/>\n\t<meta name=\"twitter:data2\" content=\"1 minuta\" \/>\n<script type=\"application\/ld+json\" class=\"yoast-schema-graph\">{\"@context\":\"https:\/\/schema.org\",\"@graph\":[{\"@type\":\"Article\",\"@id\":\"https:\/\/hudo.com\/si\/aktualno\/slovenski-ribici-prvic-s-hrvaskim-odvetnikom\/#article\",\"isPartOf\":{\"@id\":\"https:\/\/hudo.com\/si\/aktualno\/slovenski-ribici-prvic-s-hrvaskim-odvetnikom\/\"},\"author\":{\"name\":\"hudo\",\"@id\":\"https:\/\/hudo.com\/si\/#\/schema\/person\/601cf3379633985b20f7e50f2bb47707\"},\"headline\":\"Slovenski ribi\u010di prvi\u010d s hrva\u0161kim odvetnikom\",\"datePublished\":\"2018-02-04T12:49:00+00:00\",\"dateModified\":\"2018-02-04T12:49:00+00:00\",\"mainEntityOfPage\":{\"@id\":\"https:\/\/hudo.com\/si\/aktualno\/slovenski-ribici-prvic-s-hrvaskim-odvetnikom\/\"},\"wordCount\":154,\"publisher\":{\"@id\":\"https:\/\/hudo.com\/si\/#organization\"},\"articleSection\":[\"Aktualno\"],\"inLanguage\":\"sl-SI\"},{\"@type\":\"WebPage\",\"@id\":\"https:\/\/hudo.com\/si\/aktualno\/slovenski-ribici-prvic-s-hrvaskim-odvetnikom\/\",\"url\":\"https:\/\/hudo.com\/si\/aktualno\/slovenski-ribici-prvic-s-hrvaskim-odvetnikom\/\",\"name\":\"Slovenski ribi\u010di prvi\u010d s hrva\u0161kim odvetnikom - Hudo Slovenija\",\"isPartOf\":{\"@id\":\"https:\/\/hudo.com\/si\/#website\"},\"datePublished\":\"2018-02-04T12:49:00+00:00\",\"dateModified\":\"2018-02-04T12:49:00+00:00\",\"breadcrumb\":{\"@id\":\"https:\/\/hudo.com\/si\/aktualno\/slovenski-ribici-prvic-s-hrvaskim-odvetnikom\/#breadcrumb\"},\"inLanguage\":\"sl-SI\",\"potentialAction\":[{\"@type\":\"ReadAction\",\"target\":[\"https:\/\/hudo.com\/si\/aktualno\/slovenski-ribici-prvic-s-hrvaskim-odvetnikom\/\"]}]},{\"@type\":\"BreadcrumbList\",\"@id\":\"https:\/\/hudo.com\/si\/aktualno\/slovenski-ribici-prvic-s-hrvaskim-odvetnikom\/#breadcrumb\",\"itemListElement\":[{\"@type\":\"ListItem\",\"position\":1,\"name\":\"Home\",\"item\":\"https:\/\/hudo.com\/si\/\"},{\"@type\":\"ListItem\",\"position\":2,\"name\":\"Slovenski ribi\u010di prvi\u010d s hrva\u0161kim odvetnikom\"}]},{\"@type\":\"WebSite\",\"@id\":\"https:\/\/hudo.com\/si\/#website\",\"url\":\"https:\/\/hudo.com\/si\/\",\"name\":\"Hudo Slovenija\",\"description\":\"Vse novice iz Slovenije in sveta\",\"publisher\":{\"@id\":\"https:\/\/hudo.com\/si\/#organization\"},\"potentialAction\":[{\"@type\":\"SearchAction\",\"target\":{\"@type\":\"EntryPoint\",\"urlTemplate\":\"https:\/\/hudo.com\/si\/?s={search_term_string}\"},\"query-input\":\"required name=search_term_string\"}],\"inLanguage\":\"sl-SI\"},{\"@type\":\"Organization\",\"@id\":\"https:\/\/hudo.com\/si\/#organization\",\"name\":\"VSN Media\",\"url\":\"https:\/\/hudo.com\/si\/\",\"logo\":{\"@type\":\"ImageObject\",\"inLanguage\":\"sl-SI\",\"@id\":\"https:\/\/hudo.com\/si\/#\/schema\/logo\/image\/\",\"url\":\"https:\/\/hudo.com\/si\/wp-content\/uploads\/sites\/2\/2021\/03\/hudo-app-2.png\",\"contentUrl\":\"https:\/\/hudo.com\/si\/wp-content\/uploads\/sites\/2\/2021\/03\/hudo-app-2.png\",\"width\":2185,\"height\":2167,\"caption\":\"VSN Media\"},\"image\":{\"@id\":\"https:\/\/hudo.com\/si\/#\/schema\/logo\/image\/\"},\"sameAs\":[\"https:\/\/www.facebook.com\/hudo.si\",\"https:\/\/twitter.com\/hudo_si\"]},{\"@type\":\"Person\",\"@id\":\"https:\/\/hudo.com\/si\/#\/schema\/person\/601cf3379633985b20f7e50f2bb47707\",\"name\":\"hudo\",\"image\":{\"@type\":\"ImageObject\",\"inLanguage\":\"sl-SI\",\"@id\":\"https:\/\/hudo.com\/si\/#\/schema\/person\/image\/\",\"url\":\"https:\/\/secure.gravatar.com\/avatar\/c4ca25fa72cace7a696b52ff5db9e095?s=96&d=mm&r=g\",\"contentUrl\":\"https:\/\/secure.gravatar.com\/avatar\/c4ca25fa72cace7a696b52ff5db9e095?s=96&d=mm&r=g\",\"caption\":\"hudo\"},\"url\":\"https:\/\/hudo.com\/si\/author\/hudo\/\"}]}<\/script>\n<!-- \/ Yoast SEO plugin. -->","yoast_head_json":{"title":"Slovenski ribi\u010di prvi\u010d s hrva\u0161kim odvetnikom - Hudo Slovenija","robots":{"index":"index","follow":"follow","max-snippet":"max-snippet:-1","max-image-preview":"max-image-preview:large","max-video-preview":"max-video-preview:-1"},"canonical":"https:\/\/hudo.com\/si\/aktualno\/slovenski-ribici-prvic-s-hrvaskim-odvetnikom\/","og_locale":"sl_SI","og_type":"article","og_title":"Slovenski ribi\u010di prvi\u010d s hrva\u0161kim odvetnikom - Hudo Slovenija","og_description":"Kategorija: Slovenija Sun, 04 Feb 2018 14:49:00 +0100 Koper \u2013 Slovenski ribi\u010di so se danes v Kopru prvi\u010d sre\u010dali s hrva\u0161kim odvetnikom Ivico Senjakom, ki so mu predali pooblastila, da jih bo na Hrva\u0161kem zastopal glede hrva\u0161kih kazni zaradi pre\u010dkanja sredinske \u010drte v Piranskem zalivu. Pooblastila mu je predalo pet ribi\u010dev, ki so skupaj prejeli 12 kazni, prito\u017ebe pa bo vlo\u017eil v torek in sredo. Tri kazni je prejelo podjetje oziroma pravna oseba, \u0161e tri kazni pa odgovorna oseba tega podjetja. Gre za podjetje ribi\u010da Silvana Radina, ki je po telefonu za STA pojasnil, da vsaka kazen za podjetje kot pravno osebo zna\u0161a 10.000 hrva\u0161kih kun, kazni, ki jih je prejel kot odgovorna oseba, pa po 5000 kun. Senjak je ob tem za STA povedal, da so kazni prejeli \u0161e \u0161tirje ribi\u010di, ki pa so fizi\u010dne osebe. Dva sta prejela\u00a0...","og_url":"https:\/\/hudo.com\/si\/aktualno\/slovenski-ribici-prvic-s-hrvaskim-odvetnikom\/","og_site_name":"Hudo Slovenija","article_publisher":"https:\/\/www.facebook.com\/hudo.si","article_published_time":"2018-02-04T12:49:00+00:00","og_image":[{"width":480,"height":290,"url":"https:\/\/hudo.com\/si\/wp-content\/uploads\/sites\/2\/2018\/02\/480x290_piran.jpeg","type":"image\/jpeg"}],"author":"hudo","twitter_card":"summary_large_image","twitter_creator":"@hudo_si","twitter_site":"@hudo_si","twitter_misc":{"Written by":"hudo","Est. reading time":"1 minuta"},"schema":{"@context":"https:\/\/schema.org","@graph":[{"@type":"Article","@id":"https:\/\/hudo.com\/si\/aktualno\/slovenski-ribici-prvic-s-hrvaskim-odvetnikom\/#article","isPartOf":{"@id":"https:\/\/hudo.com\/si\/aktualno\/slovenski-ribici-prvic-s-hrvaskim-odvetnikom\/"},"author":{"name":"hudo","@id":"https:\/\/hudo.com\/si\/#\/schema\/person\/601cf3379633985b20f7e50f2bb47707"},"headline":"Slovenski ribi\u010di prvi\u010d s hrva\u0161kim odvetnikom","datePublished":"2018-02-04T12:49:00+00:00","dateModified":"2018-02-04T12:49:00+00:00","mainEntityOfPage":{"@id":"https:\/\/hudo.com\/si\/aktualno\/slovenski-ribici-prvic-s-hrvaskim-odvetnikom\/"},"wordCount":154,"publisher":{"@id":"https:\/\/hudo.com\/si\/#organization"},"articleSection":["Aktualno"],"inLanguage":"sl-SI"},{"@type":"WebPage","@id":"https:\/\/hudo.com\/si\/aktualno\/slovenski-ribici-prvic-s-hrvaskim-odvetnikom\/","url":"https:\/\/hudo.com\/si\/aktualno\/slovenski-ribici-prvic-s-hrvaskim-odvetnikom\/","name":"Slovenski ribi\u010di prvi\u010d s hrva\u0161kim odvetnikom - Hudo Slovenija","isPartOf":{"@id":"https:\/\/hudo.com\/si\/#website"},"datePublished":"2018-02-04T12:49:00+00:00","dateModified":"2018-02-04T12:49:00+00:00","breadcrumb":{"@id":"https:\/\/hudo.com\/si\/aktualno\/slovenski-ribici-prvic-s-hrvaskim-odvetnikom\/#breadcrumb"},"inLanguage":"sl-SI","potentialAction":[{"@type":"ReadAction","target":["https:\/\/hudo.com\/si\/aktualno\/slovenski-ribici-prvic-s-hrvaskim-odvetnikom\/"]}]},{"@type":"BreadcrumbList","@id":"https:\/\/hudo.com\/si\/aktualno\/slovenski-ribici-prvic-s-hrvaskim-odvetnikom\/#breadcrumb","itemListElement":[{"@type":"ListItem","position":1,"name":"Home","item":"https:\/\/hudo.com\/si\/"},{"@type":"ListItem","position":2,"name":"Slovenski ribi\u010di prvi\u010d s hrva\u0161kim odvetnikom"}]},{"@type":"WebSite","@id":"https:\/\/hudo.com\/si\/#website","url":"https:\/\/hudo.com\/si\/","name":"Hudo Slovenija","description":"Vse novice iz Slovenije in sveta","publisher":{"@id":"https:\/\/hudo.com\/si\/#organization"},"potentialAction":[{"@type":"SearchAction","target":{"@type":"EntryPoint","urlTemplate":"https:\/\/hudo.com\/si\/?s={search_term_string}"},"query-input":"required name=search_term_string"}],"inLanguage":"sl-SI"},{"@type":"Organization","@id":"https:\/\/hudo.com\/si\/#organization","name":"VSN Media","url":"https:\/\/hudo.com\/si\/","logo":{"@type":"ImageObject","inLanguage":"sl-SI","@id":"https:\/\/hudo.com\/si\/#\/schema\/logo\/image\/","url":"https:\/\/hudo.com\/si\/wp-content\/uploads\/sites\/2\/2021\/03\/hudo-app-2.png","contentUrl":"https:\/\/hudo.com\/si\/wp-content\/uploads\/sites\/2\/2021\/03\/hudo-app-2.png","width":2185,"height":2167,"caption":"VSN Media"},"image":{"@id":"https:\/\/hudo.com\/si\/#\/schema\/logo\/image\/"},"sameAs":["https:\/\/www.facebook.com\/hudo.si","https:\/\/twitter.com\/hudo_si"]},{"@type":"Person","@id":"https:\/\/hudo.com\/si\/#\/schema\/person\/601cf3379633985b20f7e50f2bb47707","name":"hudo","image":{"@type":"ImageObject","inLanguage":"sl-SI","@id":"https:\/\/hudo.com\/si\/#\/schema\/person\/image\/","url":"https:\/\/secure.gravatar.com\/avatar\/c4ca25fa72cace7a696b52ff5db9e095?s=96&d=mm&r=g","contentUrl":"https:\/\/secure.gravatar.com\/avatar\/c4ca25fa72cace7a696b52ff5db9e095?s=96&d=mm&r=g","caption":"hudo"},"url":"https:\/\/hudo.com\/si\/author\/hudo\/"}]}},"amp_enabled":true,"_links":{"self":[{"href":"https:\/\/hudo.com\/si\/wp-json\/wp\/v2\/posts\/357660"}],"collection":[{"href":"https:\/\/hudo.com\/si\/wp-json\/wp\/v2\/posts"}],"about":[{"href":"https:\/\/hudo.com\/si\/wp-json\/wp\/v2\/types\/post"}],"author":[{"embeddable":true,"href":"https:\/\/hudo.com\/si\/wp-json\/wp\/v2\/users\/1"}],"replies":[{"embeddable":true,"href":"https:\/\/hudo.com\/si\/wp-json\/wp\/v2\/comments?post=357660"}],"version-history":[{"count":0,"href":"https:\/\/hudo.com\/si\/wp-json\/wp\/v2\/posts\/357660\/revisions"}],"wp:attachment":[{"href":"https:\/\/hudo.com\/si\/wp-json\/wp\/v2\/media?parent=357660"}],"wp:term":[{"taxonomy":"category","embeddable":true,"href":"https:\/\/hudo.com\/si\/wp-json\/wp\/v2\/categories?post=357660"},{"taxonomy":"post_tag","embeddable":true,"href":"https:\/\/hudo.com\/si\/wp-json\/wp\/v2\/tags?post=357660"},{"taxonomy":"source","embeddable":true,"href":"https:\/\/hudo.com\/si\/wp-json\/wp\/v2\/source?post=357660"},{"taxonomy":"supertag","embeddable":true,"href":"https:\/\/hudo.com\/si\/wp-json\/wp\/v2\/supertag?post=357660"}],"curies":[{"name":"wp","href":"https:\/\/api.w.org\/{rel}","templated":true}]}}