{"id":357837,"date":"2018-02-05T10:36:00","date_gmt":"2018-02-05T09:36:00","guid":{"rendered":"https:\/\/hudo.com\/si\/2018\/02\/05\/delavci-gorenja-na-zborih-v-podporo-stavki\/"},"modified":"2018-02-05T10:36:00","modified_gmt":"2018-02-05T09:36:00","slug":"delavci-gorenja-na-zborih-v-podporo-stavki","status":"publish","type":"post","link":"https:\/\/hudo.com\/si\/aktualno\/delavci-gorenja-na-zborih-v-podporo-stavki\/","title":{"rendered":"Delavci Gorenja na zborih v podporo stavki"},"content":{"rendered":"<p>Kategorija: Podjetja Mon, 05 Feb 2018 11:36:00 +0100  Velenje \u2013 Delavci Gorenja so na dana\u0161njih zborih delavcev, ki jih je pripravil sindikat Skei, izrazili presene\u010denje nad odpovedjo podjetni\u0161ke kolektivne pogodbe, ki jo je uprava odpovedala pred tednom dni. Odziv na zborih delavcev je zelo dober, dobivamo tudi podpise v podporo stavki, je danes za STA ocenil predsednik konference Skei Gorenja \u017dan Zeba. Zeba je dejal, da so v petek pripravili zbora delavcev v Gorenjevih programih v Rogatcu in Bistrici ob Sotli, ve\u010d kot 90 odstotkov tamkaj\u0161njih zaposlenih pa je s podpisi, ki jih bo sindikat zbiral do 15. februarja, podprlo stavko. Zbori delavcev bodo v torek potekali v h\u010derinski dru\u017ebi Gorenje I.P. C., ki zaposluje invalide, ter v orodjarni, v sredo pa v skupnih slu\u017ebah in \u0161e nekaterih manj\u0161ih programih. Zbore delavcev bo ta mesec pripravila tudi uprava. Zeba je pred\u00a0&#8230;<\/p>\n","protected":false},"excerpt":{"rendered":"<p>Kategorija: Podjetja Mon, 05 Feb 2018 11:36:00 +0100  Velenje \u2013 Delavci Gorenja so na dana\u0161njih zborih delavcev, ki jih je pripravil sindikat Skei, izrazili presene\u010denje nad odpovedjo podjetni\u0161ke kolektivne pogodbe, ki jo je uprava odpovedala pred tednom dni. Odziv na zborih delavcev je zelo dober, dobivamo tudi podpise v podporo stavki, je danes za STA ocenil predsednik konference Skei Gorenja \u017dan Zeba. Zeba je dejal, da so v petek pripravili zbora delavcev v Gorenjevih programih v Rogatcu in Bistrici ob Sotli, ve\u010d kot 90 odstotkov tamkaj\u0161njih zaposlenih pa je s podpisi, ki jih bo sindikat zbiral do 15. februarja, podprlo stavko. Zbori delavcev bodo v torek potekali v h\u010derinski dru\u017ebi Gorenje I.P. C., ki zaposluje invalide, ter v orodjarni, v sredo pa v skupnih slu\u017ebah in \u0161e nekaterih manj\u0161ih programih. Zbore delavcev bo ta mesec pripravila tudi uprava. Zeba je pred\u00a0&#8230;<\/p>\n","protected":false},"author":1,"featured_media":0,"comment_status":"closed","ping_status":"closed","sticky":false,"template":"","format":"standard","meta":{"footnotes":""},"categories":[1179],"tags":[],"source":[1703],"supertag":[],"acf":[],"yoast_head":"<!-- This site is optimized with the Yoast SEO plugin v21.3 - https:\/\/yoast.com\/wordpress\/plugins\/seo\/ -->\n<title>Delavci Gorenja na zborih v podporo stavki - Hudo Slovenija<\/title>\n<meta name=\"robots\" content=\"index, follow, max-snippet:-1, max-image-preview:large, max-video-preview:-1\" \/>\n<link rel=\"canonical\" href=\"https:\/\/hudo.com\/si\/aktualno\/delavci-gorenja-na-zborih-v-podporo-stavki\/\" \/>\n<meta property=\"og:locale\" content=\"sl_SI\" \/>\n<meta property=\"og:type\" content=\"article\" \/>\n<meta property=\"og:title\" content=\"Delavci Gorenja na zborih v podporo stavki - Hudo Slovenija\" \/>\n<meta property=\"og:description\" content=\"Kategorija: Podjetja Mon, 05 Feb 2018 11:36:00 +0100 Velenje \u2013 Delavci Gorenja so na dana\u0161njih zborih delavcev, ki jih je pripravil sindikat Skei, izrazili presene\u010denje nad odpovedjo podjetni\u0161ke kolektivne pogodbe, ki jo je uprava odpovedala pred tednom dni. Odziv na zborih delavcev je zelo dober, dobivamo tudi podpise v podporo stavki, je danes za STA ocenil predsednik konference Skei Gorenja \u017dan Zeba. Zeba je dejal, da so v petek pripravili zbora delavcev v Gorenjevih programih v Rogatcu in Bistrici ob Sotli, ve\u010d kot 90 odstotkov tamkaj\u0161njih zaposlenih pa je s podpisi, ki jih bo sindikat zbiral do 15. februarja, podprlo stavko. Zbori delavcev bodo v torek potekali v h\u010derinski dru\u017ebi Gorenje I.P. C., ki zaposluje invalide, ter v orodjarni, v sredo pa v skupnih slu\u017ebah in \u0161e nekaterih manj\u0161ih programih. Zbore delavcev bo ta mesec pripravila tudi uprava. Zeba je pred\u00a0...\" \/>\n<meta property=\"og:url\" content=\"https:\/\/hudo.com\/si\/aktualno\/delavci-gorenja-na-zborih-v-podporo-stavki\/\" \/>\n<meta property=\"og:site_name\" content=\"Hudo Slovenija\" \/>\n<meta property=\"article:publisher\" content=\"https:\/\/www.facebook.com\/hudo.si\" \/>\n<meta property=\"article:published_time\" content=\"2018-02-05T09:36:00+00:00\" \/>\n<meta property=\"og:image\" content=\"https:\/\/hudo.com\/si\/wp-content\/uploads\/sites\/2\/2018\/02\/480x290_Delo_Foto-20171117134841-26872000.jpeg\" \/>\n\t<meta property=\"og:image:width\" content=\"480\" \/>\n\t<meta property=\"og:image:height\" content=\"290\" \/>\n\t<meta property=\"og:image:type\" content=\"image\/jpeg\" \/>\n<meta name=\"author\" content=\"hudo\" \/>\n<meta name=\"twitter:card\" content=\"summary_large_image\" \/>\n<meta name=\"twitter:creator\" content=\"@hudo_si\" \/>\n<meta name=\"twitter:site\" content=\"@hudo_si\" \/>\n<meta name=\"twitter:label1\" content=\"Written by\" \/>\n\t<meta name=\"twitter:data1\" content=\"hudo\" \/>\n\t<meta name=\"twitter:label2\" content=\"Est. reading time\" \/>\n\t<meta name=\"twitter:data2\" content=\"1 minuta\" \/>\n<script type=\"application\/ld+json\" class=\"yoast-schema-graph\">{\"@context\":\"https:\/\/schema.org\",\"@graph\":[{\"@type\":\"Article\",\"@id\":\"https:\/\/hudo.com\/si\/aktualno\/delavci-gorenja-na-zborih-v-podporo-stavki\/#article\",\"isPartOf\":{\"@id\":\"https:\/\/hudo.com\/si\/aktualno\/delavci-gorenja-na-zborih-v-podporo-stavki\/\"},\"author\":{\"name\":\"hudo\",\"@id\":\"https:\/\/hudo.com\/si\/#\/schema\/person\/601cf3379633985b20f7e50f2bb47707\"},\"headline\":\"Delavci Gorenja na zborih v podporo stavki\",\"datePublished\":\"2018-02-05T09:36:00+00:00\",\"dateModified\":\"2018-02-05T09:36:00+00:00\",\"mainEntityOfPage\":{\"@id\":\"https:\/\/hudo.com\/si\/aktualno\/delavci-gorenja-na-zborih-v-podporo-stavki\/\"},\"wordCount\":150,\"publisher\":{\"@id\":\"https:\/\/hudo.com\/si\/#organization\"},\"articleSection\":[\"Aktualno\"],\"inLanguage\":\"sl-SI\"},{\"@type\":\"WebPage\",\"@id\":\"https:\/\/hudo.com\/si\/aktualno\/delavci-gorenja-na-zborih-v-podporo-stavki\/\",\"url\":\"https:\/\/hudo.com\/si\/aktualno\/delavci-gorenja-na-zborih-v-podporo-stavki\/\",\"name\":\"Delavci Gorenja na zborih v podporo stavki - Hudo Slovenija\",\"isPartOf\":{\"@id\":\"https:\/\/hudo.com\/si\/#website\"},\"datePublished\":\"2018-02-05T09:36:00+00:00\",\"dateModified\":\"2018-02-05T09:36:00+00:00\",\"breadcrumb\":{\"@id\":\"https:\/\/hudo.com\/si\/aktualno\/delavci-gorenja-na-zborih-v-podporo-stavki\/#breadcrumb\"},\"inLanguage\":\"sl-SI\",\"potentialAction\":[{\"@type\":\"ReadAction\",\"target\":[\"https:\/\/hudo.com\/si\/aktualno\/delavci-gorenja-na-zborih-v-podporo-stavki\/\"]}]},{\"@type\":\"BreadcrumbList\",\"@id\":\"https:\/\/hudo.com\/si\/aktualno\/delavci-gorenja-na-zborih-v-podporo-stavki\/#breadcrumb\",\"itemListElement\":[{\"@type\":\"ListItem\",\"position\":1,\"name\":\"Home\",\"item\":\"https:\/\/hudo.com\/si\/\"},{\"@type\":\"ListItem\",\"position\":2,\"name\":\"Delavci Gorenja na zborih v podporo stavki\"}]},{\"@type\":\"WebSite\",\"@id\":\"https:\/\/hudo.com\/si\/#website\",\"url\":\"https:\/\/hudo.com\/si\/\",\"name\":\"Hudo Slovenija\",\"description\":\"Vse novice iz Slovenije in sveta\",\"publisher\":{\"@id\":\"https:\/\/hudo.com\/si\/#organization\"},\"potentialAction\":[{\"@type\":\"SearchAction\",\"target\":{\"@type\":\"EntryPoint\",\"urlTemplate\":\"https:\/\/hudo.com\/si\/?s={search_term_string}\"},\"query-input\":\"required name=search_term_string\"}],\"inLanguage\":\"sl-SI\"},{\"@type\":\"Organization\",\"@id\":\"https:\/\/hudo.com\/si\/#organization\",\"name\":\"VSN Media\",\"url\":\"https:\/\/hudo.com\/si\/\",\"logo\":{\"@type\":\"ImageObject\",\"inLanguage\":\"sl-SI\",\"@id\":\"https:\/\/hudo.com\/si\/#\/schema\/logo\/image\/\",\"url\":\"https:\/\/hudo.com\/si\/wp-content\/uploads\/sites\/2\/2021\/03\/hudo-app-2.png\",\"contentUrl\":\"https:\/\/hudo.com\/si\/wp-content\/uploads\/sites\/2\/2021\/03\/hudo-app-2.png\",\"width\":2185,\"height\":2167,\"caption\":\"VSN Media\"},\"image\":{\"@id\":\"https:\/\/hudo.com\/si\/#\/schema\/logo\/image\/\"},\"sameAs\":[\"https:\/\/www.facebook.com\/hudo.si\",\"https:\/\/twitter.com\/hudo_si\"]},{\"@type\":\"Person\",\"@id\":\"https:\/\/hudo.com\/si\/#\/schema\/person\/601cf3379633985b20f7e50f2bb47707\",\"name\":\"hudo\",\"image\":{\"@type\":\"ImageObject\",\"inLanguage\":\"sl-SI\",\"@id\":\"https:\/\/hudo.com\/si\/#\/schema\/person\/image\/\",\"url\":\"https:\/\/secure.gravatar.com\/avatar\/c4ca25fa72cace7a696b52ff5db9e095?s=96&d=mm&r=g\",\"contentUrl\":\"https:\/\/secure.gravatar.com\/avatar\/c4ca25fa72cace7a696b52ff5db9e095?s=96&d=mm&r=g\",\"caption\":\"hudo\"},\"url\":\"https:\/\/hudo.com\/si\/author\/hudo\/\"}]}<\/script>\n<!-- \/ Yoast SEO plugin. -->","yoast_head_json":{"title":"Delavci Gorenja na zborih v podporo stavki - Hudo Slovenija","robots":{"index":"index","follow":"follow","max-snippet":"max-snippet:-1","max-image-preview":"max-image-preview:large","max-video-preview":"max-video-preview:-1"},"canonical":"https:\/\/hudo.com\/si\/aktualno\/delavci-gorenja-na-zborih-v-podporo-stavki\/","og_locale":"sl_SI","og_type":"article","og_title":"Delavci Gorenja na zborih v podporo stavki - Hudo Slovenija","og_description":"Kategorija: Podjetja Mon, 05 Feb 2018 11:36:00 +0100 Velenje \u2013 Delavci Gorenja so na dana\u0161njih zborih delavcev, ki jih je pripravil sindikat Skei, izrazili presene\u010denje nad odpovedjo podjetni\u0161ke kolektivne pogodbe, ki jo je uprava odpovedala pred tednom dni. Odziv na zborih delavcev je zelo dober, dobivamo tudi podpise v podporo stavki, je danes za STA ocenil predsednik konference Skei Gorenja \u017dan Zeba. Zeba je dejal, da so v petek pripravili zbora delavcev v Gorenjevih programih v Rogatcu in Bistrici ob Sotli, ve\u010d kot 90 odstotkov tamkaj\u0161njih zaposlenih pa je s podpisi, ki jih bo sindikat zbiral do 15. februarja, podprlo stavko. Zbori delavcev bodo v torek potekali v h\u010derinski dru\u017ebi Gorenje I.P. C., ki zaposluje invalide, ter v orodjarni, v sredo pa v skupnih slu\u017ebah in \u0161e nekaterih manj\u0161ih programih. Zbore delavcev bo ta mesec pripravila tudi uprava. Zeba je pred\u00a0...","og_url":"https:\/\/hudo.com\/si\/aktualno\/delavci-gorenja-na-zborih-v-podporo-stavki\/","og_site_name":"Hudo Slovenija","article_publisher":"https:\/\/www.facebook.com\/hudo.si","article_published_time":"2018-02-05T09:36:00+00:00","og_image":[{"width":480,"height":290,"url":"https:\/\/hudo.com\/si\/wp-content\/uploads\/sites\/2\/2018\/02\/480x290_Delo_Foto-20171117134841-26872000.jpeg","type":"image\/jpeg"}],"author":"hudo","twitter_card":"summary_large_image","twitter_creator":"@hudo_si","twitter_site":"@hudo_si","twitter_misc":{"Written by":"hudo","Est. reading time":"1 minuta"},"schema":{"@context":"https:\/\/schema.org","@graph":[{"@type":"Article","@id":"https:\/\/hudo.com\/si\/aktualno\/delavci-gorenja-na-zborih-v-podporo-stavki\/#article","isPartOf":{"@id":"https:\/\/hudo.com\/si\/aktualno\/delavci-gorenja-na-zborih-v-podporo-stavki\/"},"author":{"name":"hudo","@id":"https:\/\/hudo.com\/si\/#\/schema\/person\/601cf3379633985b20f7e50f2bb47707"},"headline":"Delavci Gorenja na zborih v podporo stavki","datePublished":"2018-02-05T09:36:00+00:00","dateModified":"2018-02-05T09:36:00+00:00","mainEntityOfPage":{"@id":"https:\/\/hudo.com\/si\/aktualno\/delavci-gorenja-na-zborih-v-podporo-stavki\/"},"wordCount":150,"publisher":{"@id":"https:\/\/hudo.com\/si\/#organization"},"articleSection":["Aktualno"],"inLanguage":"sl-SI"},{"@type":"WebPage","@id":"https:\/\/hudo.com\/si\/aktualno\/delavci-gorenja-na-zborih-v-podporo-stavki\/","url":"https:\/\/hudo.com\/si\/aktualno\/delavci-gorenja-na-zborih-v-podporo-stavki\/","name":"Delavci Gorenja na zborih v podporo stavki - Hudo Slovenija","isPartOf":{"@id":"https:\/\/hudo.com\/si\/#website"},"datePublished":"2018-02-05T09:36:00+00:00","dateModified":"2018-02-05T09:36:00+00:00","breadcrumb":{"@id":"https:\/\/hudo.com\/si\/aktualno\/delavci-gorenja-na-zborih-v-podporo-stavki\/#breadcrumb"},"inLanguage":"sl-SI","potentialAction":[{"@type":"ReadAction","target":["https:\/\/hudo.com\/si\/aktualno\/delavci-gorenja-na-zborih-v-podporo-stavki\/"]}]},{"@type":"BreadcrumbList","@id":"https:\/\/hudo.com\/si\/aktualno\/delavci-gorenja-na-zborih-v-podporo-stavki\/#breadcrumb","itemListElement":[{"@type":"ListItem","position":1,"name":"Home","item":"https:\/\/hudo.com\/si\/"},{"@type":"ListItem","position":2,"name":"Delavci Gorenja na zborih v podporo stavki"}]},{"@type":"WebSite","@id":"https:\/\/hudo.com\/si\/#website","url":"https:\/\/hudo.com\/si\/","name":"Hudo Slovenija","description":"Vse novice iz Slovenije in sveta","publisher":{"@id":"https:\/\/hudo.com\/si\/#organization"},"potentialAction":[{"@type":"SearchAction","target":{"@type":"EntryPoint","urlTemplate":"https:\/\/hudo.com\/si\/?s={search_term_string}"},"query-input":"required name=search_term_string"}],"inLanguage":"sl-SI"},{"@type":"Organization","@id":"https:\/\/hudo.com\/si\/#organization","name":"VSN Media","url":"https:\/\/hudo.com\/si\/","logo":{"@type":"ImageObject","inLanguage":"sl-SI","@id":"https:\/\/hudo.com\/si\/#\/schema\/logo\/image\/","url":"https:\/\/hudo.com\/si\/wp-content\/uploads\/sites\/2\/2021\/03\/hudo-app-2.png","contentUrl":"https:\/\/hudo.com\/si\/wp-content\/uploads\/sites\/2\/2021\/03\/hudo-app-2.png","width":2185,"height":2167,"caption":"VSN Media"},"image":{"@id":"https:\/\/hudo.com\/si\/#\/schema\/logo\/image\/"},"sameAs":["https:\/\/www.facebook.com\/hudo.si","https:\/\/twitter.com\/hudo_si"]},{"@type":"Person","@id":"https:\/\/hudo.com\/si\/#\/schema\/person\/601cf3379633985b20f7e50f2bb47707","name":"hudo","image":{"@type":"ImageObject","inLanguage":"sl-SI","@id":"https:\/\/hudo.com\/si\/#\/schema\/person\/image\/","url":"https:\/\/secure.gravatar.com\/avatar\/c4ca25fa72cace7a696b52ff5db9e095?s=96&d=mm&r=g","contentUrl":"https:\/\/secure.gravatar.com\/avatar\/c4ca25fa72cace7a696b52ff5db9e095?s=96&d=mm&r=g","caption":"hudo"},"url":"https:\/\/hudo.com\/si\/author\/hudo\/"}]}},"amp_enabled":true,"_links":{"self":[{"href":"https:\/\/hudo.com\/si\/wp-json\/wp\/v2\/posts\/357837"}],"collection":[{"href":"https:\/\/hudo.com\/si\/wp-json\/wp\/v2\/posts"}],"about":[{"href":"https:\/\/hudo.com\/si\/wp-json\/wp\/v2\/types\/post"}],"author":[{"embeddable":true,"href":"https:\/\/hudo.com\/si\/wp-json\/wp\/v2\/users\/1"}],"replies":[{"embeddable":true,"href":"https:\/\/hudo.com\/si\/wp-json\/wp\/v2\/comments?post=357837"}],"version-history":[{"count":0,"href":"https:\/\/hudo.com\/si\/wp-json\/wp\/v2\/posts\/357837\/revisions"}],"wp:attachment":[{"href":"https:\/\/hudo.com\/si\/wp-json\/wp\/v2\/media?parent=357837"}],"wp:term":[{"taxonomy":"category","embeddable":true,"href":"https:\/\/hudo.com\/si\/wp-json\/wp\/v2\/categories?post=357837"},{"taxonomy":"post_tag","embeddable":true,"href":"https:\/\/hudo.com\/si\/wp-json\/wp\/v2\/tags?post=357837"},{"taxonomy":"source","embeddable":true,"href":"https:\/\/hudo.com\/si\/wp-json\/wp\/v2\/source?post=357837"},{"taxonomy":"supertag","embeddable":true,"href":"https:\/\/hudo.com\/si\/wp-json\/wp\/v2\/supertag?post=357837"}],"curies":[{"name":"wp","href":"https:\/\/api.w.org\/{rel}","templated":true}]}}