{"id":357955,"date":"2018-02-05T14:14:00","date_gmt":"2018-02-05T13:14:00","guid":{"rendered":"http:\/\/hudo.com\/si\/?p=357955"},"modified":"2018-02-05T14:14:00","modified_gmt":"2018-02-05T13:14:00","slug":"vandali-na-obali-konec-tedna-poskodovali-vec-vozil","status":"publish","type":"post","link":"https:\/\/hudo.com\/si\/aktualno\/vandali-na-obali-konec-tedna-poskodovali-vec-vozil\/","title":{"rendered":"Vandali na Obali konec tedna po\u0161kodovali ve\u010d vozil"},"content":{"rendered":"<div class=\"text\">\n<p>Kot so sporo\u010dili s koprske policijske uprave, so v Kopru vozila po\u0161kodovali v Bo\u0161adragi in na parkiri\u0161\u010du na Ferrarski, najverjetneje v ve\u010dernih urah med 19. in 22. uro. Skupno so prejeli prijave sedmih o\u0161kodovancev, \u0161kode na posameznem vozilu pa je za od 30 do 1500 evrov.<\/p>\n<p>Tudi v Izoli so prijavili \u0161tiri podobna kaniva dejanja po\u0161kodovanja vozila. V vseh primerih je nekdo razbil stekla na vozilu, po\u0161kodoval brisalce in odtrgal registrske tablice.<\/p>\n<\/div>\n","protected":false},"excerpt":{"rendered":"<p>V Kopru in Izoli so neznanci konec tedna po\u0161kodovali ve\u010d vozil, na katerih so razbili stekla, po\u0161kodovali brisalce in odtrgali registrske tablice. Policijska preiskava \u0161e poteka. Policisti prosijo vse, ki bi imeli kakr\u0161ne koli informacije, da te \u010dim prej sporo\u010dijo najbli\u017eji policijski enoti ali pokli\u010dejo na telefonsko \u0161tevilko 113.<\/p>\n","protected":false},"author":5,"featured_media":357956,"comment_status":"closed","ping_status":"closed","sticky":false,"template":"","format":"standard","meta":{"footnotes":""},"categories":[1179],"tags":[1728,1595,7523],"source":[4511],"supertag":[7150],"acf":[],"yoast_head":"<!-- This site is optimized with the Yoast SEO plugin v21.3 - https:\/\/yoast.com\/wordpress\/plugins\/seo\/ -->\n<title>Vandali na Obali konec tedna po\u0161kodovali ve\u010d vozil - Hudo Slovenija<\/title>\n<meta name=\"robots\" content=\"index, follow, max-snippet:-1, max-image-preview:large, max-video-preview:-1\" \/>\n<link rel=\"canonical\" href=\"https:\/\/hudo.com\/si\/aktualno\/vandali-na-obali-konec-tedna-poskodovali-vec-vozil\/\" \/>\n<meta property=\"og:locale\" content=\"sl_SI\" \/>\n<meta property=\"og:type\" content=\"article\" \/>\n<meta property=\"og:title\" content=\"Vandali na Obali konec tedna po\u0161kodovali ve\u010d vozil - Hudo Slovenija\" \/>\n<meta property=\"og:description\" content=\"V Kopru in Izoli so neznanci konec tedna po\u0161kodovali ve\u010d vozil, na katerih so razbili stekla, po\u0161kodovali brisalce in odtrgali registrske tablice. Policijska preiskava \u0161e poteka. Policisti prosijo vse, ki bi imeli kakr\u0161ne koli informacije, da te \u010dim prej sporo\u010dijo najbli\u017eji policijski enoti ali pokli\u010dejo na telefonsko \u0161tevilko 113.\" \/>\n<meta property=\"og:url\" content=\"https:\/\/hudo.com\/si\/aktualno\/vandali-na-obali-konec-tedna-poskodovali-vec-vozil\/\" \/>\n<meta property=\"og:site_name\" content=\"Hudo Slovenija\" \/>\n<meta property=\"article:publisher\" content=\"https:\/\/www.facebook.com\/hudo.si\" \/>\n<meta property=\"article:published_time\" content=\"2018-02-05T13:14:00+00:00\" \/>\n<meta property=\"og:image\" content=\"https:\/\/hudo.com\/si\/wp-content\/uploads\/sites\/2\/2018\/02\/profimedia-0132220109.jpg\" \/>\n\t<meta property=\"og:image:width\" content=\"1250\" \/>\n\t<meta property=\"og:image:height\" content=\"832\" \/>\n\t<meta property=\"og:image:type\" content=\"image\/jpeg\" \/>\n<meta name=\"author\" content=\"A. G., STA\" \/>\n<meta name=\"twitter:card\" content=\"summary_large_image\" \/>\n<meta name=\"twitter:creator\" content=\"@hudo_si\" \/>\n<meta name=\"twitter:site\" content=\"@hudo_si\" \/>\n<meta name=\"twitter:label1\" content=\"Written by\" \/>\n\t<meta name=\"twitter:data1\" content=\"A. G., STA\" \/>\n<script type=\"application\/ld+json\" class=\"yoast-schema-graph\">{\"@context\":\"https:\/\/schema.org\",\"@graph\":[{\"@type\":\"Article\",\"@id\":\"https:\/\/hudo.com\/si\/aktualno\/vandali-na-obali-konec-tedna-poskodovali-vec-vozil\/#article\",\"isPartOf\":{\"@id\":\"https:\/\/hudo.com\/si\/aktualno\/vandali-na-obali-konec-tedna-poskodovali-vec-vozil\/\"},\"author\":{\"name\":\"A. G., STA\",\"@id\":\"https:\/\/hudo.com\/si\/#\/schema\/person\/2391667a63ea075ba94f2f2dc6b77537\"},\"headline\":\"Vandali na Obali konec tedna po\u0161kodovali ve\u010d vozil\",\"datePublished\":\"2018-02-05T13:14:00+00:00\",\"dateModified\":\"2018-02-05T13:14:00+00:00\",\"mainEntityOfPage\":{\"@id\":\"https:\/\/hudo.com\/si\/aktualno\/vandali-na-obali-konec-tedna-poskodovali-vec-vozil\/\"},\"wordCount\":85,\"publisher\":{\"@id\":\"https:\/\/hudo.com\/si\/#organization\"},\"keywords\":[\"policija\",\"Slovenija\",\"vandalizem\"],\"articleSection\":[\"Aktualno\"],\"inLanguage\":\"sl-SI\"},{\"@type\":\"WebPage\",\"@id\":\"https:\/\/hudo.com\/si\/aktualno\/vandali-na-obali-konec-tedna-poskodovali-vec-vozil\/\",\"url\":\"https:\/\/hudo.com\/si\/aktualno\/vandali-na-obali-konec-tedna-poskodovali-vec-vozil\/\",\"name\":\"Vandali na Obali konec tedna po\u0161kodovali ve\u010d vozil - Hudo Slovenija\",\"isPartOf\":{\"@id\":\"https:\/\/hudo.com\/si\/#website\"},\"datePublished\":\"2018-02-05T13:14:00+00:00\",\"dateModified\":\"2018-02-05T13:14:00+00:00\",\"breadcrumb\":{\"@id\":\"https:\/\/hudo.com\/si\/aktualno\/vandali-na-obali-konec-tedna-poskodovali-vec-vozil\/#breadcrumb\"},\"inLanguage\":\"sl-SI\",\"potentialAction\":[{\"@type\":\"ReadAction\",\"target\":[\"https:\/\/hudo.com\/si\/aktualno\/vandali-na-obali-konec-tedna-poskodovali-vec-vozil\/\"]}]},{\"@type\":\"BreadcrumbList\",\"@id\":\"https:\/\/hudo.com\/si\/aktualno\/vandali-na-obali-konec-tedna-poskodovali-vec-vozil\/#breadcrumb\",\"itemListElement\":[{\"@type\":\"ListItem\",\"position\":1,\"name\":\"Home\",\"item\":\"https:\/\/hudo.com\/si\/\"},{\"@type\":\"ListItem\",\"position\":2,\"name\":\"Vandali na Obali konec tedna po\u0161kodovali ve\u010d vozil\"}]},{\"@type\":\"WebSite\",\"@id\":\"https:\/\/hudo.com\/si\/#website\",\"url\":\"https:\/\/hudo.com\/si\/\",\"name\":\"Hudo Slovenija\",\"description\":\"Vse novice iz Slovenije in sveta\",\"publisher\":{\"@id\":\"https:\/\/hudo.com\/si\/#organization\"},\"potentialAction\":[{\"@type\":\"SearchAction\",\"target\":{\"@type\":\"EntryPoint\",\"urlTemplate\":\"https:\/\/hudo.com\/si\/?s={search_term_string}\"},\"query-input\":\"required name=search_term_string\"}],\"inLanguage\":\"sl-SI\"},{\"@type\":\"Organization\",\"@id\":\"https:\/\/hudo.com\/si\/#organization\",\"name\":\"VSN Media\",\"url\":\"https:\/\/hudo.com\/si\/\",\"logo\":{\"@type\":\"ImageObject\",\"inLanguage\":\"sl-SI\",\"@id\":\"https:\/\/hudo.com\/si\/#\/schema\/logo\/image\/\",\"url\":\"https:\/\/hudo.com\/si\/wp-content\/uploads\/sites\/2\/2021\/03\/hudo-app-2.png\",\"contentUrl\":\"https:\/\/hudo.com\/si\/wp-content\/uploads\/sites\/2\/2021\/03\/hudo-app-2.png\",\"width\":2185,\"height\":2167,\"caption\":\"VSN Media\"},\"image\":{\"@id\":\"https:\/\/hudo.com\/si\/#\/schema\/logo\/image\/\"},\"sameAs\":[\"https:\/\/www.facebook.com\/hudo.si\",\"https:\/\/twitter.com\/hudo_si\"]},{\"@type\":\"Person\",\"@id\":\"https:\/\/hudo.com\/si\/#\/schema\/person\/2391667a63ea075ba94f2f2dc6b77537\",\"name\":\"A. G., STA\",\"image\":{\"@type\":\"ImageObject\",\"inLanguage\":\"sl-SI\",\"@id\":\"https:\/\/hudo.com\/si\/#\/schema\/person\/image\/\",\"url\":\"https:\/\/secure.gravatar.com\/avatar\/e13d22ac3e442658d5025fbbe6238a79?s=96&d=mm&r=g\",\"contentUrl\":\"https:\/\/secure.gravatar.com\/avatar\/e13d22ac3e442658d5025fbbe6238a79?s=96&d=mm&r=g\",\"caption\":\"A. G., STA\"},\"url\":\"https:\/\/hudo.com\/si\/author\/alenka\/\"}]}<\/script>\n<!-- \/ Yoast SEO plugin. -->","yoast_head_json":{"title":"Vandali na Obali konec tedna po\u0161kodovali ve\u010d vozil - Hudo Slovenija","robots":{"index":"index","follow":"follow","max-snippet":"max-snippet:-1","max-image-preview":"max-image-preview:large","max-video-preview":"max-video-preview:-1"},"canonical":"https:\/\/hudo.com\/si\/aktualno\/vandali-na-obali-konec-tedna-poskodovali-vec-vozil\/","og_locale":"sl_SI","og_type":"article","og_title":"Vandali na Obali konec tedna po\u0161kodovali ve\u010d vozil - Hudo Slovenija","og_description":"V Kopru in Izoli so neznanci konec tedna po\u0161kodovali ve\u010d vozil, na katerih so razbili stekla, po\u0161kodovali brisalce in odtrgali registrske tablice. Policijska preiskava \u0161e poteka. Policisti prosijo vse, ki bi imeli kakr\u0161ne koli informacije, da te \u010dim prej sporo\u010dijo najbli\u017eji policijski enoti ali pokli\u010dejo na telefonsko \u0161tevilko 113.","og_url":"https:\/\/hudo.com\/si\/aktualno\/vandali-na-obali-konec-tedna-poskodovali-vec-vozil\/","og_site_name":"Hudo Slovenija","article_publisher":"https:\/\/www.facebook.com\/hudo.si","article_published_time":"2018-02-05T13:14:00+00:00","og_image":[{"width":1250,"height":832,"url":"https:\/\/hudo.com\/si\/wp-content\/uploads\/sites\/2\/2018\/02\/profimedia-0132220109.jpg","type":"image\/jpeg"}],"author":"A. G., STA","twitter_card":"summary_large_image","twitter_creator":"@hudo_si","twitter_site":"@hudo_si","twitter_misc":{"Written by":"A. G., STA"},"schema":{"@context":"https:\/\/schema.org","@graph":[{"@type":"Article","@id":"https:\/\/hudo.com\/si\/aktualno\/vandali-na-obali-konec-tedna-poskodovali-vec-vozil\/#article","isPartOf":{"@id":"https:\/\/hudo.com\/si\/aktualno\/vandali-na-obali-konec-tedna-poskodovali-vec-vozil\/"},"author":{"name":"A. G., STA","@id":"https:\/\/hudo.com\/si\/#\/schema\/person\/2391667a63ea075ba94f2f2dc6b77537"},"headline":"Vandali na Obali konec tedna po\u0161kodovali ve\u010d vozil","datePublished":"2018-02-05T13:14:00+00:00","dateModified":"2018-02-05T13:14:00+00:00","mainEntityOfPage":{"@id":"https:\/\/hudo.com\/si\/aktualno\/vandali-na-obali-konec-tedna-poskodovali-vec-vozil\/"},"wordCount":85,"publisher":{"@id":"https:\/\/hudo.com\/si\/#organization"},"keywords":["policija","Slovenija","vandalizem"],"articleSection":["Aktualno"],"inLanguage":"sl-SI"},{"@type":"WebPage","@id":"https:\/\/hudo.com\/si\/aktualno\/vandali-na-obali-konec-tedna-poskodovali-vec-vozil\/","url":"https:\/\/hudo.com\/si\/aktualno\/vandali-na-obali-konec-tedna-poskodovali-vec-vozil\/","name":"Vandali na Obali konec tedna po\u0161kodovali ve\u010d vozil - Hudo Slovenija","isPartOf":{"@id":"https:\/\/hudo.com\/si\/#website"},"datePublished":"2018-02-05T13:14:00+00:00","dateModified":"2018-02-05T13:14:00+00:00","breadcrumb":{"@id":"https:\/\/hudo.com\/si\/aktualno\/vandali-na-obali-konec-tedna-poskodovali-vec-vozil\/#breadcrumb"},"inLanguage":"sl-SI","potentialAction":[{"@type":"ReadAction","target":["https:\/\/hudo.com\/si\/aktualno\/vandali-na-obali-konec-tedna-poskodovali-vec-vozil\/"]}]},{"@type":"BreadcrumbList","@id":"https:\/\/hudo.com\/si\/aktualno\/vandali-na-obali-konec-tedna-poskodovali-vec-vozil\/#breadcrumb","itemListElement":[{"@type":"ListItem","position":1,"name":"Home","item":"https:\/\/hudo.com\/si\/"},{"@type":"ListItem","position":2,"name":"Vandali na Obali konec tedna po\u0161kodovali ve\u010d vozil"}]},{"@type":"WebSite","@id":"https:\/\/hudo.com\/si\/#website","url":"https:\/\/hudo.com\/si\/","name":"Hudo Slovenija","description":"Vse novice iz Slovenije in sveta","publisher":{"@id":"https:\/\/hudo.com\/si\/#organization"},"potentialAction":[{"@type":"SearchAction","target":{"@type":"EntryPoint","urlTemplate":"https:\/\/hudo.com\/si\/?s={search_term_string}"},"query-input":"required name=search_term_string"}],"inLanguage":"sl-SI"},{"@type":"Organization","@id":"https:\/\/hudo.com\/si\/#organization","name":"VSN Media","url":"https:\/\/hudo.com\/si\/","logo":{"@type":"ImageObject","inLanguage":"sl-SI","@id":"https:\/\/hudo.com\/si\/#\/schema\/logo\/image\/","url":"https:\/\/hudo.com\/si\/wp-content\/uploads\/sites\/2\/2021\/03\/hudo-app-2.png","contentUrl":"https:\/\/hudo.com\/si\/wp-content\/uploads\/sites\/2\/2021\/03\/hudo-app-2.png","width":2185,"height":2167,"caption":"VSN Media"},"image":{"@id":"https:\/\/hudo.com\/si\/#\/schema\/logo\/image\/"},"sameAs":["https:\/\/www.facebook.com\/hudo.si","https:\/\/twitter.com\/hudo_si"]},{"@type":"Person","@id":"https:\/\/hudo.com\/si\/#\/schema\/person\/2391667a63ea075ba94f2f2dc6b77537","name":"A. G., STA","image":{"@type":"ImageObject","inLanguage":"sl-SI","@id":"https:\/\/hudo.com\/si\/#\/schema\/person\/image\/","url":"https:\/\/secure.gravatar.com\/avatar\/e13d22ac3e442658d5025fbbe6238a79?s=96&d=mm&r=g","contentUrl":"https:\/\/secure.gravatar.com\/avatar\/e13d22ac3e442658d5025fbbe6238a79?s=96&d=mm&r=g","caption":"A. G., STA"},"url":"https:\/\/hudo.com\/si\/author\/alenka\/"}]}},"amp_enabled":true,"_links":{"self":[{"href":"https:\/\/hudo.com\/si\/wp-json\/wp\/v2\/posts\/357955"}],"collection":[{"href":"https:\/\/hudo.com\/si\/wp-json\/wp\/v2\/posts"}],"about":[{"href":"https:\/\/hudo.com\/si\/wp-json\/wp\/v2\/types\/post"}],"author":[{"embeddable":true,"href":"https:\/\/hudo.com\/si\/wp-json\/wp\/v2\/users\/5"}],"replies":[{"embeddable":true,"href":"https:\/\/hudo.com\/si\/wp-json\/wp\/v2\/comments?post=357955"}],"version-history":[{"count":1,"href":"https:\/\/hudo.com\/si\/wp-json\/wp\/v2\/posts\/357955\/revisions"}],"predecessor-version":[{"id":357957,"href":"https:\/\/hudo.com\/si\/wp-json\/wp\/v2\/posts\/357955\/revisions\/357957"}],"wp:featuredmedia":[{"embeddable":true,"href":"https:\/\/hudo.com\/si\/wp-json\/wp\/v2\/media\/357956"}],"wp:attachment":[{"href":"https:\/\/hudo.com\/si\/wp-json\/wp\/v2\/media?parent=357955"}],"wp:term":[{"taxonomy":"category","embeddable":true,"href":"https:\/\/hudo.com\/si\/wp-json\/wp\/v2\/categories?post=357955"},{"taxonomy":"post_tag","embeddable":true,"href":"https:\/\/hudo.com\/si\/wp-json\/wp\/v2\/tags?post=357955"},{"taxonomy":"source","embeddable":true,"href":"https:\/\/hudo.com\/si\/wp-json\/wp\/v2\/source?post=357955"},{"taxonomy":"supertag","embeddable":true,"href":"https:\/\/hudo.com\/si\/wp-json\/wp\/v2\/supertag?post=357955"}],"curies":[{"name":"wp","href":"https:\/\/api.w.org\/{rel}","templated":true}]}}