{"id":358002,"date":"2018-02-05T12:35:00","date_gmt":"2018-02-05T11:35:00","guid":{"rendered":"https:\/\/hudo.com\/si\/2018\/02\/05\/nizozemska-uradno-umika-veleposlanika-iz-turcije\/"},"modified":"2018-02-05T12:35:00","modified_gmt":"2018-02-05T11:35:00","slug":"nizozemska-uradno-umika-veleposlanika-iz-turcije","status":"publish","type":"post","link":"https:\/\/hudo.com\/si\/aktualno\/nizozemska-uradno-umika-veleposlanika-iz-turcije\/","title":{"rendered":"Nizozemska uradno umika veleposlanika iz Tur\u010dije"},"content":{"rendered":"<p>Kategorija: Evropa Mon, 05 Feb 2018 13:35:00 +0100  Haag \u2013 Nizozemska je danes sporo\u010dila, da umika svojega veleposlanika iz Tur\u010dije, poleg tega pa Ankari ne bo dovolila, da na Nizozemsko po\u0161lje svojega. Odnosi med dr\u017eavama so tako po prepovedi nizozemskih oblasti, da bi se tur\u0161ka ministrica lansko pomlad udele\u017eila zborovanja v podporo tur\u0161kemu referendumu na Nizozemskem, dosegli novo dno. Kljub nedavnim pogovorom med dr\u017eavama \u00bbse nam ni uspelo dogovoriti o poteku normalizacije odnosov,\u00ab je v izjavi sporo\u010dil nizozemski zunanji minister Halbe Zijlstra. Nizozemska vlada se je tako odlo\u010dila, da \u00bburadno umakne veleposlanika Nizozemske v Ankari, ki v Tur\u010dijo nima dostopa \u017ee od marca 2017\u00ab, je dodal v izjavi. \u00bbDokler Nizozemska ne bo imela veleposlanika v Tur\u010diji, ne bo izdala dovoljenja, da bi novi tur\u0161ki veleposlanik prevzel dol\u017enosti na Nizozemskem,\u00ab \u0161e pi\u0161e v izjavi zunanjega ministrstva, ki jo povzema francoska\u00a0&#8230;<\/p>\n","protected":false},"excerpt":{"rendered":"<p>Kategorija: Evropa Mon, 05 Feb 2018 13:35:00 +0100  Haag \u2013 Nizozemska je danes sporo\u010dila, da umika svojega veleposlanika iz Tur\u010dije, poleg tega pa Ankari ne bo dovolila, da na Nizozemsko po\u0161lje svojega. Odnosi med dr\u017eavama so tako po prepovedi nizozemskih oblasti, da bi se tur\u0161ka ministrica lansko pomlad udele\u017eila zborovanja v podporo tur\u0161kemu referendumu na Nizozemskem, dosegli novo dno. Kljub nedavnim pogovorom med dr\u017eavama \u00bbse nam ni uspelo dogovoriti o poteku normalizacije odnosov,\u00ab je v izjavi sporo\u010dil nizozemski zunanji minister Halbe Zijlstra. Nizozemska vlada se je tako odlo\u010dila, da \u00bburadno umakne veleposlanika Nizozemske v Ankari, ki v Tur\u010dijo nima dostopa \u017ee od marca 2017\u00ab, je dodal v izjavi. \u00bbDokler Nizozemska ne bo imela veleposlanika v Tur\u010diji, ne bo izdala dovoljenja, da bi novi tur\u0161ki veleposlanik prevzel dol\u017enosti na Nizozemskem,\u00ab \u0161e pi\u0161e v izjavi zunanjega ministrstva, ki jo povzema francoska\u00a0&#8230;<\/p>\n","protected":false},"author":1,"featured_media":0,"comment_status":"closed","ping_status":"closed","sticky":false,"template":"","format":"standard","meta":{"footnotes":""},"categories":[1179],"tags":[],"source":[1703],"supertag":[],"acf":[],"yoast_head":"<!-- This site is optimized with the Yoast SEO plugin v21.3 - https:\/\/yoast.com\/wordpress\/plugins\/seo\/ -->\n<title>Nizozemska uradno umika veleposlanika iz Tur\u010dije - Hudo Slovenija<\/title>\n<meta name=\"robots\" content=\"index, follow, max-snippet:-1, max-image-preview:large, max-video-preview:-1\" \/>\n<link rel=\"canonical\" href=\"https:\/\/hudo.com\/si\/aktualno\/nizozemska-uradno-umika-veleposlanika-iz-turcije\/\" \/>\n<meta property=\"og:locale\" content=\"sl_SI\" \/>\n<meta property=\"og:type\" content=\"article\" \/>\n<meta property=\"og:title\" content=\"Nizozemska uradno umika veleposlanika iz Tur\u010dije - Hudo Slovenija\" \/>\n<meta property=\"og:description\" content=\"Kategorija: Evropa Mon, 05 Feb 2018 13:35:00 +0100 Haag \u2013 Nizozemska je danes sporo\u010dila, da umika svojega veleposlanika iz Tur\u010dije, poleg tega pa Ankari ne bo dovolila, da na Nizozemsko po\u0161lje svojega. Odnosi med dr\u017eavama so tako po prepovedi nizozemskih oblasti, da bi se tur\u0161ka ministrica lansko pomlad udele\u017eila zborovanja v podporo tur\u0161kemu referendumu na Nizozemskem, dosegli novo dno. Kljub nedavnim pogovorom med dr\u017eavama \u00bbse nam ni uspelo dogovoriti o poteku normalizacije odnosov,\u00ab je v izjavi sporo\u010dil nizozemski zunanji minister Halbe Zijlstra. Nizozemska vlada se je tako odlo\u010dila, da \u00bburadno umakne veleposlanika Nizozemske v Ankari, ki v Tur\u010dijo nima dostopa \u017ee od marca 2017\u00ab, je dodal v izjavi. \u00bbDokler Nizozemska ne bo imela veleposlanika v Tur\u010diji, ne bo izdala dovoljenja, da bi novi tur\u0161ki veleposlanik prevzel dol\u017enosti na Nizozemskem,\u00ab \u0161e pi\u0161e v izjavi zunanjega ministrstva, ki jo povzema francoska\u00a0...\" \/>\n<meta property=\"og:url\" content=\"https:\/\/hudo.com\/si\/aktualno\/nizozemska-uradno-umika-veleposlanika-iz-turcije\/\" \/>\n<meta property=\"og:site_name\" content=\"Hudo Slovenija\" \/>\n<meta property=\"article:publisher\" content=\"https:\/\/www.facebook.com\/hudo.si\" \/>\n<meta property=\"article:published_time\" content=\"2018-02-05T11:35:00+00:00\" \/>\n<meta property=\"og:image\" content=\"https:\/\/hudo.com\/si\/wp-content\/uploads\/sites\/2\/2018\/02\/480x290_AFP_Photo-20180205132035-77674000.jpeg\" \/>\n\t<meta property=\"og:image:width\" content=\"480\" \/>\n\t<meta property=\"og:image:height\" content=\"290\" \/>\n\t<meta property=\"og:image:type\" content=\"image\/jpeg\" \/>\n<meta name=\"author\" content=\"hudo\" \/>\n<meta name=\"twitter:card\" content=\"summary_large_image\" \/>\n<meta name=\"twitter:creator\" content=\"@hudo_si\" \/>\n<meta name=\"twitter:site\" content=\"@hudo_si\" \/>\n<meta name=\"twitter:label1\" content=\"Written by\" \/>\n\t<meta name=\"twitter:data1\" content=\"hudo\" \/>\n\t<meta name=\"twitter:label2\" content=\"Est. reading time\" \/>\n\t<meta name=\"twitter:data2\" content=\"1 minuta\" \/>\n<script type=\"application\/ld+json\" class=\"yoast-schema-graph\">{\"@context\":\"https:\/\/schema.org\",\"@graph\":[{\"@type\":\"Article\",\"@id\":\"https:\/\/hudo.com\/si\/aktualno\/nizozemska-uradno-umika-veleposlanika-iz-turcije\/#article\",\"isPartOf\":{\"@id\":\"https:\/\/hudo.com\/si\/aktualno\/nizozemska-uradno-umika-veleposlanika-iz-turcije\/\"},\"author\":{\"name\":\"hudo\",\"@id\":\"https:\/\/hudo.com\/si\/#\/schema\/person\/601cf3379633985b20f7e50f2bb47707\"},\"headline\":\"Nizozemska uradno umika veleposlanika iz Tur\u010dije\",\"datePublished\":\"2018-02-05T11:35:00+00:00\",\"dateModified\":\"2018-02-05T11:35:00+00:00\",\"mainEntityOfPage\":{\"@id\":\"https:\/\/hudo.com\/si\/aktualno\/nizozemska-uradno-umika-veleposlanika-iz-turcije\/\"},\"wordCount\":155,\"publisher\":{\"@id\":\"https:\/\/hudo.com\/si\/#organization\"},\"articleSection\":[\"Aktualno\"],\"inLanguage\":\"sl-SI\"},{\"@type\":\"WebPage\",\"@id\":\"https:\/\/hudo.com\/si\/aktualno\/nizozemska-uradno-umika-veleposlanika-iz-turcije\/\",\"url\":\"https:\/\/hudo.com\/si\/aktualno\/nizozemska-uradno-umika-veleposlanika-iz-turcije\/\",\"name\":\"Nizozemska uradno umika veleposlanika iz Tur\u010dije - Hudo Slovenija\",\"isPartOf\":{\"@id\":\"https:\/\/hudo.com\/si\/#website\"},\"datePublished\":\"2018-02-05T11:35:00+00:00\",\"dateModified\":\"2018-02-05T11:35:00+00:00\",\"breadcrumb\":{\"@id\":\"https:\/\/hudo.com\/si\/aktualno\/nizozemska-uradno-umika-veleposlanika-iz-turcije\/#breadcrumb\"},\"inLanguage\":\"sl-SI\",\"potentialAction\":[{\"@type\":\"ReadAction\",\"target\":[\"https:\/\/hudo.com\/si\/aktualno\/nizozemska-uradno-umika-veleposlanika-iz-turcije\/\"]}]},{\"@type\":\"BreadcrumbList\",\"@id\":\"https:\/\/hudo.com\/si\/aktualno\/nizozemska-uradno-umika-veleposlanika-iz-turcije\/#breadcrumb\",\"itemListElement\":[{\"@type\":\"ListItem\",\"position\":1,\"name\":\"Home\",\"item\":\"https:\/\/hudo.com\/si\/\"},{\"@type\":\"ListItem\",\"position\":2,\"name\":\"Nizozemska uradno umika veleposlanika iz Tur\u010dije\"}]},{\"@type\":\"WebSite\",\"@id\":\"https:\/\/hudo.com\/si\/#website\",\"url\":\"https:\/\/hudo.com\/si\/\",\"name\":\"Hudo Slovenija\",\"description\":\"Vse novice iz Slovenije in sveta\",\"publisher\":{\"@id\":\"https:\/\/hudo.com\/si\/#organization\"},\"potentialAction\":[{\"@type\":\"SearchAction\",\"target\":{\"@type\":\"EntryPoint\",\"urlTemplate\":\"https:\/\/hudo.com\/si\/?s={search_term_string}\"},\"query-input\":\"required name=search_term_string\"}],\"inLanguage\":\"sl-SI\"},{\"@type\":\"Organization\",\"@id\":\"https:\/\/hudo.com\/si\/#organization\",\"name\":\"VSN Media\",\"url\":\"https:\/\/hudo.com\/si\/\",\"logo\":{\"@type\":\"ImageObject\",\"inLanguage\":\"sl-SI\",\"@id\":\"https:\/\/hudo.com\/si\/#\/schema\/logo\/image\/\",\"url\":\"https:\/\/hudo.com\/si\/wp-content\/uploads\/sites\/2\/2021\/03\/hudo-app-2.png\",\"contentUrl\":\"https:\/\/hudo.com\/si\/wp-content\/uploads\/sites\/2\/2021\/03\/hudo-app-2.png\",\"width\":2185,\"height\":2167,\"caption\":\"VSN Media\"},\"image\":{\"@id\":\"https:\/\/hudo.com\/si\/#\/schema\/logo\/image\/\"},\"sameAs\":[\"https:\/\/www.facebook.com\/hudo.si\",\"https:\/\/twitter.com\/hudo_si\"]},{\"@type\":\"Person\",\"@id\":\"https:\/\/hudo.com\/si\/#\/schema\/person\/601cf3379633985b20f7e50f2bb47707\",\"name\":\"hudo\",\"image\":{\"@type\":\"ImageObject\",\"inLanguage\":\"sl-SI\",\"@id\":\"https:\/\/hudo.com\/si\/#\/schema\/person\/image\/\",\"url\":\"https:\/\/secure.gravatar.com\/avatar\/c4ca25fa72cace7a696b52ff5db9e095?s=96&d=mm&r=g\",\"contentUrl\":\"https:\/\/secure.gravatar.com\/avatar\/c4ca25fa72cace7a696b52ff5db9e095?s=96&d=mm&r=g\",\"caption\":\"hudo\"},\"url\":\"https:\/\/hudo.com\/si\/author\/hudo\/\"}]}<\/script>\n<!-- \/ Yoast SEO plugin. -->","yoast_head_json":{"title":"Nizozemska uradno umika veleposlanika iz Tur\u010dije - Hudo Slovenija","robots":{"index":"index","follow":"follow","max-snippet":"max-snippet:-1","max-image-preview":"max-image-preview:large","max-video-preview":"max-video-preview:-1"},"canonical":"https:\/\/hudo.com\/si\/aktualno\/nizozemska-uradno-umika-veleposlanika-iz-turcije\/","og_locale":"sl_SI","og_type":"article","og_title":"Nizozemska uradno umika veleposlanika iz Tur\u010dije - Hudo Slovenija","og_description":"Kategorija: Evropa Mon, 05 Feb 2018 13:35:00 +0100 Haag \u2013 Nizozemska je danes sporo\u010dila, da umika svojega veleposlanika iz Tur\u010dije, poleg tega pa Ankari ne bo dovolila, da na Nizozemsko po\u0161lje svojega. Odnosi med dr\u017eavama so tako po prepovedi nizozemskih oblasti, da bi se tur\u0161ka ministrica lansko pomlad udele\u017eila zborovanja v podporo tur\u0161kemu referendumu na Nizozemskem, dosegli novo dno. Kljub nedavnim pogovorom med dr\u017eavama \u00bbse nam ni uspelo dogovoriti o poteku normalizacije odnosov,\u00ab je v izjavi sporo\u010dil nizozemski zunanji minister Halbe Zijlstra. Nizozemska vlada se je tako odlo\u010dila, da \u00bburadno umakne veleposlanika Nizozemske v Ankari, ki v Tur\u010dijo nima dostopa \u017ee od marca 2017\u00ab, je dodal v izjavi. \u00bbDokler Nizozemska ne bo imela veleposlanika v Tur\u010diji, ne bo izdala dovoljenja, da bi novi tur\u0161ki veleposlanik prevzel dol\u017enosti na Nizozemskem,\u00ab \u0161e pi\u0161e v izjavi zunanjega ministrstva, ki jo povzema francoska\u00a0...","og_url":"https:\/\/hudo.com\/si\/aktualno\/nizozemska-uradno-umika-veleposlanika-iz-turcije\/","og_site_name":"Hudo Slovenija","article_publisher":"https:\/\/www.facebook.com\/hudo.si","article_published_time":"2018-02-05T11:35:00+00:00","og_image":[{"width":480,"height":290,"url":"https:\/\/hudo.com\/si\/wp-content\/uploads\/sites\/2\/2018\/02\/480x290_AFP_Photo-20180205132035-77674000.jpeg","type":"image\/jpeg"}],"author":"hudo","twitter_card":"summary_large_image","twitter_creator":"@hudo_si","twitter_site":"@hudo_si","twitter_misc":{"Written by":"hudo","Est. reading time":"1 minuta"},"schema":{"@context":"https:\/\/schema.org","@graph":[{"@type":"Article","@id":"https:\/\/hudo.com\/si\/aktualno\/nizozemska-uradno-umika-veleposlanika-iz-turcije\/#article","isPartOf":{"@id":"https:\/\/hudo.com\/si\/aktualno\/nizozemska-uradno-umika-veleposlanika-iz-turcije\/"},"author":{"name":"hudo","@id":"https:\/\/hudo.com\/si\/#\/schema\/person\/601cf3379633985b20f7e50f2bb47707"},"headline":"Nizozemska uradno umika veleposlanika iz Tur\u010dije","datePublished":"2018-02-05T11:35:00+00:00","dateModified":"2018-02-05T11:35:00+00:00","mainEntityOfPage":{"@id":"https:\/\/hudo.com\/si\/aktualno\/nizozemska-uradno-umika-veleposlanika-iz-turcije\/"},"wordCount":155,"publisher":{"@id":"https:\/\/hudo.com\/si\/#organization"},"articleSection":["Aktualno"],"inLanguage":"sl-SI"},{"@type":"WebPage","@id":"https:\/\/hudo.com\/si\/aktualno\/nizozemska-uradno-umika-veleposlanika-iz-turcije\/","url":"https:\/\/hudo.com\/si\/aktualno\/nizozemska-uradno-umika-veleposlanika-iz-turcije\/","name":"Nizozemska uradno umika veleposlanika iz Tur\u010dije - Hudo Slovenija","isPartOf":{"@id":"https:\/\/hudo.com\/si\/#website"},"datePublished":"2018-02-05T11:35:00+00:00","dateModified":"2018-02-05T11:35:00+00:00","breadcrumb":{"@id":"https:\/\/hudo.com\/si\/aktualno\/nizozemska-uradno-umika-veleposlanika-iz-turcije\/#breadcrumb"},"inLanguage":"sl-SI","potentialAction":[{"@type":"ReadAction","target":["https:\/\/hudo.com\/si\/aktualno\/nizozemska-uradno-umika-veleposlanika-iz-turcije\/"]}]},{"@type":"BreadcrumbList","@id":"https:\/\/hudo.com\/si\/aktualno\/nizozemska-uradno-umika-veleposlanika-iz-turcije\/#breadcrumb","itemListElement":[{"@type":"ListItem","position":1,"name":"Home","item":"https:\/\/hudo.com\/si\/"},{"@type":"ListItem","position":2,"name":"Nizozemska uradno umika veleposlanika iz Tur\u010dije"}]},{"@type":"WebSite","@id":"https:\/\/hudo.com\/si\/#website","url":"https:\/\/hudo.com\/si\/","name":"Hudo Slovenija","description":"Vse novice iz Slovenije in sveta","publisher":{"@id":"https:\/\/hudo.com\/si\/#organization"},"potentialAction":[{"@type":"SearchAction","target":{"@type":"EntryPoint","urlTemplate":"https:\/\/hudo.com\/si\/?s={search_term_string}"},"query-input":"required name=search_term_string"}],"inLanguage":"sl-SI"},{"@type":"Organization","@id":"https:\/\/hudo.com\/si\/#organization","name":"VSN Media","url":"https:\/\/hudo.com\/si\/","logo":{"@type":"ImageObject","inLanguage":"sl-SI","@id":"https:\/\/hudo.com\/si\/#\/schema\/logo\/image\/","url":"https:\/\/hudo.com\/si\/wp-content\/uploads\/sites\/2\/2021\/03\/hudo-app-2.png","contentUrl":"https:\/\/hudo.com\/si\/wp-content\/uploads\/sites\/2\/2021\/03\/hudo-app-2.png","width":2185,"height":2167,"caption":"VSN Media"},"image":{"@id":"https:\/\/hudo.com\/si\/#\/schema\/logo\/image\/"},"sameAs":["https:\/\/www.facebook.com\/hudo.si","https:\/\/twitter.com\/hudo_si"]},{"@type":"Person","@id":"https:\/\/hudo.com\/si\/#\/schema\/person\/601cf3379633985b20f7e50f2bb47707","name":"hudo","image":{"@type":"ImageObject","inLanguage":"sl-SI","@id":"https:\/\/hudo.com\/si\/#\/schema\/person\/image\/","url":"https:\/\/secure.gravatar.com\/avatar\/c4ca25fa72cace7a696b52ff5db9e095?s=96&d=mm&r=g","contentUrl":"https:\/\/secure.gravatar.com\/avatar\/c4ca25fa72cace7a696b52ff5db9e095?s=96&d=mm&r=g","caption":"hudo"},"url":"https:\/\/hudo.com\/si\/author\/hudo\/"}]}},"amp_enabled":true,"_links":{"self":[{"href":"https:\/\/hudo.com\/si\/wp-json\/wp\/v2\/posts\/358002"}],"collection":[{"href":"https:\/\/hudo.com\/si\/wp-json\/wp\/v2\/posts"}],"about":[{"href":"https:\/\/hudo.com\/si\/wp-json\/wp\/v2\/types\/post"}],"author":[{"embeddable":true,"href":"https:\/\/hudo.com\/si\/wp-json\/wp\/v2\/users\/1"}],"replies":[{"embeddable":true,"href":"https:\/\/hudo.com\/si\/wp-json\/wp\/v2\/comments?post=358002"}],"version-history":[{"count":0,"href":"https:\/\/hudo.com\/si\/wp-json\/wp\/v2\/posts\/358002\/revisions"}],"wp:attachment":[{"href":"https:\/\/hudo.com\/si\/wp-json\/wp\/v2\/media?parent=358002"}],"wp:term":[{"taxonomy":"category","embeddable":true,"href":"https:\/\/hudo.com\/si\/wp-json\/wp\/v2\/categories?post=358002"},{"taxonomy":"post_tag","embeddable":true,"href":"https:\/\/hudo.com\/si\/wp-json\/wp\/v2\/tags?post=358002"},{"taxonomy":"source","embeddable":true,"href":"https:\/\/hudo.com\/si\/wp-json\/wp\/v2\/source?post=358002"},{"taxonomy":"supertag","embeddable":true,"href":"https:\/\/hudo.com\/si\/wp-json\/wp\/v2\/supertag?post=358002"}],"curies":[{"name":"wp","href":"https:\/\/api.w.org\/{rel}","templated":true}]}}