{"id":358039,"date":"2018-02-05T15:00:00","date_gmt":"2018-02-05T14:00:00","guid":{"rendered":"https:\/\/hudo.com\/si\/2018\/02\/05\/turska-zadrega-na-severu-sirije-je-cedalje-hujsa\/"},"modified":"2018-02-05T15:00:00","modified_gmt":"2018-02-05T14:00:00","slug":"turska-zadrega-na-severu-sirije-je-cedalje-hujsa","status":"publish","type":"post","link":"https:\/\/hudo.com\/si\/aktualno\/turska-zadrega-na-severu-sirije-je-cedalje-hujsa\/","title":{"rendered":"Tur\u0161ka zadrega na severu Sirije je \u010dedalje huj\u0161a"},"content":{"rendered":"<p>Kategorija: Krize Mon, 05 Feb 2018 16:00:00 +0100  Velika tur\u0161ka voja\u0161ka operacija, ki je namenjena voja\u0161kemu uni\u010denju kurdskih Ljudskih za\u0161\u010ditnih enot (YPG) in Sirskih demokrati\u010dnih sil (SDF), v katerih imajo glavno besedo Kurdi, je vstopila v tretji teden. Tur\u0161ke sile pa skupaj s svojimi zavezniki kljub velikopoteznim napovedim \u0161e vedno niso vstopile v mesto Afrin.V Afrinu, ki je te\u017eko dostopen, saj ga obdajajo planine, imajo kurdske sile \u0161e vedno popoln nadzor. Zato so si ta konec tedna sirski Kurdi lahko celo dovolili manj\u0161o voja\u0161ko parado, ki je bila dejansko namenjena mobilizaciji. Ta sicer \u017ee dobra dva tedna poteka v vseh treh ve\u010dinoma kurdskih provincah na severu Sirije \u2013 avtonomnem obmo\u010dju Ro\u017eava (kurdsko: zahodni Kurdistan). Mobilizacija je za zdaj \u00bbprostovoljna\u00ab, voja\u0161ko urjenje pred odhodom na boji\u0161\u010de pa traja le teden dni. Lokalne kurdske oblasti v Afrinu so mednarodno skupnost\u00a0&#8230;<\/p>\n","protected":false},"excerpt":{"rendered":"<p>Kategorija: Krize Mon, 05 Feb 2018 16:00:00 +0100  Velika tur\u0161ka voja\u0161ka operacija, ki je namenjena voja\u0161kemu uni\u010denju kurdskih Ljudskih za\u0161\u010ditnih enot (YPG) in Sirskih demokrati\u010dnih sil (SDF), v katerih imajo glavno besedo Kurdi, je vstopila v tretji teden. Tur\u0161ke sile pa skupaj s svojimi zavezniki kljub velikopoteznim napovedim \u0161e vedno niso vstopile v mesto Afrin.V Afrinu, ki je te\u017eko dostopen, saj ga obdajajo planine, imajo kurdske sile \u0161e vedno popoln nadzor. Zato so si ta konec tedna sirski Kurdi lahko celo dovolili manj\u0161o voja\u0161ko parado, ki je bila dejansko namenjena mobilizaciji. Ta sicer \u017ee dobra dva tedna poteka v vseh treh ve\u010dinoma kurdskih provincah na severu Sirije \u2013 avtonomnem obmo\u010dju Ro\u017eava (kurdsko: zahodni Kurdistan). Mobilizacija je za zdaj \u00bbprostovoljna\u00ab, voja\u0161ko urjenje pred odhodom na boji\u0161\u010de pa traja le teden dni. Lokalne kurdske oblasti v Afrinu so mednarodno skupnost\u00a0&#8230;<\/p>\n","protected":false},"author":1,"featured_media":0,"comment_status":"closed","ping_status":"closed","sticky":false,"template":"","format":"standard","meta":{"footnotes":""},"categories":[1179],"tags":[],"source":[1703],"supertag":[],"acf":[],"yoast_head":"<!-- This site is optimized with the Yoast SEO plugin v21.3 - https:\/\/yoast.com\/wordpress\/plugins\/seo\/ -->\n<title>Tur\u0161ka zadrega na severu Sirije je \u010dedalje huj\u0161a - Hudo Slovenija<\/title>\n<meta name=\"robots\" content=\"index, follow, max-snippet:-1, max-image-preview:large, max-video-preview:-1\" \/>\n<link rel=\"canonical\" href=\"https:\/\/hudo.com\/si\/aktualno\/turska-zadrega-na-severu-sirije-je-cedalje-hujsa\/\" \/>\n<meta property=\"og:locale\" content=\"sl_SI\" \/>\n<meta property=\"og:type\" content=\"article\" \/>\n<meta property=\"og:title\" content=\"Tur\u0161ka zadrega na severu Sirije je \u010dedalje huj\u0161a - Hudo Slovenija\" \/>\n<meta property=\"og:description\" content=\"Kategorija: Krize Mon, 05 Feb 2018 16:00:00 +0100 Velika tur\u0161ka voja\u0161ka operacija, ki je namenjena voja\u0161kemu uni\u010denju kurdskih Ljudskih za\u0161\u010ditnih enot (YPG) in Sirskih demokrati\u010dnih sil (SDF), v katerih imajo glavno besedo Kurdi, je vstopila v tretji teden. Tur\u0161ke sile pa skupaj s svojimi zavezniki kljub velikopoteznim napovedim \u0161e vedno niso vstopile v mesto Afrin.V Afrinu, ki je te\u017eko dostopen, saj ga obdajajo planine, imajo kurdske sile \u0161e vedno popoln nadzor. Zato so si ta konec tedna sirski Kurdi lahko celo dovolili manj\u0161o voja\u0161ko parado, ki je bila dejansko namenjena mobilizaciji. Ta sicer \u017ee dobra dva tedna poteka v vseh treh ve\u010dinoma kurdskih provincah na severu Sirije \u2013 avtonomnem obmo\u010dju Ro\u017eava (kurdsko: zahodni Kurdistan). Mobilizacija je za zdaj \u00bbprostovoljna\u00ab, voja\u0161ko urjenje pred odhodom na boji\u0161\u010de pa traja le teden dni. Lokalne kurdske oblasti v Afrinu so mednarodno skupnost\u00a0...\" \/>\n<meta property=\"og:url\" content=\"https:\/\/hudo.com\/si\/aktualno\/turska-zadrega-na-severu-sirije-je-cedalje-hujsa\/\" \/>\n<meta property=\"og:site_name\" content=\"Hudo Slovenija\" \/>\n<meta property=\"article:publisher\" content=\"https:\/\/www.facebook.com\/hudo.si\" \/>\n<meta property=\"article:published_time\" content=\"2018-02-05T14:00:00+00:00\" \/>\n<meta property=\"og:image\" content=\"https:\/\/hudo.com\/si\/wp-content\/uploads\/sites\/2\/2018\/02\/480x290_Zunanja__AFP_Photo_20180205_hires0.jpeg\" \/>\n\t<meta property=\"og:image:width\" content=\"480\" \/>\n\t<meta property=\"og:image:height\" content=\"290\" \/>\n\t<meta property=\"og:image:type\" content=\"image\/jpeg\" \/>\n<meta name=\"author\" content=\"hudo\" \/>\n<meta name=\"twitter:card\" content=\"summary_large_image\" \/>\n<meta name=\"twitter:creator\" content=\"@hudo_si\" \/>\n<meta name=\"twitter:site\" content=\"@hudo_si\" \/>\n<meta name=\"twitter:label1\" content=\"Written by\" \/>\n\t<meta name=\"twitter:data1\" content=\"hudo\" \/>\n\t<meta name=\"twitter:label2\" content=\"Est. reading time\" \/>\n\t<meta name=\"twitter:data2\" content=\"1 minuta\" \/>\n<script type=\"application\/ld+json\" class=\"yoast-schema-graph\">{\"@context\":\"https:\/\/schema.org\",\"@graph\":[{\"@type\":\"Article\",\"@id\":\"https:\/\/hudo.com\/si\/aktualno\/turska-zadrega-na-severu-sirije-je-cedalje-hujsa\/#article\",\"isPartOf\":{\"@id\":\"https:\/\/hudo.com\/si\/aktualno\/turska-zadrega-na-severu-sirije-je-cedalje-hujsa\/\"},\"author\":{\"name\":\"hudo\",\"@id\":\"https:\/\/hudo.com\/si\/#\/schema\/person\/601cf3379633985b20f7e50f2bb47707\"},\"headline\":\"Tur\u0161ka zadrega na severu Sirije je \u010dedalje huj\u0161a\",\"datePublished\":\"2018-02-05T14:00:00+00:00\",\"dateModified\":\"2018-02-05T14:00:00+00:00\",\"mainEntityOfPage\":{\"@id\":\"https:\/\/hudo.com\/si\/aktualno\/turska-zadrega-na-severu-sirije-je-cedalje-hujsa\/\"},\"wordCount\":159,\"publisher\":{\"@id\":\"https:\/\/hudo.com\/si\/#organization\"},\"articleSection\":[\"Aktualno\"],\"inLanguage\":\"sl-SI\"},{\"@type\":\"WebPage\",\"@id\":\"https:\/\/hudo.com\/si\/aktualno\/turska-zadrega-na-severu-sirije-je-cedalje-hujsa\/\",\"url\":\"https:\/\/hudo.com\/si\/aktualno\/turska-zadrega-na-severu-sirije-je-cedalje-hujsa\/\",\"name\":\"Tur\u0161ka zadrega na severu Sirije je \u010dedalje huj\u0161a - Hudo Slovenija\",\"isPartOf\":{\"@id\":\"https:\/\/hudo.com\/si\/#website\"},\"datePublished\":\"2018-02-05T14:00:00+00:00\",\"dateModified\":\"2018-02-05T14:00:00+00:00\",\"breadcrumb\":{\"@id\":\"https:\/\/hudo.com\/si\/aktualno\/turska-zadrega-na-severu-sirije-je-cedalje-hujsa\/#breadcrumb\"},\"inLanguage\":\"sl-SI\",\"potentialAction\":[{\"@type\":\"ReadAction\",\"target\":[\"https:\/\/hudo.com\/si\/aktualno\/turska-zadrega-na-severu-sirije-je-cedalje-hujsa\/\"]}]},{\"@type\":\"BreadcrumbList\",\"@id\":\"https:\/\/hudo.com\/si\/aktualno\/turska-zadrega-na-severu-sirije-je-cedalje-hujsa\/#breadcrumb\",\"itemListElement\":[{\"@type\":\"ListItem\",\"position\":1,\"name\":\"Home\",\"item\":\"https:\/\/hudo.com\/si\/\"},{\"@type\":\"ListItem\",\"position\":2,\"name\":\"Tur\u0161ka zadrega na severu Sirije je \u010dedalje huj\u0161a\"}]},{\"@type\":\"WebSite\",\"@id\":\"https:\/\/hudo.com\/si\/#website\",\"url\":\"https:\/\/hudo.com\/si\/\",\"name\":\"Hudo Slovenija\",\"description\":\"Vse novice iz Slovenije in sveta\",\"publisher\":{\"@id\":\"https:\/\/hudo.com\/si\/#organization\"},\"potentialAction\":[{\"@type\":\"SearchAction\",\"target\":{\"@type\":\"EntryPoint\",\"urlTemplate\":\"https:\/\/hudo.com\/si\/?s={search_term_string}\"},\"query-input\":\"required name=search_term_string\"}],\"inLanguage\":\"sl-SI\"},{\"@type\":\"Organization\",\"@id\":\"https:\/\/hudo.com\/si\/#organization\",\"name\":\"VSN Media\",\"url\":\"https:\/\/hudo.com\/si\/\",\"logo\":{\"@type\":\"ImageObject\",\"inLanguage\":\"sl-SI\",\"@id\":\"https:\/\/hudo.com\/si\/#\/schema\/logo\/image\/\",\"url\":\"https:\/\/hudo.com\/si\/wp-content\/uploads\/sites\/2\/2021\/03\/hudo-app-2.png\",\"contentUrl\":\"https:\/\/hudo.com\/si\/wp-content\/uploads\/sites\/2\/2021\/03\/hudo-app-2.png\",\"width\":2185,\"height\":2167,\"caption\":\"VSN Media\"},\"image\":{\"@id\":\"https:\/\/hudo.com\/si\/#\/schema\/logo\/image\/\"},\"sameAs\":[\"https:\/\/www.facebook.com\/hudo.si\",\"https:\/\/twitter.com\/hudo_si\"]},{\"@type\":\"Person\",\"@id\":\"https:\/\/hudo.com\/si\/#\/schema\/person\/601cf3379633985b20f7e50f2bb47707\",\"name\":\"hudo\",\"image\":{\"@type\":\"ImageObject\",\"inLanguage\":\"sl-SI\",\"@id\":\"https:\/\/hudo.com\/si\/#\/schema\/person\/image\/\",\"url\":\"https:\/\/secure.gravatar.com\/avatar\/c4ca25fa72cace7a696b52ff5db9e095?s=96&d=mm&r=g\",\"contentUrl\":\"https:\/\/secure.gravatar.com\/avatar\/c4ca25fa72cace7a696b52ff5db9e095?s=96&d=mm&r=g\",\"caption\":\"hudo\"},\"url\":\"https:\/\/hudo.com\/si\/author\/hudo\/\"}]}<\/script>\n<!-- \/ Yoast SEO plugin. -->","yoast_head_json":{"title":"Tur\u0161ka zadrega na severu Sirije je \u010dedalje huj\u0161a - Hudo Slovenija","robots":{"index":"index","follow":"follow","max-snippet":"max-snippet:-1","max-image-preview":"max-image-preview:large","max-video-preview":"max-video-preview:-1"},"canonical":"https:\/\/hudo.com\/si\/aktualno\/turska-zadrega-na-severu-sirije-je-cedalje-hujsa\/","og_locale":"sl_SI","og_type":"article","og_title":"Tur\u0161ka zadrega na severu Sirije je \u010dedalje huj\u0161a - Hudo Slovenija","og_description":"Kategorija: Krize Mon, 05 Feb 2018 16:00:00 +0100 Velika tur\u0161ka voja\u0161ka operacija, ki je namenjena voja\u0161kemu uni\u010denju kurdskih Ljudskih za\u0161\u010ditnih enot (YPG) in Sirskih demokrati\u010dnih sil (SDF), v katerih imajo glavno besedo Kurdi, je vstopila v tretji teden. Tur\u0161ke sile pa skupaj s svojimi zavezniki kljub velikopoteznim napovedim \u0161e vedno niso vstopile v mesto Afrin.V Afrinu, ki je te\u017eko dostopen, saj ga obdajajo planine, imajo kurdske sile \u0161e vedno popoln nadzor. Zato so si ta konec tedna sirski Kurdi lahko celo dovolili manj\u0161o voja\u0161ko parado, ki je bila dejansko namenjena mobilizaciji. Ta sicer \u017ee dobra dva tedna poteka v vseh treh ve\u010dinoma kurdskih provincah na severu Sirije \u2013 avtonomnem obmo\u010dju Ro\u017eava (kurdsko: zahodni Kurdistan). Mobilizacija je za zdaj \u00bbprostovoljna\u00ab, voja\u0161ko urjenje pred odhodom na boji\u0161\u010de pa traja le teden dni. Lokalne kurdske oblasti v Afrinu so mednarodno skupnost\u00a0...","og_url":"https:\/\/hudo.com\/si\/aktualno\/turska-zadrega-na-severu-sirije-je-cedalje-hujsa\/","og_site_name":"Hudo Slovenija","article_publisher":"https:\/\/www.facebook.com\/hudo.si","article_published_time":"2018-02-05T14:00:00+00:00","og_image":[{"width":480,"height":290,"url":"https:\/\/hudo.com\/si\/wp-content\/uploads\/sites\/2\/2018\/02\/480x290_Zunanja__AFP_Photo_20180205_hires0.jpeg","type":"image\/jpeg"}],"author":"hudo","twitter_card":"summary_large_image","twitter_creator":"@hudo_si","twitter_site":"@hudo_si","twitter_misc":{"Written by":"hudo","Est. reading time":"1 minuta"},"schema":{"@context":"https:\/\/schema.org","@graph":[{"@type":"Article","@id":"https:\/\/hudo.com\/si\/aktualno\/turska-zadrega-na-severu-sirije-je-cedalje-hujsa\/#article","isPartOf":{"@id":"https:\/\/hudo.com\/si\/aktualno\/turska-zadrega-na-severu-sirije-je-cedalje-hujsa\/"},"author":{"name":"hudo","@id":"https:\/\/hudo.com\/si\/#\/schema\/person\/601cf3379633985b20f7e50f2bb47707"},"headline":"Tur\u0161ka zadrega na severu Sirije je \u010dedalje huj\u0161a","datePublished":"2018-02-05T14:00:00+00:00","dateModified":"2018-02-05T14:00:00+00:00","mainEntityOfPage":{"@id":"https:\/\/hudo.com\/si\/aktualno\/turska-zadrega-na-severu-sirije-je-cedalje-hujsa\/"},"wordCount":159,"publisher":{"@id":"https:\/\/hudo.com\/si\/#organization"},"articleSection":["Aktualno"],"inLanguage":"sl-SI"},{"@type":"WebPage","@id":"https:\/\/hudo.com\/si\/aktualno\/turska-zadrega-na-severu-sirije-je-cedalje-hujsa\/","url":"https:\/\/hudo.com\/si\/aktualno\/turska-zadrega-na-severu-sirije-je-cedalje-hujsa\/","name":"Tur\u0161ka zadrega na severu Sirije je \u010dedalje huj\u0161a - Hudo Slovenija","isPartOf":{"@id":"https:\/\/hudo.com\/si\/#website"},"datePublished":"2018-02-05T14:00:00+00:00","dateModified":"2018-02-05T14:00:00+00:00","breadcrumb":{"@id":"https:\/\/hudo.com\/si\/aktualno\/turska-zadrega-na-severu-sirije-je-cedalje-hujsa\/#breadcrumb"},"inLanguage":"sl-SI","potentialAction":[{"@type":"ReadAction","target":["https:\/\/hudo.com\/si\/aktualno\/turska-zadrega-na-severu-sirije-je-cedalje-hujsa\/"]}]},{"@type":"BreadcrumbList","@id":"https:\/\/hudo.com\/si\/aktualno\/turska-zadrega-na-severu-sirije-je-cedalje-hujsa\/#breadcrumb","itemListElement":[{"@type":"ListItem","position":1,"name":"Home","item":"https:\/\/hudo.com\/si\/"},{"@type":"ListItem","position":2,"name":"Tur\u0161ka zadrega na severu Sirije je \u010dedalje huj\u0161a"}]},{"@type":"WebSite","@id":"https:\/\/hudo.com\/si\/#website","url":"https:\/\/hudo.com\/si\/","name":"Hudo Slovenija","description":"Vse novice iz Slovenije in sveta","publisher":{"@id":"https:\/\/hudo.com\/si\/#organization"},"potentialAction":[{"@type":"SearchAction","target":{"@type":"EntryPoint","urlTemplate":"https:\/\/hudo.com\/si\/?s={search_term_string}"},"query-input":"required name=search_term_string"}],"inLanguage":"sl-SI"},{"@type":"Organization","@id":"https:\/\/hudo.com\/si\/#organization","name":"VSN Media","url":"https:\/\/hudo.com\/si\/","logo":{"@type":"ImageObject","inLanguage":"sl-SI","@id":"https:\/\/hudo.com\/si\/#\/schema\/logo\/image\/","url":"https:\/\/hudo.com\/si\/wp-content\/uploads\/sites\/2\/2021\/03\/hudo-app-2.png","contentUrl":"https:\/\/hudo.com\/si\/wp-content\/uploads\/sites\/2\/2021\/03\/hudo-app-2.png","width":2185,"height":2167,"caption":"VSN Media"},"image":{"@id":"https:\/\/hudo.com\/si\/#\/schema\/logo\/image\/"},"sameAs":["https:\/\/www.facebook.com\/hudo.si","https:\/\/twitter.com\/hudo_si"]},{"@type":"Person","@id":"https:\/\/hudo.com\/si\/#\/schema\/person\/601cf3379633985b20f7e50f2bb47707","name":"hudo","image":{"@type":"ImageObject","inLanguage":"sl-SI","@id":"https:\/\/hudo.com\/si\/#\/schema\/person\/image\/","url":"https:\/\/secure.gravatar.com\/avatar\/c4ca25fa72cace7a696b52ff5db9e095?s=96&d=mm&r=g","contentUrl":"https:\/\/secure.gravatar.com\/avatar\/c4ca25fa72cace7a696b52ff5db9e095?s=96&d=mm&r=g","caption":"hudo"},"url":"https:\/\/hudo.com\/si\/author\/hudo\/"}]}},"amp_enabled":true,"_links":{"self":[{"href":"https:\/\/hudo.com\/si\/wp-json\/wp\/v2\/posts\/358039"}],"collection":[{"href":"https:\/\/hudo.com\/si\/wp-json\/wp\/v2\/posts"}],"about":[{"href":"https:\/\/hudo.com\/si\/wp-json\/wp\/v2\/types\/post"}],"author":[{"embeddable":true,"href":"https:\/\/hudo.com\/si\/wp-json\/wp\/v2\/users\/1"}],"replies":[{"embeddable":true,"href":"https:\/\/hudo.com\/si\/wp-json\/wp\/v2\/comments?post=358039"}],"version-history":[{"count":0,"href":"https:\/\/hudo.com\/si\/wp-json\/wp\/v2\/posts\/358039\/revisions"}],"wp:attachment":[{"href":"https:\/\/hudo.com\/si\/wp-json\/wp\/v2\/media?parent=358039"}],"wp:term":[{"taxonomy":"category","embeddable":true,"href":"https:\/\/hudo.com\/si\/wp-json\/wp\/v2\/categories?post=358039"},{"taxonomy":"post_tag","embeddable":true,"href":"https:\/\/hudo.com\/si\/wp-json\/wp\/v2\/tags?post=358039"},{"taxonomy":"source","embeddable":true,"href":"https:\/\/hudo.com\/si\/wp-json\/wp\/v2\/source?post=358039"},{"taxonomy":"supertag","embeddable":true,"href":"https:\/\/hudo.com\/si\/wp-json\/wp\/v2\/supertag?post=358039"}],"curies":[{"name":"wp","href":"https:\/\/api.w.org\/{rel}","templated":true}]}}