{"id":359980,"date":"2018-02-11T12:48:00","date_gmt":"2018-02-11T11:48:00","guid":{"rendered":"https:\/\/hudo.com\/si\/2018\/02\/11\/prireditelji-zacenjajo-priprave-na-odbojkarsko-ep-2019\/"},"modified":"2018-02-11T12:48:00","modified_gmt":"2018-02-11T11:48:00","slug":"prireditelji-zacenjajo-priprave-na-odbojkarsko-ep-2019","status":"publish","type":"post","link":"https:\/\/hudo.com\/si\/aktualno\/prireditelji-zacenjajo-priprave-na-odbojkarsko-ep-2019\/","title":{"rendered":"Prireditelji za\u010denjajo priprave na odbojkarsko EP 2019"},"content":{"rendered":"<p>Kategorija: Drugi \u0161porti Sun, 11 Feb 2018 13:48:00 +0100  Ljubljana &#8211; V Utrechtu na Nizozemskem so se zbrali predstavniki organizacijskih odborov dr\u017eav gostiteljic evropskega odbojkarskega prvenstva 2019. Predstavniki Francije, Belgije, Nizozemske in Slovenije so za\u010drtali prve smernice dela. Beseda je tekla predvsem o na\u010dinu organizacije, \u0161tevilu tekmovalnih dni, urniku tekmovanj in tehnologiji. Na dnevnem redu so bili \u0161e tr\u017eenje in promocija ter tudi mediji in spremljevalne aktivnosti. Prvenstvo prihodnje leto bo prvo, na katerem bo nastopilo 24 reprezentanc namesto dosedanjih 16. Sre\u010danja so se udele\u017eili predstavniki Evropske odbojkarske zveze (CEV), med katerimi je bil tudi njen predsednik Aleksandar Bor\u010di\u0107, ki je o omenjenem prvenstvu povedal nekaj besed: \u00bbPrvi\u010d v zgodovini bo eno od najve\u010djih odbojkarskih tekmovanj hkrati potekalo v \u0161tirih dr\u017eavah. Za organizatorje bo to velik zalogaj, a glede na opravljene sestanke si lahko od tega prvenstva obetamo veliko. Na\u0161\u00a0&#8230;<\/p>\n","protected":false},"excerpt":{"rendered":"<p>Kategorija: Drugi \u0161porti Sun, 11 Feb 2018 13:48:00 +0100  Ljubljana &#8211; V Utrechtu na Nizozemskem so se zbrali predstavniki organizacijskih odborov dr\u017eav gostiteljic evropskega odbojkarskega prvenstva 2019. Predstavniki Francije, Belgije, Nizozemske in Slovenije so za\u010drtali prve smernice dela. Beseda je tekla predvsem o na\u010dinu organizacije, \u0161tevilu tekmovalnih dni, urniku tekmovanj in tehnologiji. Na dnevnem redu so bili \u0161e tr\u017eenje in promocija ter tudi mediji in spremljevalne aktivnosti. Prvenstvo prihodnje leto bo prvo, na katerem bo nastopilo 24 reprezentanc namesto dosedanjih 16. Sre\u010danja so se udele\u017eili predstavniki Evropske odbojkarske zveze (CEV), med katerimi je bil tudi njen predsednik Aleksandar Bor\u010di\u0107, ki je o omenjenem prvenstvu povedal nekaj besed: \u00bbPrvi\u010d v zgodovini bo eno od najve\u010djih odbojkarskih tekmovanj hkrati potekalo v \u0161tirih dr\u017eavah. Za organizatorje bo to velik zalogaj, a glede na opravljene sestanke si lahko od tega prvenstva obetamo veliko. Na\u0161\u00a0&#8230;<\/p>\n","protected":false},"author":1,"featured_media":0,"comment_status":"closed","ping_status":"closed","sticky":false,"template":"","format":"standard","meta":{"footnotes":""},"categories":[1179],"tags":[],"source":[1703],"supertag":[],"acf":[],"yoast_head":"<!-- This site is optimized with the Yoast SEO plugin v21.3 - https:\/\/yoast.com\/wordpress\/plugins\/seo\/ -->\n<title>Prireditelji za\u010denjajo priprave na odbojkarsko EP 2019 - Hudo Slovenija<\/title>\n<meta name=\"robots\" content=\"index, follow, max-snippet:-1, max-image-preview:large, max-video-preview:-1\" \/>\n<link rel=\"canonical\" href=\"https:\/\/hudo.com\/si\/aktualno\/prireditelji-zacenjajo-priprave-na-odbojkarsko-ep-2019\/\" \/>\n<meta property=\"og:locale\" content=\"sl_SI\" \/>\n<meta property=\"og:type\" content=\"article\" \/>\n<meta property=\"og:title\" content=\"Prireditelji za\u010denjajo priprave na odbojkarsko EP 2019 - Hudo Slovenija\" \/>\n<meta property=\"og:description\" content=\"Kategorija: Drugi \u0161porti Sun, 11 Feb 2018 13:48:00 +0100 Ljubljana - V Utrechtu na Nizozemskem so se zbrali predstavniki organizacijskih odborov dr\u017eav gostiteljic evropskega odbojkarskega prvenstva 2019. Predstavniki Francije, Belgije, Nizozemske in Slovenije so za\u010drtali prve smernice dela. Beseda je tekla predvsem o na\u010dinu organizacije, \u0161tevilu tekmovalnih dni, urniku tekmovanj in tehnologiji. Na dnevnem redu so bili \u0161e tr\u017eenje in promocija ter tudi mediji in spremljevalne aktivnosti. Prvenstvo prihodnje leto bo prvo, na katerem bo nastopilo 24 reprezentanc namesto dosedanjih 16. Sre\u010danja so se udele\u017eili predstavniki Evropske odbojkarske zveze (CEV), med katerimi je bil tudi njen predsednik Aleksandar Bor\u010di\u0107, ki je o omenjenem prvenstvu povedal nekaj besed: \u00bbPrvi\u010d v zgodovini bo eno od najve\u010djih odbojkarskih tekmovanj hkrati potekalo v \u0161tirih dr\u017eavah. Za organizatorje bo to velik zalogaj, a glede na opravljene sestanke si lahko od tega prvenstva obetamo veliko. Na\u0161\u00a0...\" \/>\n<meta property=\"og:url\" content=\"https:\/\/hudo.com\/si\/aktualno\/prireditelji-zacenjajo-priprave-na-odbojkarsko-ep-2019\/\" \/>\n<meta property=\"og:site_name\" content=\"Hudo Slovenija\" \/>\n<meta property=\"article:publisher\" content=\"https:\/\/www.facebook.com\/hudo.si\" \/>\n<meta property=\"article:published_time\" content=\"2018-02-11T11:48:00+00:00\" \/>\n<meta property=\"og:image\" content=\"https:\/\/hudo.com\/si\/wp-content\/uploads\/sites\/2\/2018\/02\/480x290_Delo_Foto-20180211134544-82713400.jpeg\" \/>\n\t<meta property=\"og:image:width\" content=\"480\" \/>\n\t<meta property=\"og:image:height\" content=\"290\" \/>\n\t<meta property=\"og:image:type\" content=\"image\/jpeg\" \/>\n<meta name=\"author\" content=\"hudo\" \/>\n<meta name=\"twitter:card\" content=\"summary_large_image\" \/>\n<meta name=\"twitter:creator\" content=\"@hudo_si\" \/>\n<meta name=\"twitter:site\" content=\"@hudo_si\" \/>\n<meta name=\"twitter:label1\" content=\"Written by\" \/>\n\t<meta name=\"twitter:data1\" content=\"hudo\" \/>\n\t<meta name=\"twitter:label2\" content=\"Est. reading time\" \/>\n\t<meta name=\"twitter:data2\" content=\"1 minuta\" \/>\n<script type=\"application\/ld+json\" class=\"yoast-schema-graph\">{\"@context\":\"https:\/\/schema.org\",\"@graph\":[{\"@type\":\"Article\",\"@id\":\"https:\/\/hudo.com\/si\/aktualno\/prireditelji-zacenjajo-priprave-na-odbojkarsko-ep-2019\/#article\",\"isPartOf\":{\"@id\":\"https:\/\/hudo.com\/si\/aktualno\/prireditelji-zacenjajo-priprave-na-odbojkarsko-ep-2019\/\"},\"author\":{\"name\":\"hudo\",\"@id\":\"https:\/\/hudo.com\/si\/#\/schema\/person\/601cf3379633985b20f7e50f2bb47707\"},\"headline\":\"Prireditelji za\u010denjajo priprave na odbojkarsko EP 2019\",\"datePublished\":\"2018-02-11T11:48:00+00:00\",\"dateModified\":\"2018-02-11T11:48:00+00:00\",\"mainEntityOfPage\":{\"@id\":\"https:\/\/hudo.com\/si\/aktualno\/prireditelji-zacenjajo-priprave-na-odbojkarsko-ep-2019\/\"},\"wordCount\":149,\"publisher\":{\"@id\":\"https:\/\/hudo.com\/si\/#organization\"},\"articleSection\":[\"Aktualno\"],\"inLanguage\":\"sl-SI\"},{\"@type\":\"WebPage\",\"@id\":\"https:\/\/hudo.com\/si\/aktualno\/prireditelji-zacenjajo-priprave-na-odbojkarsko-ep-2019\/\",\"url\":\"https:\/\/hudo.com\/si\/aktualno\/prireditelji-zacenjajo-priprave-na-odbojkarsko-ep-2019\/\",\"name\":\"Prireditelji za\u010denjajo priprave na odbojkarsko EP 2019 - Hudo Slovenija\",\"isPartOf\":{\"@id\":\"https:\/\/hudo.com\/si\/#website\"},\"datePublished\":\"2018-02-11T11:48:00+00:00\",\"dateModified\":\"2018-02-11T11:48:00+00:00\",\"breadcrumb\":{\"@id\":\"https:\/\/hudo.com\/si\/aktualno\/prireditelji-zacenjajo-priprave-na-odbojkarsko-ep-2019\/#breadcrumb\"},\"inLanguage\":\"sl-SI\",\"potentialAction\":[{\"@type\":\"ReadAction\",\"target\":[\"https:\/\/hudo.com\/si\/aktualno\/prireditelji-zacenjajo-priprave-na-odbojkarsko-ep-2019\/\"]}]},{\"@type\":\"BreadcrumbList\",\"@id\":\"https:\/\/hudo.com\/si\/aktualno\/prireditelji-zacenjajo-priprave-na-odbojkarsko-ep-2019\/#breadcrumb\",\"itemListElement\":[{\"@type\":\"ListItem\",\"position\":1,\"name\":\"Home\",\"item\":\"https:\/\/hudo.com\/si\/\"},{\"@type\":\"ListItem\",\"position\":2,\"name\":\"Prireditelji za\u010denjajo priprave na odbojkarsko EP 2019\"}]},{\"@type\":\"WebSite\",\"@id\":\"https:\/\/hudo.com\/si\/#website\",\"url\":\"https:\/\/hudo.com\/si\/\",\"name\":\"Hudo Slovenija\",\"description\":\"Vse novice iz Slovenije in sveta\",\"publisher\":{\"@id\":\"https:\/\/hudo.com\/si\/#organization\"},\"potentialAction\":[{\"@type\":\"SearchAction\",\"target\":{\"@type\":\"EntryPoint\",\"urlTemplate\":\"https:\/\/hudo.com\/si\/?s={search_term_string}\"},\"query-input\":\"required name=search_term_string\"}],\"inLanguage\":\"sl-SI\"},{\"@type\":\"Organization\",\"@id\":\"https:\/\/hudo.com\/si\/#organization\",\"name\":\"VSN Media\",\"url\":\"https:\/\/hudo.com\/si\/\",\"logo\":{\"@type\":\"ImageObject\",\"inLanguage\":\"sl-SI\",\"@id\":\"https:\/\/hudo.com\/si\/#\/schema\/logo\/image\/\",\"url\":\"https:\/\/hudo.com\/si\/wp-content\/uploads\/sites\/2\/2021\/03\/hudo-app-2.png\",\"contentUrl\":\"https:\/\/hudo.com\/si\/wp-content\/uploads\/sites\/2\/2021\/03\/hudo-app-2.png\",\"width\":2185,\"height\":2167,\"caption\":\"VSN Media\"},\"image\":{\"@id\":\"https:\/\/hudo.com\/si\/#\/schema\/logo\/image\/\"},\"sameAs\":[\"https:\/\/www.facebook.com\/hudo.si\",\"https:\/\/twitter.com\/hudo_si\"]},{\"@type\":\"Person\",\"@id\":\"https:\/\/hudo.com\/si\/#\/schema\/person\/601cf3379633985b20f7e50f2bb47707\",\"name\":\"hudo\",\"image\":{\"@type\":\"ImageObject\",\"inLanguage\":\"sl-SI\",\"@id\":\"https:\/\/hudo.com\/si\/#\/schema\/person\/image\/\",\"url\":\"https:\/\/secure.gravatar.com\/avatar\/c4ca25fa72cace7a696b52ff5db9e095?s=96&d=mm&r=g\",\"contentUrl\":\"https:\/\/secure.gravatar.com\/avatar\/c4ca25fa72cace7a696b52ff5db9e095?s=96&d=mm&r=g\",\"caption\":\"hudo\"},\"url\":\"https:\/\/hudo.com\/si\/author\/hudo\/\"}]}<\/script>\n<!-- \/ Yoast SEO plugin. -->","yoast_head_json":{"title":"Prireditelji za\u010denjajo priprave na odbojkarsko EP 2019 - Hudo Slovenija","robots":{"index":"index","follow":"follow","max-snippet":"max-snippet:-1","max-image-preview":"max-image-preview:large","max-video-preview":"max-video-preview:-1"},"canonical":"https:\/\/hudo.com\/si\/aktualno\/prireditelji-zacenjajo-priprave-na-odbojkarsko-ep-2019\/","og_locale":"sl_SI","og_type":"article","og_title":"Prireditelji za\u010denjajo priprave na odbojkarsko EP 2019 - Hudo Slovenija","og_description":"Kategorija: Drugi \u0161porti Sun, 11 Feb 2018 13:48:00 +0100 Ljubljana - V Utrechtu na Nizozemskem so se zbrali predstavniki organizacijskih odborov dr\u017eav gostiteljic evropskega odbojkarskega prvenstva 2019. Predstavniki Francije, Belgije, Nizozemske in Slovenije so za\u010drtali prve smernice dela. Beseda je tekla predvsem o na\u010dinu organizacije, \u0161tevilu tekmovalnih dni, urniku tekmovanj in tehnologiji. Na dnevnem redu so bili \u0161e tr\u017eenje in promocija ter tudi mediji in spremljevalne aktivnosti. Prvenstvo prihodnje leto bo prvo, na katerem bo nastopilo 24 reprezentanc namesto dosedanjih 16. Sre\u010danja so se udele\u017eili predstavniki Evropske odbojkarske zveze (CEV), med katerimi je bil tudi njen predsednik Aleksandar Bor\u010di\u0107, ki je o omenjenem prvenstvu povedal nekaj besed: \u00bbPrvi\u010d v zgodovini bo eno od najve\u010djih odbojkarskih tekmovanj hkrati potekalo v \u0161tirih dr\u017eavah. Za organizatorje bo to velik zalogaj, a glede na opravljene sestanke si lahko od tega prvenstva obetamo veliko. Na\u0161\u00a0...","og_url":"https:\/\/hudo.com\/si\/aktualno\/prireditelji-zacenjajo-priprave-na-odbojkarsko-ep-2019\/","og_site_name":"Hudo Slovenija","article_publisher":"https:\/\/www.facebook.com\/hudo.si","article_published_time":"2018-02-11T11:48:00+00:00","og_image":[{"width":480,"height":290,"url":"https:\/\/hudo.com\/si\/wp-content\/uploads\/sites\/2\/2018\/02\/480x290_Delo_Foto-20180211134544-82713400.jpeg","type":"image\/jpeg"}],"author":"hudo","twitter_card":"summary_large_image","twitter_creator":"@hudo_si","twitter_site":"@hudo_si","twitter_misc":{"Written by":"hudo","Est. reading time":"1 minuta"},"schema":{"@context":"https:\/\/schema.org","@graph":[{"@type":"Article","@id":"https:\/\/hudo.com\/si\/aktualno\/prireditelji-zacenjajo-priprave-na-odbojkarsko-ep-2019\/#article","isPartOf":{"@id":"https:\/\/hudo.com\/si\/aktualno\/prireditelji-zacenjajo-priprave-na-odbojkarsko-ep-2019\/"},"author":{"name":"hudo","@id":"https:\/\/hudo.com\/si\/#\/schema\/person\/601cf3379633985b20f7e50f2bb47707"},"headline":"Prireditelji za\u010denjajo priprave na odbojkarsko EP 2019","datePublished":"2018-02-11T11:48:00+00:00","dateModified":"2018-02-11T11:48:00+00:00","mainEntityOfPage":{"@id":"https:\/\/hudo.com\/si\/aktualno\/prireditelji-zacenjajo-priprave-na-odbojkarsko-ep-2019\/"},"wordCount":149,"publisher":{"@id":"https:\/\/hudo.com\/si\/#organization"},"articleSection":["Aktualno"],"inLanguage":"sl-SI"},{"@type":"WebPage","@id":"https:\/\/hudo.com\/si\/aktualno\/prireditelji-zacenjajo-priprave-na-odbojkarsko-ep-2019\/","url":"https:\/\/hudo.com\/si\/aktualno\/prireditelji-zacenjajo-priprave-na-odbojkarsko-ep-2019\/","name":"Prireditelji za\u010denjajo priprave na odbojkarsko EP 2019 - Hudo Slovenija","isPartOf":{"@id":"https:\/\/hudo.com\/si\/#website"},"datePublished":"2018-02-11T11:48:00+00:00","dateModified":"2018-02-11T11:48:00+00:00","breadcrumb":{"@id":"https:\/\/hudo.com\/si\/aktualno\/prireditelji-zacenjajo-priprave-na-odbojkarsko-ep-2019\/#breadcrumb"},"inLanguage":"sl-SI","potentialAction":[{"@type":"ReadAction","target":["https:\/\/hudo.com\/si\/aktualno\/prireditelji-zacenjajo-priprave-na-odbojkarsko-ep-2019\/"]}]},{"@type":"BreadcrumbList","@id":"https:\/\/hudo.com\/si\/aktualno\/prireditelji-zacenjajo-priprave-na-odbojkarsko-ep-2019\/#breadcrumb","itemListElement":[{"@type":"ListItem","position":1,"name":"Home","item":"https:\/\/hudo.com\/si\/"},{"@type":"ListItem","position":2,"name":"Prireditelji za\u010denjajo priprave na odbojkarsko EP 2019"}]},{"@type":"WebSite","@id":"https:\/\/hudo.com\/si\/#website","url":"https:\/\/hudo.com\/si\/","name":"Hudo Slovenija","description":"Vse novice iz Slovenije in sveta","publisher":{"@id":"https:\/\/hudo.com\/si\/#organization"},"potentialAction":[{"@type":"SearchAction","target":{"@type":"EntryPoint","urlTemplate":"https:\/\/hudo.com\/si\/?s={search_term_string}"},"query-input":"required name=search_term_string"}],"inLanguage":"sl-SI"},{"@type":"Organization","@id":"https:\/\/hudo.com\/si\/#organization","name":"VSN Media","url":"https:\/\/hudo.com\/si\/","logo":{"@type":"ImageObject","inLanguage":"sl-SI","@id":"https:\/\/hudo.com\/si\/#\/schema\/logo\/image\/","url":"https:\/\/hudo.com\/si\/wp-content\/uploads\/sites\/2\/2021\/03\/hudo-app-2.png","contentUrl":"https:\/\/hudo.com\/si\/wp-content\/uploads\/sites\/2\/2021\/03\/hudo-app-2.png","width":2185,"height":2167,"caption":"VSN Media"},"image":{"@id":"https:\/\/hudo.com\/si\/#\/schema\/logo\/image\/"},"sameAs":["https:\/\/www.facebook.com\/hudo.si","https:\/\/twitter.com\/hudo_si"]},{"@type":"Person","@id":"https:\/\/hudo.com\/si\/#\/schema\/person\/601cf3379633985b20f7e50f2bb47707","name":"hudo","image":{"@type":"ImageObject","inLanguage":"sl-SI","@id":"https:\/\/hudo.com\/si\/#\/schema\/person\/image\/","url":"https:\/\/secure.gravatar.com\/avatar\/c4ca25fa72cace7a696b52ff5db9e095?s=96&d=mm&r=g","contentUrl":"https:\/\/secure.gravatar.com\/avatar\/c4ca25fa72cace7a696b52ff5db9e095?s=96&d=mm&r=g","caption":"hudo"},"url":"https:\/\/hudo.com\/si\/author\/hudo\/"}]}},"amp_enabled":true,"_links":{"self":[{"href":"https:\/\/hudo.com\/si\/wp-json\/wp\/v2\/posts\/359980"}],"collection":[{"href":"https:\/\/hudo.com\/si\/wp-json\/wp\/v2\/posts"}],"about":[{"href":"https:\/\/hudo.com\/si\/wp-json\/wp\/v2\/types\/post"}],"author":[{"embeddable":true,"href":"https:\/\/hudo.com\/si\/wp-json\/wp\/v2\/users\/1"}],"replies":[{"embeddable":true,"href":"https:\/\/hudo.com\/si\/wp-json\/wp\/v2\/comments?post=359980"}],"version-history":[{"count":0,"href":"https:\/\/hudo.com\/si\/wp-json\/wp\/v2\/posts\/359980\/revisions"}],"wp:attachment":[{"href":"https:\/\/hudo.com\/si\/wp-json\/wp\/v2\/media?parent=359980"}],"wp:term":[{"taxonomy":"category","embeddable":true,"href":"https:\/\/hudo.com\/si\/wp-json\/wp\/v2\/categories?post=359980"},{"taxonomy":"post_tag","embeddable":true,"href":"https:\/\/hudo.com\/si\/wp-json\/wp\/v2\/tags?post=359980"},{"taxonomy":"source","embeddable":true,"href":"https:\/\/hudo.com\/si\/wp-json\/wp\/v2\/source?post=359980"},{"taxonomy":"supertag","embeddable":true,"href":"https:\/\/hudo.com\/si\/wp-json\/wp\/v2\/supertag?post=359980"}],"curies":[{"name":"wp","href":"https:\/\/api.w.org\/{rel}","templated":true}]}}