{"id":360535,"date":"2018-02-13T07:00:00","date_gmt":"2018-02-13T06:00:00","guid":{"rendered":"https:\/\/hudo.com\/si\/2018\/02\/13\/oklepnike-bomo-kupovali-skupaj-z-zavezniki\/"},"modified":"2018-02-13T07:00:00","modified_gmt":"2018-02-13T06:00:00","slug":"oklepnike-bomo-kupovali-skupaj-z-zavezniki","status":"publish","type":"post","link":"https:\/\/hudo.com\/si\/aktualno\/oklepnike-bomo-kupovali-skupaj-z-zavezniki\/","title":{"rendered":"Oklepnike bomo kupovali skupaj z zavezniki"},"content":{"rendered":"<p>Kategorija: Politika Tue, 13 Feb 2018 08:00:00 +0100  Ljubljana \u2013 Z vstopom v ve\u010dnacionalni program Boxer bo Slovenija dobila mo\u017enost za ugodnej\u0161e nakupe voja\u0161ke opreme. Poleg osemkolesnih bo vojska v prihodnjih letih kupila \u0161e \u0161tirikolesne oklepnike.\u00bbKdo bo vozil vse to?\u00ab se lahko vpra\u0161a vsak sprehajalec v \u0160entvidu, ko skozi ograjo tamkaj\u0161nje voja\u0161nice zagleda 91 novih Toyotinih terencev. Te je Slovenska vojska prej\u0161nji mesec nabavila za 6,9 milijona evrov pri avstrijski dru\u017ebi Achleitner. V vsakem je prostora za pet vojakov, torej skupaj 455 vojakov. To je zelo veliko, \u010de upo\u0161tevamo, da glede na kadrovski na\u010drt SV za letos primanjkuje 475 pripadnikov, glede na popolnitev, ki jo dolo\u010da vlada, pa SV manjka kar 821 pripadnikov. Z zavezniki do cenej\u0161ih oklepnikov Ministrstvo za obrambo, ki ga vodi Andreja Kati\u010d, je konec januarja kon\u010dalo pripravo investicijske dokumentacije za nakup osemkolesnih\u00a0&#8230;<\/p>\n","protected":false},"excerpt":{"rendered":"<p>Kategorija: Politika Tue, 13 Feb 2018 08:00:00 +0100  Ljubljana \u2013 Z vstopom v ve\u010dnacionalni program Boxer bo Slovenija dobila mo\u017enost za ugodnej\u0161e nakupe voja\u0161ke opreme. Poleg osemkolesnih bo vojska v prihodnjih letih kupila \u0161e \u0161tirikolesne oklepnike.\u00bbKdo bo vozil vse to?\u00ab se lahko vpra\u0161a vsak sprehajalec v \u0160entvidu, ko skozi ograjo tamkaj\u0161nje voja\u0161nice zagleda 91 novih Toyotinih terencev. Te je Slovenska vojska prej\u0161nji mesec nabavila za 6,9 milijona evrov pri avstrijski dru\u017ebi Achleitner. V vsakem je prostora za pet vojakov, torej skupaj 455 vojakov. To je zelo veliko, \u010de upo\u0161tevamo, da glede na kadrovski na\u010drt SV za letos primanjkuje 475 pripadnikov, glede na popolnitev, ki jo dolo\u010da vlada, pa SV manjka kar 821 pripadnikov. Z zavezniki do cenej\u0161ih oklepnikov Ministrstvo za obrambo, ki ga vodi Andreja Kati\u010d, je konec januarja kon\u010dalo pripravo investicijske dokumentacije za nakup osemkolesnih\u00a0&#8230;<\/p>\n","protected":false},"author":1,"featured_media":0,"comment_status":"closed","ping_status":"closed","sticky":false,"template":"","format":"standard","meta":{"footnotes":""},"categories":[1179],"tags":[],"source":[1703],"supertag":[],"acf":[],"yoast_head":"<!-- This site is optimized with the Yoast SEO plugin v21.3 - https:\/\/yoast.com\/wordpress\/plugins\/seo\/ -->\n<title>Oklepnike bomo kupovali skupaj z zavezniki - Hudo Slovenija<\/title>\n<meta name=\"robots\" content=\"index, follow, max-snippet:-1, max-image-preview:large, max-video-preview:-1\" \/>\n<link rel=\"canonical\" href=\"https:\/\/hudo.com\/si\/aktualno\/oklepnike-bomo-kupovali-skupaj-z-zavezniki\/\" \/>\n<meta property=\"og:locale\" content=\"sl_SI\" \/>\n<meta property=\"og:type\" content=\"article\" \/>\n<meta property=\"og:title\" content=\"Oklepnike bomo kupovali skupaj z zavezniki - Hudo Slovenija\" \/>\n<meta property=\"og:description\" content=\"Kategorija: Politika Tue, 13 Feb 2018 08:00:00 +0100 Ljubljana \u2013 Z vstopom v ve\u010dnacionalni program Boxer bo Slovenija dobila mo\u017enost za ugodnej\u0161e nakupe voja\u0161ke opreme. Poleg osemkolesnih bo vojska v prihodnjih letih kupila \u0161e \u0161tirikolesne oklepnike.\u00bbKdo bo vozil vse to?\u00ab se lahko vpra\u0161a vsak sprehajalec v \u0160entvidu, ko skozi ograjo tamkaj\u0161nje voja\u0161nice zagleda 91 novih Toyotinih terencev. Te je Slovenska vojska prej\u0161nji mesec nabavila za 6,9 milijona evrov pri avstrijski dru\u017ebi Achleitner. V vsakem je prostora za pet vojakov, torej skupaj 455 vojakov. To je zelo veliko, \u010de upo\u0161tevamo, da glede na kadrovski na\u010drt SV za letos primanjkuje 475 pripadnikov, glede na popolnitev, ki jo dolo\u010da vlada, pa SV manjka kar 821 pripadnikov. Z zavezniki do cenej\u0161ih oklepnikov Ministrstvo za obrambo, ki ga vodi Andreja Kati\u010d, je konec januarja kon\u010dalo pripravo investicijske dokumentacije za nakup osemkolesnih\u00a0...\" \/>\n<meta property=\"og:url\" content=\"https:\/\/hudo.com\/si\/aktualno\/oklepnike-bomo-kupovali-skupaj-z-zavezniki\/\" \/>\n<meta property=\"og:site_name\" content=\"Hudo Slovenija\" \/>\n<meta property=\"article:publisher\" content=\"https:\/\/www.facebook.com\/hudo.si\" \/>\n<meta property=\"article:published_time\" content=\"2018-02-13T06:00:00+00:00\" \/>\n<meta property=\"og:image\" content=\"https:\/\/hudo.com\/si\/wp-content\/uploads\/sites\/2\/2018\/02\/480x290_181patria.jpeg\" \/>\n\t<meta property=\"og:image:width\" content=\"479\" \/>\n\t<meta property=\"og:image:height\" content=\"290\" \/>\n\t<meta property=\"og:image:type\" content=\"image\/jpeg\" \/>\n<meta name=\"author\" content=\"hudo\" \/>\n<meta name=\"twitter:card\" content=\"summary_large_image\" \/>\n<meta name=\"twitter:creator\" content=\"@hudo_si\" \/>\n<meta name=\"twitter:site\" content=\"@hudo_si\" \/>\n<meta name=\"twitter:label1\" content=\"Written by\" \/>\n\t<meta name=\"twitter:data1\" content=\"hudo\" \/>\n\t<meta name=\"twitter:label2\" content=\"Est. reading time\" \/>\n\t<meta name=\"twitter:data2\" content=\"1 minuta\" \/>\n<script type=\"application\/ld+json\" class=\"yoast-schema-graph\">{\"@context\":\"https:\/\/schema.org\",\"@graph\":[{\"@type\":\"Article\",\"@id\":\"https:\/\/hudo.com\/si\/aktualno\/oklepnike-bomo-kupovali-skupaj-z-zavezniki\/#article\",\"isPartOf\":{\"@id\":\"https:\/\/hudo.com\/si\/aktualno\/oklepnike-bomo-kupovali-skupaj-z-zavezniki\/\"},\"author\":{\"name\":\"hudo\",\"@id\":\"https:\/\/hudo.com\/si\/#\/schema\/person\/601cf3379633985b20f7e50f2bb47707\"},\"headline\":\"Oklepnike bomo kupovali skupaj z zavezniki\",\"datePublished\":\"2018-02-13T06:00:00+00:00\",\"dateModified\":\"2018-02-13T06:00:00+00:00\",\"mainEntityOfPage\":{\"@id\":\"https:\/\/hudo.com\/si\/aktualno\/oklepnike-bomo-kupovali-skupaj-z-zavezniki\/\"},\"wordCount\":147,\"publisher\":{\"@id\":\"https:\/\/hudo.com\/si\/#organization\"},\"articleSection\":[\"Aktualno\"],\"inLanguage\":\"sl-SI\"},{\"@type\":\"WebPage\",\"@id\":\"https:\/\/hudo.com\/si\/aktualno\/oklepnike-bomo-kupovali-skupaj-z-zavezniki\/\",\"url\":\"https:\/\/hudo.com\/si\/aktualno\/oklepnike-bomo-kupovali-skupaj-z-zavezniki\/\",\"name\":\"Oklepnike bomo kupovali skupaj z zavezniki - Hudo Slovenija\",\"isPartOf\":{\"@id\":\"https:\/\/hudo.com\/si\/#website\"},\"datePublished\":\"2018-02-13T06:00:00+00:00\",\"dateModified\":\"2018-02-13T06:00:00+00:00\",\"breadcrumb\":{\"@id\":\"https:\/\/hudo.com\/si\/aktualno\/oklepnike-bomo-kupovali-skupaj-z-zavezniki\/#breadcrumb\"},\"inLanguage\":\"sl-SI\",\"potentialAction\":[{\"@type\":\"ReadAction\",\"target\":[\"https:\/\/hudo.com\/si\/aktualno\/oklepnike-bomo-kupovali-skupaj-z-zavezniki\/\"]}]},{\"@type\":\"BreadcrumbList\",\"@id\":\"https:\/\/hudo.com\/si\/aktualno\/oklepnike-bomo-kupovali-skupaj-z-zavezniki\/#breadcrumb\",\"itemListElement\":[{\"@type\":\"ListItem\",\"position\":1,\"name\":\"Home\",\"item\":\"https:\/\/hudo.com\/si\/\"},{\"@type\":\"ListItem\",\"position\":2,\"name\":\"Oklepnike bomo kupovali skupaj z zavezniki\"}]},{\"@type\":\"WebSite\",\"@id\":\"https:\/\/hudo.com\/si\/#website\",\"url\":\"https:\/\/hudo.com\/si\/\",\"name\":\"Hudo Slovenija\",\"description\":\"Vse novice iz Slovenije in sveta\",\"publisher\":{\"@id\":\"https:\/\/hudo.com\/si\/#organization\"},\"potentialAction\":[{\"@type\":\"SearchAction\",\"target\":{\"@type\":\"EntryPoint\",\"urlTemplate\":\"https:\/\/hudo.com\/si\/?s={search_term_string}\"},\"query-input\":\"required name=search_term_string\"}],\"inLanguage\":\"sl-SI\"},{\"@type\":\"Organization\",\"@id\":\"https:\/\/hudo.com\/si\/#organization\",\"name\":\"VSN Media\",\"url\":\"https:\/\/hudo.com\/si\/\",\"logo\":{\"@type\":\"ImageObject\",\"inLanguage\":\"sl-SI\",\"@id\":\"https:\/\/hudo.com\/si\/#\/schema\/logo\/image\/\",\"url\":\"https:\/\/hudo.com\/si\/wp-content\/uploads\/sites\/2\/2021\/03\/hudo-app-2.png\",\"contentUrl\":\"https:\/\/hudo.com\/si\/wp-content\/uploads\/sites\/2\/2021\/03\/hudo-app-2.png\",\"width\":2185,\"height\":2167,\"caption\":\"VSN Media\"},\"image\":{\"@id\":\"https:\/\/hudo.com\/si\/#\/schema\/logo\/image\/\"},\"sameAs\":[\"https:\/\/www.facebook.com\/hudo.si\",\"https:\/\/twitter.com\/hudo_si\"]},{\"@type\":\"Person\",\"@id\":\"https:\/\/hudo.com\/si\/#\/schema\/person\/601cf3379633985b20f7e50f2bb47707\",\"name\":\"hudo\",\"image\":{\"@type\":\"ImageObject\",\"inLanguage\":\"sl-SI\",\"@id\":\"https:\/\/hudo.com\/si\/#\/schema\/person\/image\/\",\"url\":\"https:\/\/secure.gravatar.com\/avatar\/c4ca25fa72cace7a696b52ff5db9e095?s=96&d=mm&r=g\",\"contentUrl\":\"https:\/\/secure.gravatar.com\/avatar\/c4ca25fa72cace7a696b52ff5db9e095?s=96&d=mm&r=g\",\"caption\":\"hudo\"},\"url\":\"https:\/\/hudo.com\/si\/author\/hudo\/\"}]}<\/script>\n<!-- \/ Yoast SEO plugin. -->","yoast_head_json":{"title":"Oklepnike bomo kupovali skupaj z zavezniki - Hudo Slovenija","robots":{"index":"index","follow":"follow","max-snippet":"max-snippet:-1","max-image-preview":"max-image-preview:large","max-video-preview":"max-video-preview:-1"},"canonical":"https:\/\/hudo.com\/si\/aktualno\/oklepnike-bomo-kupovali-skupaj-z-zavezniki\/","og_locale":"sl_SI","og_type":"article","og_title":"Oklepnike bomo kupovali skupaj z zavezniki - Hudo Slovenija","og_description":"Kategorija: Politika Tue, 13 Feb 2018 08:00:00 +0100 Ljubljana \u2013 Z vstopom v ve\u010dnacionalni program Boxer bo Slovenija dobila mo\u017enost za ugodnej\u0161e nakupe voja\u0161ke opreme. Poleg osemkolesnih bo vojska v prihodnjih letih kupila \u0161e \u0161tirikolesne oklepnike.\u00bbKdo bo vozil vse to?\u00ab se lahko vpra\u0161a vsak sprehajalec v \u0160entvidu, ko skozi ograjo tamkaj\u0161nje voja\u0161nice zagleda 91 novih Toyotinih terencev. Te je Slovenska vojska prej\u0161nji mesec nabavila za 6,9 milijona evrov pri avstrijski dru\u017ebi Achleitner. V vsakem je prostora za pet vojakov, torej skupaj 455 vojakov. To je zelo veliko, \u010de upo\u0161tevamo, da glede na kadrovski na\u010drt SV za letos primanjkuje 475 pripadnikov, glede na popolnitev, ki jo dolo\u010da vlada, pa SV manjka kar 821 pripadnikov. Z zavezniki do cenej\u0161ih oklepnikov Ministrstvo za obrambo, ki ga vodi Andreja Kati\u010d, je konec januarja kon\u010dalo pripravo investicijske dokumentacije za nakup osemkolesnih\u00a0...","og_url":"https:\/\/hudo.com\/si\/aktualno\/oklepnike-bomo-kupovali-skupaj-z-zavezniki\/","og_site_name":"Hudo Slovenija","article_publisher":"https:\/\/www.facebook.com\/hudo.si","article_published_time":"2018-02-13T06:00:00+00:00","og_image":[{"width":479,"height":290,"url":"https:\/\/hudo.com\/si\/wp-content\/uploads\/sites\/2\/2018\/02\/480x290_181patria.jpeg","type":"image\/jpeg"}],"author":"hudo","twitter_card":"summary_large_image","twitter_creator":"@hudo_si","twitter_site":"@hudo_si","twitter_misc":{"Written by":"hudo","Est. reading time":"1 minuta"},"schema":{"@context":"https:\/\/schema.org","@graph":[{"@type":"Article","@id":"https:\/\/hudo.com\/si\/aktualno\/oklepnike-bomo-kupovali-skupaj-z-zavezniki\/#article","isPartOf":{"@id":"https:\/\/hudo.com\/si\/aktualno\/oklepnike-bomo-kupovali-skupaj-z-zavezniki\/"},"author":{"name":"hudo","@id":"https:\/\/hudo.com\/si\/#\/schema\/person\/601cf3379633985b20f7e50f2bb47707"},"headline":"Oklepnike bomo kupovali skupaj z zavezniki","datePublished":"2018-02-13T06:00:00+00:00","dateModified":"2018-02-13T06:00:00+00:00","mainEntityOfPage":{"@id":"https:\/\/hudo.com\/si\/aktualno\/oklepnike-bomo-kupovali-skupaj-z-zavezniki\/"},"wordCount":147,"publisher":{"@id":"https:\/\/hudo.com\/si\/#organization"},"articleSection":["Aktualno"],"inLanguage":"sl-SI"},{"@type":"WebPage","@id":"https:\/\/hudo.com\/si\/aktualno\/oklepnike-bomo-kupovali-skupaj-z-zavezniki\/","url":"https:\/\/hudo.com\/si\/aktualno\/oklepnike-bomo-kupovali-skupaj-z-zavezniki\/","name":"Oklepnike bomo kupovali skupaj z zavezniki - Hudo Slovenija","isPartOf":{"@id":"https:\/\/hudo.com\/si\/#website"},"datePublished":"2018-02-13T06:00:00+00:00","dateModified":"2018-02-13T06:00:00+00:00","breadcrumb":{"@id":"https:\/\/hudo.com\/si\/aktualno\/oklepnike-bomo-kupovali-skupaj-z-zavezniki\/#breadcrumb"},"inLanguage":"sl-SI","potentialAction":[{"@type":"ReadAction","target":["https:\/\/hudo.com\/si\/aktualno\/oklepnike-bomo-kupovali-skupaj-z-zavezniki\/"]}]},{"@type":"BreadcrumbList","@id":"https:\/\/hudo.com\/si\/aktualno\/oklepnike-bomo-kupovali-skupaj-z-zavezniki\/#breadcrumb","itemListElement":[{"@type":"ListItem","position":1,"name":"Home","item":"https:\/\/hudo.com\/si\/"},{"@type":"ListItem","position":2,"name":"Oklepnike bomo kupovali skupaj z zavezniki"}]},{"@type":"WebSite","@id":"https:\/\/hudo.com\/si\/#website","url":"https:\/\/hudo.com\/si\/","name":"Hudo Slovenija","description":"Vse novice iz Slovenije in sveta","publisher":{"@id":"https:\/\/hudo.com\/si\/#organization"},"potentialAction":[{"@type":"SearchAction","target":{"@type":"EntryPoint","urlTemplate":"https:\/\/hudo.com\/si\/?s={search_term_string}"},"query-input":"required name=search_term_string"}],"inLanguage":"sl-SI"},{"@type":"Organization","@id":"https:\/\/hudo.com\/si\/#organization","name":"VSN Media","url":"https:\/\/hudo.com\/si\/","logo":{"@type":"ImageObject","inLanguage":"sl-SI","@id":"https:\/\/hudo.com\/si\/#\/schema\/logo\/image\/","url":"https:\/\/hudo.com\/si\/wp-content\/uploads\/sites\/2\/2021\/03\/hudo-app-2.png","contentUrl":"https:\/\/hudo.com\/si\/wp-content\/uploads\/sites\/2\/2021\/03\/hudo-app-2.png","width":2185,"height":2167,"caption":"VSN Media"},"image":{"@id":"https:\/\/hudo.com\/si\/#\/schema\/logo\/image\/"},"sameAs":["https:\/\/www.facebook.com\/hudo.si","https:\/\/twitter.com\/hudo_si"]},{"@type":"Person","@id":"https:\/\/hudo.com\/si\/#\/schema\/person\/601cf3379633985b20f7e50f2bb47707","name":"hudo","image":{"@type":"ImageObject","inLanguage":"sl-SI","@id":"https:\/\/hudo.com\/si\/#\/schema\/person\/image\/","url":"https:\/\/secure.gravatar.com\/avatar\/c4ca25fa72cace7a696b52ff5db9e095?s=96&d=mm&r=g","contentUrl":"https:\/\/secure.gravatar.com\/avatar\/c4ca25fa72cace7a696b52ff5db9e095?s=96&d=mm&r=g","caption":"hudo"},"url":"https:\/\/hudo.com\/si\/author\/hudo\/"}]}},"amp_enabled":true,"_links":{"self":[{"href":"https:\/\/hudo.com\/si\/wp-json\/wp\/v2\/posts\/360535"}],"collection":[{"href":"https:\/\/hudo.com\/si\/wp-json\/wp\/v2\/posts"}],"about":[{"href":"https:\/\/hudo.com\/si\/wp-json\/wp\/v2\/types\/post"}],"author":[{"embeddable":true,"href":"https:\/\/hudo.com\/si\/wp-json\/wp\/v2\/users\/1"}],"replies":[{"embeddable":true,"href":"https:\/\/hudo.com\/si\/wp-json\/wp\/v2\/comments?post=360535"}],"version-history":[{"count":0,"href":"https:\/\/hudo.com\/si\/wp-json\/wp\/v2\/posts\/360535\/revisions"}],"wp:attachment":[{"href":"https:\/\/hudo.com\/si\/wp-json\/wp\/v2\/media?parent=360535"}],"wp:term":[{"taxonomy":"category","embeddable":true,"href":"https:\/\/hudo.com\/si\/wp-json\/wp\/v2\/categories?post=360535"},{"taxonomy":"post_tag","embeddable":true,"href":"https:\/\/hudo.com\/si\/wp-json\/wp\/v2\/tags?post=360535"},{"taxonomy":"source","embeddable":true,"href":"https:\/\/hudo.com\/si\/wp-json\/wp\/v2\/source?post=360535"},{"taxonomy":"supertag","embeddable":true,"href":"https:\/\/hudo.com\/si\/wp-json\/wp\/v2\/supertag?post=360535"}],"curies":[{"name":"wp","href":"https:\/\/api.w.org\/{rel}","templated":true}]}}