{"id":360635,"date":"2018-02-13T14:21:40","date_gmt":"2018-02-13T13:21:40","guid":{"rendered":"http:\/\/hudo.com\/si\/?p=360635"},"modified":"2018-02-13T14:21:40","modified_gmt":"2018-02-13T13:21:40","slug":"juzna-afrika-je-danes-zaradi-ene-najhujsih-sus-v-svoji-zgodovini-razglasila-nacionalno-katastrofo","status":"publish","type":"post","link":"https:\/\/hudo.com\/si\/aktualno\/juzna-afrika-je-danes-zaradi-ene-najhujsih-sus-v-svoji-zgodovini-razglasila-nacionalno-katastrofo\/","title":{"rendered":"Ju\u017ena Afrika je danes zaradi ene najhuj\u0161ih su\u0161 v svoji zgodovini razglasila &#8220;nacionalno katastrofo&#8221;"},"content":{"rendered":"<p>Kot je vlada zapisala v uradnem listu, so su\u0161o za &#8220;nacionalno katastrofo&#8221; razglasili, potem ko so ponovno ocenili njen obseg in resnost razmer, poro\u010da francoska tiskovna agencija AFP. Nacionalna katastrofa pomeni, da je za spopadanje s su\u0161o pristojna nacionalna vlada, to stanje pa zagotavlja tudi takoj\u0161nje urejanje razmer.<\/p>\n<p>Cape Town je v prime\u017eu triletne su\u0161e, pri \u010demer redko de\u017eevje v zadnjem \u010dasu ni zadostovalo. Raven vode v zbiralnikih je padla na nevarno nizko. Poraba vode je tako od danes omejena na 50 litrov na osebo dnevno.<\/p>\n<p>Mestne oblasti bi lahko v za\u010detku junija prekinile dobavo vode. T. i. dan ni\u010d, ko naj bi se to zgodilo, so \u0161e januarja napovedovali za 21. april, danes pa so ga prelo\u017eili z 11. maja na 4. junij, kar je posledica var\u010devanja z vodo. V tem primeru bo lahko vsak od 4,5 milijona prebivalcev v posebnih centrih za razdeljevanje vode pod nadzorom policije prejel zgolj 25 litrov na dan, navaja nem\u0161ka tiskovna agencija dpa. To je v skladu z mednarodnimi standardi najni\u017eja koli\u010dina vode, ki omogo\u010da higieno in zdravje.<\/p>\n<p>Strokovnjaki za podnebje so predvideli te\u017eave, vendar pa so jih doletele prej, kot je bilo predvideno, je povedala premierka province Western Cape Helen Zille. &#8220;Podnebne spremembe naj bi nas prizadele leta 2025,&#8221; je povedala za lokalne medije.<\/p>\n<p>Od leta 2015 sicer Svetovni gospodarski forum v svojih letnih poro\u010dilih o globalnih tveganjih krize z vodo uvr\u0161\u010da med globalne gro\u017enje z najve\u010djim potencialnim vplivom. Uvr\u0161\u010da jih tudi pred naravne katastrofe, mno\u017ei\u010dne migracije in kibernetske napade.<\/p>\n<p>Pri vsem skupaj klju\u010dno vlogo igra globalno segrevanje. Za vsako stopinjo Celzija globalnega segrevanja bo imelo okoli pol milijarde svetovnega prebivalstva za 20 odstotkov vodnih virov manj. Do leta 2030 pa bo na svetu vladalo 40-odstotno pomanjkanje vode, \u010de se bodo podnebne spremembe nadaljevale nespremenjeno.<\/p>\n<p>Prekinitev dobave vode sicer grozi tudi drugim urbanim obmo\u010dje. Kalifornija je tako ravnokar iz\u0161la iz petletne su\u0161e. V letih 2014-2015 pa je bilo blizu &#8220;dneva&#8221; ni\u010d tudi 12 milijonov prebivalcev brazilskega Sao Paula. S pomanjkanjem vode se med drugim spopadajo tudi Peking, New Delhi, Mexico City in Las Vegas.<\/p>\n","protected":false},"excerpt":{"rendered":"<p>Razmere so najslab\u0161e v turisti\u010dni metropoli Cape Town, ki ji v za\u010detku junija grozi prekinitev oskrbe z vodo. Su\u0161a je zajela tudi ve\u010dje dele na zahodu in jugu dr\u017eave.<\/p>\n","protected":false},"author":8,"featured_media":360643,"comment_status":"closed","ping_status":"closed","sticky":false,"template":"","format":"standard","meta":{"footnotes":""},"categories":[1179],"tags":[2220,3108,3110,8044],"source":[4511],"supertag":[6103],"acf":[],"yoast_head":"<!-- This site is optimized with the Yoast SEO plugin v21.3 - https:\/\/yoast.com\/wordpress\/plugins\/seo\/ -->\n<title>Ju\u017ena Afrika je danes zaradi ene najhuj\u0161ih su\u0161 v svoji zgodovini razglasila &quot;nacionalno katastrofo&quot; - Hudo Slovenija<\/title>\n<meta name=\"robots\" content=\"index, follow, max-snippet:-1, max-image-preview:large, max-video-preview:-1\" \/>\n<link rel=\"canonical\" href=\"https:\/\/hudo.com\/si\/aktualno\/juzna-afrika-je-danes-zaradi-ene-najhujsih-sus-v-svoji-zgodovini-razglasila-nacionalno-katastrofo\/\" \/>\n<meta property=\"og:locale\" content=\"sl_SI\" \/>\n<meta property=\"og:type\" content=\"article\" \/>\n<meta property=\"og:title\" content=\"Ju\u017ena Afrika je danes zaradi ene najhuj\u0161ih su\u0161 v svoji zgodovini razglasila &quot;nacionalno katastrofo&quot; - Hudo Slovenija\" \/>\n<meta property=\"og:description\" content=\"Razmere so najslab\u0161e v turisti\u010dni metropoli Cape Town, ki ji v za\u010detku junija grozi prekinitev oskrbe z vodo. Su\u0161a je zajela tudi ve\u010dje dele na zahodu in jugu dr\u017eave.\" \/>\n<meta property=\"og:url\" content=\"https:\/\/hudo.com\/si\/aktualno\/juzna-afrika-je-danes-zaradi-ene-najhujsih-sus-v-svoji-zgodovini-razglasila-nacionalno-katastrofo\/\" \/>\n<meta property=\"og:site_name\" content=\"Hudo Slovenija\" \/>\n<meta property=\"article:publisher\" content=\"https:\/\/www.facebook.com\/hudo.si\" \/>\n<meta property=\"article:published_time\" content=\"2018-02-13T13:21:40+00:00\" \/>\n<meta property=\"og:image\" content=\"https:\/\/hudo.com\/si\/wp-content\/uploads\/sites\/2\/2018\/02\/profimedia-0033948049.jpg\" \/>\n\t<meta property=\"og:image:width\" content=\"1250\" \/>\n\t<meta property=\"og:image:height\" content=\"830\" \/>\n\t<meta property=\"og:image:type\" content=\"image\/jpeg\" \/>\n<meta name=\"author\" content=\"M. N., STA\" \/>\n<meta name=\"twitter:card\" content=\"summary_large_image\" \/>\n<meta name=\"twitter:creator\" content=\"@hudo_si\" \/>\n<meta name=\"twitter:site\" content=\"@hudo_si\" \/>\n<meta name=\"twitter:label1\" content=\"Written by\" \/>\n\t<meta name=\"twitter:data1\" content=\"M. N., STA\" \/>\n\t<meta name=\"twitter:label2\" content=\"Est. reading time\" \/>\n\t<meta name=\"twitter:data2\" content=\"2 minuti\" \/>\n<script type=\"application\/ld+json\" class=\"yoast-schema-graph\">{\"@context\":\"https:\/\/schema.org\",\"@graph\":[{\"@type\":\"Article\",\"@id\":\"https:\/\/hudo.com\/si\/aktualno\/juzna-afrika-je-danes-zaradi-ene-najhujsih-sus-v-svoji-zgodovini-razglasila-nacionalno-katastrofo\/#article\",\"isPartOf\":{\"@id\":\"https:\/\/hudo.com\/si\/aktualno\/juzna-afrika-je-danes-zaradi-ene-najhujsih-sus-v-svoji-zgodovini-razglasila-nacionalno-katastrofo\/\"},\"author\":{\"name\":\"M. N., STA\",\"@id\":\"https:\/\/hudo.com\/si\/#\/schema\/person\/c2f10ce65d2e6ede2aeda5be2a0611fa\"},\"headline\":\"Ju\u017ena Afrika je danes zaradi ene najhuj\u0161ih su\u0161 v svoji zgodovini razglasila &#8220;nacionalno katastrofo&#8221;\",\"datePublished\":\"2018-02-13T13:21:40+00:00\",\"dateModified\":\"2018-02-13T13:21:40+00:00\",\"mainEntityOfPage\":{\"@id\":\"https:\/\/hudo.com\/si\/aktualno\/juzna-afrika-je-danes-zaradi-ene-najhujsih-sus-v-svoji-zgodovini-razglasila-nacionalno-katastrofo\/\"},\"wordCount\":373,\"publisher\":{\"@id\":\"https:\/\/hudo.com\/si\/#organization\"},\"keywords\":[\"ju\u017ena afrika\",\"klimatska katastrofa\",\"naravna katastrofa\",\"su\u0161a\"],\"articleSection\":[\"Aktualno\"],\"inLanguage\":\"sl-SI\"},{\"@type\":\"WebPage\",\"@id\":\"https:\/\/hudo.com\/si\/aktualno\/juzna-afrika-je-danes-zaradi-ene-najhujsih-sus-v-svoji-zgodovini-razglasila-nacionalno-katastrofo\/\",\"url\":\"https:\/\/hudo.com\/si\/aktualno\/juzna-afrika-je-danes-zaradi-ene-najhujsih-sus-v-svoji-zgodovini-razglasila-nacionalno-katastrofo\/\",\"name\":\"Ju\u017ena Afrika je danes zaradi ene najhuj\u0161ih su\u0161 v svoji zgodovini razglasila \\\"nacionalno katastrofo\\\" - Hudo Slovenija\",\"isPartOf\":{\"@id\":\"https:\/\/hudo.com\/si\/#website\"},\"datePublished\":\"2018-02-13T13:21:40+00:00\",\"dateModified\":\"2018-02-13T13:21:40+00:00\",\"breadcrumb\":{\"@id\":\"https:\/\/hudo.com\/si\/aktualno\/juzna-afrika-je-danes-zaradi-ene-najhujsih-sus-v-svoji-zgodovini-razglasila-nacionalno-katastrofo\/#breadcrumb\"},\"inLanguage\":\"sl-SI\",\"potentialAction\":[{\"@type\":\"ReadAction\",\"target\":[\"https:\/\/hudo.com\/si\/aktualno\/juzna-afrika-je-danes-zaradi-ene-najhujsih-sus-v-svoji-zgodovini-razglasila-nacionalno-katastrofo\/\"]}]},{\"@type\":\"BreadcrumbList\",\"@id\":\"https:\/\/hudo.com\/si\/aktualno\/juzna-afrika-je-danes-zaradi-ene-najhujsih-sus-v-svoji-zgodovini-razglasila-nacionalno-katastrofo\/#breadcrumb\",\"itemListElement\":[{\"@type\":\"ListItem\",\"position\":1,\"name\":\"Home\",\"item\":\"https:\/\/hudo.com\/si\/\"},{\"@type\":\"ListItem\",\"position\":2,\"name\":\"Ju\u017ena Afrika je danes zaradi ene najhuj\u0161ih su\u0161 v svoji zgodovini razglasila &#8220;nacionalno katastrofo&#8221;\"}]},{\"@type\":\"WebSite\",\"@id\":\"https:\/\/hudo.com\/si\/#website\",\"url\":\"https:\/\/hudo.com\/si\/\",\"name\":\"Hudo Slovenija\",\"description\":\"Vse novice iz Slovenije in sveta\",\"publisher\":{\"@id\":\"https:\/\/hudo.com\/si\/#organization\"},\"potentialAction\":[{\"@type\":\"SearchAction\",\"target\":{\"@type\":\"EntryPoint\",\"urlTemplate\":\"https:\/\/hudo.com\/si\/?s={search_term_string}\"},\"query-input\":\"required name=search_term_string\"}],\"inLanguage\":\"sl-SI\"},{\"@type\":\"Organization\",\"@id\":\"https:\/\/hudo.com\/si\/#organization\",\"name\":\"VSN Media\",\"url\":\"https:\/\/hudo.com\/si\/\",\"logo\":{\"@type\":\"ImageObject\",\"inLanguage\":\"sl-SI\",\"@id\":\"https:\/\/hudo.com\/si\/#\/schema\/logo\/image\/\",\"url\":\"https:\/\/hudo.com\/si\/wp-content\/uploads\/sites\/2\/2021\/03\/hudo-app-2.png\",\"contentUrl\":\"https:\/\/hudo.com\/si\/wp-content\/uploads\/sites\/2\/2021\/03\/hudo-app-2.png\",\"width\":2185,\"height\":2167,\"caption\":\"VSN Media\"},\"image\":{\"@id\":\"https:\/\/hudo.com\/si\/#\/schema\/logo\/image\/\"},\"sameAs\":[\"https:\/\/www.facebook.com\/hudo.si\",\"https:\/\/twitter.com\/hudo_si\"]},{\"@type\":\"Person\",\"@id\":\"https:\/\/hudo.com\/si\/#\/schema\/person\/c2f10ce65d2e6ede2aeda5be2a0611fa\",\"name\":\"M. N., STA\",\"image\":{\"@type\":\"ImageObject\",\"inLanguage\":\"sl-SI\",\"@id\":\"https:\/\/hudo.com\/si\/#\/schema\/person\/image\/\",\"url\":\"https:\/\/secure.gravatar.com\/avatar\/f370d38daa10467f755c5c766a4cac20?s=96&d=mm&r=g\",\"contentUrl\":\"https:\/\/secure.gravatar.com\/avatar\/f370d38daa10467f755c5c766a4cac20?s=96&d=mm&r=g\",\"caption\":\"M. N., STA\"},\"url\":\"https:\/\/hudo.com\/si\/author\/mana\/\"}]}<\/script>\n<!-- \/ Yoast SEO plugin. -->","yoast_head_json":{"title":"Ju\u017ena Afrika je danes zaradi ene najhuj\u0161ih su\u0161 v svoji zgodovini razglasila \"nacionalno katastrofo\" - Hudo Slovenija","robots":{"index":"index","follow":"follow","max-snippet":"max-snippet:-1","max-image-preview":"max-image-preview:large","max-video-preview":"max-video-preview:-1"},"canonical":"https:\/\/hudo.com\/si\/aktualno\/juzna-afrika-je-danes-zaradi-ene-najhujsih-sus-v-svoji-zgodovini-razglasila-nacionalno-katastrofo\/","og_locale":"sl_SI","og_type":"article","og_title":"Ju\u017ena Afrika je danes zaradi ene najhuj\u0161ih su\u0161 v svoji zgodovini razglasila \"nacionalno katastrofo\" - Hudo Slovenija","og_description":"Razmere so najslab\u0161e v turisti\u010dni metropoli Cape Town, ki ji v za\u010detku junija grozi prekinitev oskrbe z vodo. Su\u0161a je zajela tudi ve\u010dje dele na zahodu in jugu dr\u017eave.","og_url":"https:\/\/hudo.com\/si\/aktualno\/juzna-afrika-je-danes-zaradi-ene-najhujsih-sus-v-svoji-zgodovini-razglasila-nacionalno-katastrofo\/","og_site_name":"Hudo Slovenija","article_publisher":"https:\/\/www.facebook.com\/hudo.si","article_published_time":"2018-02-13T13:21:40+00:00","og_image":[{"width":1250,"height":830,"url":"https:\/\/hudo.com\/si\/wp-content\/uploads\/sites\/2\/2018\/02\/profimedia-0033948049.jpg","type":"image\/jpeg"}],"author":"M. N., STA","twitter_card":"summary_large_image","twitter_creator":"@hudo_si","twitter_site":"@hudo_si","twitter_misc":{"Written by":"M. N., STA","Est. reading time":"2 minuti"},"schema":{"@context":"https:\/\/schema.org","@graph":[{"@type":"Article","@id":"https:\/\/hudo.com\/si\/aktualno\/juzna-afrika-je-danes-zaradi-ene-najhujsih-sus-v-svoji-zgodovini-razglasila-nacionalno-katastrofo\/#article","isPartOf":{"@id":"https:\/\/hudo.com\/si\/aktualno\/juzna-afrika-je-danes-zaradi-ene-najhujsih-sus-v-svoji-zgodovini-razglasila-nacionalno-katastrofo\/"},"author":{"name":"M. N., STA","@id":"https:\/\/hudo.com\/si\/#\/schema\/person\/c2f10ce65d2e6ede2aeda5be2a0611fa"},"headline":"Ju\u017ena Afrika je danes zaradi ene najhuj\u0161ih su\u0161 v svoji zgodovini razglasila &#8220;nacionalno katastrofo&#8221;","datePublished":"2018-02-13T13:21:40+00:00","dateModified":"2018-02-13T13:21:40+00:00","mainEntityOfPage":{"@id":"https:\/\/hudo.com\/si\/aktualno\/juzna-afrika-je-danes-zaradi-ene-najhujsih-sus-v-svoji-zgodovini-razglasila-nacionalno-katastrofo\/"},"wordCount":373,"publisher":{"@id":"https:\/\/hudo.com\/si\/#organization"},"keywords":["ju\u017ena afrika","klimatska katastrofa","naravna katastrofa","su\u0161a"],"articleSection":["Aktualno"],"inLanguage":"sl-SI"},{"@type":"WebPage","@id":"https:\/\/hudo.com\/si\/aktualno\/juzna-afrika-je-danes-zaradi-ene-najhujsih-sus-v-svoji-zgodovini-razglasila-nacionalno-katastrofo\/","url":"https:\/\/hudo.com\/si\/aktualno\/juzna-afrika-je-danes-zaradi-ene-najhujsih-sus-v-svoji-zgodovini-razglasila-nacionalno-katastrofo\/","name":"Ju\u017ena Afrika je danes zaradi ene najhuj\u0161ih su\u0161 v svoji zgodovini razglasila \"nacionalno katastrofo\" - Hudo Slovenija","isPartOf":{"@id":"https:\/\/hudo.com\/si\/#website"},"datePublished":"2018-02-13T13:21:40+00:00","dateModified":"2018-02-13T13:21:40+00:00","breadcrumb":{"@id":"https:\/\/hudo.com\/si\/aktualno\/juzna-afrika-je-danes-zaradi-ene-najhujsih-sus-v-svoji-zgodovini-razglasila-nacionalno-katastrofo\/#breadcrumb"},"inLanguage":"sl-SI","potentialAction":[{"@type":"ReadAction","target":["https:\/\/hudo.com\/si\/aktualno\/juzna-afrika-je-danes-zaradi-ene-najhujsih-sus-v-svoji-zgodovini-razglasila-nacionalno-katastrofo\/"]}]},{"@type":"BreadcrumbList","@id":"https:\/\/hudo.com\/si\/aktualno\/juzna-afrika-je-danes-zaradi-ene-najhujsih-sus-v-svoji-zgodovini-razglasila-nacionalno-katastrofo\/#breadcrumb","itemListElement":[{"@type":"ListItem","position":1,"name":"Home","item":"https:\/\/hudo.com\/si\/"},{"@type":"ListItem","position":2,"name":"Ju\u017ena Afrika je danes zaradi ene najhuj\u0161ih su\u0161 v svoji zgodovini razglasila &#8220;nacionalno katastrofo&#8221;"}]},{"@type":"WebSite","@id":"https:\/\/hudo.com\/si\/#website","url":"https:\/\/hudo.com\/si\/","name":"Hudo Slovenija","description":"Vse novice iz Slovenije in sveta","publisher":{"@id":"https:\/\/hudo.com\/si\/#organization"},"potentialAction":[{"@type":"SearchAction","target":{"@type":"EntryPoint","urlTemplate":"https:\/\/hudo.com\/si\/?s={search_term_string}"},"query-input":"required name=search_term_string"}],"inLanguage":"sl-SI"},{"@type":"Organization","@id":"https:\/\/hudo.com\/si\/#organization","name":"VSN Media","url":"https:\/\/hudo.com\/si\/","logo":{"@type":"ImageObject","inLanguage":"sl-SI","@id":"https:\/\/hudo.com\/si\/#\/schema\/logo\/image\/","url":"https:\/\/hudo.com\/si\/wp-content\/uploads\/sites\/2\/2021\/03\/hudo-app-2.png","contentUrl":"https:\/\/hudo.com\/si\/wp-content\/uploads\/sites\/2\/2021\/03\/hudo-app-2.png","width":2185,"height":2167,"caption":"VSN Media"},"image":{"@id":"https:\/\/hudo.com\/si\/#\/schema\/logo\/image\/"},"sameAs":["https:\/\/www.facebook.com\/hudo.si","https:\/\/twitter.com\/hudo_si"]},{"@type":"Person","@id":"https:\/\/hudo.com\/si\/#\/schema\/person\/c2f10ce65d2e6ede2aeda5be2a0611fa","name":"M. N., STA","image":{"@type":"ImageObject","inLanguage":"sl-SI","@id":"https:\/\/hudo.com\/si\/#\/schema\/person\/image\/","url":"https:\/\/secure.gravatar.com\/avatar\/f370d38daa10467f755c5c766a4cac20?s=96&d=mm&r=g","contentUrl":"https:\/\/secure.gravatar.com\/avatar\/f370d38daa10467f755c5c766a4cac20?s=96&d=mm&r=g","caption":"M. N., STA"},"url":"https:\/\/hudo.com\/si\/author\/mana\/"}]}},"amp_enabled":true,"_links":{"self":[{"href":"https:\/\/hudo.com\/si\/wp-json\/wp\/v2\/posts\/360635"}],"collection":[{"href":"https:\/\/hudo.com\/si\/wp-json\/wp\/v2\/posts"}],"about":[{"href":"https:\/\/hudo.com\/si\/wp-json\/wp\/v2\/types\/post"}],"author":[{"embeddable":true,"href":"https:\/\/hudo.com\/si\/wp-json\/wp\/v2\/users\/8"}],"replies":[{"embeddable":true,"href":"https:\/\/hudo.com\/si\/wp-json\/wp\/v2\/comments?post=360635"}],"version-history":[{"count":1,"href":"https:\/\/hudo.com\/si\/wp-json\/wp\/v2\/posts\/360635\/revisions"}],"predecessor-version":[{"id":360661,"href":"https:\/\/hudo.com\/si\/wp-json\/wp\/v2\/posts\/360635\/revisions\/360661"}],"wp:featuredmedia":[{"embeddable":true,"href":"https:\/\/hudo.com\/si\/wp-json\/wp\/v2\/media\/360643"}],"wp:attachment":[{"href":"https:\/\/hudo.com\/si\/wp-json\/wp\/v2\/media?parent=360635"}],"wp:term":[{"taxonomy":"category","embeddable":true,"href":"https:\/\/hudo.com\/si\/wp-json\/wp\/v2\/categories?post=360635"},{"taxonomy":"post_tag","embeddable":true,"href":"https:\/\/hudo.com\/si\/wp-json\/wp\/v2\/tags?post=360635"},{"taxonomy":"source","embeddable":true,"href":"https:\/\/hudo.com\/si\/wp-json\/wp\/v2\/source?post=360635"},{"taxonomy":"supertag","embeddable":true,"href":"https:\/\/hudo.com\/si\/wp-json\/wp\/v2\/supertag?post=360635"}],"curies":[{"name":"wp","href":"https:\/\/api.w.org\/{rel}","templated":true}]}}