{"id":361033,"date":"2018-02-14T12:28:29","date_gmt":"2018-02-14T11:28:29","guid":{"rendered":"http:\/\/hudo.com\/si\/?p=361033"},"modified":"2018-02-14T12:28:29","modified_gmt":"2018-02-14T11:28:29","slug":"v-ljubljani-na-protestnem-shodu-vec-tisoc-uciteljev-vzgojiteljev","status":"publish","type":"post","link":"https:\/\/hudo.com\/si\/aktualno\/v-ljubljani-na-protestnem-shodu-vec-tisoc-uciteljev-vzgojiteljev\/","title":{"rendered":"V Ljubljani na protestnem shodu ve\u010d tiso\u010d u\u010diteljev in vzgojiteljev"},"content":{"rendered":"<div class=\"text\">\n<p>S stavko zahtevajo vi\u0161je pla\u010de za dva do tri pla\u010dne razrede, ovrednotenje razredni\u0161kega dela in vi\u0161ji regres za tiste z minimalno ali ni\u017ejo pla\u010do. Kot so napovedali v Sindikatu vzgoje, izobra\u017eevanja, znanosti in kulture Slovenije (Sviz), pa bodo stavko v prihodnjih dneh po potrebi zaostrili.<\/p>\n<p>Po besedah sindikata se shoda udele\u017euje okoli 20.000 ljudi, ki so se v Ljubljano iz vse Slovenije pripeljali z ve\u010d kot 285 avtobusi. Poleg zaposlenih v vrtcih, osnovnih, srednjih, glasbenih \u0161olah, dija\u0161kih domovih in drugih zavodih, kjer danes poteka stavka, stavkajo tudi nekateri zaposleni na univerzah, kjer sicer stavka ni bila izglasovana. Po besedah Veli\u010dkijeve se stavki pridru\u017euje ve\u010d kot 40.000 ljudi.<\/p>\n<p>Na Kongresnem trgu je postavljen oder, na katerem se bo v nadaljevanju zvrstilo \u0161e sedem govorcev, med njimi predsednica evropskega dela Izobra\u017eevalne internacionale, globalnega zdru\u017eenja izobra\u017eevalcev, (ETUCE) Christine Blower. Kot zadnji pa bo zbrane nagovoril glavni tajnik sindikata Branimir \u0160trukelj.<\/p>\n<p>\u0160e pred za\u010detkom shoda je bilo na trgu precej glasno. Protestnike, ki so opremljeni tudi s pi\u0161\u010dalkami in trobljami, je na trgu pri\u010dakala tudi glasba in stojnice, na katerih brezpla\u010dno delijo \u010daj.<\/p>\n<p>Veliko protestnikov nosi modre Svizove brezrokavnike in sindikalne zastave. S seboj so prinesli tudi transparente, prek katerih vlado spra\u0161ujejo, zakaj je izobra\u017eevalno delo vredno manj, in za primerljivo delo zahtevajo enako pla\u010dilo. &#8220;Da zna\u0161 to prebrati, se zahvali u\u010diteljem,&#8221; so napisali na enega od njih in \u0161e: &#8220;Dovolj nam je dela na eti\u010dni pogon.&#8221;<\/p>\n<p>Na o\u010ditke, da so njihove zahteve finan\u010dno prete\u017eke, na transparentih odgovarjajo, da so &#8220;prete\u017eki&#8221; kve\u010djemu prora\u010duni politi\u010dnih strank in pla\u010de politikov. Ob tem zahtevajo &#8220;pravi\u010dno delitev vsega, kar skupaj ustvarimo&#8221;.<\/p>\n<p>Vladajo\u010dim sporo\u010dajo da so jih oni &#8220;izobrazili za stol, na katerem sedite danes&#8221;, \u0161olsko ministrico Majo Makovec Bren\u010di\u010d z oceno 1 po\u0161iljajo nazaj v \u0161olo, za ministra za javno upravo Borisa Koprivnikarja pa ugotalvjajo, da se je &#8220;skril v Dubaj, ker no\u010de vrniti vzetega nazaj&#8221;:<\/p>\n<p>Avtobusi, ki so pripeljali stavkajo\u010de, so parkirani na ve\u010d lokacijah po mestu, po shodu pa bodo organizirani tudi posebni avtobusi LPP, da bodo udele\u017eenci pri\u0161li iz sredi\u0161\u010da mesta do Sto\u017eic.<\/p>\n<\/div>\n","protected":false},"excerpt":{"rendered":"<p>Ljubljanski Kongresni trg so napolnili stavkajo\u010di u\u010ditelji in vzgojitelji. Na protestnem shodu, ki naj bi trajal pribli\u017eno uro in pol, zahtevajo vi\u0161je pla\u010de. Mno\u017eica, opremljena s transparenti in v modrih barvah sindikata Sviz, ki organizira dana\u0161njo stavko, je \u017ee pozdravila prvo govornico, predsednico glavnega odbora sindikata Jelko Veli\u010dki.<\/p>\n","protected":false},"author":5,"featured_media":361034,"comment_status":"closed","ping_status":"closed","sticky":false,"template":"","format":"standard","meta":{"footnotes":""},"categories":[1179],"tags":[1595,5014,4534],"source":[4511],"supertag":[],"acf":[],"yoast_head":"<!-- This site is optimized with the Yoast SEO plugin v21.3 - https:\/\/yoast.com\/wordpress\/plugins\/seo\/ -->\n<title>V Ljubljani na protestnem shodu ve\u010d tiso\u010d u\u010diteljev in vzgojiteljev - Hudo Slovenija<\/title>\n<meta name=\"robots\" content=\"index, follow, max-snippet:-1, max-image-preview:large, max-video-preview:-1\" \/>\n<link rel=\"canonical\" href=\"https:\/\/hudo.com\/si\/aktualno\/v-ljubljani-na-protestnem-shodu-vec-tisoc-uciteljev-vzgojiteljev\/\" \/>\n<meta property=\"og:locale\" content=\"sl_SI\" \/>\n<meta property=\"og:type\" content=\"article\" \/>\n<meta property=\"og:title\" content=\"V Ljubljani na protestnem shodu ve\u010d tiso\u010d u\u010diteljev in vzgojiteljev - Hudo Slovenija\" \/>\n<meta property=\"og:description\" content=\"Ljubljanski Kongresni trg so napolnili stavkajo\u010di u\u010ditelji in vzgojitelji. Na protestnem shodu, ki naj bi trajal pribli\u017eno uro in pol, zahtevajo vi\u0161je pla\u010de. Mno\u017eica, opremljena s transparenti in v modrih barvah sindikata Sviz, ki organizira dana\u0161njo stavko, je \u017ee pozdravila prvo govornico, predsednico glavnega odbora sindikata Jelko Veli\u010dki.\" \/>\n<meta property=\"og:url\" content=\"https:\/\/hudo.com\/si\/aktualno\/v-ljubljani-na-protestnem-shodu-vec-tisoc-uciteljev-vzgojiteljev\/\" \/>\n<meta property=\"og:site_name\" content=\"Hudo Slovenija\" \/>\n<meta property=\"article:publisher\" content=\"https:\/\/www.facebook.com\/hudo.si\" \/>\n<meta property=\"article:published_time\" content=\"2018-02-14T11:28:29+00:00\" \/>\n<meta property=\"og:image\" content=\"https:\/\/hudo.com\/si\/wp-content\/uploads\/sites\/2\/2018\/02\/20180214-00839598.jpg\" \/>\n\t<meta property=\"og:image:width\" content=\"640\" \/>\n\t<meta property=\"og:image:height\" content=\"426\" \/>\n\t<meta property=\"og:image:type\" content=\"image\/jpeg\" \/>\n<meta name=\"author\" content=\"A. G., STA\" \/>\n<meta name=\"twitter:card\" content=\"summary_large_image\" \/>\n<meta name=\"twitter:creator\" content=\"@hudo_si\" \/>\n<meta name=\"twitter:site\" content=\"@hudo_si\" \/>\n<meta name=\"twitter:label1\" content=\"Written by\" \/>\n\t<meta name=\"twitter:data1\" content=\"A. G., STA\" \/>\n\t<meta name=\"twitter:label2\" content=\"Est. reading time\" \/>\n\t<meta name=\"twitter:data2\" content=\"2 minuti\" \/>\n<script type=\"application\/ld+json\" class=\"yoast-schema-graph\">{\"@context\":\"https:\/\/schema.org\",\"@graph\":[{\"@type\":\"Article\",\"@id\":\"https:\/\/hudo.com\/si\/aktualno\/v-ljubljani-na-protestnem-shodu-vec-tisoc-uciteljev-vzgojiteljev\/#article\",\"isPartOf\":{\"@id\":\"https:\/\/hudo.com\/si\/aktualno\/v-ljubljani-na-protestnem-shodu-vec-tisoc-uciteljev-vzgojiteljev\/\"},\"author\":{\"name\":\"A. G., STA\",\"@id\":\"https:\/\/hudo.com\/si\/#\/schema\/person\/2391667a63ea075ba94f2f2dc6b77537\"},\"headline\":\"V Ljubljani na protestnem shodu ve\u010d tiso\u010d u\u010diteljev in vzgojiteljev\",\"datePublished\":\"2018-02-14T11:28:29+00:00\",\"dateModified\":\"2018-02-14T11:28:29+00:00\",\"mainEntityOfPage\":{\"@id\":\"https:\/\/hudo.com\/si\/aktualno\/v-ljubljani-na-protestnem-shodu-vec-tisoc-uciteljev-vzgojiteljev\/\"},\"wordCount\":388,\"publisher\":{\"@id\":\"https:\/\/hudo.com\/si\/#organization\"},\"keywords\":[\"Slovenija\",\"\u0161olstvo\",\"stavka\"],\"articleSection\":[\"Aktualno\"],\"inLanguage\":\"sl-SI\"},{\"@type\":\"WebPage\",\"@id\":\"https:\/\/hudo.com\/si\/aktualno\/v-ljubljani-na-protestnem-shodu-vec-tisoc-uciteljev-vzgojiteljev\/\",\"url\":\"https:\/\/hudo.com\/si\/aktualno\/v-ljubljani-na-protestnem-shodu-vec-tisoc-uciteljev-vzgojiteljev\/\",\"name\":\"V Ljubljani na protestnem shodu ve\u010d tiso\u010d u\u010diteljev in vzgojiteljev - Hudo Slovenija\",\"isPartOf\":{\"@id\":\"https:\/\/hudo.com\/si\/#website\"},\"datePublished\":\"2018-02-14T11:28:29+00:00\",\"dateModified\":\"2018-02-14T11:28:29+00:00\",\"breadcrumb\":{\"@id\":\"https:\/\/hudo.com\/si\/aktualno\/v-ljubljani-na-protestnem-shodu-vec-tisoc-uciteljev-vzgojiteljev\/#breadcrumb\"},\"inLanguage\":\"sl-SI\",\"potentialAction\":[{\"@type\":\"ReadAction\",\"target\":[\"https:\/\/hudo.com\/si\/aktualno\/v-ljubljani-na-protestnem-shodu-vec-tisoc-uciteljev-vzgojiteljev\/\"]}]},{\"@type\":\"BreadcrumbList\",\"@id\":\"https:\/\/hudo.com\/si\/aktualno\/v-ljubljani-na-protestnem-shodu-vec-tisoc-uciteljev-vzgojiteljev\/#breadcrumb\",\"itemListElement\":[{\"@type\":\"ListItem\",\"position\":1,\"name\":\"Home\",\"item\":\"https:\/\/hudo.com\/si\/\"},{\"@type\":\"ListItem\",\"position\":2,\"name\":\"V Ljubljani na protestnem shodu ve\u010d tiso\u010d u\u010diteljev in vzgojiteljev\"}]},{\"@type\":\"WebSite\",\"@id\":\"https:\/\/hudo.com\/si\/#website\",\"url\":\"https:\/\/hudo.com\/si\/\",\"name\":\"Hudo Slovenija\",\"description\":\"Vse novice iz Slovenije in sveta\",\"publisher\":{\"@id\":\"https:\/\/hudo.com\/si\/#organization\"},\"potentialAction\":[{\"@type\":\"SearchAction\",\"target\":{\"@type\":\"EntryPoint\",\"urlTemplate\":\"https:\/\/hudo.com\/si\/?s={search_term_string}\"},\"query-input\":\"required name=search_term_string\"}],\"inLanguage\":\"sl-SI\"},{\"@type\":\"Organization\",\"@id\":\"https:\/\/hudo.com\/si\/#organization\",\"name\":\"VSN Media\",\"url\":\"https:\/\/hudo.com\/si\/\",\"logo\":{\"@type\":\"ImageObject\",\"inLanguage\":\"sl-SI\",\"@id\":\"https:\/\/hudo.com\/si\/#\/schema\/logo\/image\/\",\"url\":\"https:\/\/hudo.com\/si\/wp-content\/uploads\/sites\/2\/2021\/03\/hudo-app-2.png\",\"contentUrl\":\"https:\/\/hudo.com\/si\/wp-content\/uploads\/sites\/2\/2021\/03\/hudo-app-2.png\",\"width\":2185,\"height\":2167,\"caption\":\"VSN Media\"},\"image\":{\"@id\":\"https:\/\/hudo.com\/si\/#\/schema\/logo\/image\/\"},\"sameAs\":[\"https:\/\/www.facebook.com\/hudo.si\",\"https:\/\/twitter.com\/hudo_si\"]},{\"@type\":\"Person\",\"@id\":\"https:\/\/hudo.com\/si\/#\/schema\/person\/2391667a63ea075ba94f2f2dc6b77537\",\"name\":\"A. G., STA\",\"image\":{\"@type\":\"ImageObject\",\"inLanguage\":\"sl-SI\",\"@id\":\"https:\/\/hudo.com\/si\/#\/schema\/person\/image\/\",\"url\":\"https:\/\/secure.gravatar.com\/avatar\/e13d22ac3e442658d5025fbbe6238a79?s=96&d=mm&r=g\",\"contentUrl\":\"https:\/\/secure.gravatar.com\/avatar\/e13d22ac3e442658d5025fbbe6238a79?s=96&d=mm&r=g\",\"caption\":\"A. G., STA\"},\"url\":\"https:\/\/hudo.com\/si\/author\/alenka\/\"}]}<\/script>\n<!-- \/ Yoast SEO plugin. -->","yoast_head_json":{"title":"V Ljubljani na protestnem shodu ve\u010d tiso\u010d u\u010diteljev in vzgojiteljev - Hudo Slovenija","robots":{"index":"index","follow":"follow","max-snippet":"max-snippet:-1","max-image-preview":"max-image-preview:large","max-video-preview":"max-video-preview:-1"},"canonical":"https:\/\/hudo.com\/si\/aktualno\/v-ljubljani-na-protestnem-shodu-vec-tisoc-uciteljev-vzgojiteljev\/","og_locale":"sl_SI","og_type":"article","og_title":"V Ljubljani na protestnem shodu ve\u010d tiso\u010d u\u010diteljev in vzgojiteljev - Hudo Slovenija","og_description":"Ljubljanski Kongresni trg so napolnili stavkajo\u010di u\u010ditelji in vzgojitelji. Na protestnem shodu, ki naj bi trajal pribli\u017eno uro in pol, zahtevajo vi\u0161je pla\u010de. Mno\u017eica, opremljena s transparenti in v modrih barvah sindikata Sviz, ki organizira dana\u0161njo stavko, je \u017ee pozdravila prvo govornico, predsednico glavnega odbora sindikata Jelko Veli\u010dki.","og_url":"https:\/\/hudo.com\/si\/aktualno\/v-ljubljani-na-protestnem-shodu-vec-tisoc-uciteljev-vzgojiteljev\/","og_site_name":"Hudo Slovenija","article_publisher":"https:\/\/www.facebook.com\/hudo.si","article_published_time":"2018-02-14T11:28:29+00:00","og_image":[{"width":640,"height":426,"url":"https:\/\/hudo.com\/si\/wp-content\/uploads\/sites\/2\/2018\/02\/20180214-00839598.jpg","type":"image\/jpeg"}],"author":"A. G., STA","twitter_card":"summary_large_image","twitter_creator":"@hudo_si","twitter_site":"@hudo_si","twitter_misc":{"Written by":"A. G., STA","Est. reading time":"2 minuti"},"schema":{"@context":"https:\/\/schema.org","@graph":[{"@type":"Article","@id":"https:\/\/hudo.com\/si\/aktualno\/v-ljubljani-na-protestnem-shodu-vec-tisoc-uciteljev-vzgojiteljev\/#article","isPartOf":{"@id":"https:\/\/hudo.com\/si\/aktualno\/v-ljubljani-na-protestnem-shodu-vec-tisoc-uciteljev-vzgojiteljev\/"},"author":{"name":"A. G., STA","@id":"https:\/\/hudo.com\/si\/#\/schema\/person\/2391667a63ea075ba94f2f2dc6b77537"},"headline":"V Ljubljani na protestnem shodu ve\u010d tiso\u010d u\u010diteljev in vzgojiteljev","datePublished":"2018-02-14T11:28:29+00:00","dateModified":"2018-02-14T11:28:29+00:00","mainEntityOfPage":{"@id":"https:\/\/hudo.com\/si\/aktualno\/v-ljubljani-na-protestnem-shodu-vec-tisoc-uciteljev-vzgojiteljev\/"},"wordCount":388,"publisher":{"@id":"https:\/\/hudo.com\/si\/#organization"},"keywords":["Slovenija","\u0161olstvo","stavka"],"articleSection":["Aktualno"],"inLanguage":"sl-SI"},{"@type":"WebPage","@id":"https:\/\/hudo.com\/si\/aktualno\/v-ljubljani-na-protestnem-shodu-vec-tisoc-uciteljev-vzgojiteljev\/","url":"https:\/\/hudo.com\/si\/aktualno\/v-ljubljani-na-protestnem-shodu-vec-tisoc-uciteljev-vzgojiteljev\/","name":"V Ljubljani na protestnem shodu ve\u010d tiso\u010d u\u010diteljev in vzgojiteljev - Hudo Slovenija","isPartOf":{"@id":"https:\/\/hudo.com\/si\/#website"},"datePublished":"2018-02-14T11:28:29+00:00","dateModified":"2018-02-14T11:28:29+00:00","breadcrumb":{"@id":"https:\/\/hudo.com\/si\/aktualno\/v-ljubljani-na-protestnem-shodu-vec-tisoc-uciteljev-vzgojiteljev\/#breadcrumb"},"inLanguage":"sl-SI","potentialAction":[{"@type":"ReadAction","target":["https:\/\/hudo.com\/si\/aktualno\/v-ljubljani-na-protestnem-shodu-vec-tisoc-uciteljev-vzgojiteljev\/"]}]},{"@type":"BreadcrumbList","@id":"https:\/\/hudo.com\/si\/aktualno\/v-ljubljani-na-protestnem-shodu-vec-tisoc-uciteljev-vzgojiteljev\/#breadcrumb","itemListElement":[{"@type":"ListItem","position":1,"name":"Home","item":"https:\/\/hudo.com\/si\/"},{"@type":"ListItem","position":2,"name":"V Ljubljani na protestnem shodu ve\u010d tiso\u010d u\u010diteljev in vzgojiteljev"}]},{"@type":"WebSite","@id":"https:\/\/hudo.com\/si\/#website","url":"https:\/\/hudo.com\/si\/","name":"Hudo Slovenija","description":"Vse novice iz Slovenije in sveta","publisher":{"@id":"https:\/\/hudo.com\/si\/#organization"},"potentialAction":[{"@type":"SearchAction","target":{"@type":"EntryPoint","urlTemplate":"https:\/\/hudo.com\/si\/?s={search_term_string}"},"query-input":"required name=search_term_string"}],"inLanguage":"sl-SI"},{"@type":"Organization","@id":"https:\/\/hudo.com\/si\/#organization","name":"VSN Media","url":"https:\/\/hudo.com\/si\/","logo":{"@type":"ImageObject","inLanguage":"sl-SI","@id":"https:\/\/hudo.com\/si\/#\/schema\/logo\/image\/","url":"https:\/\/hudo.com\/si\/wp-content\/uploads\/sites\/2\/2021\/03\/hudo-app-2.png","contentUrl":"https:\/\/hudo.com\/si\/wp-content\/uploads\/sites\/2\/2021\/03\/hudo-app-2.png","width":2185,"height":2167,"caption":"VSN Media"},"image":{"@id":"https:\/\/hudo.com\/si\/#\/schema\/logo\/image\/"},"sameAs":["https:\/\/www.facebook.com\/hudo.si","https:\/\/twitter.com\/hudo_si"]},{"@type":"Person","@id":"https:\/\/hudo.com\/si\/#\/schema\/person\/2391667a63ea075ba94f2f2dc6b77537","name":"A. G., STA","image":{"@type":"ImageObject","inLanguage":"sl-SI","@id":"https:\/\/hudo.com\/si\/#\/schema\/person\/image\/","url":"https:\/\/secure.gravatar.com\/avatar\/e13d22ac3e442658d5025fbbe6238a79?s=96&d=mm&r=g","contentUrl":"https:\/\/secure.gravatar.com\/avatar\/e13d22ac3e442658d5025fbbe6238a79?s=96&d=mm&r=g","caption":"A. G., STA"},"url":"https:\/\/hudo.com\/si\/author\/alenka\/"}]}},"amp_enabled":true,"_links":{"self":[{"href":"https:\/\/hudo.com\/si\/wp-json\/wp\/v2\/posts\/361033"}],"collection":[{"href":"https:\/\/hudo.com\/si\/wp-json\/wp\/v2\/posts"}],"about":[{"href":"https:\/\/hudo.com\/si\/wp-json\/wp\/v2\/types\/post"}],"author":[{"embeddable":true,"href":"https:\/\/hudo.com\/si\/wp-json\/wp\/v2\/users\/5"}],"replies":[{"embeddable":true,"href":"https:\/\/hudo.com\/si\/wp-json\/wp\/v2\/comments?post=361033"}],"version-history":[{"count":1,"href":"https:\/\/hudo.com\/si\/wp-json\/wp\/v2\/posts\/361033\/revisions"}],"predecessor-version":[{"id":361035,"href":"https:\/\/hudo.com\/si\/wp-json\/wp\/v2\/posts\/361033\/revisions\/361035"}],"wp:featuredmedia":[{"embeddable":true,"href":"https:\/\/hudo.com\/si\/wp-json\/wp\/v2\/media\/361034"}],"wp:attachment":[{"href":"https:\/\/hudo.com\/si\/wp-json\/wp\/v2\/media?parent=361033"}],"wp:term":[{"taxonomy":"category","embeddable":true,"href":"https:\/\/hudo.com\/si\/wp-json\/wp\/v2\/categories?post=361033"},{"taxonomy":"post_tag","embeddable":true,"href":"https:\/\/hudo.com\/si\/wp-json\/wp\/v2\/tags?post=361033"},{"taxonomy":"source","embeddable":true,"href":"https:\/\/hudo.com\/si\/wp-json\/wp\/v2\/source?post=361033"},{"taxonomy":"supertag","embeddable":true,"href":"https:\/\/hudo.com\/si\/wp-json\/wp\/v2\/supertag?post=361033"}],"curies":[{"name":"wp","href":"https:\/\/api.w.org\/{rel}","templated":true}]}}