{"id":362094,"date":"2018-02-16T16:25:00","date_gmt":"2018-02-16T15:25:00","guid":{"rendered":"https:\/\/hudo.com\/si\/2018\/02\/16\/prekinjeno-sojenje-stefanu-cakicu\/"},"modified":"2018-02-16T16:25:00","modified_gmt":"2018-02-16T15:25:00","slug":"prekinjeno-sojenje-stefanu-cakicu","status":"publish","type":"post","link":"https:\/\/hudo.com\/si\/aktualno\/prekinjeno-sojenje-stefanu-cakicu\/","title":{"rendered":"Prekinjeno sojenje Stefanu Caki\u0107u"},"content":{"rendered":"<p>Kategorija: Kronika Fri, 16 Feb 2018 17:25:00 +0100  Ljubljana \u2013 Sojenje Stefanu Caki\u0107u, ki je obto\u017een uboja Ga\u0161perja Ti\u010da, je prekinjeno, ker je vi\u0161ja dr\u017eavna to\u017eilka Tamara Gregor\u010di\u010d zahtevala izlo\u010ditev sodnika Cirila Ker\u0161manca. Ta je med zasli\u0161anjem pri\u010de, ki jo je to\u017eilka spa\u0161evala o imenih bli\u017enjih prijateljev Ga\u0161perja Ti\u010da, vpra\u0161al, \u010de to spra\u0161uje zaradi mo\u017enosti, da je Ga\u0161per Ti\u010d \u00bbkoga \u0161e zlorabil?\u00abVpra\u0161anje, ki ga je postavil sodnik Ciril Ker\u0161manc, je po mnenju to\u017eilke nedopustno, saj ga je mogo\u010de razumeti kot mnenje sodnika, da je Ti\u010d zlorabil obto\u017eenega Stefana Caki\u0107a. Do zapleta, o katerem bo v kratkem odlo\u010dil predsednik okro\u017enega sodi\u0161\u010da, je pri\u0161lo med zasli\u0161anjem pri\u010de, ki je no\u010d pred tragedijo pre\u017eivela s Ti\u010dem in \u0161e enim prijateljem. Dru\u017eba je obiskala nekaj lokalov v Ljubljani, na koncu pa so pristali v Box baru, kjer so sre\u010dali Caki\u0107a in njegovega\u00a0&#8230;<\/p>\n","protected":false},"excerpt":{"rendered":"<p>Kategorija: Kronika Fri, 16 Feb 2018 17:25:00 +0100  Ljubljana \u2013 Sojenje Stefanu Caki\u0107u, ki je obto\u017een uboja Ga\u0161perja Ti\u010da, je prekinjeno, ker je vi\u0161ja dr\u017eavna to\u017eilka Tamara Gregor\u010di\u010d zahtevala izlo\u010ditev sodnika Cirila Ker\u0161manca. Ta je med zasli\u0161anjem pri\u010de, ki jo je to\u017eilka spa\u0161evala o imenih bli\u017enjih prijateljev Ga\u0161perja Ti\u010da, vpra\u0161al, \u010de to spra\u0161uje zaradi mo\u017enosti, da je Ga\u0161per Ti\u010d \u00bbkoga \u0161e zlorabil?\u00abVpra\u0161anje, ki ga je postavil sodnik Ciril Ker\u0161manc, je po mnenju to\u017eilke nedopustno, saj ga je mogo\u010de razumeti kot mnenje sodnika, da je Ti\u010d zlorabil obto\u017eenega Stefana Caki\u0107a. Do zapleta, o katerem bo v kratkem odlo\u010dil predsednik okro\u017enega sodi\u0161\u010da, je pri\u0161lo med zasli\u0161anjem pri\u010de, ki je no\u010d pred tragedijo pre\u017eivela s Ti\u010dem in \u0161e enim prijateljem. Dru\u017eba je obiskala nekaj lokalov v Ljubljani, na koncu pa so pristali v Box baru, kjer so sre\u010dali Caki\u0107a in njegovega\u00a0&#8230;<\/p>\n","protected":false},"author":1,"featured_media":0,"comment_status":"closed","ping_status":"closed","sticky":false,"template":"","format":"standard","meta":{"footnotes":""},"categories":[1179],"tags":[],"source":[1703],"supertag":[],"acf":[],"yoast_head":"<!-- This site is optimized with the Yoast SEO plugin v21.3 - https:\/\/yoast.com\/wordpress\/plugins\/seo\/ -->\n<title>Prekinjeno sojenje Stefanu Caki\u0107u - Hudo Slovenija<\/title>\n<meta name=\"robots\" content=\"index, follow, max-snippet:-1, max-image-preview:large, max-video-preview:-1\" \/>\n<link rel=\"canonical\" href=\"https:\/\/hudo.com\/si\/aktualno\/prekinjeno-sojenje-stefanu-cakicu\/\" \/>\n<meta property=\"og:locale\" content=\"sl_SI\" \/>\n<meta property=\"og:type\" content=\"article\" \/>\n<meta property=\"og:title\" content=\"Prekinjeno sojenje Stefanu Caki\u0107u - Hudo Slovenija\" \/>\n<meta property=\"og:description\" content=\"Kategorija: Kronika Fri, 16 Feb 2018 17:25:00 +0100 Ljubljana \u2013 Sojenje Stefanu Caki\u0107u, ki je obto\u017een uboja Ga\u0161perja Ti\u010da, je prekinjeno, ker je vi\u0161ja dr\u017eavna to\u017eilka Tamara Gregor\u010di\u010d zahtevala izlo\u010ditev sodnika Cirila Ker\u0161manca. Ta je med zasli\u0161anjem pri\u010de, ki jo je to\u017eilka spa\u0161evala o imenih bli\u017enjih prijateljev Ga\u0161perja Ti\u010da, vpra\u0161al, \u010de to spra\u0161uje zaradi mo\u017enosti, da je Ga\u0161per Ti\u010d \u00bbkoga \u0161e zlorabil?\u00abVpra\u0161anje, ki ga je postavil sodnik Ciril Ker\u0161manc, je po mnenju to\u017eilke nedopustno, saj ga je mogo\u010de razumeti kot mnenje sodnika, da je Ti\u010d zlorabil obto\u017eenega Stefana Caki\u0107a. Do zapleta, o katerem bo v kratkem odlo\u010dil predsednik okro\u017enega sodi\u0161\u010da, je pri\u0161lo med zasli\u0161anjem pri\u010de, ki je no\u010d pred tragedijo pre\u017eivela s Ti\u010dem in \u0161e enim prijateljem. Dru\u017eba je obiskala nekaj lokalov v Ljubljani, na koncu pa so pristali v Box baru, kjer so sre\u010dali Caki\u0107a in njegovega\u00a0...\" \/>\n<meta property=\"og:url\" content=\"https:\/\/hudo.com\/si\/aktualno\/prekinjeno-sojenje-stefanu-cakicu\/\" \/>\n<meta property=\"og:site_name\" content=\"Hudo Slovenija\" \/>\n<meta property=\"article:publisher\" content=\"https:\/\/www.facebook.com\/hudo.si\" \/>\n<meta property=\"article:published_time\" content=\"2018-02-16T15:25:00+00:00\" \/>\n<meta property=\"og:image\" content=\"https:\/\/hudo.com\/si\/wp-content\/uploads\/sites\/2\/2018\/02\/480x290_Kronika__djvu_2630368_felcm_hires0.jpeg\" \/>\n\t<meta property=\"og:image:width\" content=\"480\" \/>\n\t<meta property=\"og:image:height\" content=\"290\" \/>\n\t<meta property=\"og:image:type\" content=\"image\/jpeg\" \/>\n<meta name=\"author\" content=\"hudo\" \/>\n<meta name=\"twitter:card\" content=\"summary_large_image\" \/>\n<meta name=\"twitter:creator\" content=\"@hudo_si\" \/>\n<meta name=\"twitter:site\" content=\"@hudo_si\" \/>\n<meta name=\"twitter:label1\" content=\"Written by\" \/>\n\t<meta name=\"twitter:data1\" content=\"hudo\" \/>\n\t<meta name=\"twitter:label2\" content=\"Est. reading time\" \/>\n\t<meta name=\"twitter:data2\" content=\"1 minuta\" \/>\n<script type=\"application\/ld+json\" class=\"yoast-schema-graph\">{\"@context\":\"https:\/\/schema.org\",\"@graph\":[{\"@type\":\"Article\",\"@id\":\"https:\/\/hudo.com\/si\/aktualno\/prekinjeno-sojenje-stefanu-cakicu\/#article\",\"isPartOf\":{\"@id\":\"https:\/\/hudo.com\/si\/aktualno\/prekinjeno-sojenje-stefanu-cakicu\/\"},\"author\":{\"name\":\"hudo\",\"@id\":\"https:\/\/hudo.com\/si\/#\/schema\/person\/601cf3379633985b20f7e50f2bb47707\"},\"headline\":\"Prekinjeno sojenje Stefanu Caki\u0107u\",\"datePublished\":\"2018-02-16T15:25:00+00:00\",\"dateModified\":\"2018-02-16T15:25:00+00:00\",\"mainEntityOfPage\":{\"@id\":\"https:\/\/hudo.com\/si\/aktualno\/prekinjeno-sojenje-stefanu-cakicu\/\"},\"wordCount\":177,\"publisher\":{\"@id\":\"https:\/\/hudo.com\/si\/#organization\"},\"articleSection\":[\"Aktualno\"],\"inLanguage\":\"sl-SI\"},{\"@type\":\"WebPage\",\"@id\":\"https:\/\/hudo.com\/si\/aktualno\/prekinjeno-sojenje-stefanu-cakicu\/\",\"url\":\"https:\/\/hudo.com\/si\/aktualno\/prekinjeno-sojenje-stefanu-cakicu\/\",\"name\":\"Prekinjeno sojenje Stefanu Caki\u0107u - Hudo Slovenija\",\"isPartOf\":{\"@id\":\"https:\/\/hudo.com\/si\/#website\"},\"datePublished\":\"2018-02-16T15:25:00+00:00\",\"dateModified\":\"2018-02-16T15:25:00+00:00\",\"breadcrumb\":{\"@id\":\"https:\/\/hudo.com\/si\/aktualno\/prekinjeno-sojenje-stefanu-cakicu\/#breadcrumb\"},\"inLanguage\":\"sl-SI\",\"potentialAction\":[{\"@type\":\"ReadAction\",\"target\":[\"https:\/\/hudo.com\/si\/aktualno\/prekinjeno-sojenje-stefanu-cakicu\/\"]}]},{\"@type\":\"BreadcrumbList\",\"@id\":\"https:\/\/hudo.com\/si\/aktualno\/prekinjeno-sojenje-stefanu-cakicu\/#breadcrumb\",\"itemListElement\":[{\"@type\":\"ListItem\",\"position\":1,\"name\":\"Home\",\"item\":\"https:\/\/hudo.com\/si\/\"},{\"@type\":\"ListItem\",\"position\":2,\"name\":\"Prekinjeno sojenje Stefanu Caki\u0107u\"}]},{\"@type\":\"WebSite\",\"@id\":\"https:\/\/hudo.com\/si\/#website\",\"url\":\"https:\/\/hudo.com\/si\/\",\"name\":\"Hudo Slovenija\",\"description\":\"Vse novice iz Slovenije in sveta\",\"publisher\":{\"@id\":\"https:\/\/hudo.com\/si\/#organization\"},\"potentialAction\":[{\"@type\":\"SearchAction\",\"target\":{\"@type\":\"EntryPoint\",\"urlTemplate\":\"https:\/\/hudo.com\/si\/?s={search_term_string}\"},\"query-input\":\"required name=search_term_string\"}],\"inLanguage\":\"sl-SI\"},{\"@type\":\"Organization\",\"@id\":\"https:\/\/hudo.com\/si\/#organization\",\"name\":\"VSN Media\",\"url\":\"https:\/\/hudo.com\/si\/\",\"logo\":{\"@type\":\"ImageObject\",\"inLanguage\":\"sl-SI\",\"@id\":\"https:\/\/hudo.com\/si\/#\/schema\/logo\/image\/\",\"url\":\"https:\/\/hudo.com\/si\/wp-content\/uploads\/sites\/2\/2021\/03\/hudo-app-2.png\",\"contentUrl\":\"https:\/\/hudo.com\/si\/wp-content\/uploads\/sites\/2\/2021\/03\/hudo-app-2.png\",\"width\":2185,\"height\":2167,\"caption\":\"VSN Media\"},\"image\":{\"@id\":\"https:\/\/hudo.com\/si\/#\/schema\/logo\/image\/\"},\"sameAs\":[\"https:\/\/www.facebook.com\/hudo.si\",\"https:\/\/twitter.com\/hudo_si\"]},{\"@type\":\"Person\",\"@id\":\"https:\/\/hudo.com\/si\/#\/schema\/person\/601cf3379633985b20f7e50f2bb47707\",\"name\":\"hudo\",\"image\":{\"@type\":\"ImageObject\",\"inLanguage\":\"sl-SI\",\"@id\":\"https:\/\/hudo.com\/si\/#\/schema\/person\/image\/\",\"url\":\"https:\/\/secure.gravatar.com\/avatar\/c4ca25fa72cace7a696b52ff5db9e095?s=96&d=mm&r=g\",\"contentUrl\":\"https:\/\/secure.gravatar.com\/avatar\/c4ca25fa72cace7a696b52ff5db9e095?s=96&d=mm&r=g\",\"caption\":\"hudo\"},\"url\":\"https:\/\/hudo.com\/si\/author\/hudo\/\"}]}<\/script>\n<!-- \/ Yoast SEO plugin. -->","yoast_head_json":{"title":"Prekinjeno sojenje Stefanu Caki\u0107u - Hudo Slovenija","robots":{"index":"index","follow":"follow","max-snippet":"max-snippet:-1","max-image-preview":"max-image-preview:large","max-video-preview":"max-video-preview:-1"},"canonical":"https:\/\/hudo.com\/si\/aktualno\/prekinjeno-sojenje-stefanu-cakicu\/","og_locale":"sl_SI","og_type":"article","og_title":"Prekinjeno sojenje Stefanu Caki\u0107u - Hudo Slovenija","og_description":"Kategorija: Kronika Fri, 16 Feb 2018 17:25:00 +0100 Ljubljana \u2013 Sojenje Stefanu Caki\u0107u, ki je obto\u017een uboja Ga\u0161perja Ti\u010da, je prekinjeno, ker je vi\u0161ja dr\u017eavna to\u017eilka Tamara Gregor\u010di\u010d zahtevala izlo\u010ditev sodnika Cirila Ker\u0161manca. Ta je med zasli\u0161anjem pri\u010de, ki jo je to\u017eilka spa\u0161evala o imenih bli\u017enjih prijateljev Ga\u0161perja Ti\u010da, vpra\u0161al, \u010de to spra\u0161uje zaradi mo\u017enosti, da je Ga\u0161per Ti\u010d \u00bbkoga \u0161e zlorabil?\u00abVpra\u0161anje, ki ga je postavil sodnik Ciril Ker\u0161manc, je po mnenju to\u017eilke nedopustno, saj ga je mogo\u010de razumeti kot mnenje sodnika, da je Ti\u010d zlorabil obto\u017eenega Stefana Caki\u0107a. Do zapleta, o katerem bo v kratkem odlo\u010dil predsednik okro\u017enega sodi\u0161\u010da, je pri\u0161lo med zasli\u0161anjem pri\u010de, ki je no\u010d pred tragedijo pre\u017eivela s Ti\u010dem in \u0161e enim prijateljem. Dru\u017eba je obiskala nekaj lokalov v Ljubljani, na koncu pa so pristali v Box baru, kjer so sre\u010dali Caki\u0107a in njegovega\u00a0...","og_url":"https:\/\/hudo.com\/si\/aktualno\/prekinjeno-sojenje-stefanu-cakicu\/","og_site_name":"Hudo Slovenija","article_publisher":"https:\/\/www.facebook.com\/hudo.si","article_published_time":"2018-02-16T15:25:00+00:00","og_image":[{"width":480,"height":290,"url":"https:\/\/hudo.com\/si\/wp-content\/uploads\/sites\/2\/2018\/02\/480x290_Kronika__djvu_2630368_felcm_hires0.jpeg","type":"image\/jpeg"}],"author":"hudo","twitter_card":"summary_large_image","twitter_creator":"@hudo_si","twitter_site":"@hudo_si","twitter_misc":{"Written by":"hudo","Est. reading time":"1 minuta"},"schema":{"@context":"https:\/\/schema.org","@graph":[{"@type":"Article","@id":"https:\/\/hudo.com\/si\/aktualno\/prekinjeno-sojenje-stefanu-cakicu\/#article","isPartOf":{"@id":"https:\/\/hudo.com\/si\/aktualno\/prekinjeno-sojenje-stefanu-cakicu\/"},"author":{"name":"hudo","@id":"https:\/\/hudo.com\/si\/#\/schema\/person\/601cf3379633985b20f7e50f2bb47707"},"headline":"Prekinjeno sojenje Stefanu Caki\u0107u","datePublished":"2018-02-16T15:25:00+00:00","dateModified":"2018-02-16T15:25:00+00:00","mainEntityOfPage":{"@id":"https:\/\/hudo.com\/si\/aktualno\/prekinjeno-sojenje-stefanu-cakicu\/"},"wordCount":177,"publisher":{"@id":"https:\/\/hudo.com\/si\/#organization"},"articleSection":["Aktualno"],"inLanguage":"sl-SI"},{"@type":"WebPage","@id":"https:\/\/hudo.com\/si\/aktualno\/prekinjeno-sojenje-stefanu-cakicu\/","url":"https:\/\/hudo.com\/si\/aktualno\/prekinjeno-sojenje-stefanu-cakicu\/","name":"Prekinjeno sojenje Stefanu Caki\u0107u - Hudo Slovenija","isPartOf":{"@id":"https:\/\/hudo.com\/si\/#website"},"datePublished":"2018-02-16T15:25:00+00:00","dateModified":"2018-02-16T15:25:00+00:00","breadcrumb":{"@id":"https:\/\/hudo.com\/si\/aktualno\/prekinjeno-sojenje-stefanu-cakicu\/#breadcrumb"},"inLanguage":"sl-SI","potentialAction":[{"@type":"ReadAction","target":["https:\/\/hudo.com\/si\/aktualno\/prekinjeno-sojenje-stefanu-cakicu\/"]}]},{"@type":"BreadcrumbList","@id":"https:\/\/hudo.com\/si\/aktualno\/prekinjeno-sojenje-stefanu-cakicu\/#breadcrumb","itemListElement":[{"@type":"ListItem","position":1,"name":"Home","item":"https:\/\/hudo.com\/si\/"},{"@type":"ListItem","position":2,"name":"Prekinjeno sojenje Stefanu Caki\u0107u"}]},{"@type":"WebSite","@id":"https:\/\/hudo.com\/si\/#website","url":"https:\/\/hudo.com\/si\/","name":"Hudo Slovenija","description":"Vse novice iz Slovenije in sveta","publisher":{"@id":"https:\/\/hudo.com\/si\/#organization"},"potentialAction":[{"@type":"SearchAction","target":{"@type":"EntryPoint","urlTemplate":"https:\/\/hudo.com\/si\/?s={search_term_string}"},"query-input":"required name=search_term_string"}],"inLanguage":"sl-SI"},{"@type":"Organization","@id":"https:\/\/hudo.com\/si\/#organization","name":"VSN Media","url":"https:\/\/hudo.com\/si\/","logo":{"@type":"ImageObject","inLanguage":"sl-SI","@id":"https:\/\/hudo.com\/si\/#\/schema\/logo\/image\/","url":"https:\/\/hudo.com\/si\/wp-content\/uploads\/sites\/2\/2021\/03\/hudo-app-2.png","contentUrl":"https:\/\/hudo.com\/si\/wp-content\/uploads\/sites\/2\/2021\/03\/hudo-app-2.png","width":2185,"height":2167,"caption":"VSN Media"},"image":{"@id":"https:\/\/hudo.com\/si\/#\/schema\/logo\/image\/"},"sameAs":["https:\/\/www.facebook.com\/hudo.si","https:\/\/twitter.com\/hudo_si"]},{"@type":"Person","@id":"https:\/\/hudo.com\/si\/#\/schema\/person\/601cf3379633985b20f7e50f2bb47707","name":"hudo","image":{"@type":"ImageObject","inLanguage":"sl-SI","@id":"https:\/\/hudo.com\/si\/#\/schema\/person\/image\/","url":"https:\/\/secure.gravatar.com\/avatar\/c4ca25fa72cace7a696b52ff5db9e095?s=96&d=mm&r=g","contentUrl":"https:\/\/secure.gravatar.com\/avatar\/c4ca25fa72cace7a696b52ff5db9e095?s=96&d=mm&r=g","caption":"hudo"},"url":"https:\/\/hudo.com\/si\/author\/hudo\/"}]}},"amp_enabled":true,"_links":{"self":[{"href":"https:\/\/hudo.com\/si\/wp-json\/wp\/v2\/posts\/362094"}],"collection":[{"href":"https:\/\/hudo.com\/si\/wp-json\/wp\/v2\/posts"}],"about":[{"href":"https:\/\/hudo.com\/si\/wp-json\/wp\/v2\/types\/post"}],"author":[{"embeddable":true,"href":"https:\/\/hudo.com\/si\/wp-json\/wp\/v2\/users\/1"}],"replies":[{"embeddable":true,"href":"https:\/\/hudo.com\/si\/wp-json\/wp\/v2\/comments?post=362094"}],"version-history":[{"count":0,"href":"https:\/\/hudo.com\/si\/wp-json\/wp\/v2\/posts\/362094\/revisions"}],"wp:attachment":[{"href":"https:\/\/hudo.com\/si\/wp-json\/wp\/v2\/media?parent=362094"}],"wp:term":[{"taxonomy":"category","embeddable":true,"href":"https:\/\/hudo.com\/si\/wp-json\/wp\/v2\/categories?post=362094"},{"taxonomy":"post_tag","embeddable":true,"href":"https:\/\/hudo.com\/si\/wp-json\/wp\/v2\/tags?post=362094"},{"taxonomy":"source","embeddable":true,"href":"https:\/\/hudo.com\/si\/wp-json\/wp\/v2\/source?post=362094"},{"taxonomy":"supertag","embeddable":true,"href":"https:\/\/hudo.com\/si\/wp-json\/wp\/v2\/supertag?post=362094"}],"curies":[{"name":"wp","href":"https:\/\/api.w.org\/{rel}","templated":true}]}}