{"id":362100,"date":"2018-02-16T19:00:00","date_gmt":"2018-02-16T18:00:00","guid":{"rendered":"https:\/\/hudo.com\/si\/2018\/02\/16\/naj-cerar-se-na-koncu-le-obljublja\/"},"modified":"2018-02-16T19:00:00","modified_gmt":"2018-02-16T18:00:00","slug":"naj-cerar-se-na-koncu-le-obljublja","status":"publish","type":"post","link":"https:\/\/hudo.com\/si\/aktualno\/naj-cerar-se-na-koncu-le-obljublja\/","title":{"rendered":"Naj Cerar \u0161e na koncu le obljublja"},"content":{"rendered":"<p>Kategorija: Komentarji Fri, 16 Feb 2018 20:00:00 +0100  \u010ce ho\u010de u\u010diteljica s 15 leti delovne dobe osem odstotkov vi\u0161jo pla\u010do (napredovanje za dva razreda), bo zaradi nje izgubila slu\u017ebo sna\u017eilka, ki zdaj shaja z minimalno pla\u010do. Namerno za\u010denjam v slogu sindikatov, kajti \u010de ti ka\u017eejo na \u00bbenormne dobi\u010dke podjetij\u00ab, iz katerih bi se \u010drpale vi\u0161je javne pla\u010de, je prav, da opozorim, kaj se bo zgodilo. Pustimo populizem ob strani. Klju\u010dna te\u017eava prora\u010duna in s tem posledi\u010dno tudi pla\u010d javnih uslu\u017ebencev je to, da imamo ob rekordni gospodarski aktivnosti in izjemni gospodarski rasti komaj izravnan prora\u010dun. Skratka, dr\u017eava porabi preve\u010d. A kljub temu imamo dolge \u010dakalne vrste v zdravstvu, nizke pokojnine, skromno financiranje vojske, kadrovske te\u017eave ponekod ter nizke pla\u010de nekaterih javnih uslu\u017ebencev ob bistveno vi\u0161jih povpre\u010dnih pla\u010dah v javnem sektorju, kot so v gospodarstvu.Si lahko dr\u017eava\u00a0&#8230;<\/p>\n","protected":false},"excerpt":{"rendered":"<p>Kategorija: Komentarji Fri, 16 Feb 2018 20:00:00 +0100  \u010ce ho\u010de u\u010diteljica s 15 leti delovne dobe osem odstotkov vi\u0161jo pla\u010do (napredovanje za dva razreda), bo zaradi nje izgubila slu\u017ebo sna\u017eilka, ki zdaj shaja z minimalno pla\u010do. Namerno za\u010denjam v slogu sindikatov, kajti \u010de ti ka\u017eejo na \u00bbenormne dobi\u010dke podjetij\u00ab, iz katerih bi se \u010drpale vi\u0161je javne pla\u010de, je prav, da opozorim, kaj se bo zgodilo. Pustimo populizem ob strani. Klju\u010dna te\u017eava prora\u010duna in s tem posledi\u010dno tudi pla\u010d javnih uslu\u017ebencev je to, da imamo ob rekordni gospodarski aktivnosti in izjemni gospodarski rasti komaj izravnan prora\u010dun. Skratka, dr\u017eava porabi preve\u010d. A kljub temu imamo dolge \u010dakalne vrste v zdravstvu, nizke pokojnine, skromno financiranje vojske, kadrovske te\u017eave ponekod ter nizke pla\u010de nekaterih javnih uslu\u017ebencev ob bistveno vi\u0161jih povpre\u010dnih pla\u010dah v javnem sektorju, kot so v gospodarstvu.Si lahko dr\u017eava\u00a0&#8230;<\/p>\n","protected":false},"author":1,"featured_media":0,"comment_status":"closed","ping_status":"closed","sticky":false,"template":"","format":"standard","meta":{"footnotes":""},"categories":[1179],"tags":[],"source":[1703],"supertag":[],"acf":[],"yoast_head":"<!-- This site is optimized with the Yoast SEO plugin v21.3 - https:\/\/yoast.com\/wordpress\/plugins\/seo\/ -->\n<title>Naj Cerar \u0161e na koncu le obljublja - Hudo Slovenija<\/title>\n<meta name=\"robots\" content=\"index, follow, max-snippet:-1, max-image-preview:large, max-video-preview:-1\" \/>\n<link rel=\"canonical\" href=\"https:\/\/hudo.com\/si\/aktualno\/naj-cerar-se-na-koncu-le-obljublja\/\" \/>\n<meta property=\"og:locale\" content=\"sl_SI\" \/>\n<meta property=\"og:type\" content=\"article\" \/>\n<meta property=\"og:title\" content=\"Naj Cerar \u0161e na koncu le obljublja - Hudo Slovenija\" \/>\n<meta property=\"og:description\" content=\"Kategorija: Komentarji Fri, 16 Feb 2018 20:00:00 +0100 \u010ce ho\u010de u\u010diteljica s 15 leti delovne dobe osem odstotkov vi\u0161jo pla\u010do (napredovanje za dva razreda), bo zaradi nje izgubila slu\u017ebo sna\u017eilka, ki zdaj shaja z minimalno pla\u010do. Namerno za\u010denjam v slogu sindikatov, kajti \u010de ti ka\u017eejo na \u00bbenormne dobi\u010dke podjetij\u00ab, iz katerih bi se \u010drpale vi\u0161je javne pla\u010de, je prav, da opozorim, kaj se bo zgodilo. Pustimo populizem ob strani. Klju\u010dna te\u017eava prora\u010duna in s tem posledi\u010dno tudi pla\u010d javnih uslu\u017ebencev je to, da imamo ob rekordni gospodarski aktivnosti in izjemni gospodarski rasti komaj izravnan prora\u010dun. Skratka, dr\u017eava porabi preve\u010d. A kljub temu imamo dolge \u010dakalne vrste v zdravstvu, nizke pokojnine, skromno financiranje vojske, kadrovske te\u017eave ponekod ter nizke pla\u010de nekaterih javnih uslu\u017ebencev ob bistveno vi\u0161jih povpre\u010dnih pla\u010dah v javnem sektorju, kot so v gospodarstvu.Si lahko dr\u017eava\u00a0...\" \/>\n<meta property=\"og:url\" content=\"https:\/\/hudo.com\/si\/aktualno\/naj-cerar-se-na-koncu-le-obljublja\/\" \/>\n<meta property=\"og:site_name\" content=\"Hudo Slovenija\" \/>\n<meta property=\"article:publisher\" content=\"https:\/\/www.facebook.com\/hudo.si\" \/>\n<meta property=\"article:published_time\" content=\"2018-02-16T18:00:00+00:00\" \/>\n<meta property=\"og:image\" content=\"https:\/\/hudo.com\/si\/wp-content\/uploads\/sites\/2\/2018\/02\/480x290_img_3734.jpeg\" \/>\n\t<meta property=\"og:image:width\" content=\"480\" \/>\n\t<meta property=\"og:image:height\" content=\"290\" \/>\n\t<meta property=\"og:image:type\" content=\"image\/jpeg\" \/>\n<meta name=\"author\" content=\"hudo\" \/>\n<meta name=\"twitter:card\" content=\"summary_large_image\" \/>\n<meta name=\"twitter:creator\" content=\"@hudo_si\" \/>\n<meta name=\"twitter:site\" content=\"@hudo_si\" \/>\n<meta name=\"twitter:label1\" content=\"Written by\" \/>\n\t<meta name=\"twitter:data1\" content=\"hudo\" \/>\n\t<meta name=\"twitter:label2\" content=\"Est. reading time\" \/>\n\t<meta name=\"twitter:data2\" content=\"1 minuta\" \/>\n<script type=\"application\/ld+json\" class=\"yoast-schema-graph\">{\"@context\":\"https:\/\/schema.org\",\"@graph\":[{\"@type\":\"Article\",\"@id\":\"https:\/\/hudo.com\/si\/aktualno\/naj-cerar-se-na-koncu-le-obljublja\/#article\",\"isPartOf\":{\"@id\":\"https:\/\/hudo.com\/si\/aktualno\/naj-cerar-se-na-koncu-le-obljublja\/\"},\"author\":{\"name\":\"hudo\",\"@id\":\"https:\/\/hudo.com\/si\/#\/schema\/person\/601cf3379633985b20f7e50f2bb47707\"},\"headline\":\"Naj Cerar \u0161e na koncu le obljublja\",\"datePublished\":\"2018-02-16T18:00:00+00:00\",\"dateModified\":\"2018-02-16T18:00:00+00:00\",\"mainEntityOfPage\":{\"@id\":\"https:\/\/hudo.com\/si\/aktualno\/naj-cerar-se-na-koncu-le-obljublja\/\"},\"wordCount\":165,\"publisher\":{\"@id\":\"https:\/\/hudo.com\/si\/#organization\"},\"articleSection\":[\"Aktualno\"],\"inLanguage\":\"sl-SI\"},{\"@type\":\"WebPage\",\"@id\":\"https:\/\/hudo.com\/si\/aktualno\/naj-cerar-se-na-koncu-le-obljublja\/\",\"url\":\"https:\/\/hudo.com\/si\/aktualno\/naj-cerar-se-na-koncu-le-obljublja\/\",\"name\":\"Naj Cerar \u0161e na koncu le obljublja - Hudo Slovenija\",\"isPartOf\":{\"@id\":\"https:\/\/hudo.com\/si\/#website\"},\"datePublished\":\"2018-02-16T18:00:00+00:00\",\"dateModified\":\"2018-02-16T18:00:00+00:00\",\"breadcrumb\":{\"@id\":\"https:\/\/hudo.com\/si\/aktualno\/naj-cerar-se-na-koncu-le-obljublja\/#breadcrumb\"},\"inLanguage\":\"sl-SI\",\"potentialAction\":[{\"@type\":\"ReadAction\",\"target\":[\"https:\/\/hudo.com\/si\/aktualno\/naj-cerar-se-na-koncu-le-obljublja\/\"]}]},{\"@type\":\"BreadcrumbList\",\"@id\":\"https:\/\/hudo.com\/si\/aktualno\/naj-cerar-se-na-koncu-le-obljublja\/#breadcrumb\",\"itemListElement\":[{\"@type\":\"ListItem\",\"position\":1,\"name\":\"Home\",\"item\":\"https:\/\/hudo.com\/si\/\"},{\"@type\":\"ListItem\",\"position\":2,\"name\":\"Naj Cerar \u0161e na koncu le obljublja\"}]},{\"@type\":\"WebSite\",\"@id\":\"https:\/\/hudo.com\/si\/#website\",\"url\":\"https:\/\/hudo.com\/si\/\",\"name\":\"Hudo Slovenija\",\"description\":\"Vse novice iz Slovenije in sveta\",\"publisher\":{\"@id\":\"https:\/\/hudo.com\/si\/#organization\"},\"potentialAction\":[{\"@type\":\"SearchAction\",\"target\":{\"@type\":\"EntryPoint\",\"urlTemplate\":\"https:\/\/hudo.com\/si\/?s={search_term_string}\"},\"query-input\":\"required name=search_term_string\"}],\"inLanguage\":\"sl-SI\"},{\"@type\":\"Organization\",\"@id\":\"https:\/\/hudo.com\/si\/#organization\",\"name\":\"VSN Media\",\"url\":\"https:\/\/hudo.com\/si\/\",\"logo\":{\"@type\":\"ImageObject\",\"inLanguage\":\"sl-SI\",\"@id\":\"https:\/\/hudo.com\/si\/#\/schema\/logo\/image\/\",\"url\":\"https:\/\/hudo.com\/si\/wp-content\/uploads\/sites\/2\/2021\/03\/hudo-app-2.png\",\"contentUrl\":\"https:\/\/hudo.com\/si\/wp-content\/uploads\/sites\/2\/2021\/03\/hudo-app-2.png\",\"width\":2185,\"height\":2167,\"caption\":\"VSN Media\"},\"image\":{\"@id\":\"https:\/\/hudo.com\/si\/#\/schema\/logo\/image\/\"},\"sameAs\":[\"https:\/\/www.facebook.com\/hudo.si\",\"https:\/\/twitter.com\/hudo_si\"]},{\"@type\":\"Person\",\"@id\":\"https:\/\/hudo.com\/si\/#\/schema\/person\/601cf3379633985b20f7e50f2bb47707\",\"name\":\"hudo\",\"image\":{\"@type\":\"ImageObject\",\"inLanguage\":\"sl-SI\",\"@id\":\"https:\/\/hudo.com\/si\/#\/schema\/person\/image\/\",\"url\":\"https:\/\/secure.gravatar.com\/avatar\/c4ca25fa72cace7a696b52ff5db9e095?s=96&d=mm&r=g\",\"contentUrl\":\"https:\/\/secure.gravatar.com\/avatar\/c4ca25fa72cace7a696b52ff5db9e095?s=96&d=mm&r=g\",\"caption\":\"hudo\"},\"url\":\"https:\/\/hudo.com\/si\/author\/hudo\/\"}]}<\/script>\n<!-- \/ Yoast SEO plugin. -->","yoast_head_json":{"title":"Naj Cerar \u0161e na koncu le obljublja - Hudo Slovenija","robots":{"index":"index","follow":"follow","max-snippet":"max-snippet:-1","max-image-preview":"max-image-preview:large","max-video-preview":"max-video-preview:-1"},"canonical":"https:\/\/hudo.com\/si\/aktualno\/naj-cerar-se-na-koncu-le-obljublja\/","og_locale":"sl_SI","og_type":"article","og_title":"Naj Cerar \u0161e na koncu le obljublja - Hudo Slovenija","og_description":"Kategorija: Komentarji Fri, 16 Feb 2018 20:00:00 +0100 \u010ce ho\u010de u\u010diteljica s 15 leti delovne dobe osem odstotkov vi\u0161jo pla\u010do (napredovanje za dva razreda), bo zaradi nje izgubila slu\u017ebo sna\u017eilka, ki zdaj shaja z minimalno pla\u010do. Namerno za\u010denjam v slogu sindikatov, kajti \u010de ti ka\u017eejo na \u00bbenormne dobi\u010dke podjetij\u00ab, iz katerih bi se \u010drpale vi\u0161je javne pla\u010de, je prav, da opozorim, kaj se bo zgodilo. Pustimo populizem ob strani. Klju\u010dna te\u017eava prora\u010duna in s tem posledi\u010dno tudi pla\u010d javnih uslu\u017ebencev je to, da imamo ob rekordni gospodarski aktivnosti in izjemni gospodarski rasti komaj izravnan prora\u010dun. Skratka, dr\u017eava porabi preve\u010d. A kljub temu imamo dolge \u010dakalne vrste v zdravstvu, nizke pokojnine, skromno financiranje vojske, kadrovske te\u017eave ponekod ter nizke pla\u010de nekaterih javnih uslu\u017ebencev ob bistveno vi\u0161jih povpre\u010dnih pla\u010dah v javnem sektorju, kot so v gospodarstvu.Si lahko dr\u017eava\u00a0...","og_url":"https:\/\/hudo.com\/si\/aktualno\/naj-cerar-se-na-koncu-le-obljublja\/","og_site_name":"Hudo Slovenija","article_publisher":"https:\/\/www.facebook.com\/hudo.si","article_published_time":"2018-02-16T18:00:00+00:00","og_image":[{"width":480,"height":290,"url":"https:\/\/hudo.com\/si\/wp-content\/uploads\/sites\/2\/2018\/02\/480x290_img_3734.jpeg","type":"image\/jpeg"}],"author":"hudo","twitter_card":"summary_large_image","twitter_creator":"@hudo_si","twitter_site":"@hudo_si","twitter_misc":{"Written by":"hudo","Est. reading time":"1 minuta"},"schema":{"@context":"https:\/\/schema.org","@graph":[{"@type":"Article","@id":"https:\/\/hudo.com\/si\/aktualno\/naj-cerar-se-na-koncu-le-obljublja\/#article","isPartOf":{"@id":"https:\/\/hudo.com\/si\/aktualno\/naj-cerar-se-na-koncu-le-obljublja\/"},"author":{"name":"hudo","@id":"https:\/\/hudo.com\/si\/#\/schema\/person\/601cf3379633985b20f7e50f2bb47707"},"headline":"Naj Cerar \u0161e na koncu le obljublja","datePublished":"2018-02-16T18:00:00+00:00","dateModified":"2018-02-16T18:00:00+00:00","mainEntityOfPage":{"@id":"https:\/\/hudo.com\/si\/aktualno\/naj-cerar-se-na-koncu-le-obljublja\/"},"wordCount":165,"publisher":{"@id":"https:\/\/hudo.com\/si\/#organization"},"articleSection":["Aktualno"],"inLanguage":"sl-SI"},{"@type":"WebPage","@id":"https:\/\/hudo.com\/si\/aktualno\/naj-cerar-se-na-koncu-le-obljublja\/","url":"https:\/\/hudo.com\/si\/aktualno\/naj-cerar-se-na-koncu-le-obljublja\/","name":"Naj Cerar \u0161e na koncu le obljublja - Hudo Slovenija","isPartOf":{"@id":"https:\/\/hudo.com\/si\/#website"},"datePublished":"2018-02-16T18:00:00+00:00","dateModified":"2018-02-16T18:00:00+00:00","breadcrumb":{"@id":"https:\/\/hudo.com\/si\/aktualno\/naj-cerar-se-na-koncu-le-obljublja\/#breadcrumb"},"inLanguage":"sl-SI","potentialAction":[{"@type":"ReadAction","target":["https:\/\/hudo.com\/si\/aktualno\/naj-cerar-se-na-koncu-le-obljublja\/"]}]},{"@type":"BreadcrumbList","@id":"https:\/\/hudo.com\/si\/aktualno\/naj-cerar-se-na-koncu-le-obljublja\/#breadcrumb","itemListElement":[{"@type":"ListItem","position":1,"name":"Home","item":"https:\/\/hudo.com\/si\/"},{"@type":"ListItem","position":2,"name":"Naj Cerar \u0161e na koncu le obljublja"}]},{"@type":"WebSite","@id":"https:\/\/hudo.com\/si\/#website","url":"https:\/\/hudo.com\/si\/","name":"Hudo Slovenija","description":"Vse novice iz Slovenije in sveta","publisher":{"@id":"https:\/\/hudo.com\/si\/#organization"},"potentialAction":[{"@type":"SearchAction","target":{"@type":"EntryPoint","urlTemplate":"https:\/\/hudo.com\/si\/?s={search_term_string}"},"query-input":"required name=search_term_string"}],"inLanguage":"sl-SI"},{"@type":"Organization","@id":"https:\/\/hudo.com\/si\/#organization","name":"VSN Media","url":"https:\/\/hudo.com\/si\/","logo":{"@type":"ImageObject","inLanguage":"sl-SI","@id":"https:\/\/hudo.com\/si\/#\/schema\/logo\/image\/","url":"https:\/\/hudo.com\/si\/wp-content\/uploads\/sites\/2\/2021\/03\/hudo-app-2.png","contentUrl":"https:\/\/hudo.com\/si\/wp-content\/uploads\/sites\/2\/2021\/03\/hudo-app-2.png","width":2185,"height":2167,"caption":"VSN Media"},"image":{"@id":"https:\/\/hudo.com\/si\/#\/schema\/logo\/image\/"},"sameAs":["https:\/\/www.facebook.com\/hudo.si","https:\/\/twitter.com\/hudo_si"]},{"@type":"Person","@id":"https:\/\/hudo.com\/si\/#\/schema\/person\/601cf3379633985b20f7e50f2bb47707","name":"hudo","image":{"@type":"ImageObject","inLanguage":"sl-SI","@id":"https:\/\/hudo.com\/si\/#\/schema\/person\/image\/","url":"https:\/\/secure.gravatar.com\/avatar\/c4ca25fa72cace7a696b52ff5db9e095?s=96&d=mm&r=g","contentUrl":"https:\/\/secure.gravatar.com\/avatar\/c4ca25fa72cace7a696b52ff5db9e095?s=96&d=mm&r=g","caption":"hudo"},"url":"https:\/\/hudo.com\/si\/author\/hudo\/"}]}},"amp_enabled":true,"_links":{"self":[{"href":"https:\/\/hudo.com\/si\/wp-json\/wp\/v2\/posts\/362100"}],"collection":[{"href":"https:\/\/hudo.com\/si\/wp-json\/wp\/v2\/posts"}],"about":[{"href":"https:\/\/hudo.com\/si\/wp-json\/wp\/v2\/types\/post"}],"author":[{"embeddable":true,"href":"https:\/\/hudo.com\/si\/wp-json\/wp\/v2\/users\/1"}],"replies":[{"embeddable":true,"href":"https:\/\/hudo.com\/si\/wp-json\/wp\/v2\/comments?post=362100"}],"version-history":[{"count":0,"href":"https:\/\/hudo.com\/si\/wp-json\/wp\/v2\/posts\/362100\/revisions"}],"wp:attachment":[{"href":"https:\/\/hudo.com\/si\/wp-json\/wp\/v2\/media?parent=362100"}],"wp:term":[{"taxonomy":"category","embeddable":true,"href":"https:\/\/hudo.com\/si\/wp-json\/wp\/v2\/categories?post=362100"},{"taxonomy":"post_tag","embeddable":true,"href":"https:\/\/hudo.com\/si\/wp-json\/wp\/v2\/tags?post=362100"},{"taxonomy":"source","embeddable":true,"href":"https:\/\/hudo.com\/si\/wp-json\/wp\/v2\/source?post=362100"},{"taxonomy":"supertag","embeddable":true,"href":"https:\/\/hudo.com\/si\/wp-json\/wp\/v2\/supertag?post=362100"}],"curies":[{"name":"wp","href":"https:\/\/api.w.org\/{rel}","templated":true}]}}