{"id":362126,"date":"2018-02-16T20:34:00","date_gmt":"2018-02-16T19:34:00","guid":{"rendered":"https:\/\/hudo.com\/si\/2018\/02\/16\/roger-federer-bo-od-ponedeljka-najstarejsa-st-1-svetovnega-tenisa\/"},"modified":"2018-02-16T20:34:00","modified_gmt":"2018-02-16T19:34:00","slug":"roger-federer-bo-od-ponedeljka-najstarejsa-st-1-svetovnega-tenisa","status":"publish","type":"post","link":"https:\/\/hudo.com\/si\/aktualno\/roger-federer-bo-od-ponedeljka-najstarejsa-st-1-svetovnega-tenisa\/","title":{"rendered":"Roger Federer bo od ponedeljka najstarej\u0161a \u0161t. 1 svetovnega tenisa"},"content":{"rendered":"<p>Kategorija: Tenis Fri, 16 Feb 2018 21:34:00 +0100  Rotterdam &#8211; \u0160vicarski zvezdnik Roger Federer bo v ponedeljek postal najstarej\u0161a \u0161tevilka 1 svetovnega tenisa, doslej je bil to Ameri\u010dan Andre Agassi, ki je bil leta 2003 star 33 let in 131 dni. Na vrhu jakostne lestvice bo 36-inpolletni veteran zamenjal \u0160panca Rafaela Nadala, ki se je na \u010delo vrnil lanskega avgusta. Federer bo prvi lopar sveta \u017ee \u010detrti\u010d v karieri &#8211; po letih 2004, 2009 in 2012, v katerih je osvojil tudi laskavo lovoriko v Wimbledonu. Od prvi\u010d (2. februar 2004) je minilo \u017ee debelih \u0161tirinajst let, od zadnji\u010d (oktober 2012) skoraj pet let in pol. Roger je rekorder \u017ee po \u0161tevilu osvojenih turnirjev velike \u010detverice in uvrstitev v finale grand slamov, po zaslu\u017eku od nagrad in po \u0161tevilu tednov na \u010delu svetovne razpredelnice, zdaj je postal \u0161e najstarej\u0161a \u0161t.\u00a0&#8230;<\/p>\n","protected":false},"excerpt":{"rendered":"<p>Kategorija: Tenis Fri, 16 Feb 2018 21:34:00 +0100  Rotterdam &#8211; \u0160vicarski zvezdnik Roger Federer bo v ponedeljek postal najstarej\u0161a \u0161tevilka 1 svetovnega tenisa, doslej je bil to Ameri\u010dan Andre Agassi, ki je bil leta 2003 star 33 let in 131 dni. Na vrhu jakostne lestvice bo 36-inpolletni veteran zamenjal \u0160panca Rafaela Nadala, ki se je na \u010delo vrnil lanskega avgusta. Federer bo prvi lopar sveta \u017ee \u010detrti\u010d v karieri &#8211; po letih 2004, 2009 in 2012, v katerih je osvojil tudi laskavo lovoriko v Wimbledonu. Od prvi\u010d (2. februar 2004) je minilo \u017ee debelih \u0161tirinajst let, od zadnji\u010d (oktober 2012) skoraj pet let in pol. Roger je rekorder \u017ee po \u0161tevilu osvojenih turnirjev velike \u010detverice in uvrstitev v finale grand slamov, po zaslu\u017eku od nagrad in po \u0161tevilu tednov na \u010delu svetovne razpredelnice, zdaj je postal \u0161e najstarej\u0161a \u0161t.\u00a0&#8230;<\/p>\n","protected":false},"author":1,"featured_media":0,"comment_status":"closed","ping_status":"closed","sticky":false,"template":"","format":"standard","meta":{"footnotes":""},"categories":[1179],"tags":[],"source":[1703],"supertag":[],"acf":[],"yoast_head":"<!-- This site is optimized with the Yoast SEO plugin v21.3 - https:\/\/yoast.com\/wordpress\/plugins\/seo\/ -->\n<title>Roger Federer bo od ponedeljka najstarej\u0161a \u0161t. 1 svetovnega tenisa - Hudo Slovenija<\/title>\n<meta name=\"robots\" content=\"index, follow, max-snippet:-1, max-image-preview:large, max-video-preview:-1\" \/>\n<link rel=\"canonical\" href=\"https:\/\/hudo.com\/si\/aktualno\/roger-federer-bo-od-ponedeljka-najstarejsa-st-1-svetovnega-tenisa\/\" \/>\n<meta property=\"og:locale\" content=\"sl_SI\" \/>\n<meta property=\"og:type\" content=\"article\" \/>\n<meta property=\"og:title\" content=\"Roger Federer bo od ponedeljka najstarej\u0161a \u0161t. 1 svetovnega tenisa - Hudo Slovenija\" \/>\n<meta property=\"og:description\" content=\"Kategorija: Tenis Fri, 16 Feb 2018 21:34:00 +0100 Rotterdam - \u0160vicarski zvezdnik Roger Federer bo v ponedeljek postal najstarej\u0161a \u0161tevilka 1 svetovnega tenisa, doslej je bil to Ameri\u010dan Andre Agassi, ki je bil leta 2003 star 33 let in 131 dni. Na vrhu jakostne lestvice bo 36-inpolletni veteran zamenjal \u0160panca Rafaela Nadala, ki se je na \u010delo vrnil lanskega avgusta. Federer bo prvi lopar sveta \u017ee \u010detrti\u010d v karieri - po letih 2004, 2009 in 2012, v katerih je osvojil tudi laskavo lovoriko v Wimbledonu. Od prvi\u010d (2. februar 2004) je minilo \u017ee debelih \u0161tirinajst let, od zadnji\u010d (oktober 2012) skoraj pet let in pol. Roger je rekorder \u017ee po \u0161tevilu osvojenih turnirjev velike \u010detverice in uvrstitev v finale grand slamov, po zaslu\u017eku od nagrad in po \u0161tevilu tednov na \u010delu svetovne razpredelnice, zdaj je postal \u0161e najstarej\u0161a \u0161t.\u00a0...\" \/>\n<meta property=\"og:url\" content=\"https:\/\/hudo.com\/si\/aktualno\/roger-federer-bo-od-ponedeljka-najstarejsa-st-1-svetovnega-tenisa\/\" \/>\n<meta property=\"og:site_name\" content=\"Hudo Slovenija\" \/>\n<meta property=\"article:publisher\" content=\"https:\/\/www.facebook.com\/hudo.si\" \/>\n<meta property=\"article:published_time\" content=\"2018-02-16T19:34:00+00:00\" \/>\n<meta property=\"og:image\" content=\"https:\/\/hudo.com\/si\/wp-content\/uploads\/sites\/2\/2018\/02\/480x290_AFP_Photo-20180216213327-16065000.jpeg\" \/>\n\t<meta property=\"og:image:width\" content=\"480\" \/>\n\t<meta property=\"og:image:height\" content=\"290\" \/>\n\t<meta property=\"og:image:type\" content=\"image\/jpeg\" \/>\n<meta name=\"author\" content=\"hudo\" \/>\n<meta name=\"twitter:card\" content=\"summary_large_image\" \/>\n<meta name=\"twitter:creator\" content=\"@hudo_si\" \/>\n<meta name=\"twitter:site\" content=\"@hudo_si\" \/>\n<meta name=\"twitter:label1\" content=\"Written by\" \/>\n\t<meta name=\"twitter:data1\" content=\"hudo\" \/>\n\t<meta name=\"twitter:label2\" content=\"Est. reading time\" \/>\n\t<meta name=\"twitter:data2\" content=\"1 minuta\" \/>\n<script type=\"application\/ld+json\" class=\"yoast-schema-graph\">{\"@context\":\"https:\/\/schema.org\",\"@graph\":[{\"@type\":\"Article\",\"@id\":\"https:\/\/hudo.com\/si\/aktualno\/roger-federer-bo-od-ponedeljka-najstarejsa-st-1-svetovnega-tenisa\/#article\",\"isPartOf\":{\"@id\":\"https:\/\/hudo.com\/si\/aktualno\/roger-federer-bo-od-ponedeljka-najstarejsa-st-1-svetovnega-tenisa\/\"},\"author\":{\"name\":\"hudo\",\"@id\":\"https:\/\/hudo.com\/si\/#\/schema\/person\/601cf3379633985b20f7e50f2bb47707\"},\"headline\":\"Roger Federer bo od ponedeljka najstarej\u0161a \u0161t. 1 svetovnega tenisa\",\"datePublished\":\"2018-02-16T19:34:00+00:00\",\"dateModified\":\"2018-02-16T19:34:00+00:00\",\"mainEntityOfPage\":{\"@id\":\"https:\/\/hudo.com\/si\/aktualno\/roger-federer-bo-od-ponedeljka-najstarejsa-st-1-svetovnega-tenisa\/\"},\"wordCount\":139,\"publisher\":{\"@id\":\"https:\/\/hudo.com\/si\/#organization\"},\"articleSection\":[\"Aktualno\"],\"inLanguage\":\"sl-SI\"},{\"@type\":\"WebPage\",\"@id\":\"https:\/\/hudo.com\/si\/aktualno\/roger-federer-bo-od-ponedeljka-najstarejsa-st-1-svetovnega-tenisa\/\",\"url\":\"https:\/\/hudo.com\/si\/aktualno\/roger-federer-bo-od-ponedeljka-najstarejsa-st-1-svetovnega-tenisa\/\",\"name\":\"Roger Federer bo od ponedeljka najstarej\u0161a \u0161t. 1 svetovnega tenisa - Hudo Slovenija\",\"isPartOf\":{\"@id\":\"https:\/\/hudo.com\/si\/#website\"},\"datePublished\":\"2018-02-16T19:34:00+00:00\",\"dateModified\":\"2018-02-16T19:34:00+00:00\",\"breadcrumb\":{\"@id\":\"https:\/\/hudo.com\/si\/aktualno\/roger-federer-bo-od-ponedeljka-najstarejsa-st-1-svetovnega-tenisa\/#breadcrumb\"},\"inLanguage\":\"sl-SI\",\"potentialAction\":[{\"@type\":\"ReadAction\",\"target\":[\"https:\/\/hudo.com\/si\/aktualno\/roger-federer-bo-od-ponedeljka-najstarejsa-st-1-svetovnega-tenisa\/\"]}]},{\"@type\":\"BreadcrumbList\",\"@id\":\"https:\/\/hudo.com\/si\/aktualno\/roger-federer-bo-od-ponedeljka-najstarejsa-st-1-svetovnega-tenisa\/#breadcrumb\",\"itemListElement\":[{\"@type\":\"ListItem\",\"position\":1,\"name\":\"Home\",\"item\":\"https:\/\/hudo.com\/si\/\"},{\"@type\":\"ListItem\",\"position\":2,\"name\":\"Roger Federer bo od ponedeljka najstarej\u0161a \u0161t. 1 svetovnega tenisa\"}]},{\"@type\":\"WebSite\",\"@id\":\"https:\/\/hudo.com\/si\/#website\",\"url\":\"https:\/\/hudo.com\/si\/\",\"name\":\"Hudo Slovenija\",\"description\":\"Vse novice iz Slovenije in sveta\",\"publisher\":{\"@id\":\"https:\/\/hudo.com\/si\/#organization\"},\"potentialAction\":[{\"@type\":\"SearchAction\",\"target\":{\"@type\":\"EntryPoint\",\"urlTemplate\":\"https:\/\/hudo.com\/si\/?s={search_term_string}\"},\"query-input\":\"required name=search_term_string\"}],\"inLanguage\":\"sl-SI\"},{\"@type\":\"Organization\",\"@id\":\"https:\/\/hudo.com\/si\/#organization\",\"name\":\"VSN Media\",\"url\":\"https:\/\/hudo.com\/si\/\",\"logo\":{\"@type\":\"ImageObject\",\"inLanguage\":\"sl-SI\",\"@id\":\"https:\/\/hudo.com\/si\/#\/schema\/logo\/image\/\",\"url\":\"https:\/\/hudo.com\/si\/wp-content\/uploads\/sites\/2\/2021\/03\/hudo-app-2.png\",\"contentUrl\":\"https:\/\/hudo.com\/si\/wp-content\/uploads\/sites\/2\/2021\/03\/hudo-app-2.png\",\"width\":2185,\"height\":2167,\"caption\":\"VSN Media\"},\"image\":{\"@id\":\"https:\/\/hudo.com\/si\/#\/schema\/logo\/image\/\"},\"sameAs\":[\"https:\/\/www.facebook.com\/hudo.si\",\"https:\/\/twitter.com\/hudo_si\"]},{\"@type\":\"Person\",\"@id\":\"https:\/\/hudo.com\/si\/#\/schema\/person\/601cf3379633985b20f7e50f2bb47707\",\"name\":\"hudo\",\"image\":{\"@type\":\"ImageObject\",\"inLanguage\":\"sl-SI\",\"@id\":\"https:\/\/hudo.com\/si\/#\/schema\/person\/image\/\",\"url\":\"https:\/\/secure.gravatar.com\/avatar\/c4ca25fa72cace7a696b52ff5db9e095?s=96&d=mm&r=g\",\"contentUrl\":\"https:\/\/secure.gravatar.com\/avatar\/c4ca25fa72cace7a696b52ff5db9e095?s=96&d=mm&r=g\",\"caption\":\"hudo\"},\"url\":\"https:\/\/hudo.com\/si\/author\/hudo\/\"}]}<\/script>\n<!-- \/ Yoast SEO plugin. -->","yoast_head_json":{"title":"Roger Federer bo od ponedeljka najstarej\u0161a \u0161t. 1 svetovnega tenisa - Hudo Slovenija","robots":{"index":"index","follow":"follow","max-snippet":"max-snippet:-1","max-image-preview":"max-image-preview:large","max-video-preview":"max-video-preview:-1"},"canonical":"https:\/\/hudo.com\/si\/aktualno\/roger-federer-bo-od-ponedeljka-najstarejsa-st-1-svetovnega-tenisa\/","og_locale":"sl_SI","og_type":"article","og_title":"Roger Federer bo od ponedeljka najstarej\u0161a \u0161t. 1 svetovnega tenisa - Hudo Slovenija","og_description":"Kategorija: Tenis Fri, 16 Feb 2018 21:34:00 +0100 Rotterdam - \u0160vicarski zvezdnik Roger Federer bo v ponedeljek postal najstarej\u0161a \u0161tevilka 1 svetovnega tenisa, doslej je bil to Ameri\u010dan Andre Agassi, ki je bil leta 2003 star 33 let in 131 dni. Na vrhu jakostne lestvice bo 36-inpolletni veteran zamenjal \u0160panca Rafaela Nadala, ki se je na \u010delo vrnil lanskega avgusta. Federer bo prvi lopar sveta \u017ee \u010detrti\u010d v karieri - po letih 2004, 2009 in 2012, v katerih je osvojil tudi laskavo lovoriko v Wimbledonu. Od prvi\u010d (2. februar 2004) je minilo \u017ee debelih \u0161tirinajst let, od zadnji\u010d (oktober 2012) skoraj pet let in pol. Roger je rekorder \u017ee po \u0161tevilu osvojenih turnirjev velike \u010detverice in uvrstitev v finale grand slamov, po zaslu\u017eku od nagrad in po \u0161tevilu tednov na \u010delu svetovne razpredelnice, zdaj je postal \u0161e najstarej\u0161a \u0161t.\u00a0...","og_url":"https:\/\/hudo.com\/si\/aktualno\/roger-federer-bo-od-ponedeljka-najstarejsa-st-1-svetovnega-tenisa\/","og_site_name":"Hudo Slovenija","article_publisher":"https:\/\/www.facebook.com\/hudo.si","article_published_time":"2018-02-16T19:34:00+00:00","og_image":[{"width":480,"height":290,"url":"https:\/\/hudo.com\/si\/wp-content\/uploads\/sites\/2\/2018\/02\/480x290_AFP_Photo-20180216213327-16065000.jpeg","type":"image\/jpeg"}],"author":"hudo","twitter_card":"summary_large_image","twitter_creator":"@hudo_si","twitter_site":"@hudo_si","twitter_misc":{"Written by":"hudo","Est. reading time":"1 minuta"},"schema":{"@context":"https:\/\/schema.org","@graph":[{"@type":"Article","@id":"https:\/\/hudo.com\/si\/aktualno\/roger-federer-bo-od-ponedeljka-najstarejsa-st-1-svetovnega-tenisa\/#article","isPartOf":{"@id":"https:\/\/hudo.com\/si\/aktualno\/roger-federer-bo-od-ponedeljka-najstarejsa-st-1-svetovnega-tenisa\/"},"author":{"name":"hudo","@id":"https:\/\/hudo.com\/si\/#\/schema\/person\/601cf3379633985b20f7e50f2bb47707"},"headline":"Roger Federer bo od ponedeljka najstarej\u0161a \u0161t. 1 svetovnega tenisa","datePublished":"2018-02-16T19:34:00+00:00","dateModified":"2018-02-16T19:34:00+00:00","mainEntityOfPage":{"@id":"https:\/\/hudo.com\/si\/aktualno\/roger-federer-bo-od-ponedeljka-najstarejsa-st-1-svetovnega-tenisa\/"},"wordCount":139,"publisher":{"@id":"https:\/\/hudo.com\/si\/#organization"},"articleSection":["Aktualno"],"inLanguage":"sl-SI"},{"@type":"WebPage","@id":"https:\/\/hudo.com\/si\/aktualno\/roger-federer-bo-od-ponedeljka-najstarejsa-st-1-svetovnega-tenisa\/","url":"https:\/\/hudo.com\/si\/aktualno\/roger-federer-bo-od-ponedeljka-najstarejsa-st-1-svetovnega-tenisa\/","name":"Roger Federer bo od ponedeljka najstarej\u0161a \u0161t. 1 svetovnega tenisa - Hudo Slovenija","isPartOf":{"@id":"https:\/\/hudo.com\/si\/#website"},"datePublished":"2018-02-16T19:34:00+00:00","dateModified":"2018-02-16T19:34:00+00:00","breadcrumb":{"@id":"https:\/\/hudo.com\/si\/aktualno\/roger-federer-bo-od-ponedeljka-najstarejsa-st-1-svetovnega-tenisa\/#breadcrumb"},"inLanguage":"sl-SI","potentialAction":[{"@type":"ReadAction","target":["https:\/\/hudo.com\/si\/aktualno\/roger-federer-bo-od-ponedeljka-najstarejsa-st-1-svetovnega-tenisa\/"]}]},{"@type":"BreadcrumbList","@id":"https:\/\/hudo.com\/si\/aktualno\/roger-federer-bo-od-ponedeljka-najstarejsa-st-1-svetovnega-tenisa\/#breadcrumb","itemListElement":[{"@type":"ListItem","position":1,"name":"Home","item":"https:\/\/hudo.com\/si\/"},{"@type":"ListItem","position":2,"name":"Roger Federer bo od ponedeljka najstarej\u0161a \u0161t. 1 svetovnega tenisa"}]},{"@type":"WebSite","@id":"https:\/\/hudo.com\/si\/#website","url":"https:\/\/hudo.com\/si\/","name":"Hudo Slovenija","description":"Vse novice iz Slovenije in sveta","publisher":{"@id":"https:\/\/hudo.com\/si\/#organization"},"potentialAction":[{"@type":"SearchAction","target":{"@type":"EntryPoint","urlTemplate":"https:\/\/hudo.com\/si\/?s={search_term_string}"},"query-input":"required name=search_term_string"}],"inLanguage":"sl-SI"},{"@type":"Organization","@id":"https:\/\/hudo.com\/si\/#organization","name":"VSN Media","url":"https:\/\/hudo.com\/si\/","logo":{"@type":"ImageObject","inLanguage":"sl-SI","@id":"https:\/\/hudo.com\/si\/#\/schema\/logo\/image\/","url":"https:\/\/hudo.com\/si\/wp-content\/uploads\/sites\/2\/2021\/03\/hudo-app-2.png","contentUrl":"https:\/\/hudo.com\/si\/wp-content\/uploads\/sites\/2\/2021\/03\/hudo-app-2.png","width":2185,"height":2167,"caption":"VSN Media"},"image":{"@id":"https:\/\/hudo.com\/si\/#\/schema\/logo\/image\/"},"sameAs":["https:\/\/www.facebook.com\/hudo.si","https:\/\/twitter.com\/hudo_si"]},{"@type":"Person","@id":"https:\/\/hudo.com\/si\/#\/schema\/person\/601cf3379633985b20f7e50f2bb47707","name":"hudo","image":{"@type":"ImageObject","inLanguage":"sl-SI","@id":"https:\/\/hudo.com\/si\/#\/schema\/person\/image\/","url":"https:\/\/secure.gravatar.com\/avatar\/c4ca25fa72cace7a696b52ff5db9e095?s=96&d=mm&r=g","contentUrl":"https:\/\/secure.gravatar.com\/avatar\/c4ca25fa72cace7a696b52ff5db9e095?s=96&d=mm&r=g","caption":"hudo"},"url":"https:\/\/hudo.com\/si\/author\/hudo\/"}]}},"amp_enabled":true,"_links":{"self":[{"href":"https:\/\/hudo.com\/si\/wp-json\/wp\/v2\/posts\/362126"}],"collection":[{"href":"https:\/\/hudo.com\/si\/wp-json\/wp\/v2\/posts"}],"about":[{"href":"https:\/\/hudo.com\/si\/wp-json\/wp\/v2\/types\/post"}],"author":[{"embeddable":true,"href":"https:\/\/hudo.com\/si\/wp-json\/wp\/v2\/users\/1"}],"replies":[{"embeddable":true,"href":"https:\/\/hudo.com\/si\/wp-json\/wp\/v2\/comments?post=362126"}],"version-history":[{"count":0,"href":"https:\/\/hudo.com\/si\/wp-json\/wp\/v2\/posts\/362126\/revisions"}],"wp:attachment":[{"href":"https:\/\/hudo.com\/si\/wp-json\/wp\/v2\/media?parent=362126"}],"wp:term":[{"taxonomy":"category","embeddable":true,"href":"https:\/\/hudo.com\/si\/wp-json\/wp\/v2\/categories?post=362126"},{"taxonomy":"post_tag","embeddable":true,"href":"https:\/\/hudo.com\/si\/wp-json\/wp\/v2\/tags?post=362126"},{"taxonomy":"source","embeddable":true,"href":"https:\/\/hudo.com\/si\/wp-json\/wp\/v2\/source?post=362126"},{"taxonomy":"supertag","embeddable":true,"href":"https:\/\/hudo.com\/si\/wp-json\/wp\/v2\/supertag?post=362126"}],"curies":[{"name":"wp","href":"https:\/\/api.w.org\/{rel}","templated":true}]}}