{"id":362634,"date":"2018-02-18T20:00:00","date_gmt":"2018-02-18T19:00:00","guid":{"rendered":"https:\/\/hudo.com\/si\/2018\/02\/18\/plasticna-embalaza-bo-se-vecji-problem-razvitih-drzav\/"},"modified":"2018-02-18T20:00:00","modified_gmt":"2018-02-18T19:00:00","slug":"plasticna-embalaza-bo-se-vecji-problem-razvitih-drzav","status":"publish","type":"post","link":"https:\/\/hudo.com\/si\/aktualno\/plasticna-embalaza-bo-se-vecji-problem-razvitih-drzav\/","title":{"rendered":"Plasti\u010dna embala\u017ea bo \u0161e ve\u010dji problem razvitih dr\u017eav"},"content":{"rendered":"<p>Kategorija: Podjetja Sun, 18 Feb 2018 21:00:00 +0100  Januarja je evropska komisija je predstavila prvo strategijo za boj proti plasti\u010dnim odpadkom. Pribli\u017eno v istem \u010dasu so iz Velike Britanije poro\u010dali, da se v zbiralnicah odpadkov in v pristani\u0161\u010dih kopi\u010dijo kupi plastike za recikliranje (ali se\u017eig), ki ne najdejo kupca.Prebivalci Evrope na leto odvr\u017eemo 25 milijonov ton plasti\u010dnih odpadkov. Manj kot 30 odstotkov se je reciklira, od tega velik dele\u017e v tretjih dr\u017eavah, kjer veljajo druga\u010dni okoljski standardi. Do vklju\u010dno lani je velik del na\u0161e odpadne plastike kon\u010dal na Kitajskem. Razmere so zdaj druga\u010dne, saj je Kitajska od 1. januarja prepovedala uvoz plasti\u010dnih (in \u0161e nekaterih) drugih odpadkov. Ukrep ponazarja spreminjanje gospodarske strukture azijske velikanke, ki \u017ee dolgo ni ve\u010d poceni tovarna sveta, \u0161e manj pa \u017eeli biti njegovo smeti\u0161\u010de. Uvoz plastike so omejevali \u017ee od leta 2013, kljub\u00a0&#8230;<\/p>\n","protected":false},"excerpt":{"rendered":"<p>Kategorija: Podjetja Sun, 18 Feb 2018 21:00:00 +0100  Januarja je evropska komisija je predstavila prvo strategijo za boj proti plasti\u010dnim odpadkom. Pribli\u017eno v istem \u010dasu so iz Velike Britanije poro\u010dali, da se v zbiralnicah odpadkov in v pristani\u0161\u010dih kopi\u010dijo kupi plastike za recikliranje (ali se\u017eig), ki ne najdejo kupca.Prebivalci Evrope na leto odvr\u017eemo 25 milijonov ton plasti\u010dnih odpadkov. Manj kot 30 odstotkov se je reciklira, od tega velik dele\u017e v tretjih dr\u017eavah, kjer veljajo druga\u010dni okoljski standardi. Do vklju\u010dno lani je velik del na\u0161e odpadne plastike kon\u010dal na Kitajskem. Razmere so zdaj druga\u010dne, saj je Kitajska od 1. januarja prepovedala uvoz plasti\u010dnih (in \u0161e nekaterih) drugih odpadkov. Ukrep ponazarja spreminjanje gospodarske strukture azijske velikanke, ki \u017ee dolgo ni ve\u010d poceni tovarna sveta, \u0161e manj pa \u017eeli biti njegovo smeti\u0161\u010de. Uvoz plastike so omejevali \u017ee od leta 2013, kljub\u00a0&#8230;<\/p>\n","protected":false},"author":1,"featured_media":0,"comment_status":"closed","ping_status":"closed","sticky":false,"template":"","format":"standard","meta":{"footnotes":""},"categories":[1179],"tags":[],"source":[1703],"supertag":[],"acf":[],"yoast_head":"<!-- This site is optimized with the Yoast SEO plugin v21.3 - https:\/\/yoast.com\/wordpress\/plugins\/seo\/ -->\n<title>Plasti\u010dna embala\u017ea bo \u0161e ve\u010dji problem razvitih dr\u017eav - Hudo Slovenija<\/title>\n<meta name=\"robots\" content=\"index, follow, max-snippet:-1, max-image-preview:large, max-video-preview:-1\" \/>\n<link rel=\"canonical\" href=\"https:\/\/hudo.com\/si\/aktualno\/plasticna-embalaza-bo-se-vecji-problem-razvitih-drzav\/\" \/>\n<meta property=\"og:locale\" content=\"sl_SI\" \/>\n<meta property=\"og:type\" content=\"article\" \/>\n<meta property=\"og:title\" content=\"Plasti\u010dna embala\u017ea bo \u0161e ve\u010dji problem razvitih dr\u017eav - Hudo Slovenija\" \/>\n<meta property=\"og:description\" content=\"Kategorija: Podjetja Sun, 18 Feb 2018 21:00:00 +0100 Januarja je evropska komisija je predstavila prvo strategijo za boj proti plasti\u010dnim odpadkom. Pribli\u017eno v istem \u010dasu so iz Velike Britanije poro\u010dali, da se v zbiralnicah odpadkov in v pristani\u0161\u010dih kopi\u010dijo kupi plastike za recikliranje (ali se\u017eig), ki ne najdejo kupca.Prebivalci Evrope na leto odvr\u017eemo 25 milijonov ton plasti\u010dnih odpadkov. Manj kot 30 odstotkov se je reciklira, od tega velik dele\u017e v tretjih dr\u017eavah, kjer veljajo druga\u010dni okoljski standardi. Do vklju\u010dno lani je velik del na\u0161e odpadne plastike kon\u010dal na Kitajskem. Razmere so zdaj druga\u010dne, saj je Kitajska od 1. januarja prepovedala uvoz plasti\u010dnih (in \u0161e nekaterih) drugih odpadkov. Ukrep ponazarja spreminjanje gospodarske strukture azijske velikanke, ki \u017ee dolgo ni ve\u010d poceni tovarna sveta, \u0161e manj pa \u017eeli biti njegovo smeti\u0161\u010de. Uvoz plastike so omejevali \u017ee od leta 2013, kljub\u00a0...\" \/>\n<meta property=\"og:url\" content=\"https:\/\/hudo.com\/si\/aktualno\/plasticna-embalaza-bo-se-vecji-problem-razvitih-drzav\/\" \/>\n<meta property=\"og:site_name\" content=\"Hudo Slovenija\" \/>\n<meta property=\"article:publisher\" content=\"https:\/\/www.facebook.com\/hudo.si\" \/>\n<meta property=\"article:published_time\" content=\"2018-02-18T19:00:00+00:00\" \/>\n<meta property=\"og:image\" content=\"https:\/\/hudo.com\/si\/wp-content\/uploads\/sites\/2\/2018\/02\/480x290_Delo_Foto-20180216175201-23568100.jpeg\" \/>\n\t<meta property=\"og:image:width\" content=\"480\" \/>\n\t<meta property=\"og:image:height\" content=\"290\" \/>\n\t<meta property=\"og:image:type\" content=\"image\/jpeg\" \/>\n<meta name=\"author\" content=\"hudo\" \/>\n<meta name=\"twitter:card\" content=\"summary_large_image\" \/>\n<meta name=\"twitter:creator\" content=\"@hudo_si\" \/>\n<meta name=\"twitter:site\" content=\"@hudo_si\" \/>\n<meta name=\"twitter:label1\" content=\"Written by\" \/>\n\t<meta name=\"twitter:data1\" content=\"hudo\" \/>\n\t<meta name=\"twitter:label2\" content=\"Est. reading time\" \/>\n\t<meta name=\"twitter:data2\" content=\"1 minuta\" \/>\n<script type=\"application\/ld+json\" class=\"yoast-schema-graph\">{\"@context\":\"https:\/\/schema.org\",\"@graph\":[{\"@type\":\"Article\",\"@id\":\"https:\/\/hudo.com\/si\/aktualno\/plasticna-embalaza-bo-se-vecji-problem-razvitih-drzav\/#article\",\"isPartOf\":{\"@id\":\"https:\/\/hudo.com\/si\/aktualno\/plasticna-embalaza-bo-se-vecji-problem-razvitih-drzav\/\"},\"author\":{\"name\":\"hudo\",\"@id\":\"https:\/\/hudo.com\/si\/#\/schema\/person\/601cf3379633985b20f7e50f2bb47707\"},\"headline\":\"Plasti\u010dna embala\u017ea bo \u0161e ve\u010dji problem razvitih dr\u017eav\",\"datePublished\":\"2018-02-18T19:00:00+00:00\",\"dateModified\":\"2018-02-18T19:00:00+00:00\",\"mainEntityOfPage\":{\"@id\":\"https:\/\/hudo.com\/si\/aktualno\/plasticna-embalaza-bo-se-vecji-problem-razvitih-drzav\/\"},\"wordCount\":159,\"publisher\":{\"@id\":\"https:\/\/hudo.com\/si\/#organization\"},\"articleSection\":[\"Aktualno\"],\"inLanguage\":\"sl-SI\"},{\"@type\":\"WebPage\",\"@id\":\"https:\/\/hudo.com\/si\/aktualno\/plasticna-embalaza-bo-se-vecji-problem-razvitih-drzav\/\",\"url\":\"https:\/\/hudo.com\/si\/aktualno\/plasticna-embalaza-bo-se-vecji-problem-razvitih-drzav\/\",\"name\":\"Plasti\u010dna embala\u017ea bo \u0161e ve\u010dji problem razvitih dr\u017eav - Hudo Slovenija\",\"isPartOf\":{\"@id\":\"https:\/\/hudo.com\/si\/#website\"},\"datePublished\":\"2018-02-18T19:00:00+00:00\",\"dateModified\":\"2018-02-18T19:00:00+00:00\",\"breadcrumb\":{\"@id\":\"https:\/\/hudo.com\/si\/aktualno\/plasticna-embalaza-bo-se-vecji-problem-razvitih-drzav\/#breadcrumb\"},\"inLanguage\":\"sl-SI\",\"potentialAction\":[{\"@type\":\"ReadAction\",\"target\":[\"https:\/\/hudo.com\/si\/aktualno\/plasticna-embalaza-bo-se-vecji-problem-razvitih-drzav\/\"]}]},{\"@type\":\"BreadcrumbList\",\"@id\":\"https:\/\/hudo.com\/si\/aktualno\/plasticna-embalaza-bo-se-vecji-problem-razvitih-drzav\/#breadcrumb\",\"itemListElement\":[{\"@type\":\"ListItem\",\"position\":1,\"name\":\"Home\",\"item\":\"https:\/\/hudo.com\/si\/\"},{\"@type\":\"ListItem\",\"position\":2,\"name\":\"Plasti\u010dna embala\u017ea bo \u0161e ve\u010dji problem razvitih dr\u017eav\"}]},{\"@type\":\"WebSite\",\"@id\":\"https:\/\/hudo.com\/si\/#website\",\"url\":\"https:\/\/hudo.com\/si\/\",\"name\":\"Hudo Slovenija\",\"description\":\"Vse novice iz Slovenije in sveta\",\"publisher\":{\"@id\":\"https:\/\/hudo.com\/si\/#organization\"},\"potentialAction\":[{\"@type\":\"SearchAction\",\"target\":{\"@type\":\"EntryPoint\",\"urlTemplate\":\"https:\/\/hudo.com\/si\/?s={search_term_string}\"},\"query-input\":\"required name=search_term_string\"}],\"inLanguage\":\"sl-SI\"},{\"@type\":\"Organization\",\"@id\":\"https:\/\/hudo.com\/si\/#organization\",\"name\":\"VSN Media\",\"url\":\"https:\/\/hudo.com\/si\/\",\"logo\":{\"@type\":\"ImageObject\",\"inLanguage\":\"sl-SI\",\"@id\":\"https:\/\/hudo.com\/si\/#\/schema\/logo\/image\/\",\"url\":\"https:\/\/hudo.com\/si\/wp-content\/uploads\/sites\/2\/2021\/03\/hudo-app-2.png\",\"contentUrl\":\"https:\/\/hudo.com\/si\/wp-content\/uploads\/sites\/2\/2021\/03\/hudo-app-2.png\",\"width\":2185,\"height\":2167,\"caption\":\"VSN Media\"},\"image\":{\"@id\":\"https:\/\/hudo.com\/si\/#\/schema\/logo\/image\/\"},\"sameAs\":[\"https:\/\/www.facebook.com\/hudo.si\",\"https:\/\/twitter.com\/hudo_si\"]},{\"@type\":\"Person\",\"@id\":\"https:\/\/hudo.com\/si\/#\/schema\/person\/601cf3379633985b20f7e50f2bb47707\",\"name\":\"hudo\",\"image\":{\"@type\":\"ImageObject\",\"inLanguage\":\"sl-SI\",\"@id\":\"https:\/\/hudo.com\/si\/#\/schema\/person\/image\/\",\"url\":\"https:\/\/secure.gravatar.com\/avatar\/c4ca25fa72cace7a696b52ff5db9e095?s=96&d=mm&r=g\",\"contentUrl\":\"https:\/\/secure.gravatar.com\/avatar\/c4ca25fa72cace7a696b52ff5db9e095?s=96&d=mm&r=g\",\"caption\":\"hudo\"},\"url\":\"https:\/\/hudo.com\/si\/author\/hudo\/\"}]}<\/script>\n<!-- \/ Yoast SEO plugin. -->","yoast_head_json":{"title":"Plasti\u010dna embala\u017ea bo \u0161e ve\u010dji problem razvitih dr\u017eav - Hudo Slovenija","robots":{"index":"index","follow":"follow","max-snippet":"max-snippet:-1","max-image-preview":"max-image-preview:large","max-video-preview":"max-video-preview:-1"},"canonical":"https:\/\/hudo.com\/si\/aktualno\/plasticna-embalaza-bo-se-vecji-problem-razvitih-drzav\/","og_locale":"sl_SI","og_type":"article","og_title":"Plasti\u010dna embala\u017ea bo \u0161e ve\u010dji problem razvitih dr\u017eav - Hudo Slovenija","og_description":"Kategorija: Podjetja Sun, 18 Feb 2018 21:00:00 +0100 Januarja je evropska komisija je predstavila prvo strategijo za boj proti plasti\u010dnim odpadkom. Pribli\u017eno v istem \u010dasu so iz Velike Britanije poro\u010dali, da se v zbiralnicah odpadkov in v pristani\u0161\u010dih kopi\u010dijo kupi plastike za recikliranje (ali se\u017eig), ki ne najdejo kupca.Prebivalci Evrope na leto odvr\u017eemo 25 milijonov ton plasti\u010dnih odpadkov. Manj kot 30 odstotkov se je reciklira, od tega velik dele\u017e v tretjih dr\u017eavah, kjer veljajo druga\u010dni okoljski standardi. Do vklju\u010dno lani je velik del na\u0161e odpadne plastike kon\u010dal na Kitajskem. Razmere so zdaj druga\u010dne, saj je Kitajska od 1. januarja prepovedala uvoz plasti\u010dnih (in \u0161e nekaterih) drugih odpadkov. Ukrep ponazarja spreminjanje gospodarske strukture azijske velikanke, ki \u017ee dolgo ni ve\u010d poceni tovarna sveta, \u0161e manj pa \u017eeli biti njegovo smeti\u0161\u010de. Uvoz plastike so omejevali \u017ee od leta 2013, kljub\u00a0...","og_url":"https:\/\/hudo.com\/si\/aktualno\/plasticna-embalaza-bo-se-vecji-problem-razvitih-drzav\/","og_site_name":"Hudo Slovenija","article_publisher":"https:\/\/www.facebook.com\/hudo.si","article_published_time":"2018-02-18T19:00:00+00:00","og_image":[{"width":480,"height":290,"url":"https:\/\/hudo.com\/si\/wp-content\/uploads\/sites\/2\/2018\/02\/480x290_Delo_Foto-20180216175201-23568100.jpeg","type":"image\/jpeg"}],"author":"hudo","twitter_card":"summary_large_image","twitter_creator":"@hudo_si","twitter_site":"@hudo_si","twitter_misc":{"Written by":"hudo","Est. reading time":"1 minuta"},"schema":{"@context":"https:\/\/schema.org","@graph":[{"@type":"Article","@id":"https:\/\/hudo.com\/si\/aktualno\/plasticna-embalaza-bo-se-vecji-problem-razvitih-drzav\/#article","isPartOf":{"@id":"https:\/\/hudo.com\/si\/aktualno\/plasticna-embalaza-bo-se-vecji-problem-razvitih-drzav\/"},"author":{"name":"hudo","@id":"https:\/\/hudo.com\/si\/#\/schema\/person\/601cf3379633985b20f7e50f2bb47707"},"headline":"Plasti\u010dna embala\u017ea bo \u0161e ve\u010dji problem razvitih dr\u017eav","datePublished":"2018-02-18T19:00:00+00:00","dateModified":"2018-02-18T19:00:00+00:00","mainEntityOfPage":{"@id":"https:\/\/hudo.com\/si\/aktualno\/plasticna-embalaza-bo-se-vecji-problem-razvitih-drzav\/"},"wordCount":159,"publisher":{"@id":"https:\/\/hudo.com\/si\/#organization"},"articleSection":["Aktualno"],"inLanguage":"sl-SI"},{"@type":"WebPage","@id":"https:\/\/hudo.com\/si\/aktualno\/plasticna-embalaza-bo-se-vecji-problem-razvitih-drzav\/","url":"https:\/\/hudo.com\/si\/aktualno\/plasticna-embalaza-bo-se-vecji-problem-razvitih-drzav\/","name":"Plasti\u010dna embala\u017ea bo \u0161e ve\u010dji problem razvitih dr\u017eav - Hudo Slovenija","isPartOf":{"@id":"https:\/\/hudo.com\/si\/#website"},"datePublished":"2018-02-18T19:00:00+00:00","dateModified":"2018-02-18T19:00:00+00:00","breadcrumb":{"@id":"https:\/\/hudo.com\/si\/aktualno\/plasticna-embalaza-bo-se-vecji-problem-razvitih-drzav\/#breadcrumb"},"inLanguage":"sl-SI","potentialAction":[{"@type":"ReadAction","target":["https:\/\/hudo.com\/si\/aktualno\/plasticna-embalaza-bo-se-vecji-problem-razvitih-drzav\/"]}]},{"@type":"BreadcrumbList","@id":"https:\/\/hudo.com\/si\/aktualno\/plasticna-embalaza-bo-se-vecji-problem-razvitih-drzav\/#breadcrumb","itemListElement":[{"@type":"ListItem","position":1,"name":"Home","item":"https:\/\/hudo.com\/si\/"},{"@type":"ListItem","position":2,"name":"Plasti\u010dna embala\u017ea bo \u0161e ve\u010dji problem razvitih dr\u017eav"}]},{"@type":"WebSite","@id":"https:\/\/hudo.com\/si\/#website","url":"https:\/\/hudo.com\/si\/","name":"Hudo Slovenija","description":"Vse novice iz Slovenije in sveta","publisher":{"@id":"https:\/\/hudo.com\/si\/#organization"},"potentialAction":[{"@type":"SearchAction","target":{"@type":"EntryPoint","urlTemplate":"https:\/\/hudo.com\/si\/?s={search_term_string}"},"query-input":"required name=search_term_string"}],"inLanguage":"sl-SI"},{"@type":"Organization","@id":"https:\/\/hudo.com\/si\/#organization","name":"VSN Media","url":"https:\/\/hudo.com\/si\/","logo":{"@type":"ImageObject","inLanguage":"sl-SI","@id":"https:\/\/hudo.com\/si\/#\/schema\/logo\/image\/","url":"https:\/\/hudo.com\/si\/wp-content\/uploads\/sites\/2\/2021\/03\/hudo-app-2.png","contentUrl":"https:\/\/hudo.com\/si\/wp-content\/uploads\/sites\/2\/2021\/03\/hudo-app-2.png","width":2185,"height":2167,"caption":"VSN Media"},"image":{"@id":"https:\/\/hudo.com\/si\/#\/schema\/logo\/image\/"},"sameAs":["https:\/\/www.facebook.com\/hudo.si","https:\/\/twitter.com\/hudo_si"]},{"@type":"Person","@id":"https:\/\/hudo.com\/si\/#\/schema\/person\/601cf3379633985b20f7e50f2bb47707","name":"hudo","image":{"@type":"ImageObject","inLanguage":"sl-SI","@id":"https:\/\/hudo.com\/si\/#\/schema\/person\/image\/","url":"https:\/\/secure.gravatar.com\/avatar\/c4ca25fa72cace7a696b52ff5db9e095?s=96&d=mm&r=g","contentUrl":"https:\/\/secure.gravatar.com\/avatar\/c4ca25fa72cace7a696b52ff5db9e095?s=96&d=mm&r=g","caption":"hudo"},"url":"https:\/\/hudo.com\/si\/author\/hudo\/"}]}},"amp_enabled":true,"_links":{"self":[{"href":"https:\/\/hudo.com\/si\/wp-json\/wp\/v2\/posts\/362634"}],"collection":[{"href":"https:\/\/hudo.com\/si\/wp-json\/wp\/v2\/posts"}],"about":[{"href":"https:\/\/hudo.com\/si\/wp-json\/wp\/v2\/types\/post"}],"author":[{"embeddable":true,"href":"https:\/\/hudo.com\/si\/wp-json\/wp\/v2\/users\/1"}],"replies":[{"embeddable":true,"href":"https:\/\/hudo.com\/si\/wp-json\/wp\/v2\/comments?post=362634"}],"version-history":[{"count":0,"href":"https:\/\/hudo.com\/si\/wp-json\/wp\/v2\/posts\/362634\/revisions"}],"wp:attachment":[{"href":"https:\/\/hudo.com\/si\/wp-json\/wp\/v2\/media?parent=362634"}],"wp:term":[{"taxonomy":"category","embeddable":true,"href":"https:\/\/hudo.com\/si\/wp-json\/wp\/v2\/categories?post=362634"},{"taxonomy":"post_tag","embeddable":true,"href":"https:\/\/hudo.com\/si\/wp-json\/wp\/v2\/tags?post=362634"},{"taxonomy":"source","embeddable":true,"href":"https:\/\/hudo.com\/si\/wp-json\/wp\/v2\/source?post=362634"},{"taxonomy":"supertag","embeddable":true,"href":"https:\/\/hudo.com\/si\/wp-json\/wp\/v2\/supertag?post=362634"}],"curies":[{"name":"wp","href":"https:\/\/api.w.org\/{rel}","templated":true}]}}