{"id":362690,"date":"2018-02-19T07:26:29","date_gmt":"2018-02-19T06:26:29","guid":{"rendered":"https:\/\/hudo.com\/si\/2018\/02\/19\/orban-pred-volitvami-zaostruje-protimigrantsko-retoriko\/"},"modified":"2018-02-19T07:26:29","modified_gmt":"2018-02-19T06:26:29","slug":"orban-pred-volitvami-zaostruje-protimigrantsko-retoriko","status":"publish","type":"post","link":"https:\/\/hudo.com\/si\/aktualno\/orban-pred-volitvami-zaostruje-protimigrantsko-retoriko\/","title":{"rendered":"Orban pred volitvami zaostruje protimigrantsko retoriko"},"content":{"rendered":"<p>Mad\u017earski premier Viktor Orban je v nedeljo \u0161e zaostril svojo protimigrantsko retoriko in opozoril mad\u017earske volivce, da so oni zadnji branik pred invazijo Evrope. Pozval jih je, naj ga na aprilskih volitvah izvolijo \u0161e za tretji mandat, v maniri predsednika ZDA Donalda Trumpa pa je obljubil, da bo zanj vedno &#8220;Mad\u017earska na prvem mestu&#8221;.<\/p>\n","protected":false},"excerpt":{"rendered":"<p>Mad\u017earski premier Viktor Orban je v nedeljo \u0161e zaostril svojo protimigrantsko retoriko in opozoril mad\u017earske volivce, da so oni zadnji branik pred invazijo Evrope. Pozval jih je, naj ga na aprilskih volitvah izvolijo \u0161e za tretji mandat, v maniri predsednika ZDA Donalda Trumpa pa je obljubil, da bo zanj vedno &#8220;Mad\u017earska na prvem mestu&#8221;.<\/p>\n","protected":false},"author":1,"featured_media":0,"comment_status":"closed","ping_status":"closed","sticky":false,"template":"","format":"standard","meta":{"footnotes":""},"categories":[1179],"tags":[],"source":[9739],"supertag":[],"acf":[],"yoast_head":"<!-- This site is optimized with the Yoast SEO plugin v21.3 - https:\/\/yoast.com\/wordpress\/plugins\/seo\/ -->\n<title>Orban pred volitvami zaostruje protimigrantsko retoriko - Hudo Slovenija<\/title>\n<meta name=\"robots\" content=\"index, follow, max-snippet:-1, max-image-preview:large, max-video-preview:-1\" \/>\n<link rel=\"canonical\" href=\"https:\/\/hudo.com\/si\/aktualno\/orban-pred-volitvami-zaostruje-protimigrantsko-retoriko\/\" \/>\n<meta property=\"og:locale\" content=\"sl_SI\" \/>\n<meta property=\"og:type\" content=\"article\" \/>\n<meta property=\"og:title\" content=\"Orban pred volitvami zaostruje protimigrantsko retoriko - Hudo Slovenija\" \/>\n<meta property=\"og:description\" content=\"Mad\u017earski premier Viktor Orban je v nedeljo \u0161e zaostril svojo protimigrantsko retoriko in opozoril mad\u017earske volivce, da so oni zadnji branik pred invazijo Evrope. Pozval jih je, naj ga na aprilskih volitvah izvolijo \u0161e za tretji mandat, v maniri predsednika ZDA Donalda Trumpa pa je obljubil, da bo zanj vedno &quot;Mad\u017earska na prvem mestu&quot;.\" \/>\n<meta property=\"og:url\" content=\"https:\/\/hudo.com\/si\/aktualno\/orban-pred-volitvami-zaostruje-protimigrantsko-retoriko\/\" \/>\n<meta property=\"og:site_name\" content=\"Hudo Slovenija\" \/>\n<meta property=\"article:publisher\" content=\"https:\/\/www.facebook.com\/hudo.si\" \/>\n<meta property=\"article:published_time\" content=\"2018-02-19T06:26:29+00:00\" \/>\n<meta property=\"og:image\" content=\"https:\/\/hudo.com\/si\/wp-content\/uploads\/sites\/2\/2018\/02\/viktor_orban_0.jpg\" \/>\n\t<meta property=\"og:image:width\" content=\"800\" \/>\n\t<meta property=\"og:image:height\" content=\"545\" \/>\n\t<meta property=\"og:image:type\" content=\"image\/jpeg\" \/>\n<meta name=\"author\" content=\"hudo\" \/>\n<meta name=\"twitter:card\" content=\"summary_large_image\" \/>\n<meta name=\"twitter:creator\" content=\"@hudo_si\" \/>\n<meta name=\"twitter:site\" content=\"@hudo_si\" \/>\n<meta name=\"twitter:label1\" content=\"Written by\" \/>\n\t<meta name=\"twitter:data1\" content=\"hudo\" \/>\n<script type=\"application\/ld+json\" class=\"yoast-schema-graph\">{\"@context\":\"https:\/\/schema.org\",\"@graph\":[{\"@type\":\"Article\",\"@id\":\"https:\/\/hudo.com\/si\/aktualno\/orban-pred-volitvami-zaostruje-protimigrantsko-retoriko\/#article\",\"isPartOf\":{\"@id\":\"https:\/\/hudo.com\/si\/aktualno\/orban-pred-volitvami-zaostruje-protimigrantsko-retoriko\/\"},\"author\":{\"name\":\"hudo\",\"@id\":\"https:\/\/hudo.com\/si\/#\/schema\/person\/601cf3379633985b20f7e50f2bb47707\"},\"headline\":\"Orban pred volitvami zaostruje protimigrantsko retoriko\",\"datePublished\":\"2018-02-19T06:26:29+00:00\",\"dateModified\":\"2018-02-19T06:26:29+00:00\",\"mainEntityOfPage\":{\"@id\":\"https:\/\/hudo.com\/si\/aktualno\/orban-pred-volitvami-zaostruje-protimigrantsko-retoriko\/\"},\"wordCount\":63,\"publisher\":{\"@id\":\"https:\/\/hudo.com\/si\/#organization\"},\"articleSection\":[\"Aktualno\"],\"inLanguage\":\"sl-SI\"},{\"@type\":\"WebPage\",\"@id\":\"https:\/\/hudo.com\/si\/aktualno\/orban-pred-volitvami-zaostruje-protimigrantsko-retoriko\/\",\"url\":\"https:\/\/hudo.com\/si\/aktualno\/orban-pred-volitvami-zaostruje-protimigrantsko-retoriko\/\",\"name\":\"Orban pred volitvami zaostruje protimigrantsko retoriko - Hudo Slovenija\",\"isPartOf\":{\"@id\":\"https:\/\/hudo.com\/si\/#website\"},\"datePublished\":\"2018-02-19T06:26:29+00:00\",\"dateModified\":\"2018-02-19T06:26:29+00:00\",\"breadcrumb\":{\"@id\":\"https:\/\/hudo.com\/si\/aktualno\/orban-pred-volitvami-zaostruje-protimigrantsko-retoriko\/#breadcrumb\"},\"inLanguage\":\"sl-SI\",\"potentialAction\":[{\"@type\":\"ReadAction\",\"target\":[\"https:\/\/hudo.com\/si\/aktualno\/orban-pred-volitvami-zaostruje-protimigrantsko-retoriko\/\"]}]},{\"@type\":\"BreadcrumbList\",\"@id\":\"https:\/\/hudo.com\/si\/aktualno\/orban-pred-volitvami-zaostruje-protimigrantsko-retoriko\/#breadcrumb\",\"itemListElement\":[{\"@type\":\"ListItem\",\"position\":1,\"name\":\"Home\",\"item\":\"https:\/\/hudo.com\/si\/\"},{\"@type\":\"ListItem\",\"position\":2,\"name\":\"Orban pred volitvami zaostruje protimigrantsko retoriko\"}]},{\"@type\":\"WebSite\",\"@id\":\"https:\/\/hudo.com\/si\/#website\",\"url\":\"https:\/\/hudo.com\/si\/\",\"name\":\"Hudo Slovenija\",\"description\":\"Vse novice iz Slovenije in sveta\",\"publisher\":{\"@id\":\"https:\/\/hudo.com\/si\/#organization\"},\"potentialAction\":[{\"@type\":\"SearchAction\",\"target\":{\"@type\":\"EntryPoint\",\"urlTemplate\":\"https:\/\/hudo.com\/si\/?s={search_term_string}\"},\"query-input\":\"required name=search_term_string\"}],\"inLanguage\":\"sl-SI\"},{\"@type\":\"Organization\",\"@id\":\"https:\/\/hudo.com\/si\/#organization\",\"name\":\"VSN Media\",\"url\":\"https:\/\/hudo.com\/si\/\",\"logo\":{\"@type\":\"ImageObject\",\"inLanguage\":\"sl-SI\",\"@id\":\"https:\/\/hudo.com\/si\/#\/schema\/logo\/image\/\",\"url\":\"https:\/\/hudo.com\/si\/wp-content\/uploads\/sites\/2\/2021\/03\/hudo-app-2.png\",\"contentUrl\":\"https:\/\/hudo.com\/si\/wp-content\/uploads\/sites\/2\/2021\/03\/hudo-app-2.png\",\"width\":2185,\"height\":2167,\"caption\":\"VSN Media\"},\"image\":{\"@id\":\"https:\/\/hudo.com\/si\/#\/schema\/logo\/image\/\"},\"sameAs\":[\"https:\/\/www.facebook.com\/hudo.si\",\"https:\/\/twitter.com\/hudo_si\"]},{\"@type\":\"Person\",\"@id\":\"https:\/\/hudo.com\/si\/#\/schema\/person\/601cf3379633985b20f7e50f2bb47707\",\"name\":\"hudo\",\"image\":{\"@type\":\"ImageObject\",\"inLanguage\":\"sl-SI\",\"@id\":\"https:\/\/hudo.com\/si\/#\/schema\/person\/image\/\",\"url\":\"https:\/\/secure.gravatar.com\/avatar\/c4ca25fa72cace7a696b52ff5db9e095?s=96&d=mm&r=g\",\"contentUrl\":\"https:\/\/secure.gravatar.com\/avatar\/c4ca25fa72cace7a696b52ff5db9e095?s=96&d=mm&r=g\",\"caption\":\"hudo\"},\"url\":\"https:\/\/hudo.com\/si\/author\/hudo\/\"}]}<\/script>\n<!-- \/ Yoast SEO plugin. -->","yoast_head_json":{"title":"Orban pred volitvami zaostruje protimigrantsko retoriko - Hudo Slovenija","robots":{"index":"index","follow":"follow","max-snippet":"max-snippet:-1","max-image-preview":"max-image-preview:large","max-video-preview":"max-video-preview:-1"},"canonical":"https:\/\/hudo.com\/si\/aktualno\/orban-pred-volitvami-zaostruje-protimigrantsko-retoriko\/","og_locale":"sl_SI","og_type":"article","og_title":"Orban pred volitvami zaostruje protimigrantsko retoriko - Hudo Slovenija","og_description":"Mad\u017earski premier Viktor Orban je v nedeljo \u0161e zaostril svojo protimigrantsko retoriko in opozoril mad\u017earske volivce, da so oni zadnji branik pred invazijo Evrope. Pozval jih je, naj ga na aprilskih volitvah izvolijo \u0161e za tretji mandat, v maniri predsednika ZDA Donalda Trumpa pa je obljubil, da bo zanj vedno \"Mad\u017earska na prvem mestu\".","og_url":"https:\/\/hudo.com\/si\/aktualno\/orban-pred-volitvami-zaostruje-protimigrantsko-retoriko\/","og_site_name":"Hudo Slovenija","article_publisher":"https:\/\/www.facebook.com\/hudo.si","article_published_time":"2018-02-19T06:26:29+00:00","og_image":[{"width":800,"height":545,"url":"https:\/\/hudo.com\/si\/wp-content\/uploads\/sites\/2\/2018\/02\/viktor_orban_0.jpg","type":"image\/jpeg"}],"author":"hudo","twitter_card":"summary_large_image","twitter_creator":"@hudo_si","twitter_site":"@hudo_si","twitter_misc":{"Written by":"hudo"},"schema":{"@context":"https:\/\/schema.org","@graph":[{"@type":"Article","@id":"https:\/\/hudo.com\/si\/aktualno\/orban-pred-volitvami-zaostruje-protimigrantsko-retoriko\/#article","isPartOf":{"@id":"https:\/\/hudo.com\/si\/aktualno\/orban-pred-volitvami-zaostruje-protimigrantsko-retoriko\/"},"author":{"name":"hudo","@id":"https:\/\/hudo.com\/si\/#\/schema\/person\/601cf3379633985b20f7e50f2bb47707"},"headline":"Orban pred volitvami zaostruje protimigrantsko retoriko","datePublished":"2018-02-19T06:26:29+00:00","dateModified":"2018-02-19T06:26:29+00:00","mainEntityOfPage":{"@id":"https:\/\/hudo.com\/si\/aktualno\/orban-pred-volitvami-zaostruje-protimigrantsko-retoriko\/"},"wordCount":63,"publisher":{"@id":"https:\/\/hudo.com\/si\/#organization"},"articleSection":["Aktualno"],"inLanguage":"sl-SI"},{"@type":"WebPage","@id":"https:\/\/hudo.com\/si\/aktualno\/orban-pred-volitvami-zaostruje-protimigrantsko-retoriko\/","url":"https:\/\/hudo.com\/si\/aktualno\/orban-pred-volitvami-zaostruje-protimigrantsko-retoriko\/","name":"Orban pred volitvami zaostruje protimigrantsko retoriko - Hudo Slovenija","isPartOf":{"@id":"https:\/\/hudo.com\/si\/#website"},"datePublished":"2018-02-19T06:26:29+00:00","dateModified":"2018-02-19T06:26:29+00:00","breadcrumb":{"@id":"https:\/\/hudo.com\/si\/aktualno\/orban-pred-volitvami-zaostruje-protimigrantsko-retoriko\/#breadcrumb"},"inLanguage":"sl-SI","potentialAction":[{"@type":"ReadAction","target":["https:\/\/hudo.com\/si\/aktualno\/orban-pred-volitvami-zaostruje-protimigrantsko-retoriko\/"]}]},{"@type":"BreadcrumbList","@id":"https:\/\/hudo.com\/si\/aktualno\/orban-pred-volitvami-zaostruje-protimigrantsko-retoriko\/#breadcrumb","itemListElement":[{"@type":"ListItem","position":1,"name":"Home","item":"https:\/\/hudo.com\/si\/"},{"@type":"ListItem","position":2,"name":"Orban pred volitvami zaostruje protimigrantsko retoriko"}]},{"@type":"WebSite","@id":"https:\/\/hudo.com\/si\/#website","url":"https:\/\/hudo.com\/si\/","name":"Hudo Slovenija","description":"Vse novice iz Slovenije in sveta","publisher":{"@id":"https:\/\/hudo.com\/si\/#organization"},"potentialAction":[{"@type":"SearchAction","target":{"@type":"EntryPoint","urlTemplate":"https:\/\/hudo.com\/si\/?s={search_term_string}"},"query-input":"required name=search_term_string"}],"inLanguage":"sl-SI"},{"@type":"Organization","@id":"https:\/\/hudo.com\/si\/#organization","name":"VSN Media","url":"https:\/\/hudo.com\/si\/","logo":{"@type":"ImageObject","inLanguage":"sl-SI","@id":"https:\/\/hudo.com\/si\/#\/schema\/logo\/image\/","url":"https:\/\/hudo.com\/si\/wp-content\/uploads\/sites\/2\/2021\/03\/hudo-app-2.png","contentUrl":"https:\/\/hudo.com\/si\/wp-content\/uploads\/sites\/2\/2021\/03\/hudo-app-2.png","width":2185,"height":2167,"caption":"VSN Media"},"image":{"@id":"https:\/\/hudo.com\/si\/#\/schema\/logo\/image\/"},"sameAs":["https:\/\/www.facebook.com\/hudo.si","https:\/\/twitter.com\/hudo_si"]},{"@type":"Person","@id":"https:\/\/hudo.com\/si\/#\/schema\/person\/601cf3379633985b20f7e50f2bb47707","name":"hudo","image":{"@type":"ImageObject","inLanguage":"sl-SI","@id":"https:\/\/hudo.com\/si\/#\/schema\/person\/image\/","url":"https:\/\/secure.gravatar.com\/avatar\/c4ca25fa72cace7a696b52ff5db9e095?s=96&d=mm&r=g","contentUrl":"https:\/\/secure.gravatar.com\/avatar\/c4ca25fa72cace7a696b52ff5db9e095?s=96&d=mm&r=g","caption":"hudo"},"url":"https:\/\/hudo.com\/si\/author\/hudo\/"}]}},"amp_enabled":true,"_links":{"self":[{"href":"https:\/\/hudo.com\/si\/wp-json\/wp\/v2\/posts\/362690"}],"collection":[{"href":"https:\/\/hudo.com\/si\/wp-json\/wp\/v2\/posts"}],"about":[{"href":"https:\/\/hudo.com\/si\/wp-json\/wp\/v2\/types\/post"}],"author":[{"embeddable":true,"href":"https:\/\/hudo.com\/si\/wp-json\/wp\/v2\/users\/1"}],"replies":[{"embeddable":true,"href":"https:\/\/hudo.com\/si\/wp-json\/wp\/v2\/comments?post=362690"}],"version-history":[{"count":0,"href":"https:\/\/hudo.com\/si\/wp-json\/wp\/v2\/posts\/362690\/revisions"}],"wp:attachment":[{"href":"https:\/\/hudo.com\/si\/wp-json\/wp\/v2\/media?parent=362690"}],"wp:term":[{"taxonomy":"category","embeddable":true,"href":"https:\/\/hudo.com\/si\/wp-json\/wp\/v2\/categories?post=362690"},{"taxonomy":"post_tag","embeddable":true,"href":"https:\/\/hudo.com\/si\/wp-json\/wp\/v2\/tags?post=362690"},{"taxonomy":"source","embeddable":true,"href":"https:\/\/hudo.com\/si\/wp-json\/wp\/v2\/source?post=362690"},{"taxonomy":"supertag","embeddable":true,"href":"https:\/\/hudo.com\/si\/wp-json\/wp\/v2\/supertag?post=362690"}],"curies":[{"name":"wp","href":"https:\/\/api.w.org\/{rel}","templated":true}]}}