{"id":362716,"date":"2018-02-19T06:22:00","date_gmt":"2018-02-19T05:22:00","guid":{"rendered":"https:\/\/hudo.com\/si\/2018\/02\/19\/francoza-zaradi-grdega-obnasanja-poslali-domov\/"},"modified":"2018-02-19T06:22:00","modified_gmt":"2018-02-19T05:22:00","slug":"francoza-zaradi-grdega-obnasanja-poslali-domov","status":"publish","type":"post","link":"https:\/\/hudo.com\/si\/aktualno\/francoza-zaradi-grdega-obnasanja-poslali-domov\/","title":{"rendered":"Francoza zaradi grdega obna\u0161anja poslali domov"},"content":{"rendered":"<p>Kategorija: Novice Mon, 19 Feb 2018 07:22:00 +0100  Pjong\u010dang &#8211; Francoski alpski smu\u010dar Mathieu Faivre je moral zaradi neprimernih komentarjev, ki jih je dal novinarjem po nedeljski tekmi v veleslalomu na olimpijskih igrah, spakirati kov\u010dke. \u00bbMathieu se bo iz disciplinskih razlogov vrnil domov,\u00ab je danes povedal direktor francoske mo\u0161ke smu\u010darske reprezentance David Chastan. Chastan je za francosko tiskovno agencijo AFP pojasnil, da Faivrejeve pripombe po tekmi niso bile v ekipnem duhu, in da ne bo nastopil na sobotni ekipni tekmi. Faivre je na lanskem svetovnem prvenstvu v St Moritzu zmagal v ekipni tekmi, skupaj s Alexisom Pinturaultom, ki je na igrah osvojil \u017ee dve medalji. Nedeljski veleslalom pa je 26-letni Francoz, ki je v zvezi z ameri\u0161ko smu\u010darko Mikaelo Shiffrin, kon\u010dal na sedmem mestu. Zmagal je Avstrijec Marcel Hirscher, med prvo sedmerico pa so bili \u0161tirje Francozi. Najvi\u0161je uvr\u0161\u010deni med njimi\u00a0&#8230;<\/p>\n","protected":false},"excerpt":{"rendered":"<p>Kategorija: Novice Mon, 19 Feb 2018 07:22:00 +0100  Pjong\u010dang &#8211; Francoski alpski smu\u010dar Mathieu Faivre je moral zaradi neprimernih komentarjev, ki jih je dal novinarjem po nedeljski tekmi v veleslalomu na olimpijskih igrah, spakirati kov\u010dke. \u00bbMathieu se bo iz disciplinskih razlogov vrnil domov,\u00ab je danes povedal direktor francoske mo\u0161ke smu\u010darske reprezentance David Chastan. Chastan je za francosko tiskovno agencijo AFP pojasnil, da Faivrejeve pripombe po tekmi niso bile v ekipnem duhu, in da ne bo nastopil na sobotni ekipni tekmi. Faivre je na lanskem svetovnem prvenstvu v St Moritzu zmagal v ekipni tekmi, skupaj s Alexisom Pinturaultom, ki je na igrah osvojil \u017ee dve medalji. Nedeljski veleslalom pa je 26-letni Francoz, ki je v zvezi z ameri\u0161ko smu\u010darko Mikaelo Shiffrin, kon\u010dal na sedmem mestu. Zmagal je Avstrijec Marcel Hirscher, med prvo sedmerico pa so bili \u0161tirje Francozi. Najvi\u0161je uvr\u0161\u010deni med njimi\u00a0&#8230;<\/p>\n","protected":false},"author":1,"featured_media":0,"comment_status":"closed","ping_status":"closed","sticky":false,"template":"","format":"standard","meta":{"footnotes":""},"categories":[1179],"tags":[],"source":[1703],"supertag":[],"acf":[],"yoast_head":"<!-- This site is optimized with the Yoast SEO plugin v21.3 - https:\/\/yoast.com\/wordpress\/plugins\/seo\/ -->\n<title>Francoza zaradi grdega obna\u0161anja poslali domov - Hudo Slovenija<\/title>\n<meta name=\"robots\" content=\"index, follow, max-snippet:-1, max-image-preview:large, max-video-preview:-1\" \/>\n<link rel=\"canonical\" href=\"https:\/\/hudo.com\/si\/aktualno\/francoza-zaradi-grdega-obnasanja-poslali-domov\/\" \/>\n<meta property=\"og:locale\" content=\"sl_SI\" \/>\n<meta property=\"og:type\" content=\"article\" \/>\n<meta property=\"og:title\" content=\"Francoza zaradi grdega obna\u0161anja poslali domov - Hudo Slovenija\" \/>\n<meta property=\"og:description\" content=\"Kategorija: Novice Mon, 19 Feb 2018 07:22:00 +0100 Pjong\u010dang - Francoski alpski smu\u010dar Mathieu Faivre je moral zaradi neprimernih komentarjev, ki jih je dal novinarjem po nedeljski tekmi v veleslalomu na olimpijskih igrah, spakirati kov\u010dke. \u00bbMathieu se bo iz disciplinskih razlogov vrnil domov,\u00ab je danes povedal direktor francoske mo\u0161ke smu\u010darske reprezentance David Chastan. Chastan je za francosko tiskovno agencijo AFP pojasnil, da Faivrejeve pripombe po tekmi niso bile v ekipnem duhu, in da ne bo nastopil na sobotni ekipni tekmi. Faivre je na lanskem svetovnem prvenstvu v St Moritzu zmagal v ekipni tekmi, skupaj s Alexisom Pinturaultom, ki je na igrah osvojil \u017ee dve medalji. Nedeljski veleslalom pa je 26-letni Francoz, ki je v zvezi z ameri\u0161ko smu\u010darko Mikaelo Shiffrin, kon\u010dal na sedmem mestu. Zmagal je Avstrijec Marcel Hirscher, med prvo sedmerico pa so bili \u0161tirje Francozi. Najvi\u0161je uvr\u0161\u010deni med njimi\u00a0...\" \/>\n<meta property=\"og:url\" content=\"https:\/\/hudo.com\/si\/aktualno\/francoza-zaradi-grdega-obnasanja-poslali-domov\/\" \/>\n<meta property=\"og:site_name\" content=\"Hudo Slovenija\" \/>\n<meta property=\"article:publisher\" content=\"https:\/\/www.facebook.com\/hudo.si\" \/>\n<meta property=\"article:published_time\" content=\"2018-02-19T05:22:00+00:00\" \/>\n<meta property=\"og:image\" content=\"https:\/\/hudo.com\/si\/wp-content\/uploads\/sites\/2\/2018\/02\/480x290_AP_Pictures-20180218050156-78313000.jpeg\" \/>\n\t<meta property=\"og:image:width\" content=\"480\" \/>\n\t<meta property=\"og:image:height\" content=\"290\" \/>\n\t<meta property=\"og:image:type\" content=\"image\/jpeg\" \/>\n<meta name=\"author\" content=\"hudo\" \/>\n<meta name=\"twitter:card\" content=\"summary_large_image\" \/>\n<meta name=\"twitter:creator\" content=\"@hudo_si\" \/>\n<meta name=\"twitter:site\" content=\"@hudo_si\" \/>\n<meta name=\"twitter:label1\" content=\"Written by\" \/>\n\t<meta name=\"twitter:data1\" content=\"hudo\" \/>\n\t<meta name=\"twitter:label2\" content=\"Est. reading time\" \/>\n\t<meta name=\"twitter:data2\" content=\"1 minuta\" \/>\n<script type=\"application\/ld+json\" class=\"yoast-schema-graph\">{\"@context\":\"https:\/\/schema.org\",\"@graph\":[{\"@type\":\"Article\",\"@id\":\"https:\/\/hudo.com\/si\/aktualno\/francoza-zaradi-grdega-obnasanja-poslali-domov\/#article\",\"isPartOf\":{\"@id\":\"https:\/\/hudo.com\/si\/aktualno\/francoza-zaradi-grdega-obnasanja-poslali-domov\/\"},\"author\":{\"name\":\"hudo\",\"@id\":\"https:\/\/hudo.com\/si\/#\/schema\/person\/601cf3379633985b20f7e50f2bb47707\"},\"headline\":\"Francoza zaradi grdega obna\u0161anja poslali domov\",\"datePublished\":\"2018-02-19T05:22:00+00:00\",\"dateModified\":\"2018-02-19T05:22:00+00:00\",\"mainEntityOfPage\":{\"@id\":\"https:\/\/hudo.com\/si\/aktualno\/francoza-zaradi-grdega-obnasanja-poslali-domov\/\"},\"wordCount\":154,\"publisher\":{\"@id\":\"https:\/\/hudo.com\/si\/#organization\"},\"articleSection\":[\"Aktualno\"],\"inLanguage\":\"sl-SI\"},{\"@type\":\"WebPage\",\"@id\":\"https:\/\/hudo.com\/si\/aktualno\/francoza-zaradi-grdega-obnasanja-poslali-domov\/\",\"url\":\"https:\/\/hudo.com\/si\/aktualno\/francoza-zaradi-grdega-obnasanja-poslali-domov\/\",\"name\":\"Francoza zaradi grdega obna\u0161anja poslali domov - Hudo Slovenija\",\"isPartOf\":{\"@id\":\"https:\/\/hudo.com\/si\/#website\"},\"datePublished\":\"2018-02-19T05:22:00+00:00\",\"dateModified\":\"2018-02-19T05:22:00+00:00\",\"breadcrumb\":{\"@id\":\"https:\/\/hudo.com\/si\/aktualno\/francoza-zaradi-grdega-obnasanja-poslali-domov\/#breadcrumb\"},\"inLanguage\":\"sl-SI\",\"potentialAction\":[{\"@type\":\"ReadAction\",\"target\":[\"https:\/\/hudo.com\/si\/aktualno\/francoza-zaradi-grdega-obnasanja-poslali-domov\/\"]}]},{\"@type\":\"BreadcrumbList\",\"@id\":\"https:\/\/hudo.com\/si\/aktualno\/francoza-zaradi-grdega-obnasanja-poslali-domov\/#breadcrumb\",\"itemListElement\":[{\"@type\":\"ListItem\",\"position\":1,\"name\":\"Home\",\"item\":\"https:\/\/hudo.com\/si\/\"},{\"@type\":\"ListItem\",\"position\":2,\"name\":\"Francoza zaradi grdega obna\u0161anja poslali domov\"}]},{\"@type\":\"WebSite\",\"@id\":\"https:\/\/hudo.com\/si\/#website\",\"url\":\"https:\/\/hudo.com\/si\/\",\"name\":\"Hudo Slovenija\",\"description\":\"Vse novice iz Slovenije in sveta\",\"publisher\":{\"@id\":\"https:\/\/hudo.com\/si\/#organization\"},\"potentialAction\":[{\"@type\":\"SearchAction\",\"target\":{\"@type\":\"EntryPoint\",\"urlTemplate\":\"https:\/\/hudo.com\/si\/?s={search_term_string}\"},\"query-input\":\"required name=search_term_string\"}],\"inLanguage\":\"sl-SI\"},{\"@type\":\"Organization\",\"@id\":\"https:\/\/hudo.com\/si\/#organization\",\"name\":\"VSN Media\",\"url\":\"https:\/\/hudo.com\/si\/\",\"logo\":{\"@type\":\"ImageObject\",\"inLanguage\":\"sl-SI\",\"@id\":\"https:\/\/hudo.com\/si\/#\/schema\/logo\/image\/\",\"url\":\"https:\/\/hudo.com\/si\/wp-content\/uploads\/sites\/2\/2021\/03\/hudo-app-2.png\",\"contentUrl\":\"https:\/\/hudo.com\/si\/wp-content\/uploads\/sites\/2\/2021\/03\/hudo-app-2.png\",\"width\":2185,\"height\":2167,\"caption\":\"VSN Media\"},\"image\":{\"@id\":\"https:\/\/hudo.com\/si\/#\/schema\/logo\/image\/\"},\"sameAs\":[\"https:\/\/www.facebook.com\/hudo.si\",\"https:\/\/twitter.com\/hudo_si\"]},{\"@type\":\"Person\",\"@id\":\"https:\/\/hudo.com\/si\/#\/schema\/person\/601cf3379633985b20f7e50f2bb47707\",\"name\":\"hudo\",\"image\":{\"@type\":\"ImageObject\",\"inLanguage\":\"sl-SI\",\"@id\":\"https:\/\/hudo.com\/si\/#\/schema\/person\/image\/\",\"url\":\"https:\/\/secure.gravatar.com\/avatar\/c4ca25fa72cace7a696b52ff5db9e095?s=96&d=mm&r=g\",\"contentUrl\":\"https:\/\/secure.gravatar.com\/avatar\/c4ca25fa72cace7a696b52ff5db9e095?s=96&d=mm&r=g\",\"caption\":\"hudo\"},\"url\":\"https:\/\/hudo.com\/si\/author\/hudo\/\"}]}<\/script>\n<!-- \/ Yoast SEO plugin. -->","yoast_head_json":{"title":"Francoza zaradi grdega obna\u0161anja poslali domov - Hudo Slovenija","robots":{"index":"index","follow":"follow","max-snippet":"max-snippet:-1","max-image-preview":"max-image-preview:large","max-video-preview":"max-video-preview:-1"},"canonical":"https:\/\/hudo.com\/si\/aktualno\/francoza-zaradi-grdega-obnasanja-poslali-domov\/","og_locale":"sl_SI","og_type":"article","og_title":"Francoza zaradi grdega obna\u0161anja poslali domov - Hudo Slovenija","og_description":"Kategorija: Novice Mon, 19 Feb 2018 07:22:00 +0100 Pjong\u010dang - Francoski alpski smu\u010dar Mathieu Faivre je moral zaradi neprimernih komentarjev, ki jih je dal novinarjem po nedeljski tekmi v veleslalomu na olimpijskih igrah, spakirati kov\u010dke. \u00bbMathieu se bo iz disciplinskih razlogov vrnil domov,\u00ab je danes povedal direktor francoske mo\u0161ke smu\u010darske reprezentance David Chastan. Chastan je za francosko tiskovno agencijo AFP pojasnil, da Faivrejeve pripombe po tekmi niso bile v ekipnem duhu, in da ne bo nastopil na sobotni ekipni tekmi. Faivre je na lanskem svetovnem prvenstvu v St Moritzu zmagal v ekipni tekmi, skupaj s Alexisom Pinturaultom, ki je na igrah osvojil \u017ee dve medalji. Nedeljski veleslalom pa je 26-letni Francoz, ki je v zvezi z ameri\u0161ko smu\u010darko Mikaelo Shiffrin, kon\u010dal na sedmem mestu. Zmagal je Avstrijec Marcel Hirscher, med prvo sedmerico pa so bili \u0161tirje Francozi. Najvi\u0161je uvr\u0161\u010deni med njimi\u00a0...","og_url":"https:\/\/hudo.com\/si\/aktualno\/francoza-zaradi-grdega-obnasanja-poslali-domov\/","og_site_name":"Hudo Slovenija","article_publisher":"https:\/\/www.facebook.com\/hudo.si","article_published_time":"2018-02-19T05:22:00+00:00","og_image":[{"width":480,"height":290,"url":"https:\/\/hudo.com\/si\/wp-content\/uploads\/sites\/2\/2018\/02\/480x290_AP_Pictures-20180218050156-78313000.jpeg","type":"image\/jpeg"}],"author":"hudo","twitter_card":"summary_large_image","twitter_creator":"@hudo_si","twitter_site":"@hudo_si","twitter_misc":{"Written by":"hudo","Est. reading time":"1 minuta"},"schema":{"@context":"https:\/\/schema.org","@graph":[{"@type":"Article","@id":"https:\/\/hudo.com\/si\/aktualno\/francoza-zaradi-grdega-obnasanja-poslali-domov\/#article","isPartOf":{"@id":"https:\/\/hudo.com\/si\/aktualno\/francoza-zaradi-grdega-obnasanja-poslali-domov\/"},"author":{"name":"hudo","@id":"https:\/\/hudo.com\/si\/#\/schema\/person\/601cf3379633985b20f7e50f2bb47707"},"headline":"Francoza zaradi grdega obna\u0161anja poslali domov","datePublished":"2018-02-19T05:22:00+00:00","dateModified":"2018-02-19T05:22:00+00:00","mainEntityOfPage":{"@id":"https:\/\/hudo.com\/si\/aktualno\/francoza-zaradi-grdega-obnasanja-poslali-domov\/"},"wordCount":154,"publisher":{"@id":"https:\/\/hudo.com\/si\/#organization"},"articleSection":["Aktualno"],"inLanguage":"sl-SI"},{"@type":"WebPage","@id":"https:\/\/hudo.com\/si\/aktualno\/francoza-zaradi-grdega-obnasanja-poslali-domov\/","url":"https:\/\/hudo.com\/si\/aktualno\/francoza-zaradi-grdega-obnasanja-poslali-domov\/","name":"Francoza zaradi grdega obna\u0161anja poslali domov - Hudo Slovenija","isPartOf":{"@id":"https:\/\/hudo.com\/si\/#website"},"datePublished":"2018-02-19T05:22:00+00:00","dateModified":"2018-02-19T05:22:00+00:00","breadcrumb":{"@id":"https:\/\/hudo.com\/si\/aktualno\/francoza-zaradi-grdega-obnasanja-poslali-domov\/#breadcrumb"},"inLanguage":"sl-SI","potentialAction":[{"@type":"ReadAction","target":["https:\/\/hudo.com\/si\/aktualno\/francoza-zaradi-grdega-obnasanja-poslali-domov\/"]}]},{"@type":"BreadcrumbList","@id":"https:\/\/hudo.com\/si\/aktualno\/francoza-zaradi-grdega-obnasanja-poslali-domov\/#breadcrumb","itemListElement":[{"@type":"ListItem","position":1,"name":"Home","item":"https:\/\/hudo.com\/si\/"},{"@type":"ListItem","position":2,"name":"Francoza zaradi grdega obna\u0161anja poslali domov"}]},{"@type":"WebSite","@id":"https:\/\/hudo.com\/si\/#website","url":"https:\/\/hudo.com\/si\/","name":"Hudo Slovenija","description":"Vse novice iz Slovenije in sveta","publisher":{"@id":"https:\/\/hudo.com\/si\/#organization"},"potentialAction":[{"@type":"SearchAction","target":{"@type":"EntryPoint","urlTemplate":"https:\/\/hudo.com\/si\/?s={search_term_string}"},"query-input":"required name=search_term_string"}],"inLanguage":"sl-SI"},{"@type":"Organization","@id":"https:\/\/hudo.com\/si\/#organization","name":"VSN Media","url":"https:\/\/hudo.com\/si\/","logo":{"@type":"ImageObject","inLanguage":"sl-SI","@id":"https:\/\/hudo.com\/si\/#\/schema\/logo\/image\/","url":"https:\/\/hudo.com\/si\/wp-content\/uploads\/sites\/2\/2021\/03\/hudo-app-2.png","contentUrl":"https:\/\/hudo.com\/si\/wp-content\/uploads\/sites\/2\/2021\/03\/hudo-app-2.png","width":2185,"height":2167,"caption":"VSN Media"},"image":{"@id":"https:\/\/hudo.com\/si\/#\/schema\/logo\/image\/"},"sameAs":["https:\/\/www.facebook.com\/hudo.si","https:\/\/twitter.com\/hudo_si"]},{"@type":"Person","@id":"https:\/\/hudo.com\/si\/#\/schema\/person\/601cf3379633985b20f7e50f2bb47707","name":"hudo","image":{"@type":"ImageObject","inLanguage":"sl-SI","@id":"https:\/\/hudo.com\/si\/#\/schema\/person\/image\/","url":"https:\/\/secure.gravatar.com\/avatar\/c4ca25fa72cace7a696b52ff5db9e095?s=96&d=mm&r=g","contentUrl":"https:\/\/secure.gravatar.com\/avatar\/c4ca25fa72cace7a696b52ff5db9e095?s=96&d=mm&r=g","caption":"hudo"},"url":"https:\/\/hudo.com\/si\/author\/hudo\/"}]}},"amp_enabled":true,"_links":{"self":[{"href":"https:\/\/hudo.com\/si\/wp-json\/wp\/v2\/posts\/362716"}],"collection":[{"href":"https:\/\/hudo.com\/si\/wp-json\/wp\/v2\/posts"}],"about":[{"href":"https:\/\/hudo.com\/si\/wp-json\/wp\/v2\/types\/post"}],"author":[{"embeddable":true,"href":"https:\/\/hudo.com\/si\/wp-json\/wp\/v2\/users\/1"}],"replies":[{"embeddable":true,"href":"https:\/\/hudo.com\/si\/wp-json\/wp\/v2\/comments?post=362716"}],"version-history":[{"count":0,"href":"https:\/\/hudo.com\/si\/wp-json\/wp\/v2\/posts\/362716\/revisions"}],"wp:attachment":[{"href":"https:\/\/hudo.com\/si\/wp-json\/wp\/v2\/media?parent=362716"}],"wp:term":[{"taxonomy":"category","embeddable":true,"href":"https:\/\/hudo.com\/si\/wp-json\/wp\/v2\/categories?post=362716"},{"taxonomy":"post_tag","embeddable":true,"href":"https:\/\/hudo.com\/si\/wp-json\/wp\/v2\/tags?post=362716"},{"taxonomy":"source","embeddable":true,"href":"https:\/\/hudo.com\/si\/wp-json\/wp\/v2\/source?post=362716"},{"taxonomy":"supertag","embeddable":true,"href":"https:\/\/hudo.com\/si\/wp-json\/wp\/v2\/supertag?post=362716"}],"curies":[{"name":"wp","href":"https:\/\/api.w.org\/{rel}","templated":true}]}}