{"id":363364,"date":"2018-02-20T15:02:02","date_gmt":"2018-02-20T14:02:02","guid":{"rendered":"http:\/\/hudo.com\/si\/?p=363364"},"modified":"2018-02-20T15:02:02","modified_gmt":"2018-02-20T14:02:02","slug":"bruselj-napoveduje-mascevalne-ukrepe-v-carinski-vojni-z-zda","status":"publish","type":"post","link":"https:\/\/hudo.com\/si\/aktualno\/bruselj-napoveduje-mascevalne-ukrepe-v-carinski-vojni-z-zda\/","title":{"rendered":"Bruselj napoveduje ma\u0161\u010devalne ukrepe v carinski vojni z ZDA"},"content":{"rendered":"<p>Ameri\u0161ko ministrstvo za trgovino je v petek predlagalo uvedbo visokih uvoznih carin za jeklo in aluminij, uvo\u017eeno iz Kitajske, Rusije in EU. S tem sledijo politiki ameri\u0161kega predsednika Donalda Trumpa, ki zagovarja in brani ameri\u0161ko gospodarstvo.<\/p>\n<p>&#8220;Sprejeli bomo primerne in potrebne ukrepe za branjenje evropske industrije in pripravljeni smo, da hitro reagiramo,&#8221; je poudaril Schinas. Dodal je, da EU ni v nikakr\u0161ni trgovinski vojni.<\/p>\n<p>Trump se mora do sredine aprila odlo\u010diti, kako bo ravnal v primeru uveljavitve novih carin, pri\u010dakovati pa je, da bi tak\u0161ni potezi sledile prito\u017ebe na Svetovno trgovinsko organizacijo. V Bruslju sicer danes niso \u017eeleli komentirati neuradnih informacij nem\u0161kega \u010dasnika Frankfurter Allgemeine Zeitung, da v komisiji \u017ee pripravljajo carine na uvo\u017eene motorje Harley-Davidson in viski.<\/p>\n<p>ZDA \u017eelijo z uvedbo visokih carin zmanj\u0161ati uvoz jekla in aluminija, ki sta se pocenila zaradi prevelike kitajske proizvodnje.<\/p>\n","protected":false},"excerpt":{"rendered":"<p>EU je danes opozorila, da bo v primeru uvedbe ameri\u0161kih carin za evropsko jeklo in aluminij, sprejela primerne ukrepe in branila svoje interese. Predstavnik Evropske komisije Margaritis Schinas je izrazil globoko zaskrbljenost nad kakr\u0161nimikoli sankcijami, uperjenimi proti evropskemu gospodarstvu, poro\u010da francoska tiskovna agencija AFP.<\/p>\n","protected":false},"author":7,"featured_media":363365,"comment_status":"closed","ping_status":"closed","sticky":false,"template":"","format":"standard","meta":{"footnotes":""},"categories":[1179],"tags":[5121,4545,2391,1682],"source":[4511],"supertag":[7541],"acf":[],"yoast_head":"<!-- This site is optimized with the Yoast SEO plugin v21.3 - https:\/\/yoast.com\/wordpress\/plugins\/seo\/ -->\n<title>Bruselj napoveduje ma\u0161\u010devalne ukrepe v carinski vojni z ZDA - Hudo Slovenija<\/title>\n<meta name=\"robots\" content=\"index, follow, max-snippet:-1, max-image-preview:large, max-video-preview:-1\" \/>\n<link rel=\"canonical\" href=\"https:\/\/hudo.com\/si\/aktualno\/bruselj-napoveduje-mascevalne-ukrepe-v-carinski-vojni-z-zda\/\" \/>\n<meta property=\"og:locale\" content=\"sl_SI\" \/>\n<meta property=\"og:type\" content=\"article\" \/>\n<meta property=\"og:title\" content=\"Bruselj napoveduje ma\u0161\u010devalne ukrepe v carinski vojni z ZDA - Hudo Slovenija\" \/>\n<meta property=\"og:description\" content=\"EU je danes opozorila, da bo v primeru uvedbe ameri\u0161kih carin za evropsko jeklo in aluminij, sprejela primerne ukrepe in branila svoje interese. Predstavnik Evropske komisije Margaritis Schinas je izrazil globoko zaskrbljenost nad kakr\u0161nimikoli sankcijami, uperjenimi proti evropskemu gospodarstvu, poro\u010da francoska tiskovna agencija AFP.\" \/>\n<meta property=\"og:url\" content=\"https:\/\/hudo.com\/si\/aktualno\/bruselj-napoveduje-mascevalne-ukrepe-v-carinski-vojni-z-zda\/\" \/>\n<meta property=\"og:site_name\" content=\"Hudo Slovenija\" \/>\n<meta property=\"article:publisher\" content=\"https:\/\/www.facebook.com\/hudo.si\" \/>\n<meta property=\"article:published_time\" content=\"2018-02-20T14:02:02+00:00\" \/>\n<meta property=\"og:image\" content=\"https:\/\/hudo.com\/si\/wp-content\/uploads\/sites\/2\/2018\/02\/profimedia-0103019620.jpg\" \/>\n\t<meta property=\"og:image:width\" content=\"1250\" \/>\n\t<meta property=\"og:image:height\" content=\"833\" \/>\n\t<meta property=\"og:image:type\" content=\"image\/jpeg\" \/>\n<meta name=\"author\" content=\"A. P., STA\" \/>\n<meta name=\"twitter:card\" content=\"summary_large_image\" \/>\n<meta name=\"twitter:creator\" content=\"@hudo_si\" \/>\n<meta name=\"twitter:site\" content=\"@hudo_si\" \/>\n<meta name=\"twitter:label1\" content=\"Written by\" \/>\n\t<meta name=\"twitter:data1\" content=\"A. P., STA\" \/>\n\t<meta name=\"twitter:label2\" content=\"Est. reading time\" \/>\n\t<meta name=\"twitter:data2\" content=\"1 minuta\" \/>\n<script type=\"application\/ld+json\" class=\"yoast-schema-graph\">{\"@context\":\"https:\/\/schema.org\",\"@graph\":[{\"@type\":\"Article\",\"@id\":\"https:\/\/hudo.com\/si\/aktualno\/bruselj-napoveduje-mascevalne-ukrepe-v-carinski-vojni-z-zda\/#article\",\"isPartOf\":{\"@id\":\"https:\/\/hudo.com\/si\/aktualno\/bruselj-napoveduje-mascevalne-ukrepe-v-carinski-vojni-z-zda\/\"},\"author\":{\"name\":\"A. P., STA\",\"@id\":\"https:\/\/hudo.com\/si\/#\/schema\/person\/18f09c02475ba9e606e941a565b80cff\"},\"headline\":\"Bruselj napoveduje ma\u0161\u010devalne ukrepe v carinski vojni z ZDA\",\"datePublished\":\"2018-02-20T14:02:02+00:00\",\"dateModified\":\"2018-02-20T14:02:02+00:00\",\"mainEntityOfPage\":{\"@id\":\"https:\/\/hudo.com\/si\/aktualno\/bruselj-napoveduje-mascevalne-ukrepe-v-carinski-vojni-z-zda\/\"},\"wordCount\":159,\"publisher\":{\"@id\":\"https:\/\/hudo.com\/si\/#organization\"},\"keywords\":[\"carina\",\"Evropska komisija\",\"gospodarstvo\",\"ZDA\"],\"articleSection\":[\"Aktualno\"],\"inLanguage\":\"sl-SI\"},{\"@type\":\"WebPage\",\"@id\":\"https:\/\/hudo.com\/si\/aktualno\/bruselj-napoveduje-mascevalne-ukrepe-v-carinski-vojni-z-zda\/\",\"url\":\"https:\/\/hudo.com\/si\/aktualno\/bruselj-napoveduje-mascevalne-ukrepe-v-carinski-vojni-z-zda\/\",\"name\":\"Bruselj napoveduje ma\u0161\u010devalne ukrepe v carinski vojni z ZDA - Hudo Slovenija\",\"isPartOf\":{\"@id\":\"https:\/\/hudo.com\/si\/#website\"},\"datePublished\":\"2018-02-20T14:02:02+00:00\",\"dateModified\":\"2018-02-20T14:02:02+00:00\",\"breadcrumb\":{\"@id\":\"https:\/\/hudo.com\/si\/aktualno\/bruselj-napoveduje-mascevalne-ukrepe-v-carinski-vojni-z-zda\/#breadcrumb\"},\"inLanguage\":\"sl-SI\",\"potentialAction\":[{\"@type\":\"ReadAction\",\"target\":[\"https:\/\/hudo.com\/si\/aktualno\/bruselj-napoveduje-mascevalne-ukrepe-v-carinski-vojni-z-zda\/\"]}]},{\"@type\":\"BreadcrumbList\",\"@id\":\"https:\/\/hudo.com\/si\/aktualno\/bruselj-napoveduje-mascevalne-ukrepe-v-carinski-vojni-z-zda\/#breadcrumb\",\"itemListElement\":[{\"@type\":\"ListItem\",\"position\":1,\"name\":\"Home\",\"item\":\"https:\/\/hudo.com\/si\/\"},{\"@type\":\"ListItem\",\"position\":2,\"name\":\"Bruselj napoveduje ma\u0161\u010devalne ukrepe v carinski vojni z ZDA\"}]},{\"@type\":\"WebSite\",\"@id\":\"https:\/\/hudo.com\/si\/#website\",\"url\":\"https:\/\/hudo.com\/si\/\",\"name\":\"Hudo Slovenija\",\"description\":\"Vse novice iz Slovenije in sveta\",\"publisher\":{\"@id\":\"https:\/\/hudo.com\/si\/#organization\"},\"potentialAction\":[{\"@type\":\"SearchAction\",\"target\":{\"@type\":\"EntryPoint\",\"urlTemplate\":\"https:\/\/hudo.com\/si\/?s={search_term_string}\"},\"query-input\":\"required name=search_term_string\"}],\"inLanguage\":\"sl-SI\"},{\"@type\":\"Organization\",\"@id\":\"https:\/\/hudo.com\/si\/#organization\",\"name\":\"VSN Media\",\"url\":\"https:\/\/hudo.com\/si\/\",\"logo\":{\"@type\":\"ImageObject\",\"inLanguage\":\"sl-SI\",\"@id\":\"https:\/\/hudo.com\/si\/#\/schema\/logo\/image\/\",\"url\":\"https:\/\/hudo.com\/si\/wp-content\/uploads\/sites\/2\/2021\/03\/hudo-app-2.png\",\"contentUrl\":\"https:\/\/hudo.com\/si\/wp-content\/uploads\/sites\/2\/2021\/03\/hudo-app-2.png\",\"width\":2185,\"height\":2167,\"caption\":\"VSN Media\"},\"image\":{\"@id\":\"https:\/\/hudo.com\/si\/#\/schema\/logo\/image\/\"},\"sameAs\":[\"https:\/\/www.facebook.com\/hudo.si\",\"https:\/\/twitter.com\/hudo_si\"]},{\"@type\":\"Person\",\"@id\":\"https:\/\/hudo.com\/si\/#\/schema\/person\/18f09c02475ba9e606e941a565b80cff\",\"name\":\"A. P., STA\",\"image\":{\"@type\":\"ImageObject\",\"inLanguage\":\"sl-SI\",\"@id\":\"https:\/\/hudo.com\/si\/#\/schema\/person\/image\/\",\"url\":\"https:\/\/secure.gravatar.com\/avatar\/03eac8e609f5f04383125d80eaeaaf3e?s=96&d=mm&r=g\",\"contentUrl\":\"https:\/\/secure.gravatar.com\/avatar\/03eac8e609f5f04383125d80eaeaaf3e?s=96&d=mm&r=g\",\"caption\":\"A. P., STA\"},\"url\":\"https:\/\/hudo.com\/si\/author\/lubu\/\"}]}<\/script>\n<!-- \/ Yoast SEO plugin. -->","yoast_head_json":{"title":"Bruselj napoveduje ma\u0161\u010devalne ukrepe v carinski vojni z ZDA - Hudo Slovenija","robots":{"index":"index","follow":"follow","max-snippet":"max-snippet:-1","max-image-preview":"max-image-preview:large","max-video-preview":"max-video-preview:-1"},"canonical":"https:\/\/hudo.com\/si\/aktualno\/bruselj-napoveduje-mascevalne-ukrepe-v-carinski-vojni-z-zda\/","og_locale":"sl_SI","og_type":"article","og_title":"Bruselj napoveduje ma\u0161\u010devalne ukrepe v carinski vojni z ZDA - Hudo Slovenija","og_description":"EU je danes opozorila, da bo v primeru uvedbe ameri\u0161kih carin za evropsko jeklo in aluminij, sprejela primerne ukrepe in branila svoje interese. Predstavnik Evropske komisije Margaritis Schinas je izrazil globoko zaskrbljenost nad kakr\u0161nimikoli sankcijami, uperjenimi proti evropskemu gospodarstvu, poro\u010da francoska tiskovna agencija AFP.","og_url":"https:\/\/hudo.com\/si\/aktualno\/bruselj-napoveduje-mascevalne-ukrepe-v-carinski-vojni-z-zda\/","og_site_name":"Hudo Slovenija","article_publisher":"https:\/\/www.facebook.com\/hudo.si","article_published_time":"2018-02-20T14:02:02+00:00","og_image":[{"width":1250,"height":833,"url":"https:\/\/hudo.com\/si\/wp-content\/uploads\/sites\/2\/2018\/02\/profimedia-0103019620.jpg","type":"image\/jpeg"}],"author":"A. P., STA","twitter_card":"summary_large_image","twitter_creator":"@hudo_si","twitter_site":"@hudo_si","twitter_misc":{"Written by":"A. P., STA","Est. reading time":"1 minuta"},"schema":{"@context":"https:\/\/schema.org","@graph":[{"@type":"Article","@id":"https:\/\/hudo.com\/si\/aktualno\/bruselj-napoveduje-mascevalne-ukrepe-v-carinski-vojni-z-zda\/#article","isPartOf":{"@id":"https:\/\/hudo.com\/si\/aktualno\/bruselj-napoveduje-mascevalne-ukrepe-v-carinski-vojni-z-zda\/"},"author":{"name":"A. P., STA","@id":"https:\/\/hudo.com\/si\/#\/schema\/person\/18f09c02475ba9e606e941a565b80cff"},"headline":"Bruselj napoveduje ma\u0161\u010devalne ukrepe v carinski vojni z ZDA","datePublished":"2018-02-20T14:02:02+00:00","dateModified":"2018-02-20T14:02:02+00:00","mainEntityOfPage":{"@id":"https:\/\/hudo.com\/si\/aktualno\/bruselj-napoveduje-mascevalne-ukrepe-v-carinski-vojni-z-zda\/"},"wordCount":159,"publisher":{"@id":"https:\/\/hudo.com\/si\/#organization"},"keywords":["carina","Evropska komisija","gospodarstvo","ZDA"],"articleSection":["Aktualno"],"inLanguage":"sl-SI"},{"@type":"WebPage","@id":"https:\/\/hudo.com\/si\/aktualno\/bruselj-napoveduje-mascevalne-ukrepe-v-carinski-vojni-z-zda\/","url":"https:\/\/hudo.com\/si\/aktualno\/bruselj-napoveduje-mascevalne-ukrepe-v-carinski-vojni-z-zda\/","name":"Bruselj napoveduje ma\u0161\u010devalne ukrepe v carinski vojni z ZDA - Hudo Slovenija","isPartOf":{"@id":"https:\/\/hudo.com\/si\/#website"},"datePublished":"2018-02-20T14:02:02+00:00","dateModified":"2018-02-20T14:02:02+00:00","breadcrumb":{"@id":"https:\/\/hudo.com\/si\/aktualno\/bruselj-napoveduje-mascevalne-ukrepe-v-carinski-vojni-z-zda\/#breadcrumb"},"inLanguage":"sl-SI","potentialAction":[{"@type":"ReadAction","target":["https:\/\/hudo.com\/si\/aktualno\/bruselj-napoveduje-mascevalne-ukrepe-v-carinski-vojni-z-zda\/"]}]},{"@type":"BreadcrumbList","@id":"https:\/\/hudo.com\/si\/aktualno\/bruselj-napoveduje-mascevalne-ukrepe-v-carinski-vojni-z-zda\/#breadcrumb","itemListElement":[{"@type":"ListItem","position":1,"name":"Home","item":"https:\/\/hudo.com\/si\/"},{"@type":"ListItem","position":2,"name":"Bruselj napoveduje ma\u0161\u010devalne ukrepe v carinski vojni z ZDA"}]},{"@type":"WebSite","@id":"https:\/\/hudo.com\/si\/#website","url":"https:\/\/hudo.com\/si\/","name":"Hudo Slovenija","description":"Vse novice iz Slovenije in sveta","publisher":{"@id":"https:\/\/hudo.com\/si\/#organization"},"potentialAction":[{"@type":"SearchAction","target":{"@type":"EntryPoint","urlTemplate":"https:\/\/hudo.com\/si\/?s={search_term_string}"},"query-input":"required name=search_term_string"}],"inLanguage":"sl-SI"},{"@type":"Organization","@id":"https:\/\/hudo.com\/si\/#organization","name":"VSN Media","url":"https:\/\/hudo.com\/si\/","logo":{"@type":"ImageObject","inLanguage":"sl-SI","@id":"https:\/\/hudo.com\/si\/#\/schema\/logo\/image\/","url":"https:\/\/hudo.com\/si\/wp-content\/uploads\/sites\/2\/2021\/03\/hudo-app-2.png","contentUrl":"https:\/\/hudo.com\/si\/wp-content\/uploads\/sites\/2\/2021\/03\/hudo-app-2.png","width":2185,"height":2167,"caption":"VSN Media"},"image":{"@id":"https:\/\/hudo.com\/si\/#\/schema\/logo\/image\/"},"sameAs":["https:\/\/www.facebook.com\/hudo.si","https:\/\/twitter.com\/hudo_si"]},{"@type":"Person","@id":"https:\/\/hudo.com\/si\/#\/schema\/person\/18f09c02475ba9e606e941a565b80cff","name":"A. P., STA","image":{"@type":"ImageObject","inLanguage":"sl-SI","@id":"https:\/\/hudo.com\/si\/#\/schema\/person\/image\/","url":"https:\/\/secure.gravatar.com\/avatar\/03eac8e609f5f04383125d80eaeaaf3e?s=96&d=mm&r=g","contentUrl":"https:\/\/secure.gravatar.com\/avatar\/03eac8e609f5f04383125d80eaeaaf3e?s=96&d=mm&r=g","caption":"A. P., STA"},"url":"https:\/\/hudo.com\/si\/author\/lubu\/"}]}},"amp_enabled":true,"_links":{"self":[{"href":"https:\/\/hudo.com\/si\/wp-json\/wp\/v2\/posts\/363364"}],"collection":[{"href":"https:\/\/hudo.com\/si\/wp-json\/wp\/v2\/posts"}],"about":[{"href":"https:\/\/hudo.com\/si\/wp-json\/wp\/v2\/types\/post"}],"author":[{"embeddable":true,"href":"https:\/\/hudo.com\/si\/wp-json\/wp\/v2\/users\/7"}],"replies":[{"embeddable":true,"href":"https:\/\/hudo.com\/si\/wp-json\/wp\/v2\/comments?post=363364"}],"version-history":[{"count":1,"href":"https:\/\/hudo.com\/si\/wp-json\/wp\/v2\/posts\/363364\/revisions"}],"predecessor-version":[{"id":363366,"href":"https:\/\/hudo.com\/si\/wp-json\/wp\/v2\/posts\/363364\/revisions\/363366"}],"wp:featuredmedia":[{"embeddable":true,"href":"https:\/\/hudo.com\/si\/wp-json\/wp\/v2\/media\/363365"}],"wp:attachment":[{"href":"https:\/\/hudo.com\/si\/wp-json\/wp\/v2\/media?parent=363364"}],"wp:term":[{"taxonomy":"category","embeddable":true,"href":"https:\/\/hudo.com\/si\/wp-json\/wp\/v2\/categories?post=363364"},{"taxonomy":"post_tag","embeddable":true,"href":"https:\/\/hudo.com\/si\/wp-json\/wp\/v2\/tags?post=363364"},{"taxonomy":"source","embeddable":true,"href":"https:\/\/hudo.com\/si\/wp-json\/wp\/v2\/source?post=363364"},{"taxonomy":"supertag","embeddable":true,"href":"https:\/\/hudo.com\/si\/wp-json\/wp\/v2\/supertag?post=363364"}],"curies":[{"name":"wp","href":"https:\/\/api.w.org\/{rel}","templated":true}]}}