{"id":363448,"date":"2018-02-20T19:00:04","date_gmt":"2018-02-20T18:00:04","guid":{"rendered":"http:\/\/hudo.com\/si\/?p=363448"},"modified":"2018-02-20T19:00:04","modified_gmt":"2018-02-20T18:00:04","slug":"cerar-od-katiceve-zahteva-naj-znotraj-svojega-resorja-vzpostavi-nadzor-nemudoma-ukrepa","status":"publish","type":"post","link":"https:\/\/hudo.com\/si\/aktualno\/cerar-od-katiceve-zahteva-naj-znotraj-svojega-resorja-vzpostavi-nadzor-nemudoma-ukrepa\/","title":{"rendered":"Cerar od Kati\u010deve zahteva, naj znotraj svojega resorja vzpostavi nadzor in nemudoma ukrepa"},"content":{"rendered":"<div class=\"text\">\n<p>Kot so v sporo\u010dilu za javnost zapisali v kabinetu predsednika vlade, slednji pri\u010dakuje, da bo ministrica na \u010detrtkovi seji vlade predvsem pojasnila, kako so lahko pripadniki Slovenske vojske, kljub zagotovljenim dodatnim finan\u010dnim sredstvom, opremljeni z neprimerno novo opremo in kdo nosi odgovornost za neustrezno usposobljenost vojakov 74. polka Slovenske vojske.<\/p>\n<p>Portal 24ur.com je namre\u010d danes poro\u010dal, da bi morala Slovenija do 1. aprila poskrbeti, da je 800 vojakov 72. brigade operativno sposobnih, a so se na preverjanju bojnih sposobnosti na Po\u010dku minuli teden slabo izkazali. Ocenjevalna skupina Nata jih je namre\u010d na \u0161tirih podro\u010djih ocenila kot &#8220;combat not ready&#8221;, torej nepripravljeni za boj, na enem podro\u010dju pa kot &#8220;combat ready&#8221; oz. pripravljeni na boj. Ker je oceno &#8220;combat not ready&#8221; bataljonska bojna skupina prejela na ve\u010d kot dveh podro\u010djih, se po pravilih Nata \u0161teje, da je tudi skupna ocena skupine taka.<\/p>\n<p>Portal je tudi poro\u010dal, da so nekateri vojaki pri usposabljanju dobili tudi ozebline, \u010deprav je pohodna oprema nova.<\/p>\n<p>Ministrica je po poro\u010danju portala ogor\u010dena, saj naj bi o dogajanju na Po\u010dku izvedela \u0161ele po tistem, ko so zanj izvedeli novinarji. Odgovornost za stanje prelaga na na\u010delnika general\u0161taba Slovenske vojske Andreja Ostermana, s katerim sta \u017ee nekaj \u010dasa v slabih odnosih.<\/p>\n<p>V Slovenski vojski naj bi se odzvali v sredo.<\/p>\n<\/div>\n","protected":false},"excerpt":{"rendered":"<p>Predsednik vlade Miro Cerar je v odzivu na dogajanje ob preverjanju pripravljenosti bataljonske bojne skupine 72. brigade Slovenske vojske izrazil zaskrbljenost. Od ministrice za obrambo Andreje Kati\u010d zahteva, naj znotraj resorja vzpostavi nadzor in nemudoma ukrepa. Pojasnila od ministrice pri\u010dakuje tudi na \u010detrtkovi seji vlade.<\/p>\n","protected":false},"author":5,"featured_media":209300,"comment_status":"closed","ping_status":"closed","sticky":false,"template":"","format":"standard","meta":{"footnotes":""},"categories":[1179],"tags":[4546,6890,2173,4550,4777,1595,5219],"source":[4511],"supertag":[],"acf":[],"yoast_head":"<!-- This site is optimized with the Yoast SEO plugin v21.3 - https:\/\/yoast.com\/wordpress\/plugins\/seo\/ -->\n<title>Cerar od Kati\u010deve zahteva, naj znotraj svojega resorja vzpostavi nadzor in nemudoma ukrepa - Hudo Slovenija<\/title>\n<meta name=\"robots\" content=\"index, follow, max-snippet:-1, max-image-preview:large, max-video-preview:-1\" \/>\n<link rel=\"canonical\" href=\"https:\/\/hudo.com\/si\/aktualno\/cerar-od-katiceve-zahteva-naj-znotraj-svojega-resorja-vzpostavi-nadzor-nemudoma-ukrepa\/\" \/>\n<meta property=\"og:locale\" content=\"sl_SI\" \/>\n<meta property=\"og:type\" content=\"article\" \/>\n<meta property=\"og:title\" content=\"Cerar od Kati\u010deve zahteva, naj znotraj svojega resorja vzpostavi nadzor in nemudoma ukrepa - Hudo Slovenija\" \/>\n<meta property=\"og:description\" content=\"Predsednik vlade Miro Cerar je v odzivu na dogajanje ob preverjanju pripravljenosti bataljonske bojne skupine 72. brigade Slovenske vojske izrazil zaskrbljenost. Od ministrice za obrambo Andreje Kati\u010d zahteva, naj znotraj resorja vzpostavi nadzor in nemudoma ukrepa. Pojasnila od ministrice pri\u010dakuje tudi na \u010detrtkovi seji vlade.\" \/>\n<meta property=\"og:url\" content=\"https:\/\/hudo.com\/si\/aktualno\/cerar-od-katiceve-zahteva-naj-znotraj-svojega-resorja-vzpostavi-nadzor-nemudoma-ukrepa\/\" \/>\n<meta property=\"og:site_name\" content=\"Hudo Slovenija\" \/>\n<meta property=\"article:publisher\" content=\"https:\/\/www.facebook.com\/hudo.si\" \/>\n<meta property=\"article:published_time\" content=\"2018-02-20T18:00:04+00:00\" \/>\n<meta property=\"og:image\" content=\"https:\/\/hudo.com\/si\/wp-content\/uploads\/sites\/2\/2017\/02\/profimedia-0305070451.jpg\" \/>\n\t<meta property=\"og:image:width\" content=\"1250\" \/>\n\t<meta property=\"og:image:height\" content=\"782\" \/>\n\t<meta property=\"og:image:type\" content=\"image\/jpeg\" \/>\n<meta name=\"author\" content=\"A. G., STA\" \/>\n<meta name=\"twitter:card\" content=\"summary_large_image\" \/>\n<meta name=\"twitter:creator\" content=\"@hudo_si\" \/>\n<meta name=\"twitter:site\" content=\"@hudo_si\" \/>\n<meta name=\"twitter:label1\" content=\"Written by\" \/>\n\t<meta name=\"twitter:data1\" content=\"A. G., STA\" \/>\n\t<meta name=\"twitter:label2\" content=\"Est. reading time\" \/>\n\t<meta name=\"twitter:data2\" content=\"1 minuta\" \/>\n<script type=\"application\/ld+json\" class=\"yoast-schema-graph\">{\"@context\":\"https:\/\/schema.org\",\"@graph\":[{\"@type\":\"Article\",\"@id\":\"https:\/\/hudo.com\/si\/aktualno\/cerar-od-katiceve-zahteva-naj-znotraj-svojega-resorja-vzpostavi-nadzor-nemudoma-ukrepa\/#article\",\"isPartOf\":{\"@id\":\"https:\/\/hudo.com\/si\/aktualno\/cerar-od-katiceve-zahteva-naj-znotraj-svojega-resorja-vzpostavi-nadzor-nemudoma-ukrepa\/\"},\"author\":{\"name\":\"A. G., STA\",\"@id\":\"https:\/\/hudo.com\/si\/#\/schema\/person\/2391667a63ea075ba94f2f2dc6b77537\"},\"headline\":\"Cerar od Kati\u010deve zahteva, naj znotraj svojega resorja vzpostavi nadzor in nemudoma ukrepa\",\"datePublished\":\"2018-02-20T18:00:04+00:00\",\"dateModified\":\"2018-02-20T18:00:04+00:00\",\"mainEntityOfPage\":{\"@id\":\"https:\/\/hudo.com\/si\/aktualno\/cerar-od-katiceve-zahteva-naj-znotraj-svojega-resorja-vzpostavi-nadzor-nemudoma-ukrepa\/\"},\"wordCount\":235,\"publisher\":{\"@id\":\"https:\/\/hudo.com\/si\/#organization\"},\"keywords\":[\"Andreja Kati\u010d\",\"financiranje\",\"Miro Cerar\",\"Nato\",\"odzivi\",\"Slovenija\",\"Slovenska vojska\"],\"articleSection\":[\"Aktualno\"],\"inLanguage\":\"sl-SI\"},{\"@type\":\"WebPage\",\"@id\":\"https:\/\/hudo.com\/si\/aktualno\/cerar-od-katiceve-zahteva-naj-znotraj-svojega-resorja-vzpostavi-nadzor-nemudoma-ukrepa\/\",\"url\":\"https:\/\/hudo.com\/si\/aktualno\/cerar-od-katiceve-zahteva-naj-znotraj-svojega-resorja-vzpostavi-nadzor-nemudoma-ukrepa\/\",\"name\":\"Cerar od Kati\u010deve zahteva, naj znotraj svojega resorja vzpostavi nadzor in nemudoma ukrepa - Hudo Slovenija\",\"isPartOf\":{\"@id\":\"https:\/\/hudo.com\/si\/#website\"},\"datePublished\":\"2018-02-20T18:00:04+00:00\",\"dateModified\":\"2018-02-20T18:00:04+00:00\",\"breadcrumb\":{\"@id\":\"https:\/\/hudo.com\/si\/aktualno\/cerar-od-katiceve-zahteva-naj-znotraj-svojega-resorja-vzpostavi-nadzor-nemudoma-ukrepa\/#breadcrumb\"},\"inLanguage\":\"sl-SI\",\"potentialAction\":[{\"@type\":\"ReadAction\",\"target\":[\"https:\/\/hudo.com\/si\/aktualno\/cerar-od-katiceve-zahteva-naj-znotraj-svojega-resorja-vzpostavi-nadzor-nemudoma-ukrepa\/\"]}]},{\"@type\":\"BreadcrumbList\",\"@id\":\"https:\/\/hudo.com\/si\/aktualno\/cerar-od-katiceve-zahteva-naj-znotraj-svojega-resorja-vzpostavi-nadzor-nemudoma-ukrepa\/#breadcrumb\",\"itemListElement\":[{\"@type\":\"ListItem\",\"position\":1,\"name\":\"Home\",\"item\":\"https:\/\/hudo.com\/si\/\"},{\"@type\":\"ListItem\",\"position\":2,\"name\":\"Cerar od Kati\u010deve zahteva, naj znotraj svojega resorja vzpostavi nadzor in nemudoma ukrepa\"}]},{\"@type\":\"WebSite\",\"@id\":\"https:\/\/hudo.com\/si\/#website\",\"url\":\"https:\/\/hudo.com\/si\/\",\"name\":\"Hudo Slovenija\",\"description\":\"Vse novice iz Slovenije in sveta\",\"publisher\":{\"@id\":\"https:\/\/hudo.com\/si\/#organization\"},\"potentialAction\":[{\"@type\":\"SearchAction\",\"target\":{\"@type\":\"EntryPoint\",\"urlTemplate\":\"https:\/\/hudo.com\/si\/?s={search_term_string}\"},\"query-input\":\"required name=search_term_string\"}],\"inLanguage\":\"sl-SI\"},{\"@type\":\"Organization\",\"@id\":\"https:\/\/hudo.com\/si\/#organization\",\"name\":\"VSN Media\",\"url\":\"https:\/\/hudo.com\/si\/\",\"logo\":{\"@type\":\"ImageObject\",\"inLanguage\":\"sl-SI\",\"@id\":\"https:\/\/hudo.com\/si\/#\/schema\/logo\/image\/\",\"url\":\"https:\/\/hudo.com\/si\/wp-content\/uploads\/sites\/2\/2021\/03\/hudo-app-2.png\",\"contentUrl\":\"https:\/\/hudo.com\/si\/wp-content\/uploads\/sites\/2\/2021\/03\/hudo-app-2.png\",\"width\":2185,\"height\":2167,\"caption\":\"VSN Media\"},\"image\":{\"@id\":\"https:\/\/hudo.com\/si\/#\/schema\/logo\/image\/\"},\"sameAs\":[\"https:\/\/www.facebook.com\/hudo.si\",\"https:\/\/twitter.com\/hudo_si\"]},{\"@type\":\"Person\",\"@id\":\"https:\/\/hudo.com\/si\/#\/schema\/person\/2391667a63ea075ba94f2f2dc6b77537\",\"name\":\"A. G., STA\",\"image\":{\"@type\":\"ImageObject\",\"inLanguage\":\"sl-SI\",\"@id\":\"https:\/\/hudo.com\/si\/#\/schema\/person\/image\/\",\"url\":\"https:\/\/secure.gravatar.com\/avatar\/e13d22ac3e442658d5025fbbe6238a79?s=96&d=mm&r=g\",\"contentUrl\":\"https:\/\/secure.gravatar.com\/avatar\/e13d22ac3e442658d5025fbbe6238a79?s=96&d=mm&r=g\",\"caption\":\"A. G., STA\"},\"url\":\"https:\/\/hudo.com\/si\/author\/alenka\/\"}]}<\/script>\n<!-- \/ Yoast SEO plugin. -->","yoast_head_json":{"title":"Cerar od Kati\u010deve zahteva, naj znotraj svojega resorja vzpostavi nadzor in nemudoma ukrepa - Hudo Slovenija","robots":{"index":"index","follow":"follow","max-snippet":"max-snippet:-1","max-image-preview":"max-image-preview:large","max-video-preview":"max-video-preview:-1"},"canonical":"https:\/\/hudo.com\/si\/aktualno\/cerar-od-katiceve-zahteva-naj-znotraj-svojega-resorja-vzpostavi-nadzor-nemudoma-ukrepa\/","og_locale":"sl_SI","og_type":"article","og_title":"Cerar od Kati\u010deve zahteva, naj znotraj svojega resorja vzpostavi nadzor in nemudoma ukrepa - Hudo Slovenija","og_description":"Predsednik vlade Miro Cerar je v odzivu na dogajanje ob preverjanju pripravljenosti bataljonske bojne skupine 72. brigade Slovenske vojske izrazil zaskrbljenost. Od ministrice za obrambo Andreje Kati\u010d zahteva, naj znotraj resorja vzpostavi nadzor in nemudoma ukrepa. Pojasnila od ministrice pri\u010dakuje tudi na \u010detrtkovi seji vlade.","og_url":"https:\/\/hudo.com\/si\/aktualno\/cerar-od-katiceve-zahteva-naj-znotraj-svojega-resorja-vzpostavi-nadzor-nemudoma-ukrepa\/","og_site_name":"Hudo Slovenija","article_publisher":"https:\/\/www.facebook.com\/hudo.si","article_published_time":"2018-02-20T18:00:04+00:00","og_image":[{"width":1250,"height":782,"url":"https:\/\/hudo.com\/si\/wp-content\/uploads\/sites\/2\/2017\/02\/profimedia-0305070451.jpg","type":"image\/jpeg"}],"author":"A. G., STA","twitter_card":"summary_large_image","twitter_creator":"@hudo_si","twitter_site":"@hudo_si","twitter_misc":{"Written by":"A. G., STA","Est. reading time":"1 minuta"},"schema":{"@context":"https:\/\/schema.org","@graph":[{"@type":"Article","@id":"https:\/\/hudo.com\/si\/aktualno\/cerar-od-katiceve-zahteva-naj-znotraj-svojega-resorja-vzpostavi-nadzor-nemudoma-ukrepa\/#article","isPartOf":{"@id":"https:\/\/hudo.com\/si\/aktualno\/cerar-od-katiceve-zahteva-naj-znotraj-svojega-resorja-vzpostavi-nadzor-nemudoma-ukrepa\/"},"author":{"name":"A. G., STA","@id":"https:\/\/hudo.com\/si\/#\/schema\/person\/2391667a63ea075ba94f2f2dc6b77537"},"headline":"Cerar od Kati\u010deve zahteva, naj znotraj svojega resorja vzpostavi nadzor in nemudoma ukrepa","datePublished":"2018-02-20T18:00:04+00:00","dateModified":"2018-02-20T18:00:04+00:00","mainEntityOfPage":{"@id":"https:\/\/hudo.com\/si\/aktualno\/cerar-od-katiceve-zahteva-naj-znotraj-svojega-resorja-vzpostavi-nadzor-nemudoma-ukrepa\/"},"wordCount":235,"publisher":{"@id":"https:\/\/hudo.com\/si\/#organization"},"keywords":["Andreja Kati\u010d","financiranje","Miro Cerar","Nato","odzivi","Slovenija","Slovenska vojska"],"articleSection":["Aktualno"],"inLanguage":"sl-SI"},{"@type":"WebPage","@id":"https:\/\/hudo.com\/si\/aktualno\/cerar-od-katiceve-zahteva-naj-znotraj-svojega-resorja-vzpostavi-nadzor-nemudoma-ukrepa\/","url":"https:\/\/hudo.com\/si\/aktualno\/cerar-od-katiceve-zahteva-naj-znotraj-svojega-resorja-vzpostavi-nadzor-nemudoma-ukrepa\/","name":"Cerar od Kati\u010deve zahteva, naj znotraj svojega resorja vzpostavi nadzor in nemudoma ukrepa - Hudo Slovenija","isPartOf":{"@id":"https:\/\/hudo.com\/si\/#website"},"datePublished":"2018-02-20T18:00:04+00:00","dateModified":"2018-02-20T18:00:04+00:00","breadcrumb":{"@id":"https:\/\/hudo.com\/si\/aktualno\/cerar-od-katiceve-zahteva-naj-znotraj-svojega-resorja-vzpostavi-nadzor-nemudoma-ukrepa\/#breadcrumb"},"inLanguage":"sl-SI","potentialAction":[{"@type":"ReadAction","target":["https:\/\/hudo.com\/si\/aktualno\/cerar-od-katiceve-zahteva-naj-znotraj-svojega-resorja-vzpostavi-nadzor-nemudoma-ukrepa\/"]}]},{"@type":"BreadcrumbList","@id":"https:\/\/hudo.com\/si\/aktualno\/cerar-od-katiceve-zahteva-naj-znotraj-svojega-resorja-vzpostavi-nadzor-nemudoma-ukrepa\/#breadcrumb","itemListElement":[{"@type":"ListItem","position":1,"name":"Home","item":"https:\/\/hudo.com\/si\/"},{"@type":"ListItem","position":2,"name":"Cerar od Kati\u010deve zahteva, naj znotraj svojega resorja vzpostavi nadzor in nemudoma ukrepa"}]},{"@type":"WebSite","@id":"https:\/\/hudo.com\/si\/#website","url":"https:\/\/hudo.com\/si\/","name":"Hudo Slovenija","description":"Vse novice iz Slovenije in sveta","publisher":{"@id":"https:\/\/hudo.com\/si\/#organization"},"potentialAction":[{"@type":"SearchAction","target":{"@type":"EntryPoint","urlTemplate":"https:\/\/hudo.com\/si\/?s={search_term_string}"},"query-input":"required name=search_term_string"}],"inLanguage":"sl-SI"},{"@type":"Organization","@id":"https:\/\/hudo.com\/si\/#organization","name":"VSN Media","url":"https:\/\/hudo.com\/si\/","logo":{"@type":"ImageObject","inLanguage":"sl-SI","@id":"https:\/\/hudo.com\/si\/#\/schema\/logo\/image\/","url":"https:\/\/hudo.com\/si\/wp-content\/uploads\/sites\/2\/2021\/03\/hudo-app-2.png","contentUrl":"https:\/\/hudo.com\/si\/wp-content\/uploads\/sites\/2\/2021\/03\/hudo-app-2.png","width":2185,"height":2167,"caption":"VSN Media"},"image":{"@id":"https:\/\/hudo.com\/si\/#\/schema\/logo\/image\/"},"sameAs":["https:\/\/www.facebook.com\/hudo.si","https:\/\/twitter.com\/hudo_si"]},{"@type":"Person","@id":"https:\/\/hudo.com\/si\/#\/schema\/person\/2391667a63ea075ba94f2f2dc6b77537","name":"A. G., STA","image":{"@type":"ImageObject","inLanguage":"sl-SI","@id":"https:\/\/hudo.com\/si\/#\/schema\/person\/image\/","url":"https:\/\/secure.gravatar.com\/avatar\/e13d22ac3e442658d5025fbbe6238a79?s=96&d=mm&r=g","contentUrl":"https:\/\/secure.gravatar.com\/avatar\/e13d22ac3e442658d5025fbbe6238a79?s=96&d=mm&r=g","caption":"A. G., STA"},"url":"https:\/\/hudo.com\/si\/author\/alenka\/"}]}},"amp_enabled":true,"_links":{"self":[{"href":"https:\/\/hudo.com\/si\/wp-json\/wp\/v2\/posts\/363448"}],"collection":[{"href":"https:\/\/hudo.com\/si\/wp-json\/wp\/v2\/posts"}],"about":[{"href":"https:\/\/hudo.com\/si\/wp-json\/wp\/v2\/types\/post"}],"author":[{"embeddable":true,"href":"https:\/\/hudo.com\/si\/wp-json\/wp\/v2\/users\/5"}],"replies":[{"embeddable":true,"href":"https:\/\/hudo.com\/si\/wp-json\/wp\/v2\/comments?post=363448"}],"version-history":[{"count":1,"href":"https:\/\/hudo.com\/si\/wp-json\/wp\/v2\/posts\/363448\/revisions"}],"predecessor-version":[{"id":363449,"href":"https:\/\/hudo.com\/si\/wp-json\/wp\/v2\/posts\/363448\/revisions\/363449"}],"wp:featuredmedia":[{"embeddable":true,"href":"https:\/\/hudo.com\/si\/wp-json\/wp\/v2\/media\/209300"}],"wp:attachment":[{"href":"https:\/\/hudo.com\/si\/wp-json\/wp\/v2\/media?parent=363448"}],"wp:term":[{"taxonomy":"category","embeddable":true,"href":"https:\/\/hudo.com\/si\/wp-json\/wp\/v2\/categories?post=363448"},{"taxonomy":"post_tag","embeddable":true,"href":"https:\/\/hudo.com\/si\/wp-json\/wp\/v2\/tags?post=363448"},{"taxonomy":"source","embeddable":true,"href":"https:\/\/hudo.com\/si\/wp-json\/wp\/v2\/source?post=363448"},{"taxonomy":"supertag","embeddable":true,"href":"https:\/\/hudo.com\/si\/wp-json\/wp\/v2\/supertag?post=363448"}],"curies":[{"name":"wp","href":"https:\/\/api.w.org\/{rel}","templated":true}]}}