{"id":363478,"date":"2018-02-20T19:07:00","date_gmt":"2018-02-20T18:07:00","guid":{"rendered":"https:\/\/hudo.com\/si\/2018\/02\/20\/ministrica-soglasa-z-imenovanjem-sabedra-in-gucek-zakoskove\/"},"modified":"2018-02-20T19:07:00","modified_gmt":"2018-02-20T18:07:00","slug":"ministrica-soglasa-z-imenovanjem-sabedra-in-gucek-zakoskove","status":"publish","type":"post","link":"https:\/\/hudo.com\/si\/aktualno\/ministrica-soglasa-z-imenovanjem-sabedra-in-gucek-zakoskove\/","title":{"rendered":"Ministrica sogla\u0161a z imenovanjem \u0160abedra in Gu\u010dek Zako\u0161kove"},"content":{"rendered":"<p>Kategorija: Slovenija Tue, 20 Feb 2018 20:07:00 +0100  Ljubljana \u2013 Ministrica za zdravje Milojka Kolar Celarc je dala soglasje k imenovanju Ale\u0161a \u0160abedra za generalnega direktorja Univerzitetnega klini\u010dnega centra (UKC) Ljubljana in Margarete Gu\u010dek Zako\u0161ek za direktorico Splo\u0161ne bolni\u0161nice Celje v skladu s 14. \u010dlenom interventnega zakona o sanaciji bolni\u0161nic, je ministrstvo objavilo na dru\u017ebenem omre\u017eju twitter. Svet UKC Ljubljana je na sredini seji imenoval \u0160abedra za novega generalnega direktorja. \u0160abeder, ki vodi UKC kot v. d. generalnega direktorja od za\u010detka leto\u0161njega leta, se je zahvalil \u010dlanom sveta za soglasno podporo. Dejal je, da se zaveda, kako veliko odgovornost sprejema z vodenjem najve\u010dje slovenske bolni\u0161nice. \u0160abeder vidi sanacijo in uravnote\u017eeno poslovanje UKC kot klju\u010dni izziv tega vodstva. Poleg tega so prioritete graditev zaupanja bolnikov, ureditev podro\u010dja informatike ter u\u010dinkovitej\u0161a in bolj\u0161a organizacija dela v UKC. Cilji, ki si jih je\u00a0&#8230;<\/p>\n","protected":false},"excerpt":{"rendered":"<p>Kategorija: Slovenija Tue, 20 Feb 2018 20:07:00 +0100  Ljubljana \u2013 Ministrica za zdravje Milojka Kolar Celarc je dala soglasje k imenovanju Ale\u0161a \u0160abedra za generalnega direktorja Univerzitetnega klini\u010dnega centra (UKC) Ljubljana in Margarete Gu\u010dek Zako\u0161ek za direktorico Splo\u0161ne bolni\u0161nice Celje v skladu s 14. \u010dlenom interventnega zakona o sanaciji bolni\u0161nic, je ministrstvo objavilo na dru\u017ebenem omre\u017eju twitter. Svet UKC Ljubljana je na sredini seji imenoval \u0160abedra za novega generalnega direktorja. \u0160abeder, ki vodi UKC kot v. d. generalnega direktorja od za\u010detka leto\u0161njega leta, se je zahvalil \u010dlanom sveta za soglasno podporo. Dejal je, da se zaveda, kako veliko odgovornost sprejema z vodenjem najve\u010dje slovenske bolni\u0161nice. \u0160abeder vidi sanacijo in uravnote\u017eeno poslovanje UKC kot klju\u010dni izziv tega vodstva. Poleg tega so prioritete graditev zaupanja bolnikov, ureditev podro\u010dja informatike ter u\u010dinkovitej\u0161a in bolj\u0161a organizacija dela v UKC. Cilji, ki si jih je\u00a0&#8230;<\/p>\n","protected":false},"author":1,"featured_media":0,"comment_status":"closed","ping_status":"closed","sticky":false,"template":"","format":"standard","meta":{"footnotes":""},"categories":[1179],"tags":[],"source":[1703],"supertag":[],"acf":[],"yoast_head":"<!-- This site is optimized with the Yoast SEO plugin v21.3 - https:\/\/yoast.com\/wordpress\/plugins\/seo\/ -->\n<title>Ministrica sogla\u0161a z imenovanjem \u0160abedra in Gu\u010dek Zako\u0161kove - Hudo Slovenija<\/title>\n<meta name=\"robots\" content=\"index, follow, max-snippet:-1, max-image-preview:large, max-video-preview:-1\" \/>\n<link rel=\"canonical\" href=\"https:\/\/hudo.com\/si\/aktualno\/ministrica-soglasa-z-imenovanjem-sabedra-in-gucek-zakoskove\/\" \/>\n<meta property=\"og:locale\" content=\"sl_SI\" \/>\n<meta property=\"og:type\" content=\"article\" \/>\n<meta property=\"og:title\" content=\"Ministrica sogla\u0161a z imenovanjem \u0160abedra in Gu\u010dek Zako\u0161kove - Hudo Slovenija\" \/>\n<meta property=\"og:description\" content=\"Kategorija: Slovenija Tue, 20 Feb 2018 20:07:00 +0100 Ljubljana \u2013 Ministrica za zdravje Milojka Kolar Celarc je dala soglasje k imenovanju Ale\u0161a \u0160abedra za generalnega direktorja Univerzitetnega klini\u010dnega centra (UKC) Ljubljana in Margarete Gu\u010dek Zako\u0161ek za direktorico Splo\u0161ne bolni\u0161nice Celje v skladu s 14. \u010dlenom interventnega zakona o sanaciji bolni\u0161nic, je ministrstvo objavilo na dru\u017ebenem omre\u017eju twitter. Svet UKC Ljubljana je na sredini seji imenoval \u0160abedra za novega generalnega direktorja. \u0160abeder, ki vodi UKC kot v. d. generalnega direktorja od za\u010detka leto\u0161njega leta, se je zahvalil \u010dlanom sveta za soglasno podporo. Dejal je, da se zaveda, kako veliko odgovornost sprejema z vodenjem najve\u010dje slovenske bolni\u0161nice. \u0160abeder vidi sanacijo in uravnote\u017eeno poslovanje UKC kot klju\u010dni izziv tega vodstva. Poleg tega so prioritete graditev zaupanja bolnikov, ureditev podro\u010dja informatike ter u\u010dinkovitej\u0161a in bolj\u0161a organizacija dela v UKC. Cilji, ki si jih je\u00a0...\" \/>\n<meta property=\"og:url\" content=\"https:\/\/hudo.com\/si\/aktualno\/ministrica-soglasa-z-imenovanjem-sabedra-in-gucek-zakoskove\/\" \/>\n<meta property=\"og:site_name\" content=\"Hudo Slovenija\" \/>\n<meta property=\"article:publisher\" content=\"https:\/\/www.facebook.com\/hudo.si\" \/>\n<meta property=\"article:published_time\" content=\"2018-02-20T18:07:00+00:00\" \/>\n<meta property=\"og:image\" content=\"https:\/\/hudo.com\/si\/wp-content\/uploads\/sites\/2\/2018\/02\/480x290_Delo_Foto-20170710134014-80337400.jpeg\" \/>\n\t<meta property=\"og:image:width\" content=\"480\" \/>\n\t<meta property=\"og:image:height\" content=\"290\" \/>\n\t<meta property=\"og:image:type\" content=\"image\/jpeg\" \/>\n<meta name=\"author\" content=\"hudo\" \/>\n<meta name=\"twitter:card\" content=\"summary_large_image\" \/>\n<meta name=\"twitter:creator\" content=\"@hudo_si\" \/>\n<meta name=\"twitter:site\" content=\"@hudo_si\" \/>\n<meta name=\"twitter:label1\" content=\"Written by\" \/>\n\t<meta name=\"twitter:data1\" content=\"hudo\" \/>\n\t<meta name=\"twitter:label2\" content=\"Est. reading time\" \/>\n\t<meta name=\"twitter:data2\" content=\"1 minuta\" \/>\n<script type=\"application\/ld+json\" class=\"yoast-schema-graph\">{\"@context\":\"https:\/\/schema.org\",\"@graph\":[{\"@type\":\"Article\",\"@id\":\"https:\/\/hudo.com\/si\/aktualno\/ministrica-soglasa-z-imenovanjem-sabedra-in-gucek-zakoskove\/#article\",\"isPartOf\":{\"@id\":\"https:\/\/hudo.com\/si\/aktualno\/ministrica-soglasa-z-imenovanjem-sabedra-in-gucek-zakoskove\/\"},\"author\":{\"name\":\"hudo\",\"@id\":\"https:\/\/hudo.com\/si\/#\/schema\/person\/601cf3379633985b20f7e50f2bb47707\"},\"headline\":\"Ministrica sogla\u0161a z imenovanjem \u0160abedra in Gu\u010dek Zako\u0161kove\",\"datePublished\":\"2018-02-20T18:07:00+00:00\",\"dateModified\":\"2018-02-20T18:07:00+00:00\",\"mainEntityOfPage\":{\"@id\":\"https:\/\/hudo.com\/si\/aktualno\/ministrica-soglasa-z-imenovanjem-sabedra-in-gucek-zakoskove\/\"},\"wordCount\":164,\"publisher\":{\"@id\":\"https:\/\/hudo.com\/si\/#organization\"},\"articleSection\":[\"Aktualno\"],\"inLanguage\":\"sl-SI\"},{\"@type\":\"WebPage\",\"@id\":\"https:\/\/hudo.com\/si\/aktualno\/ministrica-soglasa-z-imenovanjem-sabedra-in-gucek-zakoskove\/\",\"url\":\"https:\/\/hudo.com\/si\/aktualno\/ministrica-soglasa-z-imenovanjem-sabedra-in-gucek-zakoskove\/\",\"name\":\"Ministrica sogla\u0161a z imenovanjem \u0160abedra in Gu\u010dek Zako\u0161kove - Hudo Slovenija\",\"isPartOf\":{\"@id\":\"https:\/\/hudo.com\/si\/#website\"},\"datePublished\":\"2018-02-20T18:07:00+00:00\",\"dateModified\":\"2018-02-20T18:07:00+00:00\",\"breadcrumb\":{\"@id\":\"https:\/\/hudo.com\/si\/aktualno\/ministrica-soglasa-z-imenovanjem-sabedra-in-gucek-zakoskove\/#breadcrumb\"},\"inLanguage\":\"sl-SI\",\"potentialAction\":[{\"@type\":\"ReadAction\",\"target\":[\"https:\/\/hudo.com\/si\/aktualno\/ministrica-soglasa-z-imenovanjem-sabedra-in-gucek-zakoskove\/\"]}]},{\"@type\":\"BreadcrumbList\",\"@id\":\"https:\/\/hudo.com\/si\/aktualno\/ministrica-soglasa-z-imenovanjem-sabedra-in-gucek-zakoskove\/#breadcrumb\",\"itemListElement\":[{\"@type\":\"ListItem\",\"position\":1,\"name\":\"Home\",\"item\":\"https:\/\/hudo.com\/si\/\"},{\"@type\":\"ListItem\",\"position\":2,\"name\":\"Ministrica sogla\u0161a z imenovanjem \u0160abedra in Gu\u010dek Zako\u0161kove\"}]},{\"@type\":\"WebSite\",\"@id\":\"https:\/\/hudo.com\/si\/#website\",\"url\":\"https:\/\/hudo.com\/si\/\",\"name\":\"Hudo Slovenija\",\"description\":\"Vse novice iz Slovenije in sveta\",\"publisher\":{\"@id\":\"https:\/\/hudo.com\/si\/#organization\"},\"potentialAction\":[{\"@type\":\"SearchAction\",\"target\":{\"@type\":\"EntryPoint\",\"urlTemplate\":\"https:\/\/hudo.com\/si\/?s={search_term_string}\"},\"query-input\":\"required name=search_term_string\"}],\"inLanguage\":\"sl-SI\"},{\"@type\":\"Organization\",\"@id\":\"https:\/\/hudo.com\/si\/#organization\",\"name\":\"VSN Media\",\"url\":\"https:\/\/hudo.com\/si\/\",\"logo\":{\"@type\":\"ImageObject\",\"inLanguage\":\"sl-SI\",\"@id\":\"https:\/\/hudo.com\/si\/#\/schema\/logo\/image\/\",\"url\":\"https:\/\/hudo.com\/si\/wp-content\/uploads\/sites\/2\/2021\/03\/hudo-app-2.png\",\"contentUrl\":\"https:\/\/hudo.com\/si\/wp-content\/uploads\/sites\/2\/2021\/03\/hudo-app-2.png\",\"width\":2185,\"height\":2167,\"caption\":\"VSN Media\"},\"image\":{\"@id\":\"https:\/\/hudo.com\/si\/#\/schema\/logo\/image\/\"},\"sameAs\":[\"https:\/\/www.facebook.com\/hudo.si\",\"https:\/\/twitter.com\/hudo_si\"]},{\"@type\":\"Person\",\"@id\":\"https:\/\/hudo.com\/si\/#\/schema\/person\/601cf3379633985b20f7e50f2bb47707\",\"name\":\"hudo\",\"image\":{\"@type\":\"ImageObject\",\"inLanguage\":\"sl-SI\",\"@id\":\"https:\/\/hudo.com\/si\/#\/schema\/person\/image\/\",\"url\":\"https:\/\/secure.gravatar.com\/avatar\/c4ca25fa72cace7a696b52ff5db9e095?s=96&d=mm&r=g\",\"contentUrl\":\"https:\/\/secure.gravatar.com\/avatar\/c4ca25fa72cace7a696b52ff5db9e095?s=96&d=mm&r=g\",\"caption\":\"hudo\"},\"url\":\"https:\/\/hudo.com\/si\/author\/hudo\/\"}]}<\/script>\n<!-- \/ Yoast SEO plugin. -->","yoast_head_json":{"title":"Ministrica sogla\u0161a z imenovanjem \u0160abedra in Gu\u010dek Zako\u0161kove - Hudo Slovenija","robots":{"index":"index","follow":"follow","max-snippet":"max-snippet:-1","max-image-preview":"max-image-preview:large","max-video-preview":"max-video-preview:-1"},"canonical":"https:\/\/hudo.com\/si\/aktualno\/ministrica-soglasa-z-imenovanjem-sabedra-in-gucek-zakoskove\/","og_locale":"sl_SI","og_type":"article","og_title":"Ministrica sogla\u0161a z imenovanjem \u0160abedra in Gu\u010dek Zako\u0161kove - Hudo Slovenija","og_description":"Kategorija: Slovenija Tue, 20 Feb 2018 20:07:00 +0100 Ljubljana \u2013 Ministrica za zdravje Milojka Kolar Celarc je dala soglasje k imenovanju Ale\u0161a \u0160abedra za generalnega direktorja Univerzitetnega klini\u010dnega centra (UKC) Ljubljana in Margarete Gu\u010dek Zako\u0161ek za direktorico Splo\u0161ne bolni\u0161nice Celje v skladu s 14. \u010dlenom interventnega zakona o sanaciji bolni\u0161nic, je ministrstvo objavilo na dru\u017ebenem omre\u017eju twitter. Svet UKC Ljubljana je na sredini seji imenoval \u0160abedra za novega generalnega direktorja. \u0160abeder, ki vodi UKC kot v. d. generalnega direktorja od za\u010detka leto\u0161njega leta, se je zahvalil \u010dlanom sveta za soglasno podporo. Dejal je, da se zaveda, kako veliko odgovornost sprejema z vodenjem najve\u010dje slovenske bolni\u0161nice. \u0160abeder vidi sanacijo in uravnote\u017eeno poslovanje UKC kot klju\u010dni izziv tega vodstva. Poleg tega so prioritete graditev zaupanja bolnikov, ureditev podro\u010dja informatike ter u\u010dinkovitej\u0161a in bolj\u0161a organizacija dela v UKC. Cilji, ki si jih je\u00a0...","og_url":"https:\/\/hudo.com\/si\/aktualno\/ministrica-soglasa-z-imenovanjem-sabedra-in-gucek-zakoskove\/","og_site_name":"Hudo Slovenija","article_publisher":"https:\/\/www.facebook.com\/hudo.si","article_published_time":"2018-02-20T18:07:00+00:00","og_image":[{"width":480,"height":290,"url":"https:\/\/hudo.com\/si\/wp-content\/uploads\/sites\/2\/2018\/02\/480x290_Delo_Foto-20170710134014-80337400.jpeg","type":"image\/jpeg"}],"author":"hudo","twitter_card":"summary_large_image","twitter_creator":"@hudo_si","twitter_site":"@hudo_si","twitter_misc":{"Written by":"hudo","Est. reading time":"1 minuta"},"schema":{"@context":"https:\/\/schema.org","@graph":[{"@type":"Article","@id":"https:\/\/hudo.com\/si\/aktualno\/ministrica-soglasa-z-imenovanjem-sabedra-in-gucek-zakoskove\/#article","isPartOf":{"@id":"https:\/\/hudo.com\/si\/aktualno\/ministrica-soglasa-z-imenovanjem-sabedra-in-gucek-zakoskove\/"},"author":{"name":"hudo","@id":"https:\/\/hudo.com\/si\/#\/schema\/person\/601cf3379633985b20f7e50f2bb47707"},"headline":"Ministrica sogla\u0161a z imenovanjem \u0160abedra in Gu\u010dek Zako\u0161kove","datePublished":"2018-02-20T18:07:00+00:00","dateModified":"2018-02-20T18:07:00+00:00","mainEntityOfPage":{"@id":"https:\/\/hudo.com\/si\/aktualno\/ministrica-soglasa-z-imenovanjem-sabedra-in-gucek-zakoskove\/"},"wordCount":164,"publisher":{"@id":"https:\/\/hudo.com\/si\/#organization"},"articleSection":["Aktualno"],"inLanguage":"sl-SI"},{"@type":"WebPage","@id":"https:\/\/hudo.com\/si\/aktualno\/ministrica-soglasa-z-imenovanjem-sabedra-in-gucek-zakoskove\/","url":"https:\/\/hudo.com\/si\/aktualno\/ministrica-soglasa-z-imenovanjem-sabedra-in-gucek-zakoskove\/","name":"Ministrica sogla\u0161a z imenovanjem \u0160abedra in Gu\u010dek Zako\u0161kove - Hudo Slovenija","isPartOf":{"@id":"https:\/\/hudo.com\/si\/#website"},"datePublished":"2018-02-20T18:07:00+00:00","dateModified":"2018-02-20T18:07:00+00:00","breadcrumb":{"@id":"https:\/\/hudo.com\/si\/aktualno\/ministrica-soglasa-z-imenovanjem-sabedra-in-gucek-zakoskove\/#breadcrumb"},"inLanguage":"sl-SI","potentialAction":[{"@type":"ReadAction","target":["https:\/\/hudo.com\/si\/aktualno\/ministrica-soglasa-z-imenovanjem-sabedra-in-gucek-zakoskove\/"]}]},{"@type":"BreadcrumbList","@id":"https:\/\/hudo.com\/si\/aktualno\/ministrica-soglasa-z-imenovanjem-sabedra-in-gucek-zakoskove\/#breadcrumb","itemListElement":[{"@type":"ListItem","position":1,"name":"Home","item":"https:\/\/hudo.com\/si\/"},{"@type":"ListItem","position":2,"name":"Ministrica sogla\u0161a z imenovanjem \u0160abedra in Gu\u010dek Zako\u0161kove"}]},{"@type":"WebSite","@id":"https:\/\/hudo.com\/si\/#website","url":"https:\/\/hudo.com\/si\/","name":"Hudo Slovenija","description":"Vse novice iz Slovenije in sveta","publisher":{"@id":"https:\/\/hudo.com\/si\/#organization"},"potentialAction":[{"@type":"SearchAction","target":{"@type":"EntryPoint","urlTemplate":"https:\/\/hudo.com\/si\/?s={search_term_string}"},"query-input":"required name=search_term_string"}],"inLanguage":"sl-SI"},{"@type":"Organization","@id":"https:\/\/hudo.com\/si\/#organization","name":"VSN Media","url":"https:\/\/hudo.com\/si\/","logo":{"@type":"ImageObject","inLanguage":"sl-SI","@id":"https:\/\/hudo.com\/si\/#\/schema\/logo\/image\/","url":"https:\/\/hudo.com\/si\/wp-content\/uploads\/sites\/2\/2021\/03\/hudo-app-2.png","contentUrl":"https:\/\/hudo.com\/si\/wp-content\/uploads\/sites\/2\/2021\/03\/hudo-app-2.png","width":2185,"height":2167,"caption":"VSN Media"},"image":{"@id":"https:\/\/hudo.com\/si\/#\/schema\/logo\/image\/"},"sameAs":["https:\/\/www.facebook.com\/hudo.si","https:\/\/twitter.com\/hudo_si"]},{"@type":"Person","@id":"https:\/\/hudo.com\/si\/#\/schema\/person\/601cf3379633985b20f7e50f2bb47707","name":"hudo","image":{"@type":"ImageObject","inLanguage":"sl-SI","@id":"https:\/\/hudo.com\/si\/#\/schema\/person\/image\/","url":"https:\/\/secure.gravatar.com\/avatar\/c4ca25fa72cace7a696b52ff5db9e095?s=96&d=mm&r=g","contentUrl":"https:\/\/secure.gravatar.com\/avatar\/c4ca25fa72cace7a696b52ff5db9e095?s=96&d=mm&r=g","caption":"hudo"},"url":"https:\/\/hudo.com\/si\/author\/hudo\/"}]}},"amp_enabled":true,"_links":{"self":[{"href":"https:\/\/hudo.com\/si\/wp-json\/wp\/v2\/posts\/363478"}],"collection":[{"href":"https:\/\/hudo.com\/si\/wp-json\/wp\/v2\/posts"}],"about":[{"href":"https:\/\/hudo.com\/si\/wp-json\/wp\/v2\/types\/post"}],"author":[{"embeddable":true,"href":"https:\/\/hudo.com\/si\/wp-json\/wp\/v2\/users\/1"}],"replies":[{"embeddable":true,"href":"https:\/\/hudo.com\/si\/wp-json\/wp\/v2\/comments?post=363478"}],"version-history":[{"count":0,"href":"https:\/\/hudo.com\/si\/wp-json\/wp\/v2\/posts\/363478\/revisions"}],"wp:attachment":[{"href":"https:\/\/hudo.com\/si\/wp-json\/wp\/v2\/media?parent=363478"}],"wp:term":[{"taxonomy":"category","embeddable":true,"href":"https:\/\/hudo.com\/si\/wp-json\/wp\/v2\/categories?post=363478"},{"taxonomy":"post_tag","embeddable":true,"href":"https:\/\/hudo.com\/si\/wp-json\/wp\/v2\/tags?post=363478"},{"taxonomy":"source","embeddable":true,"href":"https:\/\/hudo.com\/si\/wp-json\/wp\/v2\/source?post=363478"},{"taxonomy":"supertag","embeddable":true,"href":"https:\/\/hudo.com\/si\/wp-json\/wp\/v2\/supertag?post=363478"}],"curies":[{"name":"wp","href":"https:\/\/api.w.org\/{rel}","templated":true}]}}