{"id":363482,"date":"2018-02-20T18:30:00","date_gmt":"2018-02-20T17:30:00","guid":{"rendered":"https:\/\/hudo.com\/si\/2018\/02\/20\/abas-v-varnostnem-svetu-zn-pozval-k-priznanju-palestine\/"},"modified":"2018-02-20T18:30:00","modified_gmt":"2018-02-20T17:30:00","slug":"abas-v-varnostnem-svetu-zn-pozval-k-priznanju-palestine","status":"publish","type":"post","link":"https:\/\/hudo.com\/si\/aktualno\/abas-v-varnostnem-svetu-zn-pozval-k-priznanju-palestine\/","title":{"rendered":"Abas v Varnostnem svetu ZN pozval k priznanju Palestine"},"content":{"rendered":"<p>Kategorija: Globalno Tue, 20 Feb 2018 19:30:00 +0100  New York \u2013 Palestinski predsednik Mahmud Abas je na dana\u0161njem rednem mese\u010dnem odprtem zasedanju Varnostnega sveta ZN v New Yorku pozval svet k priznanju palestinske dr\u017eave ter kritiziral Izrael in trenutno ameri\u0161ko vlado. Palestina ima od leta 2012 v ZN status opazovalke podobno kot Vatikan. Izrael ni pripravljen priznati Palestine, zato tega ne bodo storile niti ZDA, ki imajo kot stalna \u010dlanica Varnostnega sveta pravico do veta. Izraelski veleposlanik pri ZN je nemudoma za Abasom zavrnil palestinski poziv in zatrdil, da so edina pot do dr\u017eavnosti pogajanja z Izraelom. Abas je tudi pozval k pripravi mednarodne konference do sredine leto\u0161njega leta, na kateri bi tlakovali pot za priznanje Palestine v okviru \u0161ir\u0161ega bli\u017enjevzhodnega mirovnega procesa. \u00bbZa re\u0161itev palestinskega vpra\u0161anja je klju\u010dnega pomena vzpostavitev multilateralnega mednarodnega mehanizma, ki bi izhajal iz mednarodne konference,\u00ab\u00a0&#8230;<\/p>\n","protected":false},"excerpt":{"rendered":"<p>Kategorija: Globalno Tue, 20 Feb 2018 19:30:00 +0100  New York \u2013 Palestinski predsednik Mahmud Abas je na dana\u0161njem rednem mese\u010dnem odprtem zasedanju Varnostnega sveta ZN v New Yorku pozval svet k priznanju palestinske dr\u017eave ter kritiziral Izrael in trenutno ameri\u0161ko vlado. Palestina ima od leta 2012 v ZN status opazovalke podobno kot Vatikan. Izrael ni pripravljen priznati Palestine, zato tega ne bodo storile niti ZDA, ki imajo kot stalna \u010dlanica Varnostnega sveta pravico do veta. Izraelski veleposlanik pri ZN je nemudoma za Abasom zavrnil palestinski poziv in zatrdil, da so edina pot do dr\u017eavnosti pogajanja z Izraelom. Abas je tudi pozval k pripravi mednarodne konference do sredine leto\u0161njega leta, na kateri bi tlakovali pot za priznanje Palestine v okviru \u0161ir\u0161ega bli\u017enjevzhodnega mirovnega procesa. \u00bbZa re\u0161itev palestinskega vpra\u0161anja je klju\u010dnega pomena vzpostavitev multilateralnega mednarodnega mehanizma, ki bi izhajal iz mednarodne konference,\u00ab\u00a0&#8230;<\/p>\n","protected":false},"author":1,"featured_media":0,"comment_status":"closed","ping_status":"closed","sticky":false,"template":"","format":"standard","meta":{"footnotes":""},"categories":[1179],"tags":[],"source":[1703],"supertag":[],"acf":[],"yoast_head":"<!-- This site is optimized with the Yoast SEO plugin v21.3 - https:\/\/yoast.com\/wordpress\/plugins\/seo\/ -->\n<title>Abas v Varnostnem svetu ZN pozval k priznanju Palestine - Hudo Slovenija<\/title>\n<meta name=\"robots\" content=\"index, follow, max-snippet:-1, max-image-preview:large, max-video-preview:-1\" \/>\n<link rel=\"canonical\" href=\"https:\/\/hudo.com\/si\/aktualno\/abas-v-varnostnem-svetu-zn-pozval-k-priznanju-palestine\/\" \/>\n<meta property=\"og:locale\" content=\"sl_SI\" \/>\n<meta property=\"og:type\" content=\"article\" \/>\n<meta property=\"og:title\" content=\"Abas v Varnostnem svetu ZN pozval k priznanju Palestine - Hudo Slovenija\" \/>\n<meta property=\"og:description\" content=\"Kategorija: Globalno Tue, 20 Feb 2018 19:30:00 +0100 New York \u2013 Palestinski predsednik Mahmud Abas je na dana\u0161njem rednem mese\u010dnem odprtem zasedanju Varnostnega sveta ZN v New Yorku pozval svet k priznanju palestinske dr\u017eave ter kritiziral Izrael in trenutno ameri\u0161ko vlado. Palestina ima od leta 2012 v ZN status opazovalke podobno kot Vatikan. Izrael ni pripravljen priznati Palestine, zato tega ne bodo storile niti ZDA, ki imajo kot stalna \u010dlanica Varnostnega sveta pravico do veta. Izraelski veleposlanik pri ZN je nemudoma za Abasom zavrnil palestinski poziv in zatrdil, da so edina pot do dr\u017eavnosti pogajanja z Izraelom. Abas je tudi pozval k pripravi mednarodne konference do sredine leto\u0161njega leta, na kateri bi tlakovali pot za priznanje Palestine v okviru \u0161ir\u0161ega bli\u017enjevzhodnega mirovnega procesa. \u00bbZa re\u0161itev palestinskega vpra\u0161anja je klju\u010dnega pomena vzpostavitev multilateralnega mednarodnega mehanizma, ki bi izhajal iz mednarodne konference,\u00ab\u00a0...\" \/>\n<meta property=\"og:url\" content=\"https:\/\/hudo.com\/si\/aktualno\/abas-v-varnostnem-svetu-zn-pozval-k-priznanju-palestine\/\" \/>\n<meta property=\"og:site_name\" content=\"Hudo Slovenija\" \/>\n<meta property=\"article:publisher\" content=\"https:\/\/www.facebook.com\/hudo.si\" \/>\n<meta property=\"article:published_time\" content=\"2018-02-20T17:30:00+00:00\" \/>\n<meta property=\"og:image\" content=\"https:\/\/hudo.com\/si\/wp-content\/uploads\/sites\/2\/2018\/02\/480x290_AFP_Photo-20180220190501-87246600.jpeg\" \/>\n\t<meta property=\"og:image:width\" content=\"480\" \/>\n\t<meta property=\"og:image:height\" content=\"290\" \/>\n\t<meta property=\"og:image:type\" content=\"image\/jpeg\" \/>\n<meta name=\"author\" content=\"hudo\" \/>\n<meta name=\"twitter:card\" content=\"summary_large_image\" \/>\n<meta name=\"twitter:creator\" content=\"@hudo_si\" \/>\n<meta name=\"twitter:site\" content=\"@hudo_si\" \/>\n<meta name=\"twitter:label1\" content=\"Written by\" \/>\n\t<meta name=\"twitter:data1\" content=\"hudo\" \/>\n\t<meta name=\"twitter:label2\" content=\"Est. reading time\" \/>\n\t<meta name=\"twitter:data2\" content=\"1 minuta\" \/>\n<script type=\"application\/ld+json\" class=\"yoast-schema-graph\">{\"@context\":\"https:\/\/schema.org\",\"@graph\":[{\"@type\":\"Article\",\"@id\":\"https:\/\/hudo.com\/si\/aktualno\/abas-v-varnostnem-svetu-zn-pozval-k-priznanju-palestine\/#article\",\"isPartOf\":{\"@id\":\"https:\/\/hudo.com\/si\/aktualno\/abas-v-varnostnem-svetu-zn-pozval-k-priznanju-palestine\/\"},\"author\":{\"name\":\"hudo\",\"@id\":\"https:\/\/hudo.com\/si\/#\/schema\/person\/601cf3379633985b20f7e50f2bb47707\"},\"headline\":\"Abas v Varnostnem svetu ZN pozval k priznanju Palestine\",\"datePublished\":\"2018-02-20T17:30:00+00:00\",\"dateModified\":\"2018-02-20T17:30:00+00:00\",\"mainEntityOfPage\":{\"@id\":\"https:\/\/hudo.com\/si\/aktualno\/abas-v-varnostnem-svetu-zn-pozval-k-priznanju-palestine\/\"},\"wordCount\":154,\"publisher\":{\"@id\":\"https:\/\/hudo.com\/si\/#organization\"},\"articleSection\":[\"Aktualno\"],\"inLanguage\":\"sl-SI\"},{\"@type\":\"WebPage\",\"@id\":\"https:\/\/hudo.com\/si\/aktualno\/abas-v-varnostnem-svetu-zn-pozval-k-priznanju-palestine\/\",\"url\":\"https:\/\/hudo.com\/si\/aktualno\/abas-v-varnostnem-svetu-zn-pozval-k-priznanju-palestine\/\",\"name\":\"Abas v Varnostnem svetu ZN pozval k priznanju Palestine - Hudo Slovenija\",\"isPartOf\":{\"@id\":\"https:\/\/hudo.com\/si\/#website\"},\"datePublished\":\"2018-02-20T17:30:00+00:00\",\"dateModified\":\"2018-02-20T17:30:00+00:00\",\"breadcrumb\":{\"@id\":\"https:\/\/hudo.com\/si\/aktualno\/abas-v-varnostnem-svetu-zn-pozval-k-priznanju-palestine\/#breadcrumb\"},\"inLanguage\":\"sl-SI\",\"potentialAction\":[{\"@type\":\"ReadAction\",\"target\":[\"https:\/\/hudo.com\/si\/aktualno\/abas-v-varnostnem-svetu-zn-pozval-k-priznanju-palestine\/\"]}]},{\"@type\":\"BreadcrumbList\",\"@id\":\"https:\/\/hudo.com\/si\/aktualno\/abas-v-varnostnem-svetu-zn-pozval-k-priznanju-palestine\/#breadcrumb\",\"itemListElement\":[{\"@type\":\"ListItem\",\"position\":1,\"name\":\"Home\",\"item\":\"https:\/\/hudo.com\/si\/\"},{\"@type\":\"ListItem\",\"position\":2,\"name\":\"Abas v Varnostnem svetu ZN pozval k priznanju Palestine\"}]},{\"@type\":\"WebSite\",\"@id\":\"https:\/\/hudo.com\/si\/#website\",\"url\":\"https:\/\/hudo.com\/si\/\",\"name\":\"Hudo Slovenija\",\"description\":\"Vse novice iz Slovenije in sveta\",\"publisher\":{\"@id\":\"https:\/\/hudo.com\/si\/#organization\"},\"potentialAction\":[{\"@type\":\"SearchAction\",\"target\":{\"@type\":\"EntryPoint\",\"urlTemplate\":\"https:\/\/hudo.com\/si\/?s={search_term_string}\"},\"query-input\":\"required name=search_term_string\"}],\"inLanguage\":\"sl-SI\"},{\"@type\":\"Organization\",\"@id\":\"https:\/\/hudo.com\/si\/#organization\",\"name\":\"VSN Media\",\"url\":\"https:\/\/hudo.com\/si\/\",\"logo\":{\"@type\":\"ImageObject\",\"inLanguage\":\"sl-SI\",\"@id\":\"https:\/\/hudo.com\/si\/#\/schema\/logo\/image\/\",\"url\":\"https:\/\/hudo.com\/si\/wp-content\/uploads\/sites\/2\/2021\/03\/hudo-app-2.png\",\"contentUrl\":\"https:\/\/hudo.com\/si\/wp-content\/uploads\/sites\/2\/2021\/03\/hudo-app-2.png\",\"width\":2185,\"height\":2167,\"caption\":\"VSN Media\"},\"image\":{\"@id\":\"https:\/\/hudo.com\/si\/#\/schema\/logo\/image\/\"},\"sameAs\":[\"https:\/\/www.facebook.com\/hudo.si\",\"https:\/\/twitter.com\/hudo_si\"]},{\"@type\":\"Person\",\"@id\":\"https:\/\/hudo.com\/si\/#\/schema\/person\/601cf3379633985b20f7e50f2bb47707\",\"name\":\"hudo\",\"image\":{\"@type\":\"ImageObject\",\"inLanguage\":\"sl-SI\",\"@id\":\"https:\/\/hudo.com\/si\/#\/schema\/person\/image\/\",\"url\":\"https:\/\/secure.gravatar.com\/avatar\/c4ca25fa72cace7a696b52ff5db9e095?s=96&d=mm&r=g\",\"contentUrl\":\"https:\/\/secure.gravatar.com\/avatar\/c4ca25fa72cace7a696b52ff5db9e095?s=96&d=mm&r=g\",\"caption\":\"hudo\"},\"url\":\"https:\/\/hudo.com\/si\/author\/hudo\/\"}]}<\/script>\n<!-- \/ Yoast SEO plugin. -->","yoast_head_json":{"title":"Abas v Varnostnem svetu ZN pozval k priznanju Palestine - Hudo Slovenija","robots":{"index":"index","follow":"follow","max-snippet":"max-snippet:-1","max-image-preview":"max-image-preview:large","max-video-preview":"max-video-preview:-1"},"canonical":"https:\/\/hudo.com\/si\/aktualno\/abas-v-varnostnem-svetu-zn-pozval-k-priznanju-palestine\/","og_locale":"sl_SI","og_type":"article","og_title":"Abas v Varnostnem svetu ZN pozval k priznanju Palestine - Hudo Slovenija","og_description":"Kategorija: Globalno Tue, 20 Feb 2018 19:30:00 +0100 New York \u2013 Palestinski predsednik Mahmud Abas je na dana\u0161njem rednem mese\u010dnem odprtem zasedanju Varnostnega sveta ZN v New Yorku pozval svet k priznanju palestinske dr\u017eave ter kritiziral Izrael in trenutno ameri\u0161ko vlado. Palestina ima od leta 2012 v ZN status opazovalke podobno kot Vatikan. Izrael ni pripravljen priznati Palestine, zato tega ne bodo storile niti ZDA, ki imajo kot stalna \u010dlanica Varnostnega sveta pravico do veta. Izraelski veleposlanik pri ZN je nemudoma za Abasom zavrnil palestinski poziv in zatrdil, da so edina pot do dr\u017eavnosti pogajanja z Izraelom. Abas je tudi pozval k pripravi mednarodne konference do sredine leto\u0161njega leta, na kateri bi tlakovali pot za priznanje Palestine v okviru \u0161ir\u0161ega bli\u017enjevzhodnega mirovnega procesa. \u00bbZa re\u0161itev palestinskega vpra\u0161anja je klju\u010dnega pomena vzpostavitev multilateralnega mednarodnega mehanizma, ki bi izhajal iz mednarodne konference,\u00ab\u00a0...","og_url":"https:\/\/hudo.com\/si\/aktualno\/abas-v-varnostnem-svetu-zn-pozval-k-priznanju-palestine\/","og_site_name":"Hudo Slovenija","article_publisher":"https:\/\/www.facebook.com\/hudo.si","article_published_time":"2018-02-20T17:30:00+00:00","og_image":[{"width":480,"height":290,"url":"https:\/\/hudo.com\/si\/wp-content\/uploads\/sites\/2\/2018\/02\/480x290_AFP_Photo-20180220190501-87246600.jpeg","type":"image\/jpeg"}],"author":"hudo","twitter_card":"summary_large_image","twitter_creator":"@hudo_si","twitter_site":"@hudo_si","twitter_misc":{"Written by":"hudo","Est. reading time":"1 minuta"},"schema":{"@context":"https:\/\/schema.org","@graph":[{"@type":"Article","@id":"https:\/\/hudo.com\/si\/aktualno\/abas-v-varnostnem-svetu-zn-pozval-k-priznanju-palestine\/#article","isPartOf":{"@id":"https:\/\/hudo.com\/si\/aktualno\/abas-v-varnostnem-svetu-zn-pozval-k-priznanju-palestine\/"},"author":{"name":"hudo","@id":"https:\/\/hudo.com\/si\/#\/schema\/person\/601cf3379633985b20f7e50f2bb47707"},"headline":"Abas v Varnostnem svetu ZN pozval k priznanju Palestine","datePublished":"2018-02-20T17:30:00+00:00","dateModified":"2018-02-20T17:30:00+00:00","mainEntityOfPage":{"@id":"https:\/\/hudo.com\/si\/aktualno\/abas-v-varnostnem-svetu-zn-pozval-k-priznanju-palestine\/"},"wordCount":154,"publisher":{"@id":"https:\/\/hudo.com\/si\/#organization"},"articleSection":["Aktualno"],"inLanguage":"sl-SI"},{"@type":"WebPage","@id":"https:\/\/hudo.com\/si\/aktualno\/abas-v-varnostnem-svetu-zn-pozval-k-priznanju-palestine\/","url":"https:\/\/hudo.com\/si\/aktualno\/abas-v-varnostnem-svetu-zn-pozval-k-priznanju-palestine\/","name":"Abas v Varnostnem svetu ZN pozval k priznanju Palestine - Hudo Slovenija","isPartOf":{"@id":"https:\/\/hudo.com\/si\/#website"},"datePublished":"2018-02-20T17:30:00+00:00","dateModified":"2018-02-20T17:30:00+00:00","breadcrumb":{"@id":"https:\/\/hudo.com\/si\/aktualno\/abas-v-varnostnem-svetu-zn-pozval-k-priznanju-palestine\/#breadcrumb"},"inLanguage":"sl-SI","potentialAction":[{"@type":"ReadAction","target":["https:\/\/hudo.com\/si\/aktualno\/abas-v-varnostnem-svetu-zn-pozval-k-priznanju-palestine\/"]}]},{"@type":"BreadcrumbList","@id":"https:\/\/hudo.com\/si\/aktualno\/abas-v-varnostnem-svetu-zn-pozval-k-priznanju-palestine\/#breadcrumb","itemListElement":[{"@type":"ListItem","position":1,"name":"Home","item":"https:\/\/hudo.com\/si\/"},{"@type":"ListItem","position":2,"name":"Abas v Varnostnem svetu ZN pozval k priznanju Palestine"}]},{"@type":"WebSite","@id":"https:\/\/hudo.com\/si\/#website","url":"https:\/\/hudo.com\/si\/","name":"Hudo Slovenija","description":"Vse novice iz Slovenije in sveta","publisher":{"@id":"https:\/\/hudo.com\/si\/#organization"},"potentialAction":[{"@type":"SearchAction","target":{"@type":"EntryPoint","urlTemplate":"https:\/\/hudo.com\/si\/?s={search_term_string}"},"query-input":"required name=search_term_string"}],"inLanguage":"sl-SI"},{"@type":"Organization","@id":"https:\/\/hudo.com\/si\/#organization","name":"VSN Media","url":"https:\/\/hudo.com\/si\/","logo":{"@type":"ImageObject","inLanguage":"sl-SI","@id":"https:\/\/hudo.com\/si\/#\/schema\/logo\/image\/","url":"https:\/\/hudo.com\/si\/wp-content\/uploads\/sites\/2\/2021\/03\/hudo-app-2.png","contentUrl":"https:\/\/hudo.com\/si\/wp-content\/uploads\/sites\/2\/2021\/03\/hudo-app-2.png","width":2185,"height":2167,"caption":"VSN Media"},"image":{"@id":"https:\/\/hudo.com\/si\/#\/schema\/logo\/image\/"},"sameAs":["https:\/\/www.facebook.com\/hudo.si","https:\/\/twitter.com\/hudo_si"]},{"@type":"Person","@id":"https:\/\/hudo.com\/si\/#\/schema\/person\/601cf3379633985b20f7e50f2bb47707","name":"hudo","image":{"@type":"ImageObject","inLanguage":"sl-SI","@id":"https:\/\/hudo.com\/si\/#\/schema\/person\/image\/","url":"https:\/\/secure.gravatar.com\/avatar\/c4ca25fa72cace7a696b52ff5db9e095?s=96&d=mm&r=g","contentUrl":"https:\/\/secure.gravatar.com\/avatar\/c4ca25fa72cace7a696b52ff5db9e095?s=96&d=mm&r=g","caption":"hudo"},"url":"https:\/\/hudo.com\/si\/author\/hudo\/"}]}},"amp_enabled":true,"_links":{"self":[{"href":"https:\/\/hudo.com\/si\/wp-json\/wp\/v2\/posts\/363482"}],"collection":[{"href":"https:\/\/hudo.com\/si\/wp-json\/wp\/v2\/posts"}],"about":[{"href":"https:\/\/hudo.com\/si\/wp-json\/wp\/v2\/types\/post"}],"author":[{"embeddable":true,"href":"https:\/\/hudo.com\/si\/wp-json\/wp\/v2\/users\/1"}],"replies":[{"embeddable":true,"href":"https:\/\/hudo.com\/si\/wp-json\/wp\/v2\/comments?post=363482"}],"version-history":[{"count":0,"href":"https:\/\/hudo.com\/si\/wp-json\/wp\/v2\/posts\/363482\/revisions"}],"wp:attachment":[{"href":"https:\/\/hudo.com\/si\/wp-json\/wp\/v2\/media?parent=363482"}],"wp:term":[{"taxonomy":"category","embeddable":true,"href":"https:\/\/hudo.com\/si\/wp-json\/wp\/v2\/categories?post=363482"},{"taxonomy":"post_tag","embeddable":true,"href":"https:\/\/hudo.com\/si\/wp-json\/wp\/v2\/tags?post=363482"},{"taxonomy":"source","embeddable":true,"href":"https:\/\/hudo.com\/si\/wp-json\/wp\/v2\/source?post=363482"},{"taxonomy":"supertag","embeddable":true,"href":"https:\/\/hudo.com\/si\/wp-json\/wp\/v2\/supertag?post=363482"}],"curies":[{"name":"wp","href":"https:\/\/api.w.org\/{rel}","templated":true}]}}