{"id":363566,"date":"2018-02-21T08:40:19","date_gmt":"2018-02-21T07:40:19","guid":{"rendered":"http:\/\/hudo.com\/si\/?p=363566"},"modified":"2018-02-21T08:40:19","modified_gmt":"2018-02-21T07:40:19","slug":"zaradi-ciklona-gita-na-novi-zelandiji-od-sveta-odrezano-vec-tisoc-ljudi","status":"publish","type":"post","link":"https:\/\/hudo.com\/si\/aktualno\/zaradi-ciklona-gita-na-novi-zelandiji-od-sveta-odrezano-vec-tisoc-ljudi\/","title":{"rendered":"Zaradi ciklona Gita na Novi Zelandiji od sveta odrezano ve\u010d tiso\u010d ljudi"},"content":{"rendered":"<p>Ciklon s silovitim vetrom in obilnim de\u017ejem je na Novi Zelandiji povzro\u010dil tudi poplave. Gmotna \u0161koda sicer naj ne bi tako velika, kot so prvotno predvidevali, saj je vihar na koncu ubral druga\u010dno pot od prvotno predvidene. V mestu Christchurch na Ju\u017enem otoku so zaradi tega \u017ee preklicali izredne razmere, medtem ko te \u0161e veljajo v dveh provincah.<\/p>\n<p>O morebitnih mrtvih ali po\u0161kodovanih iz Nove Zelandije ne poro\u010dajo. Najhuj\u0161i del viharja je minil, je ob tem sporo\u010dila novozelandska civilna za\u0161\u010dita. Za nekatere regije sicer \u0161e vedno napovedujejo obilno de\u017eevje in silovit veter.<\/p>\n","protected":false},"excerpt":{"rendered":"<p>Po ciklonu Gita je na novozelandskem Ju\u017enem otoku od sveta odrezano pribli\u017eno 6000 ljudi. Zaradi ve\u010d zemeljskih plazov so neprevozne \u0161tevilne ceste. Da bodo lahko ponovno vzpostavili promet, naj bi trajalo ve\u010d dni.<\/p>\n","protected":false},"author":8,"featured_media":363572,"comment_status":"closed","ping_status":"closed","sticky":false,"template":"","format":"standard","meta":{"footnotes":""},"categories":[1179],"tags":[8285,4043],"source":[4511],"supertag":[6103],"acf":[],"yoast_head":"<!-- This site is optimized with the Yoast SEO plugin v21.3 - https:\/\/yoast.com\/wordpress\/plugins\/seo\/ -->\n<title>Zaradi ciklona Gita na Novi Zelandiji od sveta odrezano ve\u010d tiso\u010d ljudi - Hudo Slovenija<\/title>\n<meta name=\"robots\" content=\"index, follow, max-snippet:-1, max-image-preview:large, max-video-preview:-1\" \/>\n<link rel=\"canonical\" href=\"https:\/\/hudo.com\/si\/aktualno\/zaradi-ciklona-gita-na-novi-zelandiji-od-sveta-odrezano-vec-tisoc-ljudi\/\" \/>\n<meta property=\"og:locale\" content=\"sl_SI\" \/>\n<meta property=\"og:type\" content=\"article\" \/>\n<meta property=\"og:title\" content=\"Zaradi ciklona Gita na Novi Zelandiji od sveta odrezano ve\u010d tiso\u010d ljudi - Hudo Slovenija\" \/>\n<meta property=\"og:description\" content=\"Po ciklonu Gita je na novozelandskem Ju\u017enem otoku od sveta odrezano pribli\u017eno 6000 ljudi. Zaradi ve\u010d zemeljskih plazov so neprevozne \u0161tevilne ceste. Da bodo lahko ponovno vzpostavili promet, naj bi trajalo ve\u010d dni.\" \/>\n<meta property=\"og:url\" content=\"https:\/\/hudo.com\/si\/aktualno\/zaradi-ciklona-gita-na-novi-zelandiji-od-sveta-odrezano-vec-tisoc-ljudi\/\" \/>\n<meta property=\"og:site_name\" content=\"Hudo Slovenija\" \/>\n<meta property=\"article:publisher\" content=\"https:\/\/www.facebook.com\/hudo.si\" \/>\n<meta property=\"article:published_time\" content=\"2018-02-21T07:40:19+00:00\" \/>\n<meta property=\"og:image\" content=\"https:\/\/hudo.com\/si\/wp-content\/uploads\/sites\/2\/2018\/02\/profimedia-0320750777.jpg\" \/>\n\t<meta property=\"og:image:width\" content=\"1250\" \/>\n\t<meta property=\"og:image:height\" content=\"833\" \/>\n\t<meta property=\"og:image:type\" content=\"image\/jpeg\" \/>\n<meta name=\"author\" content=\"M. N., STA\" \/>\n<meta name=\"twitter:card\" content=\"summary_large_image\" \/>\n<meta name=\"twitter:creator\" content=\"@hudo_si\" \/>\n<meta name=\"twitter:site\" content=\"@hudo_si\" \/>\n<meta name=\"twitter:label1\" content=\"Written by\" \/>\n\t<meta name=\"twitter:data1\" content=\"M. N., STA\" \/>\n\t<meta name=\"twitter:label2\" content=\"Est. reading time\" \/>\n\t<meta name=\"twitter:data2\" content=\"1 minuta\" \/>\n<script type=\"application\/ld+json\" class=\"yoast-schema-graph\">{\"@context\":\"https:\/\/schema.org\",\"@graph\":[{\"@type\":\"Article\",\"@id\":\"https:\/\/hudo.com\/si\/aktualno\/zaradi-ciklona-gita-na-novi-zelandiji-od-sveta-odrezano-vec-tisoc-ljudi\/#article\",\"isPartOf\":{\"@id\":\"https:\/\/hudo.com\/si\/aktualno\/zaradi-ciklona-gita-na-novi-zelandiji-od-sveta-odrezano-vec-tisoc-ljudi\/\"},\"author\":{\"name\":\"M. N., STA\",\"@id\":\"https:\/\/hudo.com\/si\/#\/schema\/person\/c2f10ce65d2e6ede2aeda5be2a0611fa\"},\"headline\":\"Zaradi ciklona Gita na Novi Zelandiji od sveta odrezano ve\u010d tiso\u010d ljudi\",\"datePublished\":\"2018-02-21T07:40:19+00:00\",\"dateModified\":\"2018-02-21T07:40:19+00:00\",\"mainEntityOfPage\":{\"@id\":\"https:\/\/hudo.com\/si\/aktualno\/zaradi-ciklona-gita-na-novi-zelandiji-od-sveta-odrezano-vec-tisoc-ljudi\/\"},\"wordCount\":114,\"publisher\":{\"@id\":\"https:\/\/hudo.com\/si\/#organization\"},\"keywords\":[\"ciklon\",\"nova zelandija\"],\"articleSection\":[\"Aktualno\"],\"inLanguage\":\"sl-SI\"},{\"@type\":\"WebPage\",\"@id\":\"https:\/\/hudo.com\/si\/aktualno\/zaradi-ciklona-gita-na-novi-zelandiji-od-sveta-odrezano-vec-tisoc-ljudi\/\",\"url\":\"https:\/\/hudo.com\/si\/aktualno\/zaradi-ciklona-gita-na-novi-zelandiji-od-sveta-odrezano-vec-tisoc-ljudi\/\",\"name\":\"Zaradi ciklona Gita na Novi Zelandiji od sveta odrezano ve\u010d tiso\u010d ljudi - Hudo Slovenija\",\"isPartOf\":{\"@id\":\"https:\/\/hudo.com\/si\/#website\"},\"datePublished\":\"2018-02-21T07:40:19+00:00\",\"dateModified\":\"2018-02-21T07:40:19+00:00\",\"breadcrumb\":{\"@id\":\"https:\/\/hudo.com\/si\/aktualno\/zaradi-ciklona-gita-na-novi-zelandiji-od-sveta-odrezano-vec-tisoc-ljudi\/#breadcrumb\"},\"inLanguage\":\"sl-SI\",\"potentialAction\":[{\"@type\":\"ReadAction\",\"target\":[\"https:\/\/hudo.com\/si\/aktualno\/zaradi-ciklona-gita-na-novi-zelandiji-od-sveta-odrezano-vec-tisoc-ljudi\/\"]}]},{\"@type\":\"BreadcrumbList\",\"@id\":\"https:\/\/hudo.com\/si\/aktualno\/zaradi-ciklona-gita-na-novi-zelandiji-od-sveta-odrezano-vec-tisoc-ljudi\/#breadcrumb\",\"itemListElement\":[{\"@type\":\"ListItem\",\"position\":1,\"name\":\"Home\",\"item\":\"https:\/\/hudo.com\/si\/\"},{\"@type\":\"ListItem\",\"position\":2,\"name\":\"Zaradi ciklona Gita na Novi Zelandiji od sveta odrezano ve\u010d tiso\u010d ljudi\"}]},{\"@type\":\"WebSite\",\"@id\":\"https:\/\/hudo.com\/si\/#website\",\"url\":\"https:\/\/hudo.com\/si\/\",\"name\":\"Hudo Slovenija\",\"description\":\"Vse novice iz Slovenije in sveta\",\"publisher\":{\"@id\":\"https:\/\/hudo.com\/si\/#organization\"},\"potentialAction\":[{\"@type\":\"SearchAction\",\"target\":{\"@type\":\"EntryPoint\",\"urlTemplate\":\"https:\/\/hudo.com\/si\/?s={search_term_string}\"},\"query-input\":\"required name=search_term_string\"}],\"inLanguage\":\"sl-SI\"},{\"@type\":\"Organization\",\"@id\":\"https:\/\/hudo.com\/si\/#organization\",\"name\":\"VSN Media\",\"url\":\"https:\/\/hudo.com\/si\/\",\"logo\":{\"@type\":\"ImageObject\",\"inLanguage\":\"sl-SI\",\"@id\":\"https:\/\/hudo.com\/si\/#\/schema\/logo\/image\/\",\"url\":\"https:\/\/hudo.com\/si\/wp-content\/uploads\/sites\/2\/2021\/03\/hudo-app-2.png\",\"contentUrl\":\"https:\/\/hudo.com\/si\/wp-content\/uploads\/sites\/2\/2021\/03\/hudo-app-2.png\",\"width\":2185,\"height\":2167,\"caption\":\"VSN Media\"},\"image\":{\"@id\":\"https:\/\/hudo.com\/si\/#\/schema\/logo\/image\/\"},\"sameAs\":[\"https:\/\/www.facebook.com\/hudo.si\",\"https:\/\/twitter.com\/hudo_si\"]},{\"@type\":\"Person\",\"@id\":\"https:\/\/hudo.com\/si\/#\/schema\/person\/c2f10ce65d2e6ede2aeda5be2a0611fa\",\"name\":\"M. N., STA\",\"image\":{\"@type\":\"ImageObject\",\"inLanguage\":\"sl-SI\",\"@id\":\"https:\/\/hudo.com\/si\/#\/schema\/person\/image\/\",\"url\":\"https:\/\/secure.gravatar.com\/avatar\/f370d38daa10467f755c5c766a4cac20?s=96&d=mm&r=g\",\"contentUrl\":\"https:\/\/secure.gravatar.com\/avatar\/f370d38daa10467f755c5c766a4cac20?s=96&d=mm&r=g\",\"caption\":\"M. N., STA\"},\"url\":\"https:\/\/hudo.com\/si\/author\/mana\/\"}]}<\/script>\n<!-- \/ Yoast SEO plugin. -->","yoast_head_json":{"title":"Zaradi ciklona Gita na Novi Zelandiji od sveta odrezano ve\u010d tiso\u010d ljudi - Hudo Slovenija","robots":{"index":"index","follow":"follow","max-snippet":"max-snippet:-1","max-image-preview":"max-image-preview:large","max-video-preview":"max-video-preview:-1"},"canonical":"https:\/\/hudo.com\/si\/aktualno\/zaradi-ciklona-gita-na-novi-zelandiji-od-sveta-odrezano-vec-tisoc-ljudi\/","og_locale":"sl_SI","og_type":"article","og_title":"Zaradi ciklona Gita na Novi Zelandiji od sveta odrezano ve\u010d tiso\u010d ljudi - Hudo Slovenija","og_description":"Po ciklonu Gita je na novozelandskem Ju\u017enem otoku od sveta odrezano pribli\u017eno 6000 ljudi. Zaradi ve\u010d zemeljskih plazov so neprevozne \u0161tevilne ceste. Da bodo lahko ponovno vzpostavili promet, naj bi trajalo ve\u010d dni.","og_url":"https:\/\/hudo.com\/si\/aktualno\/zaradi-ciklona-gita-na-novi-zelandiji-od-sveta-odrezano-vec-tisoc-ljudi\/","og_site_name":"Hudo Slovenija","article_publisher":"https:\/\/www.facebook.com\/hudo.si","article_published_time":"2018-02-21T07:40:19+00:00","og_image":[{"width":1250,"height":833,"url":"https:\/\/hudo.com\/si\/wp-content\/uploads\/sites\/2\/2018\/02\/profimedia-0320750777.jpg","type":"image\/jpeg"}],"author":"M. N., STA","twitter_card":"summary_large_image","twitter_creator":"@hudo_si","twitter_site":"@hudo_si","twitter_misc":{"Written by":"M. N., STA","Est. reading time":"1 minuta"},"schema":{"@context":"https:\/\/schema.org","@graph":[{"@type":"Article","@id":"https:\/\/hudo.com\/si\/aktualno\/zaradi-ciklona-gita-na-novi-zelandiji-od-sveta-odrezano-vec-tisoc-ljudi\/#article","isPartOf":{"@id":"https:\/\/hudo.com\/si\/aktualno\/zaradi-ciklona-gita-na-novi-zelandiji-od-sveta-odrezano-vec-tisoc-ljudi\/"},"author":{"name":"M. N., STA","@id":"https:\/\/hudo.com\/si\/#\/schema\/person\/c2f10ce65d2e6ede2aeda5be2a0611fa"},"headline":"Zaradi ciklona Gita na Novi Zelandiji od sveta odrezano ve\u010d tiso\u010d ljudi","datePublished":"2018-02-21T07:40:19+00:00","dateModified":"2018-02-21T07:40:19+00:00","mainEntityOfPage":{"@id":"https:\/\/hudo.com\/si\/aktualno\/zaradi-ciklona-gita-na-novi-zelandiji-od-sveta-odrezano-vec-tisoc-ljudi\/"},"wordCount":114,"publisher":{"@id":"https:\/\/hudo.com\/si\/#organization"},"keywords":["ciklon","nova zelandija"],"articleSection":["Aktualno"],"inLanguage":"sl-SI"},{"@type":"WebPage","@id":"https:\/\/hudo.com\/si\/aktualno\/zaradi-ciklona-gita-na-novi-zelandiji-od-sveta-odrezano-vec-tisoc-ljudi\/","url":"https:\/\/hudo.com\/si\/aktualno\/zaradi-ciklona-gita-na-novi-zelandiji-od-sveta-odrezano-vec-tisoc-ljudi\/","name":"Zaradi ciklona Gita na Novi Zelandiji od sveta odrezano ve\u010d tiso\u010d ljudi - Hudo Slovenija","isPartOf":{"@id":"https:\/\/hudo.com\/si\/#website"},"datePublished":"2018-02-21T07:40:19+00:00","dateModified":"2018-02-21T07:40:19+00:00","breadcrumb":{"@id":"https:\/\/hudo.com\/si\/aktualno\/zaradi-ciklona-gita-na-novi-zelandiji-od-sveta-odrezano-vec-tisoc-ljudi\/#breadcrumb"},"inLanguage":"sl-SI","potentialAction":[{"@type":"ReadAction","target":["https:\/\/hudo.com\/si\/aktualno\/zaradi-ciklona-gita-na-novi-zelandiji-od-sveta-odrezano-vec-tisoc-ljudi\/"]}]},{"@type":"BreadcrumbList","@id":"https:\/\/hudo.com\/si\/aktualno\/zaradi-ciklona-gita-na-novi-zelandiji-od-sveta-odrezano-vec-tisoc-ljudi\/#breadcrumb","itemListElement":[{"@type":"ListItem","position":1,"name":"Home","item":"https:\/\/hudo.com\/si\/"},{"@type":"ListItem","position":2,"name":"Zaradi ciklona Gita na Novi Zelandiji od sveta odrezano ve\u010d tiso\u010d ljudi"}]},{"@type":"WebSite","@id":"https:\/\/hudo.com\/si\/#website","url":"https:\/\/hudo.com\/si\/","name":"Hudo Slovenija","description":"Vse novice iz Slovenije in sveta","publisher":{"@id":"https:\/\/hudo.com\/si\/#organization"},"potentialAction":[{"@type":"SearchAction","target":{"@type":"EntryPoint","urlTemplate":"https:\/\/hudo.com\/si\/?s={search_term_string}"},"query-input":"required name=search_term_string"}],"inLanguage":"sl-SI"},{"@type":"Organization","@id":"https:\/\/hudo.com\/si\/#organization","name":"VSN Media","url":"https:\/\/hudo.com\/si\/","logo":{"@type":"ImageObject","inLanguage":"sl-SI","@id":"https:\/\/hudo.com\/si\/#\/schema\/logo\/image\/","url":"https:\/\/hudo.com\/si\/wp-content\/uploads\/sites\/2\/2021\/03\/hudo-app-2.png","contentUrl":"https:\/\/hudo.com\/si\/wp-content\/uploads\/sites\/2\/2021\/03\/hudo-app-2.png","width":2185,"height":2167,"caption":"VSN Media"},"image":{"@id":"https:\/\/hudo.com\/si\/#\/schema\/logo\/image\/"},"sameAs":["https:\/\/www.facebook.com\/hudo.si","https:\/\/twitter.com\/hudo_si"]},{"@type":"Person","@id":"https:\/\/hudo.com\/si\/#\/schema\/person\/c2f10ce65d2e6ede2aeda5be2a0611fa","name":"M. N., STA","image":{"@type":"ImageObject","inLanguage":"sl-SI","@id":"https:\/\/hudo.com\/si\/#\/schema\/person\/image\/","url":"https:\/\/secure.gravatar.com\/avatar\/f370d38daa10467f755c5c766a4cac20?s=96&d=mm&r=g","contentUrl":"https:\/\/secure.gravatar.com\/avatar\/f370d38daa10467f755c5c766a4cac20?s=96&d=mm&r=g","caption":"M. N., STA"},"url":"https:\/\/hudo.com\/si\/author\/mana\/"}]}},"amp_enabled":true,"_links":{"self":[{"href":"https:\/\/hudo.com\/si\/wp-json\/wp\/v2\/posts\/363566"}],"collection":[{"href":"https:\/\/hudo.com\/si\/wp-json\/wp\/v2\/posts"}],"about":[{"href":"https:\/\/hudo.com\/si\/wp-json\/wp\/v2\/types\/post"}],"author":[{"embeddable":true,"href":"https:\/\/hudo.com\/si\/wp-json\/wp\/v2\/users\/8"}],"replies":[{"embeddable":true,"href":"https:\/\/hudo.com\/si\/wp-json\/wp\/v2\/comments?post=363566"}],"version-history":[{"count":1,"href":"https:\/\/hudo.com\/si\/wp-json\/wp\/v2\/posts\/363566\/revisions"}],"predecessor-version":[{"id":363573,"href":"https:\/\/hudo.com\/si\/wp-json\/wp\/v2\/posts\/363566\/revisions\/363573"}],"wp:featuredmedia":[{"embeddable":true,"href":"https:\/\/hudo.com\/si\/wp-json\/wp\/v2\/media\/363572"}],"wp:attachment":[{"href":"https:\/\/hudo.com\/si\/wp-json\/wp\/v2\/media?parent=363566"}],"wp:term":[{"taxonomy":"category","embeddable":true,"href":"https:\/\/hudo.com\/si\/wp-json\/wp\/v2\/categories?post=363566"},{"taxonomy":"post_tag","embeddable":true,"href":"https:\/\/hudo.com\/si\/wp-json\/wp\/v2\/tags?post=363566"},{"taxonomy":"source","embeddable":true,"href":"https:\/\/hudo.com\/si\/wp-json\/wp\/v2\/source?post=363566"},{"taxonomy":"supertag","embeddable":true,"href":"https:\/\/hudo.com\/si\/wp-json\/wp\/v2\/supertag?post=363566"}],"curies":[{"name":"wp","href":"https:\/\/api.w.org\/{rel}","templated":true}]}}