{"id":364066,"date":"2018-02-22T09:00:00","date_gmt":"2018-02-22T08:00:00","guid":{"rendered":"https:\/\/hudo.com\/si\/2018\/02\/22\/krize-je-konec-cas-je-za-filozofijo\/"},"modified":"2018-02-22T09:00:00","modified_gmt":"2018-02-22T08:00:00","slug":"krize-je-konec-cas-je-za-filozofijo","status":"publish","type":"post","link":"https:\/\/hudo.com\/si\/aktualno\/krize-je-konec-cas-je-za-filozofijo\/","title":{"rendered":"Krize je konec, \u010das je za filozofijo"},"content":{"rendered":"<p>Kategorija: Okolje Thu, 22 Feb 2018 10:00:00 +0100  Pred nami je \u010das volitev. To je \u010das refleksije in snovanja vizij. Predvolilni \u010das je lahko tudi obdobje, ko so spra\u0161ujemo, kam smo kot dru\u017eba namenjeni. Prvi\u010d po letu 2008 smo imeli vlado, ki je zdr\u017eala cel mandat. To je najbr\u017e zato, ker so se mednarodne in doma\u010de razmere prekrile tako, da so vlade po 2008 delovale v veliki gospodarski krizi, mednarodno in nacionalno gospodarsko okolje pa je aktualni vladi pustilo dihati. Zadnje obdobje globalni prostor in Slovenijo zaznamujejo zelo ugodne gospodarske razmere, zato je dozorel \u010das, ko lahko spet za\u010dnemo razmi\u0161ljati o smeri razvoja dru\u017ebe in o drugih \u00bbvi\u0161jih\u00ab dru\u017ebenih normah, kot je skrb za naravo in na\u0161e okolje. Slovenija je neko\u010d imela okoljske ambicije Pahorjeva vlada je bila zadnja vlada v zadnjem desetletju, ki je \u010dutila potrebo po premiku na okoljskem,\u00a0&#8230;<\/p>\n","protected":false},"excerpt":{"rendered":"<p>Kategorija: Okolje Thu, 22 Feb 2018 10:00:00 +0100  Pred nami je \u010das volitev. To je \u010das refleksije in snovanja vizij. Predvolilni \u010das je lahko tudi obdobje, ko so spra\u0161ujemo, kam smo kot dru\u017eba namenjeni. Prvi\u010d po letu 2008 smo imeli vlado, ki je zdr\u017eala cel mandat. To je najbr\u017e zato, ker so se mednarodne in doma\u010de razmere prekrile tako, da so vlade po 2008 delovale v veliki gospodarski krizi, mednarodno in nacionalno gospodarsko okolje pa je aktualni vladi pustilo dihati. Zadnje obdobje globalni prostor in Slovenijo zaznamujejo zelo ugodne gospodarske razmere, zato je dozorel \u010das, ko lahko spet za\u010dnemo razmi\u0161ljati o smeri razvoja dru\u017ebe in o drugih \u00bbvi\u0161jih\u00ab dru\u017ebenih normah, kot je skrb za naravo in na\u0161e okolje. Slovenija je neko\u010d imela okoljske ambicije Pahorjeva vlada je bila zadnja vlada v zadnjem desetletju, ki je \u010dutila potrebo po premiku na okoljskem,\u00a0&#8230;<\/p>\n","protected":false},"author":1,"featured_media":0,"comment_status":"closed","ping_status":"closed","sticky":false,"template":"","format":"standard","meta":{"footnotes":""},"categories":[1179],"tags":[],"source":[1703],"supertag":[],"acf":[],"yoast_head":"<!-- This site is optimized with the Yoast SEO plugin v21.3 - https:\/\/yoast.com\/wordpress\/plugins\/seo\/ -->\n<title>Krize je konec, \u010das je za filozofijo - Hudo Slovenija<\/title>\n<meta name=\"robots\" content=\"index, follow, max-snippet:-1, max-image-preview:large, max-video-preview:-1\" \/>\n<link rel=\"canonical\" href=\"https:\/\/hudo.com\/si\/aktualno\/krize-je-konec-cas-je-za-filozofijo\/\" \/>\n<meta property=\"og:locale\" content=\"sl_SI\" \/>\n<meta property=\"og:type\" content=\"article\" \/>\n<meta property=\"og:title\" content=\"Krize je konec, \u010das je za filozofijo - Hudo Slovenija\" \/>\n<meta property=\"og:description\" content=\"Kategorija: Okolje Thu, 22 Feb 2018 10:00:00 +0100 Pred nami je \u010das volitev. To je \u010das refleksije in snovanja vizij. Predvolilni \u010das je lahko tudi obdobje, ko so spra\u0161ujemo, kam smo kot dru\u017eba namenjeni. Prvi\u010d po letu 2008 smo imeli vlado, ki je zdr\u017eala cel mandat. To je najbr\u017e zato, ker so se mednarodne in doma\u010de razmere prekrile tako, da so vlade po 2008 delovale v veliki gospodarski krizi, mednarodno in nacionalno gospodarsko okolje pa je aktualni vladi pustilo dihati. Zadnje obdobje globalni prostor in Slovenijo zaznamujejo zelo ugodne gospodarske razmere, zato je dozorel \u010das, ko lahko spet za\u010dnemo razmi\u0161ljati o smeri razvoja dru\u017ebe in o drugih \u00bbvi\u0161jih\u00ab dru\u017ebenih normah, kot je skrb za naravo in na\u0161e okolje. Slovenija je neko\u010d imela okoljske ambicije Pahorjeva vlada je bila zadnja vlada v zadnjem desetletju, ki je \u010dutila potrebo po premiku na okoljskem,\u00a0...\" \/>\n<meta property=\"og:url\" content=\"https:\/\/hudo.com\/si\/aktualno\/krize-je-konec-cas-je-za-filozofijo\/\" \/>\n<meta property=\"og:site_name\" content=\"Hudo Slovenija\" \/>\n<meta property=\"article:publisher\" content=\"https:\/\/www.facebook.com\/hudo.si\" \/>\n<meta property=\"article:published_time\" content=\"2018-02-22T08:00:00+00:00\" \/>\n<meta property=\"og:image\" content=\"https:\/\/hudo.com\/si\/wp-content\/uploads\/sites\/2\/2018\/02\/480x290_djvu_2442829_piano_-ipi-te.jpeg\" \/>\n\t<meta property=\"og:image:width\" content=\"480\" \/>\n\t<meta property=\"og:image:height\" content=\"290\" \/>\n\t<meta property=\"og:image:type\" content=\"image\/jpeg\" \/>\n<meta name=\"author\" content=\"hudo\" \/>\n<meta name=\"twitter:card\" content=\"summary_large_image\" \/>\n<meta name=\"twitter:creator\" content=\"@hudo_si\" \/>\n<meta name=\"twitter:site\" content=\"@hudo_si\" \/>\n<meta name=\"twitter:label1\" content=\"Written by\" \/>\n\t<meta name=\"twitter:data1\" content=\"hudo\" \/>\n\t<meta name=\"twitter:label2\" content=\"Est. reading time\" \/>\n\t<meta name=\"twitter:data2\" content=\"1 minuta\" \/>\n<script type=\"application\/ld+json\" class=\"yoast-schema-graph\">{\"@context\":\"https:\/\/schema.org\",\"@graph\":[{\"@type\":\"Article\",\"@id\":\"https:\/\/hudo.com\/si\/aktualno\/krize-je-konec-cas-je-za-filozofijo\/#article\",\"isPartOf\":{\"@id\":\"https:\/\/hudo.com\/si\/aktualno\/krize-je-konec-cas-je-za-filozofijo\/\"},\"author\":{\"name\":\"hudo\",\"@id\":\"https:\/\/hudo.com\/si\/#\/schema\/person\/601cf3379633985b20f7e50f2bb47707\"},\"headline\":\"Krize je konec, \u010das je za filozofijo\",\"datePublished\":\"2018-02-22T08:00:00+00:00\",\"dateModified\":\"2018-02-22T08:00:00+00:00\",\"mainEntityOfPage\":{\"@id\":\"https:\/\/hudo.com\/si\/aktualno\/krize-je-konec-cas-je-za-filozofijo\/\"},\"wordCount\":152,\"publisher\":{\"@id\":\"https:\/\/hudo.com\/si\/#organization\"},\"articleSection\":[\"Aktualno\"],\"inLanguage\":\"sl-SI\"},{\"@type\":\"WebPage\",\"@id\":\"https:\/\/hudo.com\/si\/aktualno\/krize-je-konec-cas-je-za-filozofijo\/\",\"url\":\"https:\/\/hudo.com\/si\/aktualno\/krize-je-konec-cas-je-za-filozofijo\/\",\"name\":\"Krize je konec, \u010das je za filozofijo - Hudo Slovenija\",\"isPartOf\":{\"@id\":\"https:\/\/hudo.com\/si\/#website\"},\"datePublished\":\"2018-02-22T08:00:00+00:00\",\"dateModified\":\"2018-02-22T08:00:00+00:00\",\"breadcrumb\":{\"@id\":\"https:\/\/hudo.com\/si\/aktualno\/krize-je-konec-cas-je-za-filozofijo\/#breadcrumb\"},\"inLanguage\":\"sl-SI\",\"potentialAction\":[{\"@type\":\"ReadAction\",\"target\":[\"https:\/\/hudo.com\/si\/aktualno\/krize-je-konec-cas-je-za-filozofijo\/\"]}]},{\"@type\":\"BreadcrumbList\",\"@id\":\"https:\/\/hudo.com\/si\/aktualno\/krize-je-konec-cas-je-za-filozofijo\/#breadcrumb\",\"itemListElement\":[{\"@type\":\"ListItem\",\"position\":1,\"name\":\"Home\",\"item\":\"https:\/\/hudo.com\/si\/\"},{\"@type\":\"ListItem\",\"position\":2,\"name\":\"Krize je konec, \u010das je za filozofijo\"}]},{\"@type\":\"WebSite\",\"@id\":\"https:\/\/hudo.com\/si\/#website\",\"url\":\"https:\/\/hudo.com\/si\/\",\"name\":\"Hudo Slovenija\",\"description\":\"Vse novice iz Slovenije in sveta\",\"publisher\":{\"@id\":\"https:\/\/hudo.com\/si\/#organization\"},\"potentialAction\":[{\"@type\":\"SearchAction\",\"target\":{\"@type\":\"EntryPoint\",\"urlTemplate\":\"https:\/\/hudo.com\/si\/?s={search_term_string}\"},\"query-input\":\"required name=search_term_string\"}],\"inLanguage\":\"sl-SI\"},{\"@type\":\"Organization\",\"@id\":\"https:\/\/hudo.com\/si\/#organization\",\"name\":\"VSN Media\",\"url\":\"https:\/\/hudo.com\/si\/\",\"logo\":{\"@type\":\"ImageObject\",\"inLanguage\":\"sl-SI\",\"@id\":\"https:\/\/hudo.com\/si\/#\/schema\/logo\/image\/\",\"url\":\"https:\/\/hudo.com\/si\/wp-content\/uploads\/sites\/2\/2021\/03\/hudo-app-2.png\",\"contentUrl\":\"https:\/\/hudo.com\/si\/wp-content\/uploads\/sites\/2\/2021\/03\/hudo-app-2.png\",\"width\":2185,\"height\":2167,\"caption\":\"VSN Media\"},\"image\":{\"@id\":\"https:\/\/hudo.com\/si\/#\/schema\/logo\/image\/\"},\"sameAs\":[\"https:\/\/www.facebook.com\/hudo.si\",\"https:\/\/twitter.com\/hudo_si\"]},{\"@type\":\"Person\",\"@id\":\"https:\/\/hudo.com\/si\/#\/schema\/person\/601cf3379633985b20f7e50f2bb47707\",\"name\":\"hudo\",\"image\":{\"@type\":\"ImageObject\",\"inLanguage\":\"sl-SI\",\"@id\":\"https:\/\/hudo.com\/si\/#\/schema\/person\/image\/\",\"url\":\"https:\/\/secure.gravatar.com\/avatar\/c4ca25fa72cace7a696b52ff5db9e095?s=96&d=mm&r=g\",\"contentUrl\":\"https:\/\/secure.gravatar.com\/avatar\/c4ca25fa72cace7a696b52ff5db9e095?s=96&d=mm&r=g\",\"caption\":\"hudo\"},\"url\":\"https:\/\/hudo.com\/si\/author\/hudo\/\"}]}<\/script>\n<!-- \/ Yoast SEO plugin. -->","yoast_head_json":{"title":"Krize je konec, \u010das je za filozofijo - Hudo Slovenija","robots":{"index":"index","follow":"follow","max-snippet":"max-snippet:-1","max-image-preview":"max-image-preview:large","max-video-preview":"max-video-preview:-1"},"canonical":"https:\/\/hudo.com\/si\/aktualno\/krize-je-konec-cas-je-za-filozofijo\/","og_locale":"sl_SI","og_type":"article","og_title":"Krize je konec, \u010das je za filozofijo - Hudo Slovenija","og_description":"Kategorija: Okolje Thu, 22 Feb 2018 10:00:00 +0100 Pred nami je \u010das volitev. To je \u010das refleksije in snovanja vizij. Predvolilni \u010das je lahko tudi obdobje, ko so spra\u0161ujemo, kam smo kot dru\u017eba namenjeni. Prvi\u010d po letu 2008 smo imeli vlado, ki je zdr\u017eala cel mandat. To je najbr\u017e zato, ker so se mednarodne in doma\u010de razmere prekrile tako, da so vlade po 2008 delovale v veliki gospodarski krizi, mednarodno in nacionalno gospodarsko okolje pa je aktualni vladi pustilo dihati. Zadnje obdobje globalni prostor in Slovenijo zaznamujejo zelo ugodne gospodarske razmere, zato je dozorel \u010das, ko lahko spet za\u010dnemo razmi\u0161ljati o smeri razvoja dru\u017ebe in o drugih \u00bbvi\u0161jih\u00ab dru\u017ebenih normah, kot je skrb za naravo in na\u0161e okolje. Slovenija je neko\u010d imela okoljske ambicije Pahorjeva vlada je bila zadnja vlada v zadnjem desetletju, ki je \u010dutila potrebo po premiku na okoljskem,\u00a0...","og_url":"https:\/\/hudo.com\/si\/aktualno\/krize-je-konec-cas-je-za-filozofijo\/","og_site_name":"Hudo Slovenija","article_publisher":"https:\/\/www.facebook.com\/hudo.si","article_published_time":"2018-02-22T08:00:00+00:00","og_image":[{"width":480,"height":290,"url":"https:\/\/hudo.com\/si\/wp-content\/uploads\/sites\/2\/2018\/02\/480x290_djvu_2442829_piano_-ipi-te.jpeg","type":"image\/jpeg"}],"author":"hudo","twitter_card":"summary_large_image","twitter_creator":"@hudo_si","twitter_site":"@hudo_si","twitter_misc":{"Written by":"hudo","Est. reading time":"1 minuta"},"schema":{"@context":"https:\/\/schema.org","@graph":[{"@type":"Article","@id":"https:\/\/hudo.com\/si\/aktualno\/krize-je-konec-cas-je-za-filozofijo\/#article","isPartOf":{"@id":"https:\/\/hudo.com\/si\/aktualno\/krize-je-konec-cas-je-za-filozofijo\/"},"author":{"name":"hudo","@id":"https:\/\/hudo.com\/si\/#\/schema\/person\/601cf3379633985b20f7e50f2bb47707"},"headline":"Krize je konec, \u010das je za filozofijo","datePublished":"2018-02-22T08:00:00+00:00","dateModified":"2018-02-22T08:00:00+00:00","mainEntityOfPage":{"@id":"https:\/\/hudo.com\/si\/aktualno\/krize-je-konec-cas-je-za-filozofijo\/"},"wordCount":152,"publisher":{"@id":"https:\/\/hudo.com\/si\/#organization"},"articleSection":["Aktualno"],"inLanguage":"sl-SI"},{"@type":"WebPage","@id":"https:\/\/hudo.com\/si\/aktualno\/krize-je-konec-cas-je-za-filozofijo\/","url":"https:\/\/hudo.com\/si\/aktualno\/krize-je-konec-cas-je-za-filozofijo\/","name":"Krize je konec, \u010das je za filozofijo - Hudo Slovenija","isPartOf":{"@id":"https:\/\/hudo.com\/si\/#website"},"datePublished":"2018-02-22T08:00:00+00:00","dateModified":"2018-02-22T08:00:00+00:00","breadcrumb":{"@id":"https:\/\/hudo.com\/si\/aktualno\/krize-je-konec-cas-je-za-filozofijo\/#breadcrumb"},"inLanguage":"sl-SI","potentialAction":[{"@type":"ReadAction","target":["https:\/\/hudo.com\/si\/aktualno\/krize-je-konec-cas-je-za-filozofijo\/"]}]},{"@type":"BreadcrumbList","@id":"https:\/\/hudo.com\/si\/aktualno\/krize-je-konec-cas-je-za-filozofijo\/#breadcrumb","itemListElement":[{"@type":"ListItem","position":1,"name":"Home","item":"https:\/\/hudo.com\/si\/"},{"@type":"ListItem","position":2,"name":"Krize je konec, \u010das je za filozofijo"}]},{"@type":"WebSite","@id":"https:\/\/hudo.com\/si\/#website","url":"https:\/\/hudo.com\/si\/","name":"Hudo Slovenija","description":"Vse novice iz Slovenije in sveta","publisher":{"@id":"https:\/\/hudo.com\/si\/#organization"},"potentialAction":[{"@type":"SearchAction","target":{"@type":"EntryPoint","urlTemplate":"https:\/\/hudo.com\/si\/?s={search_term_string}"},"query-input":"required name=search_term_string"}],"inLanguage":"sl-SI"},{"@type":"Organization","@id":"https:\/\/hudo.com\/si\/#organization","name":"VSN Media","url":"https:\/\/hudo.com\/si\/","logo":{"@type":"ImageObject","inLanguage":"sl-SI","@id":"https:\/\/hudo.com\/si\/#\/schema\/logo\/image\/","url":"https:\/\/hudo.com\/si\/wp-content\/uploads\/sites\/2\/2021\/03\/hudo-app-2.png","contentUrl":"https:\/\/hudo.com\/si\/wp-content\/uploads\/sites\/2\/2021\/03\/hudo-app-2.png","width":2185,"height":2167,"caption":"VSN Media"},"image":{"@id":"https:\/\/hudo.com\/si\/#\/schema\/logo\/image\/"},"sameAs":["https:\/\/www.facebook.com\/hudo.si","https:\/\/twitter.com\/hudo_si"]},{"@type":"Person","@id":"https:\/\/hudo.com\/si\/#\/schema\/person\/601cf3379633985b20f7e50f2bb47707","name":"hudo","image":{"@type":"ImageObject","inLanguage":"sl-SI","@id":"https:\/\/hudo.com\/si\/#\/schema\/person\/image\/","url":"https:\/\/secure.gravatar.com\/avatar\/c4ca25fa72cace7a696b52ff5db9e095?s=96&d=mm&r=g","contentUrl":"https:\/\/secure.gravatar.com\/avatar\/c4ca25fa72cace7a696b52ff5db9e095?s=96&d=mm&r=g","caption":"hudo"},"url":"https:\/\/hudo.com\/si\/author\/hudo\/"}]}},"amp_enabled":true,"_links":{"self":[{"href":"https:\/\/hudo.com\/si\/wp-json\/wp\/v2\/posts\/364066"}],"collection":[{"href":"https:\/\/hudo.com\/si\/wp-json\/wp\/v2\/posts"}],"about":[{"href":"https:\/\/hudo.com\/si\/wp-json\/wp\/v2\/types\/post"}],"author":[{"embeddable":true,"href":"https:\/\/hudo.com\/si\/wp-json\/wp\/v2\/users\/1"}],"replies":[{"embeddable":true,"href":"https:\/\/hudo.com\/si\/wp-json\/wp\/v2\/comments?post=364066"}],"version-history":[{"count":0,"href":"https:\/\/hudo.com\/si\/wp-json\/wp\/v2\/posts\/364066\/revisions"}],"wp:attachment":[{"href":"https:\/\/hudo.com\/si\/wp-json\/wp\/v2\/media?parent=364066"}],"wp:term":[{"taxonomy":"category","embeddable":true,"href":"https:\/\/hudo.com\/si\/wp-json\/wp\/v2\/categories?post=364066"},{"taxonomy":"post_tag","embeddable":true,"href":"https:\/\/hudo.com\/si\/wp-json\/wp\/v2\/tags?post=364066"},{"taxonomy":"source","embeddable":true,"href":"https:\/\/hudo.com\/si\/wp-json\/wp\/v2\/source?post=364066"},{"taxonomy":"supertag","embeddable":true,"href":"https:\/\/hudo.com\/si\/wp-json\/wp\/v2\/supertag?post=364066"}],"curies":[{"name":"wp","href":"https:\/\/api.w.org\/{rel}","templated":true}]}}