{"id":364118,"date":"2018-02-22T10:50:29","date_gmt":"2018-02-22T09:50:29","guid":{"rendered":"http:\/\/hudo.com\/si\/?p=364118"},"modified":"2018-02-22T10:50:29","modified_gmt":"2018-02-22T09:50:29","slug":"na-sojenju-radanu-se-vedno-brez-dopolnitve-izvedenskega-mnenja","status":"publish","type":"post","link":"https:\/\/hudo.com\/si\/aktualno\/na-sojenju-radanu-se-vedno-brez-dopolnitve-izvedenskega-mnenja\/","title":{"rendered":"Na sojenju Radanu \u0161e vedno brez dopolnitve izvedenskega mnenja"},"content":{"rendered":"<p>Ljubljansko okro\u017eno sodi\u0161\u010de je Kr\u00f6lla zaprosilo, naj glede na izpovedbo pri\u010de to\u017eilstva Mateje Lopuh, ki je strokovnjakinja za paliativno oskrbo, dopolni svoje izvedensko mnenje. Na mnenje Lopuhove je namre\u010d obramba dala pripombe, ki so jih tudi poslali avstrijskemu izvedencu. Sodnik Martin Jan\u010dar je danes sporo\u010dil, da dopolnitev \u0161e ni prispela.<\/p>\n<p>Sodnik je tudi pojasnil, da Kr\u00f6ll prav tako \u0161e ni odgovoril na zadnjo elektronsko po\u0161to sodi\u0161\u010da. Razlog, zakaj se izvedenec ni oglasil, sodi\u0161\u010du ni znan. Zato je sodnik napovedal, da bo sku\u0161al \u010dim prej ugotoviti razlog in pospe\u0161iti celotno zadevo. Ker pa gre za izvedenca iz Avstrije, ima sodi\u0161\u010de pri tem dokaj omejene mo\u017enosti.<\/p>\n<p>Zaradi \u010dakanja na dopolnitev Kr\u00f6llovega izvedenskega mnenja je bila tudi dana\u0161nja obravnava namenjena zgolj branju listinskih dokazov. Prihodnja obravnava pa bo predvidoma 15. marca.<\/p>\n<p>Sojenje Radanu se je sicer za\u010delo pred dvema letoma. Obto\u017enica ga poleg umora \u0161tirih bolnikov iz morilske sle bremeni tudi neupravi\u010denega snemanja, zlorabe uradnega polo\u017eaja in omogo\u010danja u\u017eivanja prepovedanih drog. V zadnjem obdobju so zaradi Kr\u00f6llovega zamujanja obravnave bolj poredko.<\/p>\n","protected":false},"excerpt":{"rendered":"<p>Na sojenju zdravniku Ivanu Radanu, ki je med drugim obto\u017een umora \u0161tirih bolnikov iz morilske sle, tudi do dana\u0161nje obravnave \u0161e niso do\u010dakali dopolnitve izvedenskega mnenja avstrijskega zdravnika Wolfganga Kr\u00f6lla. Za dopolnitev ga je sodi\u0161\u010de zaprosilo \u017ee pred meseci, po prvih napovedih pa naj bi jo Kr\u00f6ll pripravil do decembra.<\/p>\n","protected":false},"author":8,"featured_media":350459,"comment_status":"closed","ping_status":"closed","sticky":false,"template":"","format":"standard","meta":{"footnotes":""},"categories":[1179],"tags":[4975,1595,4770,6170],"source":[4511],"supertag":[],"acf":[],"yoast_head":"<!-- This site is optimized with the Yoast SEO plugin v21.3 - https:\/\/yoast.com\/wordpress\/plugins\/seo\/ -->\n<title>Na sojenju Radanu \u0161e vedno brez dopolnitve izvedenskega mnenja - Hudo Slovenija<\/title>\n<meta name=\"robots\" content=\"index, follow, max-snippet:-1, max-image-preview:large, max-video-preview:-1\" \/>\n<link rel=\"canonical\" href=\"https:\/\/hudo.com\/si\/aktualno\/na-sojenju-radanu-se-vedno-brez-dopolnitve-izvedenskega-mnenja\/\" \/>\n<meta property=\"og:locale\" content=\"sl_SI\" \/>\n<meta property=\"og:type\" content=\"article\" \/>\n<meta property=\"og:title\" content=\"Na sojenju Radanu \u0161e vedno brez dopolnitve izvedenskega mnenja - Hudo Slovenija\" \/>\n<meta property=\"og:description\" content=\"Na sojenju zdravniku Ivanu Radanu, ki je med drugim obto\u017een umora \u0161tirih bolnikov iz morilske sle, tudi do dana\u0161nje obravnave \u0161e niso do\u010dakali dopolnitve izvedenskega mnenja avstrijskega zdravnika Wolfganga Kr\u00f6lla. Za dopolnitev ga je sodi\u0161\u010de zaprosilo \u017ee pred meseci, po prvih napovedih pa naj bi jo Kr\u00f6ll pripravil do decembra.\" \/>\n<meta property=\"og:url\" content=\"https:\/\/hudo.com\/si\/aktualno\/na-sojenju-radanu-se-vedno-brez-dopolnitve-izvedenskega-mnenja\/\" \/>\n<meta property=\"og:site_name\" content=\"Hudo Slovenija\" \/>\n<meta property=\"article:publisher\" content=\"https:\/\/www.facebook.com\/hudo.si\" \/>\n<meta property=\"article:published_time\" content=\"2018-02-22T09:50:29+00:00\" \/>\n<meta property=\"og:image\" content=\"https:\/\/hudo.com\/si\/wp-content\/uploads\/sites\/2\/2018\/01\/profimedia-0204970723.jpg\" \/>\n\t<meta property=\"og:image:width\" content=\"1250\" \/>\n\t<meta property=\"og:image:height\" content=\"833\" \/>\n\t<meta property=\"og:image:type\" content=\"image\/jpeg\" \/>\n<meta name=\"author\" content=\"M. N., STA\" \/>\n<meta name=\"twitter:card\" content=\"summary_large_image\" \/>\n<meta name=\"twitter:creator\" content=\"@hudo_si\" \/>\n<meta name=\"twitter:site\" content=\"@hudo_si\" \/>\n<meta name=\"twitter:label1\" content=\"Written by\" \/>\n\t<meta name=\"twitter:data1\" content=\"M. N., STA\" \/>\n\t<meta name=\"twitter:label2\" content=\"Est. reading time\" \/>\n\t<meta name=\"twitter:data2\" content=\"1 minuta\" \/>\n<script type=\"application\/ld+json\" class=\"yoast-schema-graph\">{\"@context\":\"https:\/\/schema.org\",\"@graph\":[{\"@type\":\"Article\",\"@id\":\"https:\/\/hudo.com\/si\/aktualno\/na-sojenju-radanu-se-vedno-brez-dopolnitve-izvedenskega-mnenja\/#article\",\"isPartOf\":{\"@id\":\"https:\/\/hudo.com\/si\/aktualno\/na-sojenju-radanu-se-vedno-brez-dopolnitve-izvedenskega-mnenja\/\"},\"author\":{\"name\":\"M. N., STA\",\"@id\":\"https:\/\/hudo.com\/si\/#\/schema\/person\/c2f10ce65d2e6ede2aeda5be2a0611fa\"},\"headline\":\"Na sojenju Radanu \u0161e vedno brez dopolnitve izvedenskega mnenja\",\"datePublished\":\"2018-02-22T09:50:29+00:00\",\"dateModified\":\"2018-02-22T09:50:29+00:00\",\"mainEntityOfPage\":{\"@id\":\"https:\/\/hudo.com\/si\/aktualno\/na-sojenju-radanu-se-vedno-brez-dopolnitve-izvedenskega-mnenja\/\"},\"wordCount\":200,\"publisher\":{\"@id\":\"https:\/\/hudo.com\/si\/#organization\"},\"keywords\":[\"Ivan Radan\",\"Slovenija\",\"sodi\u0161\u010de\",\"sojenje\"],\"articleSection\":[\"Aktualno\"],\"inLanguage\":\"sl-SI\"},{\"@type\":\"WebPage\",\"@id\":\"https:\/\/hudo.com\/si\/aktualno\/na-sojenju-radanu-se-vedno-brez-dopolnitve-izvedenskega-mnenja\/\",\"url\":\"https:\/\/hudo.com\/si\/aktualno\/na-sojenju-radanu-se-vedno-brez-dopolnitve-izvedenskega-mnenja\/\",\"name\":\"Na sojenju Radanu \u0161e vedno brez dopolnitve izvedenskega mnenja - Hudo Slovenija\",\"isPartOf\":{\"@id\":\"https:\/\/hudo.com\/si\/#website\"},\"datePublished\":\"2018-02-22T09:50:29+00:00\",\"dateModified\":\"2018-02-22T09:50:29+00:00\",\"breadcrumb\":{\"@id\":\"https:\/\/hudo.com\/si\/aktualno\/na-sojenju-radanu-se-vedno-brez-dopolnitve-izvedenskega-mnenja\/#breadcrumb\"},\"inLanguage\":\"sl-SI\",\"potentialAction\":[{\"@type\":\"ReadAction\",\"target\":[\"https:\/\/hudo.com\/si\/aktualno\/na-sojenju-radanu-se-vedno-brez-dopolnitve-izvedenskega-mnenja\/\"]}]},{\"@type\":\"BreadcrumbList\",\"@id\":\"https:\/\/hudo.com\/si\/aktualno\/na-sojenju-radanu-se-vedno-brez-dopolnitve-izvedenskega-mnenja\/#breadcrumb\",\"itemListElement\":[{\"@type\":\"ListItem\",\"position\":1,\"name\":\"Home\",\"item\":\"https:\/\/hudo.com\/si\/\"},{\"@type\":\"ListItem\",\"position\":2,\"name\":\"Na sojenju Radanu \u0161e vedno brez dopolnitve izvedenskega mnenja\"}]},{\"@type\":\"WebSite\",\"@id\":\"https:\/\/hudo.com\/si\/#website\",\"url\":\"https:\/\/hudo.com\/si\/\",\"name\":\"Hudo Slovenija\",\"description\":\"Vse novice iz Slovenije in sveta\",\"publisher\":{\"@id\":\"https:\/\/hudo.com\/si\/#organization\"},\"potentialAction\":[{\"@type\":\"SearchAction\",\"target\":{\"@type\":\"EntryPoint\",\"urlTemplate\":\"https:\/\/hudo.com\/si\/?s={search_term_string}\"},\"query-input\":\"required name=search_term_string\"}],\"inLanguage\":\"sl-SI\"},{\"@type\":\"Organization\",\"@id\":\"https:\/\/hudo.com\/si\/#organization\",\"name\":\"VSN Media\",\"url\":\"https:\/\/hudo.com\/si\/\",\"logo\":{\"@type\":\"ImageObject\",\"inLanguage\":\"sl-SI\",\"@id\":\"https:\/\/hudo.com\/si\/#\/schema\/logo\/image\/\",\"url\":\"https:\/\/hudo.com\/si\/wp-content\/uploads\/sites\/2\/2021\/03\/hudo-app-2.png\",\"contentUrl\":\"https:\/\/hudo.com\/si\/wp-content\/uploads\/sites\/2\/2021\/03\/hudo-app-2.png\",\"width\":2185,\"height\":2167,\"caption\":\"VSN Media\"},\"image\":{\"@id\":\"https:\/\/hudo.com\/si\/#\/schema\/logo\/image\/\"},\"sameAs\":[\"https:\/\/www.facebook.com\/hudo.si\",\"https:\/\/twitter.com\/hudo_si\"]},{\"@type\":\"Person\",\"@id\":\"https:\/\/hudo.com\/si\/#\/schema\/person\/c2f10ce65d2e6ede2aeda5be2a0611fa\",\"name\":\"M. N., STA\",\"image\":{\"@type\":\"ImageObject\",\"inLanguage\":\"sl-SI\",\"@id\":\"https:\/\/hudo.com\/si\/#\/schema\/person\/image\/\",\"url\":\"https:\/\/secure.gravatar.com\/avatar\/f370d38daa10467f755c5c766a4cac20?s=96&d=mm&r=g\",\"contentUrl\":\"https:\/\/secure.gravatar.com\/avatar\/f370d38daa10467f755c5c766a4cac20?s=96&d=mm&r=g\",\"caption\":\"M. N., STA\"},\"url\":\"https:\/\/hudo.com\/si\/author\/mana\/\"}]}<\/script>\n<!-- \/ Yoast SEO plugin. -->","yoast_head_json":{"title":"Na sojenju Radanu \u0161e vedno brez dopolnitve izvedenskega mnenja - Hudo Slovenija","robots":{"index":"index","follow":"follow","max-snippet":"max-snippet:-1","max-image-preview":"max-image-preview:large","max-video-preview":"max-video-preview:-1"},"canonical":"https:\/\/hudo.com\/si\/aktualno\/na-sojenju-radanu-se-vedno-brez-dopolnitve-izvedenskega-mnenja\/","og_locale":"sl_SI","og_type":"article","og_title":"Na sojenju Radanu \u0161e vedno brez dopolnitve izvedenskega mnenja - Hudo Slovenija","og_description":"Na sojenju zdravniku Ivanu Radanu, ki je med drugim obto\u017een umora \u0161tirih bolnikov iz morilske sle, tudi do dana\u0161nje obravnave \u0161e niso do\u010dakali dopolnitve izvedenskega mnenja avstrijskega zdravnika Wolfganga Kr\u00f6lla. Za dopolnitev ga je sodi\u0161\u010de zaprosilo \u017ee pred meseci, po prvih napovedih pa naj bi jo Kr\u00f6ll pripravil do decembra.","og_url":"https:\/\/hudo.com\/si\/aktualno\/na-sojenju-radanu-se-vedno-brez-dopolnitve-izvedenskega-mnenja\/","og_site_name":"Hudo Slovenija","article_publisher":"https:\/\/www.facebook.com\/hudo.si","article_published_time":"2018-02-22T09:50:29+00:00","og_image":[{"width":1250,"height":833,"url":"https:\/\/hudo.com\/si\/wp-content\/uploads\/sites\/2\/2018\/01\/profimedia-0204970723.jpg","type":"image\/jpeg"}],"author":"M. N., STA","twitter_card":"summary_large_image","twitter_creator":"@hudo_si","twitter_site":"@hudo_si","twitter_misc":{"Written by":"M. N., STA","Est. reading time":"1 minuta"},"schema":{"@context":"https:\/\/schema.org","@graph":[{"@type":"Article","@id":"https:\/\/hudo.com\/si\/aktualno\/na-sojenju-radanu-se-vedno-brez-dopolnitve-izvedenskega-mnenja\/#article","isPartOf":{"@id":"https:\/\/hudo.com\/si\/aktualno\/na-sojenju-radanu-se-vedno-brez-dopolnitve-izvedenskega-mnenja\/"},"author":{"name":"M. N., STA","@id":"https:\/\/hudo.com\/si\/#\/schema\/person\/c2f10ce65d2e6ede2aeda5be2a0611fa"},"headline":"Na sojenju Radanu \u0161e vedno brez dopolnitve izvedenskega mnenja","datePublished":"2018-02-22T09:50:29+00:00","dateModified":"2018-02-22T09:50:29+00:00","mainEntityOfPage":{"@id":"https:\/\/hudo.com\/si\/aktualno\/na-sojenju-radanu-se-vedno-brez-dopolnitve-izvedenskega-mnenja\/"},"wordCount":200,"publisher":{"@id":"https:\/\/hudo.com\/si\/#organization"},"keywords":["Ivan Radan","Slovenija","sodi\u0161\u010de","sojenje"],"articleSection":["Aktualno"],"inLanguage":"sl-SI"},{"@type":"WebPage","@id":"https:\/\/hudo.com\/si\/aktualno\/na-sojenju-radanu-se-vedno-brez-dopolnitve-izvedenskega-mnenja\/","url":"https:\/\/hudo.com\/si\/aktualno\/na-sojenju-radanu-se-vedno-brez-dopolnitve-izvedenskega-mnenja\/","name":"Na sojenju Radanu \u0161e vedno brez dopolnitve izvedenskega mnenja - Hudo Slovenija","isPartOf":{"@id":"https:\/\/hudo.com\/si\/#website"},"datePublished":"2018-02-22T09:50:29+00:00","dateModified":"2018-02-22T09:50:29+00:00","breadcrumb":{"@id":"https:\/\/hudo.com\/si\/aktualno\/na-sojenju-radanu-se-vedno-brez-dopolnitve-izvedenskega-mnenja\/#breadcrumb"},"inLanguage":"sl-SI","potentialAction":[{"@type":"ReadAction","target":["https:\/\/hudo.com\/si\/aktualno\/na-sojenju-radanu-se-vedno-brez-dopolnitve-izvedenskega-mnenja\/"]}]},{"@type":"BreadcrumbList","@id":"https:\/\/hudo.com\/si\/aktualno\/na-sojenju-radanu-se-vedno-brez-dopolnitve-izvedenskega-mnenja\/#breadcrumb","itemListElement":[{"@type":"ListItem","position":1,"name":"Home","item":"https:\/\/hudo.com\/si\/"},{"@type":"ListItem","position":2,"name":"Na sojenju Radanu \u0161e vedno brez dopolnitve izvedenskega mnenja"}]},{"@type":"WebSite","@id":"https:\/\/hudo.com\/si\/#website","url":"https:\/\/hudo.com\/si\/","name":"Hudo Slovenija","description":"Vse novice iz Slovenije in sveta","publisher":{"@id":"https:\/\/hudo.com\/si\/#organization"},"potentialAction":[{"@type":"SearchAction","target":{"@type":"EntryPoint","urlTemplate":"https:\/\/hudo.com\/si\/?s={search_term_string}"},"query-input":"required name=search_term_string"}],"inLanguage":"sl-SI"},{"@type":"Organization","@id":"https:\/\/hudo.com\/si\/#organization","name":"VSN Media","url":"https:\/\/hudo.com\/si\/","logo":{"@type":"ImageObject","inLanguage":"sl-SI","@id":"https:\/\/hudo.com\/si\/#\/schema\/logo\/image\/","url":"https:\/\/hudo.com\/si\/wp-content\/uploads\/sites\/2\/2021\/03\/hudo-app-2.png","contentUrl":"https:\/\/hudo.com\/si\/wp-content\/uploads\/sites\/2\/2021\/03\/hudo-app-2.png","width":2185,"height":2167,"caption":"VSN Media"},"image":{"@id":"https:\/\/hudo.com\/si\/#\/schema\/logo\/image\/"},"sameAs":["https:\/\/www.facebook.com\/hudo.si","https:\/\/twitter.com\/hudo_si"]},{"@type":"Person","@id":"https:\/\/hudo.com\/si\/#\/schema\/person\/c2f10ce65d2e6ede2aeda5be2a0611fa","name":"M. N., STA","image":{"@type":"ImageObject","inLanguage":"sl-SI","@id":"https:\/\/hudo.com\/si\/#\/schema\/person\/image\/","url":"https:\/\/secure.gravatar.com\/avatar\/f370d38daa10467f755c5c766a4cac20?s=96&d=mm&r=g","contentUrl":"https:\/\/secure.gravatar.com\/avatar\/f370d38daa10467f755c5c766a4cac20?s=96&d=mm&r=g","caption":"M. N., STA"},"url":"https:\/\/hudo.com\/si\/author\/mana\/"}]}},"amp_enabled":true,"_links":{"self":[{"href":"https:\/\/hudo.com\/si\/wp-json\/wp\/v2\/posts\/364118"}],"collection":[{"href":"https:\/\/hudo.com\/si\/wp-json\/wp\/v2\/posts"}],"about":[{"href":"https:\/\/hudo.com\/si\/wp-json\/wp\/v2\/types\/post"}],"author":[{"embeddable":true,"href":"https:\/\/hudo.com\/si\/wp-json\/wp\/v2\/users\/8"}],"replies":[{"embeddable":true,"href":"https:\/\/hudo.com\/si\/wp-json\/wp\/v2\/comments?post=364118"}],"version-history":[{"count":1,"href":"https:\/\/hudo.com\/si\/wp-json\/wp\/v2\/posts\/364118\/revisions"}],"predecessor-version":[{"id":364124,"href":"https:\/\/hudo.com\/si\/wp-json\/wp\/v2\/posts\/364118\/revisions\/364124"}],"wp:featuredmedia":[{"embeddable":true,"href":"https:\/\/hudo.com\/si\/wp-json\/wp\/v2\/media\/350459"}],"wp:attachment":[{"href":"https:\/\/hudo.com\/si\/wp-json\/wp\/v2\/media?parent=364118"}],"wp:term":[{"taxonomy":"category","embeddable":true,"href":"https:\/\/hudo.com\/si\/wp-json\/wp\/v2\/categories?post=364118"},{"taxonomy":"post_tag","embeddable":true,"href":"https:\/\/hudo.com\/si\/wp-json\/wp\/v2\/tags?post=364118"},{"taxonomy":"source","embeddable":true,"href":"https:\/\/hudo.com\/si\/wp-json\/wp\/v2\/source?post=364118"},{"taxonomy":"supertag","embeddable":true,"href":"https:\/\/hudo.com\/si\/wp-json\/wp\/v2\/supertag?post=364118"}],"curies":[{"name":"wp","href":"https:\/\/api.w.org\/{rel}","templated":true}]}}